{"id":11002,"date":"2018-12-05T14:44:54","date_gmt":"2018-12-05T14:44:54","guid":{"rendered":"http:\/\/quehacerpolitico.mx\/la-estrategia-de-seguridad-va-a-tardar-en-dar-resultados-pero-la-estadistica-presionara-a-amlo\/"},"modified":"2018-12-05T14:44:54","modified_gmt":"2018-12-05T14:44:54","slug":"la-estrategia-de-seguridad-va-a-tardar-en-dar-resultados-pero-la-estadistica-presionara-a-amlo","status":"publish","type":"post","link":"https:\/\/quehacerpolitico.mx\/?p=11002","title":{"rendered":"La estrategia de seguridad va a tardar en dar resultados, pero la estad\u00edstica presionar\u00e1 a AMLO"},"content":{"rendered":"<h1>La estrategia de seguridad va a tardar en dar resultados, pero la estad\u00edstica presionar\u00e1 a AMLO<\/h1>\n<p>Por Redacci\u00f3n QP<\/p>\n<p><strong>Andr\u00e9s Manuel L\u00f3pez Obrador<\/strong>, <strong>Presidente de la Rep\u00fablica<\/strong>, dijo que \u00e9l y su <strong>Gabinete de Seguridad<\/strong> est\u00e1n trabajando para dar resultados, pero no dio un plazo para la disminuci\u00f3n de la <strong>violencia<\/strong>. Aunque el Presidente no especific\u00f3 durante la conferencia de prensa matutina sobre el tiempo que estima para dar resultados en disminuci\u00f3n de la violencia y ataques armados refrend\u00f3 su compromiso de no fallarle a los mexicanos.<\/p>\n<blockquote>\n<p>\u201c<strong>No voy a fallar<\/strong>, <strong>va el cambio<\/strong>. Pero entiendo que va a generar algunas molestias, pero como se pone en los letreros cuando se est\u00e1n componiendo las calles: \u2018<strong>Disculpen las molestias que estas obras ocasionan<\/strong>. El cambio va\u2019\u201d, respondi\u00f3 el Jefe del Ejecutivo federal a este diario digital.<\/p>\n<\/blockquote>\n<p>La tarde del lunes pasado se registr\u00f3 el primer ataque de alta intensidad del crimen organizado en el sexenio de <strong>L\u00f3pez Obrador<\/strong>.<\/p>\n<p>Civiles armados atacaron a elementos de la Fuerza \u00danica Regional en el municipio de La Huerta porque presuntamente pretend\u00edan liberar a un sujeto que llevaban detenido.\u00a0El saldo fue de seis polic\u00edas muertos y otro m\u00e1s herido, confirm\u00f3\u00a0la Fiscal\u00eda del Estado.<\/p>\n<p>Y ayer, un\u00a0enfrentamiento entre supuestos miembros del C\u00e1rtel Jalisco Nueva Generaci\u00f3n y miembros de bandas dedicadas al robo de tr\u00e1ilers de carga ligados a Los Zetas dej\u00f3, por lo menos, cinco muertos en el kil\u00f3metro 224 de la autopista Puebla-C\u00f3rdoba, en el tramo Acatzingo, Ciudad-Mendoza.<\/p>\n<p><strong>Especialistas en el tema de seguridad<\/strong> dijeron a este diario digital que a\u00fan es temprano para dar un tiempo estimado para que el nuevo Gobierno d\u00e9 resultados en la disminuci\u00f3n de la violencia, pues primero debe evaluarse si los miembros del nuevo Gabinete encargados de combatir el crimen en el pa\u00eds, operan con la suficiente <strong>inteligencia<\/strong> para impactar en los delitos.<\/p>\n<p>Sin embargo, s\u00ed coincidieron en que el estado en que se encuentra la seguridad en el pa\u00eds demanda <strong>acciones r\u00e1pidas<\/strong> y <strong>contundentes<\/strong>.<\/p>\n<p>Pablo Monzalvo P\u00e9rez, crimin\u00f3logo y catedr\u00e1tico de la Universidad Iberoamericana, precis\u00f3 sobre el equipo de L\u00f3pez Obrador, que a\u00fan no puede opinar si son competentes o no, pues primero \u201chabr\u00e1 que ver los resultados\u201d.<\/p>\n<blockquote>\n<p>\u201cHay un principio que dice que por los frutos se conoce a la gente; entonces vamos a esperar el fruto. Yo creo que el fruto es urgente porque la delincuencia est\u00e1 caminando por el pa\u00eds no de ahorita, de muchos a\u00f1os atr\u00e1s. \u201cDeseamos como mexicanos que tengan \u00e9xito, pero hasta ahorita no se ha demostrado que haya capacidad cient\u00edfica. Ni los que salen, no conozco a los que entran, pero deber\u00e1n demostrar que tienen inteligencia. El tiempo es la realidad, ya urge ahorita. Los secuestros, los robos, todo est\u00e1 a la orden del d\u00eda\u201d, dijo Monzalvo P\u00e9rez.<\/p>\n<\/blockquote>\n<div id=\"attachment_3506691\" class=\"wp-caption aligncenter\"><a href=\"https:\/\/www.sinembargo.mx\/wp-content\/uploads\/2018\/12\/image-2018-12-04-174423.jpg\" data-src=\"https:\/\/www.sinembargo.mx\/wp-content\/uploads\/2018\/12\/image-2018-12-04-174423.jpg\" data-thumb=\"https:\/\/www.sinembargo.mx\/wp-content\/uploads\/2018\/12\/image-2018-12-04-174423.jpg\" class=\"ml-lightbox-enabled\"><img loading=\"lazy\" decoding=\"async\" class=\"size-full wp-image-3506691\" src=\"https:\/\/www.sinembargo.mx\/wp-content\/uploads\/2018\/12\/image-2018-12-04-174423.jpg\" sizes=\"auto, (max-width: 700px) 100vw, 700px\" srcset=\"https:\/\/www.sinembargo.mx\/wp-content\/uploads\/2018\/12\/image-2018-12-04-174423.jpg 700w, https:\/\/www.sinembargo.mx\/wp-content\/uploads\/2018\/12\/image-2018-12-04-174423-300x200.jpg 300w\" alt=\"\" width=\"700\" height=\"466\" \/><\/a><\/p>\n<p class=\"wp-caption-text\">El primer resultado que podr\u00eda dar AMLO en seguridad es el aumento de confianza de los ciudadanos en las instituciones, considera Francisco Rivas Rodr\u00edguez, director del Observatorio Nacional Ciudadano de Seguridad, Justicia y Legalidad. Foto: Juan Carlos Cruz, Cuartoscuro<\/p>\n<\/div>\n<p><strong>INTELIGENCIA EST\u00c1 A PRUEBA: ANALISTAS<\/strong><\/p>\n<p>Para los analistas en seguridad a\u00fan es temprano para saber en cu\u00e1nto tiempo el Gobierno de L\u00f3pez Obrador podr\u00eda dar resultados concretos en materia de seguridad.<\/p>\n<blockquote>\n<p>\u201cNo depende de una persona y de un cambio de r\u00e9gimen, sino de los instrumentos cient\u00edficos para combatir la delincuencia. La forma de combatir la delincuencia no es la pol\u00edtica, sino el conocimiento cient\u00edfico, no un cambio de r\u00e9gimen. Entonces hay que ver si realmente la inteligencia va a funcionar; hasta ahora no ha funcionado el procedimiento cient\u00edfico de seguridad. Depende de que quienes tengan la responsabilidad tengan la inteligencia para poder combatir a la delincuencia organizada, que no es ninguna fuerza improvisada, sino que tienen recursos y conocimiento econ\u00f3micos y humanos que superan por mucho a los recursos del Estado\u201d, dijo el crimin\u00f3logo Monzalvo P\u00e9rez.<\/p>\n<\/blockquote>\n<p>Ayer, L\u00f3pez Obrador dijo durante su conferencia que se siente \u201cmuy satisfecho y seguro de contar con un Gabinete de Seguridad de mujeres y de hombres con experiencia y con deseos de ayudar a garantizar la paz y la tranquilidad en el pa\u00eds\u201d.<\/p>\n<p>\u201cMe siento muy respaldado por el gabinete de seguridad\u201d, afirm\u00f3 el Jefe del Ejecutivo federal.<\/p>\n<p>Francisco Rivas Rodr\u00edguez, director del Observatorio Nacional Ciudadano de Seguridad, Justicia y Legalidad, record\u00f3 que la organizaci\u00f3n que dirige realiz\u00f3 un an\u00e1lisis del Plan de Seguridad que present\u00f3 Durazo Monta\u00f1o hace unos d\u00edas y que concluy\u00f3 que son s\u00f3lo intenciones.<\/p>\n<p>\u201cNo traen nada, son muchas intenciones, de hecho los foros por la paz parecen no haber impactado\u201d, explic\u00f3.<\/p>\n<p>Sin embargo, a\u00f1adi\u00f3 Rivas, el primer resultado que podr\u00eda dar L\u00f3pez Obrador es el aumento de confianza\u00a0 de los ciudadanos en las instituciones.<\/p>\n<blockquote>\n<p>\u201cMedidos sobre la base de la Encuentra Nacional de Seguridad P\u00fablica Urbana [ENSU] del Inegi [Instituto Nacional de Estad\u00edstica y Geograf\u00eda]. Eso es clave, ser\u00eda un gran resultado y ser\u00eda aplaudido\u201d, consider\u00f3.<\/p>\n<\/blockquote>\n<p>La ENSU se realiza cada tres meses a nivel nacional y mide la confianza en las instituciones, agreg\u00f3. Tambi\u00e9n se debe de medir el conocimiento y capacitaci\u00f3n de las polic\u00edas, agreg\u00f3.<\/p>\n<p>Rivas Rodr\u00edguez destac\u00f3 la importancia de generar indicadores de resultados de desempe\u00f1o, pues la disminuci\u00f3n de las cifras de violencia no significan en s\u00ed una mejora.<\/p>\n<blockquote>\n<p>\u201cEl Presidente tiene que definir cu\u00e1ndo s\u00ed va haber un resultado, no puede ser meramente la disminuci\u00f3n de un delito [\u2026]. Creo que s\u00ed tenemos que llegar a un momento en que los delitos no sean normales. En M\u00e9xico es normal que haya matanzas porque en 12 a\u00f1os esa ha sido la t\u00f3nica de las noticias, pero para mejorar se requiere de un paso intermedio. Los datos ya mejoraron en alg\u00fan momento: al inicio de la administraci\u00f3n de Enrique Pe\u00f1a Nieto el homicidio estaba a la baja y se mantuvo as\u00ed durante tres a\u00f1os, hasta que Pe\u00f1a Nieto lo revierte y lo lleva al desastre que entreg\u00f3\u201d, dijo.<\/p>\n<\/blockquote>\n<div id=\"attachment_3506695\" class=\"wp-caption aligncenter\"><a href=\"https:\/\/www.sinembargo.mx\/wp-content\/uploads\/2018\/12\/image-2018-12-04-174947.jpg\" data-src=\"https:\/\/www.sinembargo.mx\/wp-content\/uploads\/2018\/12\/image-2018-12-04-174947.jpg\" data-thumb=\"https:\/\/www.sinembargo.mx\/wp-content\/uploads\/2018\/12\/image-2018-12-04-174947.jpg\" class=\"ml-lightbox-enabled\"><img loading=\"lazy\" decoding=\"async\" class=\"size-full wp-image-3506695\" src=\"https:\/\/www.sinembargo.mx\/wp-content\/uploads\/2018\/12\/image-2018-12-04-174947.jpg\" sizes=\"auto, (max-width: 700px) 100vw, 700px\" srcset=\"https:\/\/www.sinembargo.mx\/wp-content\/uploads\/2018\/12\/image-2018-12-04-174947.jpg 700w, https:\/\/www.sinembargo.mx\/wp-content\/uploads\/2018\/12\/image-2018-12-04-174947-238x300.jpg 238w\" alt=\"\" width=\"700\" height=\"881\" \/><\/a><\/p>\n<p class=\"wp-caption-text\">Alfonso Durazo, Secretario de Seguridad P\u00fablica y Atenci\u00f3n Ciudadana, y Alejandro Gertz Manero, encargado del despacho de la Procuradur\u00eda General de la Rep\u00fablica (PGR). Foto: Cuartoscuro<\/p>\n<\/div>\n<p><strong>EPN: LA SEGURIDAD EN EL ABANDONO<\/strong><\/p>\n<p>Sin contar los \u00faltimos 30 d\u00edas de la administraci\u00f3n de Enrique Pe\u00f1a Nieto, el Gobierno federal emanado del Partido Revolucionario Institucional (PRI) super\u00f3 el n\u00famero de ejecutados que se contabilizaron en el sexenio anterior, encabezado por el panista Felipe Calder\u00f3n Hinojosa, quien declar\u00f3 la guerra al narcotr\u00e1fico y comenz\u00f3 con las hist\u00f3ricas cifras de asesinatos violentos.<\/p>\n<p>Del 1 de diciembre de 2012, d\u00eda en que Pe\u00f1a tom\u00f3 posesi\u00f3n como Presidente de la Rep\u00fablica, al 31 de octubre de 2018 \u2013un mes antes de concluir su mandato\u2013, en el pa\u00eds se registraron 150 mil 992 muertes violentas, la mayor\u00eda vinculadas al crimen organizado, reportaron cifras oficiales.<\/p>\n<p>Pr\u00e1cticamente a\u00f1o tras a\u00f1o los homicidios dolosos fueron aumentando durante la administraci\u00f3n que termin\u00f3. Tan s\u00f3lo en 2017 (2018 no ha concluido) la cifra lleg\u00f3 a abatir cualquier registro de los \u00faltimos a\u00f1os con 32 mil 79 v\u00edctimas de homicidios dolosos.<\/p>\n<p>L\u00f3pez Obrador precis\u00f3 ayer durante el periodo neoliberal se abandon\u00f3 por completo la seguridad de los ciudadanos, debido a que el Ej\u00e9rcito y la Marina se enfocaron a operativos para el combate del crimen organizado.<\/p>\n<blockquote>\n<p>\u201cY la seguridad p\u00fablica y la seguridad de los ciudadanos se abandon\u00f3 por completo. Eso es lo que est\u00e1 sucediendo. Y eso es lo que estamos ahora enfrentando y vamos a resolver, por eso las coordinaciones, para que en el territorio haya elementos y protecci\u00f3n a la gente, a los ciudadanos. Son 266 coordinaciones territoriales, no podemos ahora operar todas porque no tenemos los elementos, ser\u00e1 un proceso\u201d, explic\u00f3.<\/p>\n<p>El Presidente agreg\u00f3 que actualmente son 150 coordinadores de seguridad instalados ya en el territorio con alrededor de 35 mil elementos.<\/p>\n<p>\u201cVamos a ir avanzando y vamos a tener que reclutar, convocar a m\u00e1s elementos, porque si se hace el an\u00e1lisis de cu\u00e1ntos polic\u00edas por ciudadano hay en M\u00e9xico, estamos entre los pa\u00edses con menos polic\u00edas por ciudadano en el mundo\u201d, a\u00f1adi\u00f3.<\/p>\n<p>Tambi\u00e9n expuso que su Gobierno pondr\u00e1 en el centro de las acciones la seguridad a los ciudadanos y, de acuerdo con informaci\u00f3n que ha dado en entrevistas Alfonso Durazo Monta\u00f1o, Secretario de Seguridad P\u00fablica, los resultados en materia de seguridad podr\u00edan verse a la mitad del sexenio.<\/p>\n<blockquote>\n<p>\u201cYa estamos trabajando con eso. Yo les recuerdo que el plan nuestro tiene dos vertientes: una, que es para nosotros la m\u00e1s importante, es la atenci\u00f3n a las causas, es decir, que haya crecimiento econ\u00f3mico, empleo, bienestar, atenci\u00f3n a los j\u00f3venes, eso es lo m\u00e1s importante. La otra vertiente es lo que tiene que ver con lo coercitivo. En los dos casos van a haber resultados. Estoy seguro de que van a mejorar las cosas en el pa\u00eds, estoy confiado en eso\u201d, afirm\u00f3 el Jefe del Ejecutivo federal.<\/p>\n<p>https:\/\/www.facebook.com\/lopezobrador.org.mx\/videos\/1410137922456711\/<\/p>\n<\/blockquote>\n<\/blockquote>\n","protected":false},"excerpt":{"rendered":"<p>La estrategia de seguridad va a tardar en dar resultados, pero la estad\u00edstica presionar\u00e1 a AMLO<br \/>\nPor Redacci\u00f3n QP<\/p>\n","protected":false},"author":2,"featured_media":11001,"comment_status":"open","ping_status":"open","sticky":false,"template":"","format":"standard","meta":{"_monsterinsights_skip_tracking":false,"_monsterinsights_sitenote_active":false,"_monsterinsights_sitenote_note":"","_monsterinsights_sitenote_category":0,"footnotes":""},"categories":[2],"tags":[],"class_list":["post-11002","post","type-post","status-publish","format-standard","has-post-thumbnail","hentry","category-noticias"],"yoast_head":"<!-- This site is optimized with the Yoast SEO plugin v27.3 - https:\/\/yoast.com\/product\/yoast-seo-wordpress\/ -->\n<title>La estrategia de seguridad va a tardar en dar resultados, pero la estad\u00edstica presionar\u00e1 a AMLO -<\/title>\n<meta name=\"robots\" content=\"index, follow, max-snippet:-1, max-image-preview:large, max-video-preview:-1\" \/>\n<link rel=\"canonical\" href=\"https:\/\/quehacerpolitico.mx\/?p=11002\" \/>\n<meta property=\"og:locale\" content=\"es_MX\" \/>\n<meta property=\"og:type\" content=\"article\" \/>\n<meta property=\"og:title\" content=\"La estrategia de seguridad va a tardar en dar resultados, pero la estad\u00edstica presionar\u00e1 a AMLO -\" \/>\n<meta property=\"og:description\" content=\"La estrategia de seguridad va a tardar en dar resultados, pero la estad\u00edstica presionar\u00e1 a AMLO Por Redacci\u00f3n QP\" \/>\n<meta property=\"og:url\" content=\"https:\/\/quehacerpolitico.mx\/?p=11002\" \/>\n<meta property=\"article:published_time\" content=\"2018-12-05T14:44:54+00:00\" \/>\n<meta name=\"author\" content=\"Redacci\u00f3n QP\" \/>\n<meta name=\"twitter:card\" content=\"summary_large_image\" \/>\n<meta name=\"twitter:label1\" content=\"Escrito por\" \/>\n\t<meta name=\"twitter:data1\" content=\"Redacci\u00f3n QP\" \/>\n\t<meta name=\"twitter:label2\" content=\"Tiempo de lectura\" \/>\n\t<meta name=\"twitter:data2\" content=\"8 minutos\" \/>\n<script type=\"application\/ld+json\" class=\"yoast-schema-graph\">{\"@context\":\"https:\\\/\\\/schema.org\",\"@graph\":[{\"@type\":\"Article\",\"@id\":\"https:\\\/\\\/quehacerpolitico.mx\\\/?p=11002#article\",\"isPartOf\":{\"@id\":\"https:\\\/\\\/quehacerpolitico.mx\\\/?p=11002\"},\"author\":{\"name\":\"Redacci\u00f3n QP\",\"@id\":\"https:\\\/\\\/quehacerpolitico.mx\\\/#\\\/schema\\\/person\\\/496d8ad2d1d3f8036101dca7ee39e585\"},\"headline\":\"La estrategia de seguridad va a tardar en dar resultados, pero la estad\u00edstica presionar\u00e1 a AMLO\",\"datePublished\":\"2018-12-05T14:44:54+00:00\",\"mainEntityOfPage\":{\"@id\":\"https:\\\/\\\/quehacerpolitico.mx\\\/?p=11002\"},\"wordCount\":1589,\"commentCount\":0,\"image\":{\"@id\":\"https:\\\/\\\/quehacerpolitico.mx\\\/?p=11002#primaryimage\"},\"thumbnailUrl\":\"\",\"articleSection\":[\"Noticias\"],\"inLanguage\":\"es\",\"potentialAction\":[{\"@type\":\"CommentAction\",\"name\":\"Comment\",\"target\":[\"https:\\\/\\\/quehacerpolitico.mx\\\/?p=11002#respond\"]}]},{\"@type\":\"WebPage\",\"@id\":\"https:\\\/\\\/quehacerpolitico.mx\\\/?p=11002\",\"url\":\"https:\\\/\\\/quehacerpolitico.mx\\\/?p=11002\",\"name\":\"La estrategia de seguridad va a tardar en dar resultados, pero la estad\u00edstica presionar\u00e1 a AMLO -\",\"isPartOf\":{\"@id\":\"https:\\\/\\\/quehacerpolitico.mx\\\/#website\"},\"primaryImageOfPage\":{\"@id\":\"https:\\\/\\\/quehacerpolitico.mx\\\/?p=11002#primaryimage\"},\"image\":{\"@id\":\"https:\\\/\\\/quehacerpolitico.mx\\\/?p=11002#primaryimage\"},\"thumbnailUrl\":\"\",\"datePublished\":\"2018-12-05T14:44:54+00:00\",\"author\":{\"@id\":\"https:\\\/\\\/quehacerpolitico.mx\\\/#\\\/schema\\\/person\\\/496d8ad2d1d3f8036101dca7ee39e585\"},\"breadcrumb\":{\"@id\":\"https:\\\/\\\/quehacerpolitico.mx\\\/?p=11002#breadcrumb\"},\"inLanguage\":\"es\",\"potentialAction\":[{\"@type\":\"ReadAction\",\"target\":[\"https:\\\/\\\/quehacerpolitico.mx\\\/?p=11002\"]}]},{\"@type\":\"ImageObject\",\"inLanguage\":\"es\",\"@id\":\"https:\\\/\\\/quehacerpolitico.mx\\\/?p=11002#primaryimage\",\"url\":\"\",\"contentUrl\":\"\"},{\"@type\":\"BreadcrumbList\",\"@id\":\"https:\\\/\\\/quehacerpolitico.mx\\\/?p=11002#breadcrumb\",\"itemListElement\":[{\"@type\":\"ListItem\",\"position\":1,\"name\":\"Inicio\",\"item\":\"https:\\\/\\\/quehacerpolitico.mx\\\/\"},{\"@type\":\"ListItem\",\"position\":2,\"name\":\"La estrategia de seguridad va a tardar en dar resultados, pero la estad\u00edstica presionar\u00e1 a AMLO\"}]},{\"@type\":\"WebSite\",\"@id\":\"https:\\\/\\\/quehacerpolitico.mx\\\/#website\",\"url\":\"https:\\\/\\\/quehacerpolitico.mx\\\/\",\"name\":\"\",\"description\":\"\",\"potentialAction\":[{\"@type\":\"SearchAction\",\"target\":{\"@type\":\"EntryPoint\",\"urlTemplate\":\"https:\\\/\\\/quehacerpolitico.mx\\\/?s={search_term_string}\"},\"query-input\":{\"@type\":\"PropertyValueSpecification\",\"valueRequired\":true,\"valueName\":\"search_term_string\"}}],\"inLanguage\":\"es\"},{\"@type\":\"Person\",\"@id\":\"https:\\\/\\\/quehacerpolitico.mx\\\/#\\\/schema\\\/person\\\/496d8ad2d1d3f8036101dca7ee39e585\",\"name\":\"Redacci\u00f3n QP\",\"image\":{\"@type\":\"ImageObject\",\"inLanguage\":\"es\",\"@id\":\"https:\\\/\\\/secure.gravatar.com\\\/avatar\\\/c7164ed6fdec453195284ad24a5ae5b6e1eed2b848477fa2a4787ba9adf39a41?s=96&d=mm&r=g\",\"url\":\"https:\\\/\\\/secure.gravatar.com\\\/avatar\\\/c7164ed6fdec453195284ad24a5ae5b6e1eed2b848477fa2a4787ba9adf39a41?s=96&d=mm&r=g\",\"contentUrl\":\"https:\\\/\\\/secure.gravatar.com\\\/avatar\\\/c7164ed6fdec453195284ad24a5ae5b6e1eed2b848477fa2a4787ba9adf39a41?s=96&d=mm&r=g\",\"caption\":\"Redacci\u00f3n QP\"},\"url\":\"https:\\\/\\\/quehacerpolitico.mx\\\/?author=2\"}]}<\/script>\n<!-- \/ Yoast SEO plugin. -->","yoast_head_json":{"title":"La estrategia de seguridad va a tardar en dar resultados, pero la estad\u00edstica presionar\u00e1 a AMLO -","robots":{"index":"index","follow":"follow","max-snippet":"max-snippet:-1","max-image-preview":"max-image-preview:large","max-video-preview":"max-video-preview:-1"},"canonical":"https:\/\/quehacerpolitico.mx\/?p=11002","og_locale":"es_MX","og_type":"article","og_title":"La estrategia de seguridad va a tardar en dar resultados, pero la estad\u00edstica presionar\u00e1 a AMLO -","og_description":"La estrategia de seguridad va a tardar en dar resultados, pero la estad\u00edstica presionar\u00e1 a AMLO Por Redacci\u00f3n QP","og_url":"https:\/\/quehacerpolitico.mx\/?p=11002","article_published_time":"2018-12-05T14:44:54+00:00","author":"Redacci\u00f3n QP","twitter_card":"summary_large_image","twitter_misc":{"Escrito por":"Redacci\u00f3n QP","Tiempo de lectura":"8 minutos"},"schema":{"@context":"https:\/\/schema.org","@graph":[{"@type":"Article","@id":"https:\/\/quehacerpolitico.mx\/?p=11002#article","isPartOf":{"@id":"https:\/\/quehacerpolitico.mx\/?p=11002"},"author":{"name":"Redacci\u00f3n QP","@id":"https:\/\/quehacerpolitico.mx\/#\/schema\/person\/496d8ad2d1d3f8036101dca7ee39e585"},"headline":"La estrategia de seguridad va a tardar en dar resultados, pero la estad\u00edstica presionar\u00e1 a AMLO","datePublished":"2018-12-05T14:44:54+00:00","mainEntityOfPage":{"@id":"https:\/\/quehacerpolitico.mx\/?p=11002"},"wordCount":1589,"commentCount":0,"image":{"@id":"https:\/\/quehacerpolitico.mx\/?p=11002#primaryimage"},"thumbnailUrl":"","articleSection":["Noticias"],"inLanguage":"es","potentialAction":[{"@type":"CommentAction","name":"Comment","target":["https:\/\/quehacerpolitico.mx\/?p=11002#respond"]}]},{"@type":"WebPage","@id":"https:\/\/quehacerpolitico.mx\/?p=11002","url":"https:\/\/quehacerpolitico.mx\/?p=11002","name":"La estrategia de seguridad va a tardar en dar resultados, pero la estad\u00edstica presionar\u00e1 a AMLO -","isPartOf":{"@id":"https:\/\/quehacerpolitico.mx\/#website"},"primaryImageOfPage":{"@id":"https:\/\/quehacerpolitico.mx\/?p=11002#primaryimage"},"image":{"@id":"https:\/\/quehacerpolitico.mx\/?p=11002#primaryimage"},"thumbnailUrl":"","datePublished":"2018-12-05T14:44:54+00:00","author":{"@id":"https:\/\/quehacerpolitico.mx\/#\/schema\/person\/496d8ad2d1d3f8036101dca7ee39e585"},"breadcrumb":{"@id":"https:\/\/quehacerpolitico.mx\/?p=11002#breadcrumb"},"inLanguage":"es","potentialAction":[{"@type":"ReadAction","target":["https:\/\/quehacerpolitico.mx\/?p=11002"]}]},{"@type":"ImageObject","inLanguage":"es","@id":"https:\/\/quehacerpolitico.mx\/?p=11002#primaryimage","url":"","contentUrl":""},{"@type":"BreadcrumbList","@id":"https:\/\/quehacerpolitico.mx\/?p=11002#breadcrumb","itemListElement":[{"@type":"ListItem","position":1,"name":"Inicio","item":"https:\/\/quehacerpolitico.mx\/"},{"@type":"ListItem","position":2,"name":"La estrategia de seguridad va a tardar en dar resultados, pero la estad\u00edstica presionar\u00e1 a AMLO"}]},{"@type":"WebSite","@id":"https:\/\/quehacerpolitico.mx\/#website","url":"https:\/\/quehacerpolitico.mx\/","name":"","description":"","potentialAction":[{"@type":"SearchAction","target":{"@type":"EntryPoint","urlTemplate":"https:\/\/quehacerpolitico.mx\/?s={search_term_string}"},"query-input":{"@type":"PropertyValueSpecification","valueRequired":true,"valueName":"search_term_string"}}],"inLanguage":"es"},{"@type":"Person","@id":"https:\/\/quehacerpolitico.mx\/#\/schema\/person\/496d8ad2d1d3f8036101dca7ee39e585","name":"Redacci\u00f3n QP","image":{"@type":"ImageObject","inLanguage":"es","@id":"https:\/\/secure.gravatar.com\/avatar\/c7164ed6fdec453195284ad24a5ae5b6e1eed2b848477fa2a4787ba9adf39a41?s=96&d=mm&r=g","url":"https:\/\/secure.gravatar.com\/avatar\/c7164ed6fdec453195284ad24a5ae5b6e1eed2b848477fa2a4787ba9adf39a41?s=96&d=mm&r=g","contentUrl":"https:\/\/secure.gravatar.com\/avatar\/c7164ed6fdec453195284ad24a5ae5b6e1eed2b848477fa2a4787ba9adf39a41?s=96&d=mm&r=g","caption":"Redacci\u00f3n QP"},"url":"https:\/\/quehacerpolitico.mx\/?author=2"}]}},"featured_image_urls":{"full":"","thumbnail":"","medium":"","medium_large":"","large":"","1536x1536":"","2048x2048":"","covernews-featured":"","covernews-medium":""},"author_info":{"display_name":"Redacci\u00f3n QP","author_link":"https:\/\/quehacerpolitico.mx\/?author=2"},"category_info":"<a href=\"https:\/\/quehacerpolitico.mx\/?cat=2\" rel=\"category\">Noticias<\/a>","tag_info":"Noticias","comment_count":"0","_links":{"self":[{"href":"https:\/\/quehacerpolitico.mx\/index.php?rest_route=\/wp\/v2\/posts\/11002","targetHints":{"allow":["GET"]}}],"collection":[{"href":"https:\/\/quehacerpolitico.mx\/index.php?rest_route=\/wp\/v2\/posts"}],"about":[{"href":"https:\/\/quehacerpolitico.mx\/index.php?rest_route=\/wp\/v2\/types\/post"}],"author":[{"embeddable":true,"href":"https:\/\/quehacerpolitico.mx\/index.php?rest_route=\/wp\/v2\/users\/2"}],"replies":[{"embeddable":true,"href":"https:\/\/quehacerpolitico.mx\/index.php?rest_route=%2Fwp%2Fv2%2Fcomments&post=11002"}],"version-history":[{"count":0,"href":"https:\/\/quehacerpolitico.mx\/index.php?rest_route=\/wp\/v2\/posts\/11002\/revisions"}],"wp:featuredmedia":[{"embeddable":true,"href":"https:\/\/quehacerpolitico.mx\/index.php?rest_route=\/"}],"wp:attachment":[{"href":"https:\/\/quehacerpolitico.mx\/index.php?rest_route=%2Fwp%2Fv2%2Fmedia&parent=11002"}],"wp:term":[{"taxonomy":"category","embeddable":true,"href":"https:\/\/quehacerpolitico.mx\/index.php?rest_route=%2Fwp%2Fv2%2Fcategories&post=11002"},{"taxonomy":"post_tag","embeddable":true,"href":"https:\/\/quehacerpolitico.mx\/index.php?rest_route=%2Fwp%2Fv2%2Ftags&post=11002"}],"curies":[{"name":"wp","href":"https:\/\/api.w.org\/{rel}","templated":true}]}}