{"id":110008,"date":"2024-05-16T16:24:20","date_gmt":"2024-05-16T16:24:20","guid":{"rendered":"https:\/\/quehacerpolitico.mx\/?p=110008"},"modified":"2024-05-16T16:31:18","modified_gmt":"2024-05-16T16:31:18","slug":"la-velocista-mexicana-cecilia-tamayo-conquista-medalla-de-plata-en-los-200-metros-planos-en-el-canarias-athletics-invitational-en-tenerife-espana","status":"publish","type":"post","link":"https:\/\/quehacerpolitico.mx\/?p=110008","title":{"rendered":"La velocista mexicana Cecilia Tamayo conquista medalla de plata en los\u00a0200 metros planos\u00a0en el\u00a0Canarias Athletics Invitational en Tenerife, Espa\u00f1a"},"content":{"rendered":"\n<p>Por Redacci\u00f3n QP<\/p>\n\n\n\n<p>Cecilia Tamayo, la mexicana entrenada por la leyenda Carl Lewis, gan\u00f3 plata en 200m del Canarias Athletics Invitational de Tenerife.<\/p>\n\n\n\n<p>La velocista mexicana\u00a0<strong>Cecilia Tamayo<\/strong> conquist\u00f3 la\u00a0<strong>medalla de plata<\/strong>\u00a0en los\u00a0<strong>200 metros planos<\/strong>\u00a0en el<strong>\u00a0Canarias Athletics Invitational en Tenerife<\/strong>, Espa\u00f1a, y sigue en su b\u00fasqueda de conseguir la\u00a0<strong>marca<\/strong>\u00a0que le permita\u00a0<strong>clasificar a\u00a0<\/strong>Paris 2024.<\/p>\n\n\n\n<p>Con un\u00a0registro de\u00a0<strong>23.34 segundos<\/strong>, Tamayo se acerca a la\u00a0<strong>marca m\u00ednima<\/strong>\u00a0para los\u00a0<strong>Juegos Ol\u00edmpicos<\/strong>\u00a0de Par\u00eds 2024, que es de<strong>\u00a022.57 segundos.<\/strong><\/p>\n\n\n\n<p>La\u00a0<strong>medalla de oro<\/strong>\u00a0fue para la espa\u00f1ola\u00a0<strong>Esperanza Cladera<\/strong>, con 23.26 segundos, y el bronce se lo colg\u00f3 la tambi\u00e9n espa\u00f1ola\u00a0<strong>Luc\u00eda Carrillo<\/strong>, con 23.39.<\/p>\n\n\n\n<figure class=\"wp-block-embed is-type-rich is-provider-twitter wp-block-embed-twitter\"><div class=\"wp-block-embed__wrapper\">\n<blockquote class=\"twitter-tweet\" data-width=\"550\" data-dnt=\"true\"><p lang=\"es\" dir=\"ltr\">Empezando gira Europea! <a href=\"https:\/\/t.co\/6BZwg4eddo\">https:\/\/t.co\/6BZwg4eddo<\/a><\/p>&mdash; Ceci Tamayo (@cecitamayog) <a href=\"https:\/\/twitter.com\/cecitamayog\/status\/1790893719996236200?ref_src=twsrc%5Etfw\">May 15, 2024<\/a><\/blockquote><script async src=\"https:\/\/platform.twitter.com\/widgets.js\" charset=\"utf-8\"><\/script>\n<\/div><\/figure>\n\n\n\n<p>El tiempo de 23.34 segundos con el que gan\u00f3 la plata en Tenerife pudo representar el\u00a0<strong>mejor registro de la temporada para Cecilia Tamayo<\/strong>, pero al tener\u00a0<strong>condiciones de +3.5 de viento no se considera legal<\/strong>.<\/p>\n\n\n\n<h2 class=\"wp-block-heading\" id=\"h-preparacion\">PREPARACI\u00d3N<\/h2>\n\n\n\n<p>Tamayo, originaria de Le\u00f3n, Guanajuato, lleva una&nbsp;<strong>intensa preparaci\u00f3n<\/strong>&nbsp;en busca del boleto a Par\u00eds 2024, y lo m\u00e1s destacado es que&nbsp;<strong>su entrenador es el m\u00edtico velocista estadounidense Carl Lewis<\/strong>.<\/p>\n\n\n\n<p>Su tiempo en los 200 metros planos en Tenerife mejora los&nbsp;<strong>23.41 segundos<\/strong>&nbsp;que hizo recientemente en la<strong>&nbsp;edici\u00f3n 64 del Annual Mt. SAC Relays de Walnut, California<\/strong>.<\/p>\n\n\n\n<p>En\u00a0<strong>mayo de 2023<\/strong>, Cecilia Tamayo\u00a0<strong>hizo historia<\/strong>\u00a0al ser la\u00a0<strong>primera mexicana en 16 a\u00f1os<\/strong>\u00a0que clasifica en 200 metros al\u00a0<strong>Campeonato Mundial de Atletismo<\/strong>, tras\u00a0<strong>Zudikey Rodr\u00edguez<\/strong>, quien lo logr\u00f3 en Osaka 2007, con 24.31 segundos.<\/p>\n\n\n\n<p>La velocista guanajuatense gan\u00f3 la medalla de plata en el Campeonato de la\u00a0<strong>ACC en Estados Unidos<\/strong>\u00a0al registrar un tiempo de\u00a0<strong>22.45 segundos,<\/strong>\u00a0rompiendo el\u00a0<strong>r\u00e9cord nacional de 22.89<\/strong>, pero ese tiempo que le hubiera dado el boleto a Par\u00eds 2024,\u00a0<strong>no entr\u00f3 en el periodo de calificaci\u00f3n<\/strong>\u00a0para pruebas de pista, que\u00a0<strong>inici\u00f3 en julio de 2023<\/strong>.<\/p>\n","protected":false},"excerpt":{"rendered":"<p>Por Redacci\u00f3n QP Cecilia Tamayo, la mexicana entrenada por la leyenda Carl Lewis, gan\u00f3 plata&#8230;<\/p>\n","protected":false},"author":2,"featured_media":110009,"comment_status":"open","ping_status":"open","sticky":false,"template":"","format":"standard","meta":{"_monsterinsights_skip_tracking":false,"_monsterinsights_sitenote_active":false,"_monsterinsights_sitenote_note":"","_monsterinsights_sitenote_category":0,"footnotes":""},"categories":[54],"tags":[],"class_list":["post-110008","post","type-post","status-publish","format-standard","has-post-thumbnail","hentry","category-deportes"],"yoast_head":"<!-- This site is optimized with the Yoast SEO plugin v27.3 - https:\/\/yoast.com\/product\/yoast-seo-wordpress\/ -->\n<title>La velocista mexicana Cecilia Tamayo conquista medalla de plata en los\u00a0200 metros planos\u00a0en el\u00a0Canarias Athletics Invitational en Tenerife, Espa\u00f1a -<\/title>\n<meta name=\"robots\" content=\"index, follow, max-snippet:-1, max-image-preview:large, max-video-preview:-1\" \/>\n<link rel=\"canonical\" href=\"https:\/\/quehacerpolitico.mx\/?p=110008\" \/>\n<meta property=\"og:locale\" content=\"es_MX\" \/>\n<meta property=\"og:type\" content=\"article\" \/>\n<meta property=\"og:title\" content=\"La velocista mexicana Cecilia Tamayo conquista medalla de plata en los\u00a0200 metros planos\u00a0en el\u00a0Canarias Athletics Invitational en Tenerife, Espa\u00f1a -\" \/>\n<meta property=\"og:description\" content=\"Por Redacci\u00f3n QP Cecilia Tamayo, la mexicana entrenada por la leyenda Carl Lewis, gan\u00f3 plata...\" \/>\n<meta property=\"og:url\" content=\"https:\/\/quehacerpolitico.mx\/?p=110008\" \/>\n<meta property=\"article:published_time\" content=\"2024-05-16T16:24:20+00:00\" \/>\n<meta property=\"article:modified_time\" content=\"2024-05-16T16:31:18+00:00\" \/>\n<meta property=\"og:image\" content=\"https:\/\/quehacerpolitico.mx\/wp-content\/uploads\/2024\/05\/IMG_5656.jpeg\" \/>\n\t<meta property=\"og:image:width\" content=\"1400\" \/>\n\t<meta property=\"og:image:height\" content=\"1323\" \/>\n\t<meta property=\"og:image:type\" content=\"image\/jpeg\" \/>\n<meta name=\"author\" content=\"Redacci\u00f3n QP\" \/>\n<meta name=\"twitter:card\" content=\"summary_large_image\" \/>\n<meta name=\"twitter:label1\" content=\"Escrito por\" \/>\n\t<meta name=\"twitter:data1\" content=\"Redacci\u00f3n QP\" \/>\n\t<meta name=\"twitter:label2\" content=\"Tiempo de lectura\" \/>\n\t<meta name=\"twitter:data2\" content=\"2 minutos\" \/>\n<script type=\"application\/ld+json\" class=\"yoast-schema-graph\">{\"@context\":\"https:\\\/\\\/schema.org\",\"@graph\":[{\"@type\":\"Article\",\"@id\":\"https:\\\/\\\/quehacerpolitico.mx\\\/?p=110008#article\",\"isPartOf\":{\"@id\":\"https:\\\/\\\/quehacerpolitico.mx\\\/?p=110008\"},\"author\":{\"name\":\"Redacci\u00f3n QP\",\"@id\":\"https:\\\/\\\/quehacerpolitico.mx\\\/#\\\/schema\\\/person\\\/496d8ad2d1d3f8036101dca7ee39e585\"},\"headline\":\"La velocista mexicana Cecilia Tamayo conquista medalla de plata en los\u00a0200 metros planos\u00a0en el\u00a0Canarias Athletics Invitational en Tenerife, Espa\u00f1a\",\"datePublished\":\"2024-05-16T16:24:20+00:00\",\"dateModified\":\"2024-05-16T16:31:18+00:00\",\"mainEntityOfPage\":{\"@id\":\"https:\\\/\\\/quehacerpolitico.mx\\\/?p=110008\"},\"wordCount\":345,\"commentCount\":0,\"image\":{\"@id\":\"https:\\\/\\\/quehacerpolitico.mx\\\/?p=110008#primaryimage\"},\"thumbnailUrl\":\"https:\\\/\\\/quehacerpolitico.mx\\\/wp-content\\\/uploads\\\/2024\\\/05\\\/IMG_5656.jpeg\",\"articleSection\":[\"Deportes\"],\"inLanguage\":\"es\",\"potentialAction\":[{\"@type\":\"CommentAction\",\"name\":\"Comment\",\"target\":[\"https:\\\/\\\/quehacerpolitico.mx\\\/?p=110008#respond\"]}]},{\"@type\":\"WebPage\",\"@id\":\"https:\\\/\\\/quehacerpolitico.mx\\\/?p=110008\",\"url\":\"https:\\\/\\\/quehacerpolitico.mx\\\/?p=110008\",\"name\":\"La velocista mexicana Cecilia Tamayo conquista medalla de plata en los\u00a0200 metros planos\u00a0en el\u00a0Canarias Athletics Invitational en Tenerife, Espa\u00f1a -\",\"isPartOf\":{\"@id\":\"https:\\\/\\\/quehacerpolitico.mx\\\/#website\"},\"primaryImageOfPage\":{\"@id\":\"https:\\\/\\\/quehacerpolitico.mx\\\/?p=110008#primaryimage\"},\"image\":{\"@id\":\"https:\\\/\\\/quehacerpolitico.mx\\\/?p=110008#primaryimage\"},\"thumbnailUrl\":\"https:\\\/\\\/quehacerpolitico.mx\\\/wp-content\\\/uploads\\\/2024\\\/05\\\/IMG_5656.jpeg\",\"datePublished\":\"2024-05-16T16:24:20+00:00\",\"dateModified\":\"2024-05-16T16:31:18+00:00\",\"author\":{\"@id\":\"https:\\\/\\\/quehacerpolitico.mx\\\/#\\\/schema\\\/person\\\/496d8ad2d1d3f8036101dca7ee39e585\"},\"breadcrumb\":{\"@id\":\"https:\\\/\\\/quehacerpolitico.mx\\\/?p=110008#breadcrumb\"},\"inLanguage\":\"es\",\"potentialAction\":[{\"@type\":\"ReadAction\",\"target\":[\"https:\\\/\\\/quehacerpolitico.mx\\\/?p=110008\"]}]},{\"@type\":\"ImageObject\",\"inLanguage\":\"es\",\"@id\":\"https:\\\/\\\/quehacerpolitico.mx\\\/?p=110008#primaryimage\",\"url\":\"https:\\\/\\\/quehacerpolitico.mx\\\/wp-content\\\/uploads\\\/2024\\\/05\\\/IMG_5656.jpeg\",\"contentUrl\":\"https:\\\/\\\/quehacerpolitico.mx\\\/wp-content\\\/uploads\\\/2024\\\/05\\\/IMG_5656.jpeg\",\"width\":1400,\"height\":1323},{\"@type\":\"BreadcrumbList\",\"@id\":\"https:\\\/\\\/quehacerpolitico.mx\\\/?p=110008#breadcrumb\",\"itemListElement\":[{\"@type\":\"ListItem\",\"position\":1,\"name\":\"Inicio\",\"item\":\"https:\\\/\\\/quehacerpolitico.mx\\\/\"},{\"@type\":\"ListItem\",\"position\":2,\"name\":\"La velocista mexicana Cecilia Tamayo conquista medalla de plata en los\u00a0200 metros planos\u00a0en el\u00a0Canarias Athletics Invitational en Tenerife, Espa\u00f1a\"}]},{\"@type\":\"WebSite\",\"@id\":\"https:\\\/\\\/quehacerpolitico.mx\\\/#website\",\"url\":\"https:\\\/\\\/quehacerpolitico.mx\\\/\",\"name\":\"\",\"description\":\"\",\"potentialAction\":[{\"@type\":\"SearchAction\",\"target\":{\"@type\":\"EntryPoint\",\"urlTemplate\":\"https:\\\/\\\/quehacerpolitico.mx\\\/?s={search_term_string}\"},\"query-input\":{\"@type\":\"PropertyValueSpecification\",\"valueRequired\":true,\"valueName\":\"search_term_string\"}}],\"inLanguage\":\"es\"},{\"@type\":\"Person\",\"@id\":\"https:\\\/\\\/quehacerpolitico.mx\\\/#\\\/schema\\\/person\\\/496d8ad2d1d3f8036101dca7ee39e585\",\"name\":\"Redacci\u00f3n QP\",\"image\":{\"@type\":\"ImageObject\",\"inLanguage\":\"es\",\"@id\":\"https:\\\/\\\/secure.gravatar.com\\\/avatar\\\/c7164ed6fdec453195284ad24a5ae5b6e1eed2b848477fa2a4787ba9adf39a41?s=96&d=mm&r=g\",\"url\":\"https:\\\/\\\/secure.gravatar.com\\\/avatar\\\/c7164ed6fdec453195284ad24a5ae5b6e1eed2b848477fa2a4787ba9adf39a41?s=96&d=mm&r=g\",\"contentUrl\":\"https:\\\/\\\/secure.gravatar.com\\\/avatar\\\/c7164ed6fdec453195284ad24a5ae5b6e1eed2b848477fa2a4787ba9adf39a41?s=96&d=mm&r=g\",\"caption\":\"Redacci\u00f3n QP\"},\"url\":\"https:\\\/\\\/quehacerpolitico.mx\\\/?author=2\"}]}<\/script>\n<!-- \/ Yoast SEO plugin. -->","yoast_head_json":{"title":"La velocista mexicana Cecilia Tamayo conquista medalla de plata en los\u00a0200 metros planos\u00a0en el\u00a0Canarias Athletics Invitational en Tenerife, Espa\u00f1a -","robots":{"index":"index","follow":"follow","max-snippet":"max-snippet:-1","max-image-preview":"max-image-preview:large","max-video-preview":"max-video-preview:-1"},"canonical":"https:\/\/quehacerpolitico.mx\/?p=110008","og_locale":"es_MX","og_type":"article","og_title":"La velocista mexicana Cecilia Tamayo conquista medalla de plata en los\u00a0200 metros planos\u00a0en el\u00a0Canarias Athletics Invitational en Tenerife, Espa\u00f1a -","og_description":"Por Redacci\u00f3n QP Cecilia Tamayo, la mexicana entrenada por la leyenda Carl Lewis, gan\u00f3 plata...","og_url":"https:\/\/quehacerpolitico.mx\/?p=110008","article_published_time":"2024-05-16T16:24:20+00:00","article_modified_time":"2024-05-16T16:31:18+00:00","og_image":[{"width":1400,"height":1323,"url":"https:\/\/quehacerpolitico.mx\/wp-content\/uploads\/2024\/05\/IMG_5656.jpeg","type":"image\/jpeg"}],"author":"Redacci\u00f3n QP","twitter_card":"summary_large_image","twitter_misc":{"Escrito por":"Redacci\u00f3n QP","Tiempo de lectura":"2 minutos"},"schema":{"@context":"https:\/\/schema.org","@graph":[{"@type":"Article","@id":"https:\/\/quehacerpolitico.mx\/?p=110008#article","isPartOf":{"@id":"https:\/\/quehacerpolitico.mx\/?p=110008"},"author":{"name":"Redacci\u00f3n QP","@id":"https:\/\/quehacerpolitico.mx\/#\/schema\/person\/496d8ad2d1d3f8036101dca7ee39e585"},"headline":"La velocista mexicana Cecilia Tamayo conquista medalla de plata en los\u00a0200 metros planos\u00a0en el\u00a0Canarias Athletics Invitational en Tenerife, Espa\u00f1a","datePublished":"2024-05-16T16:24:20+00:00","dateModified":"2024-05-16T16:31:18+00:00","mainEntityOfPage":{"@id":"https:\/\/quehacerpolitico.mx\/?p=110008"},"wordCount":345,"commentCount":0,"image":{"@id":"https:\/\/quehacerpolitico.mx\/?p=110008#primaryimage"},"thumbnailUrl":"https:\/\/quehacerpolitico.mx\/wp-content\/uploads\/2024\/05\/IMG_5656.jpeg","articleSection":["Deportes"],"inLanguage":"es","potentialAction":[{"@type":"CommentAction","name":"Comment","target":["https:\/\/quehacerpolitico.mx\/?p=110008#respond"]}]},{"@type":"WebPage","@id":"https:\/\/quehacerpolitico.mx\/?p=110008","url":"https:\/\/quehacerpolitico.mx\/?p=110008","name":"La velocista mexicana Cecilia Tamayo conquista medalla de plata en los\u00a0200 metros planos\u00a0en el\u00a0Canarias Athletics Invitational en Tenerife, Espa\u00f1a -","isPartOf":{"@id":"https:\/\/quehacerpolitico.mx\/#website"},"primaryImageOfPage":{"@id":"https:\/\/quehacerpolitico.mx\/?p=110008#primaryimage"},"image":{"@id":"https:\/\/quehacerpolitico.mx\/?p=110008#primaryimage"},"thumbnailUrl":"https:\/\/quehacerpolitico.mx\/wp-content\/uploads\/2024\/05\/IMG_5656.jpeg","datePublished":"2024-05-16T16:24:20+00:00","dateModified":"2024-05-16T16:31:18+00:00","author":{"@id":"https:\/\/quehacerpolitico.mx\/#\/schema\/person\/496d8ad2d1d3f8036101dca7ee39e585"},"breadcrumb":{"@id":"https:\/\/quehacerpolitico.mx\/?p=110008#breadcrumb"},"inLanguage":"es","potentialAction":[{"@type":"ReadAction","target":["https:\/\/quehacerpolitico.mx\/?p=110008"]}]},{"@type":"ImageObject","inLanguage":"es","@id":"https:\/\/quehacerpolitico.mx\/?p=110008#primaryimage","url":"https:\/\/quehacerpolitico.mx\/wp-content\/uploads\/2024\/05\/IMG_5656.jpeg","contentUrl":"https:\/\/quehacerpolitico.mx\/wp-content\/uploads\/2024\/05\/IMG_5656.jpeg","width":1400,"height":1323},{"@type":"BreadcrumbList","@id":"https:\/\/quehacerpolitico.mx\/?p=110008#breadcrumb","itemListElement":[{"@type":"ListItem","position":1,"name":"Inicio","item":"https:\/\/quehacerpolitico.mx\/"},{"@type":"ListItem","position":2,"name":"La velocista mexicana Cecilia Tamayo conquista medalla de plata en los\u00a0200 metros planos\u00a0en el\u00a0Canarias Athletics Invitational en Tenerife, Espa\u00f1a"}]},{"@type":"WebSite","@id":"https:\/\/quehacerpolitico.mx\/#website","url":"https:\/\/quehacerpolitico.mx\/","name":"","description":"","potentialAction":[{"@type":"SearchAction","target":{"@type":"EntryPoint","urlTemplate":"https:\/\/quehacerpolitico.mx\/?s={search_term_string}"},"query-input":{"@type":"PropertyValueSpecification","valueRequired":true,"valueName":"search_term_string"}}],"inLanguage":"es"},{"@type":"Person","@id":"https:\/\/quehacerpolitico.mx\/#\/schema\/person\/496d8ad2d1d3f8036101dca7ee39e585","name":"Redacci\u00f3n QP","image":{"@type":"ImageObject","inLanguage":"es","@id":"https:\/\/secure.gravatar.com\/avatar\/c7164ed6fdec453195284ad24a5ae5b6e1eed2b848477fa2a4787ba9adf39a41?s=96&d=mm&r=g","url":"https:\/\/secure.gravatar.com\/avatar\/c7164ed6fdec453195284ad24a5ae5b6e1eed2b848477fa2a4787ba9adf39a41?s=96&d=mm&r=g","contentUrl":"https:\/\/secure.gravatar.com\/avatar\/c7164ed6fdec453195284ad24a5ae5b6e1eed2b848477fa2a4787ba9adf39a41?s=96&d=mm&r=g","caption":"Redacci\u00f3n QP"},"url":"https:\/\/quehacerpolitico.mx\/?author=2"}]}},"featured_image_urls":{"full":["https:\/\/quehacerpolitico.mx\/wp-content\/uploads\/2024\/05\/IMG_5656.jpeg",1400,1323,false],"thumbnail":["https:\/\/quehacerpolitico.mx\/wp-content\/uploads\/2024\/05\/IMG_5656-150x150.jpeg",150,150,true],"medium":["https:\/\/quehacerpolitico.mx\/wp-content\/uploads\/2024\/05\/IMG_5656-300x284.jpeg",300,284,true],"medium_large":["https:\/\/quehacerpolitico.mx\/wp-content\/uploads\/2024\/05\/IMG_5656-768x726.jpeg",640,605,true],"large":["https:\/\/quehacerpolitico.mx\/wp-content\/uploads\/2024\/05\/IMG_5656-1024x968.jpeg",640,605,true],"1536x1536":["https:\/\/quehacerpolitico.mx\/wp-content\/uploads\/2024\/05\/IMG_5656.jpeg",1400,1323,false],"2048x2048":["https:\/\/quehacerpolitico.mx\/wp-content\/uploads\/2024\/05\/IMG_5656.jpeg",1400,1323,false],"covernews-featured":["https:\/\/quehacerpolitico.mx\/wp-content\/uploads\/2024\/05\/IMG_5656.jpeg",1024,968,false],"covernews-medium":["https:\/\/quehacerpolitico.mx\/wp-content\/uploads\/2024\/05\/IMG_5656.jpeg",360,340,false]},"author_info":{"display_name":"Redacci\u00f3n QP","author_link":"https:\/\/quehacerpolitico.mx\/?author=2"},"category_info":"<a href=\"https:\/\/quehacerpolitico.mx\/?cat=54\" rel=\"category\">Deportes<\/a>","tag_info":"Deportes","comment_count":"0","_links":{"self":[{"href":"https:\/\/quehacerpolitico.mx\/index.php?rest_route=\/wp\/v2\/posts\/110008","targetHints":{"allow":["GET"]}}],"collection":[{"href":"https:\/\/quehacerpolitico.mx\/index.php?rest_route=\/wp\/v2\/posts"}],"about":[{"href":"https:\/\/quehacerpolitico.mx\/index.php?rest_route=\/wp\/v2\/types\/post"}],"author":[{"embeddable":true,"href":"https:\/\/quehacerpolitico.mx\/index.php?rest_route=\/wp\/v2\/users\/2"}],"replies":[{"embeddable":true,"href":"https:\/\/quehacerpolitico.mx\/index.php?rest_route=%2Fwp%2Fv2%2Fcomments&post=110008"}],"version-history":[{"count":1,"href":"https:\/\/quehacerpolitico.mx\/index.php?rest_route=\/wp\/v2\/posts\/110008\/revisions"}],"predecessor-version":[{"id":110010,"href":"https:\/\/quehacerpolitico.mx\/index.php?rest_route=\/wp\/v2\/posts\/110008\/revisions\/110010"}],"wp:featuredmedia":[{"embeddable":true,"href":"https:\/\/quehacerpolitico.mx\/index.php?rest_route=\/wp\/v2\/media\/110009"}],"wp:attachment":[{"href":"https:\/\/quehacerpolitico.mx\/index.php?rest_route=%2Fwp%2Fv2%2Fmedia&parent=110008"}],"wp:term":[{"taxonomy":"category","embeddable":true,"href":"https:\/\/quehacerpolitico.mx\/index.php?rest_route=%2Fwp%2Fv2%2Fcategories&post=110008"},{"taxonomy":"post_tag","embeddable":true,"href":"https:\/\/quehacerpolitico.mx\/index.php?rest_route=%2Fwp%2Fv2%2Ftags&post=110008"}],"curies":[{"name":"wp","href":"https:\/\/api.w.org\/{rel}","templated":true}]}}