{"id":110005,"date":"2024-05-16T15:45:11","date_gmt":"2024-05-16T15:45:11","guid":{"rendered":"https:\/\/quehacerpolitico.mx\/?p=110005"},"modified":"2024-05-16T15:45:13","modified_gmt":"2024-05-16T15:45:13","slug":"fifa-abordara-en-bangkok-la-adopcion-de-sanciones-concretas-para-casos-de-racismo","status":"publish","type":"post","link":"https:\/\/quehacerpolitico.mx\/?p=110005","title":{"rendered":"FIFA\u00a0abordar\u00e1 en Bangkok la adopci\u00f3n de\u00a0sanciones concretas\u00a0para casos de\u00a0racismo"},"content":{"rendered":"\n<p>Por Redacci\u00f3n QP<\/p>\n\n\n\n<p>La FIFA quiere convertir el racismo en una infracci\u00f3n concreta e incluirla en los c\u00f3digos disciplinarios de cada una de las 211 federaciones miembros<\/p>\n\n\n\n<p>El 74 Congreso de la&nbsp;<strong>FIFA<\/strong>&nbsp;abordar\u00e1 en Bangkok la adopci\u00f3n de&nbsp;<strong>sanciones concretas<\/strong>&nbsp;para casos de&nbsp;<strong>racismo<\/strong>, diferenciado de otras vulneraciones, que incluir\u00e1n la&nbsp;<strong>derrota autom\u00e1tica<\/strong>&nbsp;en los partidos y la introducci\u00f3n de un gesto normativo universal con el que los jugadores comunicar\u00e1n incidentes racistas.<\/p>\n\n\n\n<p>La propuesta de acci\u00f3n unificada que el organismo presentar\u00e1 este viernes mantiene convertir el&nbsp;<strong>racismo<\/strong>&nbsp;en una&nbsp;<strong>infracci\u00f3n<\/strong><strong>concreta<\/strong>, que se incluir\u00e1 obligatoriamente en los&nbsp;<strong>c\u00f3digos disciplinarios<\/strong>&nbsp;de cada una de las&nbsp;<strong>211 federaciones<\/strong>&nbsp;miembros de la FIFA.<\/p>\n\n\n\n<p>Elaborada con las opiniones y las aportaciones de las mismas, prev\u00e9 la introducci\u00f3n de un\u00a0<strong>gesto universal<\/strong>\u00a0para que los\u00a0<strong>jugadores comuniquen<\/strong>\u00a0al \u00e1rbitro\u00a0<strong>incidentes<\/strong>\u00a0<strong>racistas<\/strong>, as\u00ed como la creaci\u00f3n de un panel de futbolistas retirados que aconsejar\u00e1 y supervisar\u00e1 la ejecuci\u00f3n de las medidas propuestas.<\/p>\n\n\n\n<p>La iniciativa publicada por la FIFA y remitida a las federaciones, con el \u201canhelo\u201d de unirse para \u201cplantar cara al racismo\u201d, se basa en cinco pilares que aluden a normativas y sanciones; acciones sobre el terreno de juego, causas penales, educaci\u00f3n y postura conjunta de los futbolistas.<\/p>\n\n\n\n<h3 class=\"wp-block-heading\">&nbsp;Gesto universal para comunicar actos racistas y derrota autom\u00e1tica<\/h3>\n\n\n\n<p>En el apartado de normativas y sanciones prev\u00e9 convertir \u201cel racismo en una infracci\u00f3n concreta, que se incluir\u00e1 obligatoriamente en los c\u00f3digos disciplinarios de cada una de las 211 federaciones miembro de la FIFA\u201d.<\/p>\n\n\n\n<p>\u201cLa infracci\u00f3n diferenciar\u00e1 el racismo del resto de vulneraciones e impondr\u00e1 sanciones concretas y rigurosas a todos los actos racistas, entre las que se incluir\u00e1 la derrota autom\u00e1tica en un partido\u201d, a\u00f1ade.<\/p>\n\n\n\n<p>Las acciones sobre el terreno de juego prev\u00e9n la\u00a0<strong>interrupci\u00f3n<\/strong>\u00a0y\u00a0<strong>suspensi\u00f3n de partidos<\/strong>\u00a0de forma temporal o definitiva en el momento en que surjan casos de racismo. \u201cIntroduciremos un gesto normativo universal, con el que los jugadores comunicar\u00e1n incidentes racistas y los \u00e1rbitros se\u00f1alar\u00e1n la ejecuci\u00f3n del procedimiento de tres pasos, que ser\u00e1 obligatorio en las 211 federaciones miembro de la FIFA\u201d, indica.<\/p>\n","protected":false},"excerpt":{"rendered":"<p>Por Redacci\u00f3n QP La FIFA quiere convertir el racismo en una infracci\u00f3n concreta e incluirla&#8230;<\/p>\n","protected":false},"author":2,"featured_media":110006,"comment_status":"open","ping_status":"open","sticky":false,"template":"","format":"standard","meta":{"_monsterinsights_skip_tracking":false,"_monsterinsights_sitenote_active":false,"_monsterinsights_sitenote_note":"","_monsterinsights_sitenote_category":0,"footnotes":""},"categories":[54],"tags":[],"class_list":["post-110005","post","type-post","status-publish","format-standard","has-post-thumbnail","hentry","category-deportes"],"yoast_head":"<!-- This site is optimized with the Yoast SEO plugin v27.3 - https:\/\/yoast.com\/product\/yoast-seo-wordpress\/ -->\n<title>FIFA\u00a0abordar\u00e1 en Bangkok la adopci\u00f3n de\u00a0sanciones concretas\u00a0para casos de\u00a0racismo -<\/title>\n<meta name=\"robots\" content=\"index, follow, max-snippet:-1, max-image-preview:large, max-video-preview:-1\" \/>\n<link rel=\"canonical\" href=\"https:\/\/quehacerpolitico.mx\/?p=110005\" \/>\n<meta property=\"og:locale\" content=\"es_MX\" \/>\n<meta property=\"og:type\" content=\"article\" \/>\n<meta property=\"og:title\" content=\"FIFA\u00a0abordar\u00e1 en Bangkok la adopci\u00f3n de\u00a0sanciones concretas\u00a0para casos de\u00a0racismo -\" \/>\n<meta property=\"og:description\" content=\"Por Redacci\u00f3n QP La FIFA quiere convertir el racismo en una infracci\u00f3n concreta e incluirla...\" \/>\n<meta property=\"og:url\" content=\"https:\/\/quehacerpolitico.mx\/?p=110005\" \/>\n<meta property=\"article:published_time\" content=\"2024-05-16T15:45:11+00:00\" \/>\n<meta property=\"article:modified_time\" content=\"2024-05-16T15:45:13+00:00\" \/>\n<meta property=\"og:image\" content=\"https:\/\/quehacerpolitico.mx\/wp-content\/uploads\/2024\/05\/IMG_5655.jpeg\" \/>\n\t<meta property=\"og:image:width\" content=\"739\" \/>\n\t<meta property=\"og:image:height\" content=\"415\" \/>\n\t<meta property=\"og:image:type\" content=\"image\/jpeg\" \/>\n<meta name=\"author\" content=\"Redacci\u00f3n QP\" \/>\n<meta name=\"twitter:card\" content=\"summary_large_image\" \/>\n<meta name=\"twitter:label1\" content=\"Escrito por\" \/>\n\t<meta name=\"twitter:data1\" content=\"Redacci\u00f3n QP\" \/>\n\t<meta name=\"twitter:label2\" content=\"Tiempo de lectura\" \/>\n\t<meta name=\"twitter:data2\" content=\"2 minutos\" \/>\n<script type=\"application\/ld+json\" class=\"yoast-schema-graph\">{\"@context\":\"https:\\\/\\\/schema.org\",\"@graph\":[{\"@type\":\"Article\",\"@id\":\"https:\\\/\\\/quehacerpolitico.mx\\\/?p=110005#article\",\"isPartOf\":{\"@id\":\"https:\\\/\\\/quehacerpolitico.mx\\\/?p=110005\"},\"author\":{\"name\":\"Redacci\u00f3n QP\",\"@id\":\"https:\\\/\\\/quehacerpolitico.mx\\\/#\\\/schema\\\/person\\\/496d8ad2d1d3f8036101dca7ee39e585\"},\"headline\":\"FIFA\u00a0abordar\u00e1 en Bangkok la adopci\u00f3n de\u00a0sanciones concretas\u00a0para casos de\u00a0racismo\",\"datePublished\":\"2024-05-16T15:45:11+00:00\",\"dateModified\":\"2024-05-16T15:45:13+00:00\",\"mainEntityOfPage\":{\"@id\":\"https:\\\/\\\/quehacerpolitico.mx\\\/?p=110005\"},\"wordCount\":395,\"commentCount\":0,\"image\":{\"@id\":\"https:\\\/\\\/quehacerpolitico.mx\\\/?p=110005#primaryimage\"},\"thumbnailUrl\":\"https:\\\/\\\/quehacerpolitico.mx\\\/wp-content\\\/uploads\\\/2024\\\/05\\\/IMG_5655.jpeg\",\"articleSection\":[\"Deportes\"],\"inLanguage\":\"es\",\"potentialAction\":[{\"@type\":\"CommentAction\",\"name\":\"Comment\",\"target\":[\"https:\\\/\\\/quehacerpolitico.mx\\\/?p=110005#respond\"]}]},{\"@type\":\"WebPage\",\"@id\":\"https:\\\/\\\/quehacerpolitico.mx\\\/?p=110005\",\"url\":\"https:\\\/\\\/quehacerpolitico.mx\\\/?p=110005\",\"name\":\"FIFA\u00a0abordar\u00e1 en Bangkok la adopci\u00f3n de\u00a0sanciones concretas\u00a0para casos de\u00a0racismo -\",\"isPartOf\":{\"@id\":\"https:\\\/\\\/quehacerpolitico.mx\\\/#website\"},\"primaryImageOfPage\":{\"@id\":\"https:\\\/\\\/quehacerpolitico.mx\\\/?p=110005#primaryimage\"},\"image\":{\"@id\":\"https:\\\/\\\/quehacerpolitico.mx\\\/?p=110005#primaryimage\"},\"thumbnailUrl\":\"https:\\\/\\\/quehacerpolitico.mx\\\/wp-content\\\/uploads\\\/2024\\\/05\\\/IMG_5655.jpeg\",\"datePublished\":\"2024-05-16T15:45:11+00:00\",\"dateModified\":\"2024-05-16T15:45:13+00:00\",\"author\":{\"@id\":\"https:\\\/\\\/quehacerpolitico.mx\\\/#\\\/schema\\\/person\\\/496d8ad2d1d3f8036101dca7ee39e585\"},\"breadcrumb\":{\"@id\":\"https:\\\/\\\/quehacerpolitico.mx\\\/?p=110005#breadcrumb\"},\"inLanguage\":\"es\",\"potentialAction\":[{\"@type\":\"ReadAction\",\"target\":[\"https:\\\/\\\/quehacerpolitico.mx\\\/?p=110005\"]}]},{\"@type\":\"ImageObject\",\"inLanguage\":\"es\",\"@id\":\"https:\\\/\\\/quehacerpolitico.mx\\\/?p=110005#primaryimage\",\"url\":\"https:\\\/\\\/quehacerpolitico.mx\\\/wp-content\\\/uploads\\\/2024\\\/05\\\/IMG_5655.jpeg\",\"contentUrl\":\"https:\\\/\\\/quehacerpolitico.mx\\\/wp-content\\\/uploads\\\/2024\\\/05\\\/IMG_5655.jpeg\",\"width\":739,\"height\":415},{\"@type\":\"BreadcrumbList\",\"@id\":\"https:\\\/\\\/quehacerpolitico.mx\\\/?p=110005#breadcrumb\",\"itemListElement\":[{\"@type\":\"ListItem\",\"position\":1,\"name\":\"Inicio\",\"item\":\"https:\\\/\\\/quehacerpolitico.mx\\\/\"},{\"@type\":\"ListItem\",\"position\":2,\"name\":\"FIFA\u00a0abordar\u00e1 en Bangkok la adopci\u00f3n de\u00a0sanciones concretas\u00a0para casos de\u00a0racismo\"}]},{\"@type\":\"WebSite\",\"@id\":\"https:\\\/\\\/quehacerpolitico.mx\\\/#website\",\"url\":\"https:\\\/\\\/quehacerpolitico.mx\\\/\",\"name\":\"\",\"description\":\"\",\"potentialAction\":[{\"@type\":\"SearchAction\",\"target\":{\"@type\":\"EntryPoint\",\"urlTemplate\":\"https:\\\/\\\/quehacerpolitico.mx\\\/?s={search_term_string}\"},\"query-input\":{\"@type\":\"PropertyValueSpecification\",\"valueRequired\":true,\"valueName\":\"search_term_string\"}}],\"inLanguage\":\"es\"},{\"@type\":\"Person\",\"@id\":\"https:\\\/\\\/quehacerpolitico.mx\\\/#\\\/schema\\\/person\\\/496d8ad2d1d3f8036101dca7ee39e585\",\"name\":\"Redacci\u00f3n QP\",\"image\":{\"@type\":\"ImageObject\",\"inLanguage\":\"es\",\"@id\":\"https:\\\/\\\/secure.gravatar.com\\\/avatar\\\/c7164ed6fdec453195284ad24a5ae5b6e1eed2b848477fa2a4787ba9adf39a41?s=96&d=mm&r=g\",\"url\":\"https:\\\/\\\/secure.gravatar.com\\\/avatar\\\/c7164ed6fdec453195284ad24a5ae5b6e1eed2b848477fa2a4787ba9adf39a41?s=96&d=mm&r=g\",\"contentUrl\":\"https:\\\/\\\/secure.gravatar.com\\\/avatar\\\/c7164ed6fdec453195284ad24a5ae5b6e1eed2b848477fa2a4787ba9adf39a41?s=96&d=mm&r=g\",\"caption\":\"Redacci\u00f3n QP\"},\"url\":\"https:\\\/\\\/quehacerpolitico.mx\\\/?author=2\"}]}<\/script>\n<!-- \/ Yoast SEO plugin. -->","yoast_head_json":{"title":"FIFA\u00a0abordar\u00e1 en Bangkok la adopci\u00f3n de\u00a0sanciones concretas\u00a0para casos de\u00a0racismo -","robots":{"index":"index","follow":"follow","max-snippet":"max-snippet:-1","max-image-preview":"max-image-preview:large","max-video-preview":"max-video-preview:-1"},"canonical":"https:\/\/quehacerpolitico.mx\/?p=110005","og_locale":"es_MX","og_type":"article","og_title":"FIFA\u00a0abordar\u00e1 en Bangkok la adopci\u00f3n de\u00a0sanciones concretas\u00a0para casos de\u00a0racismo -","og_description":"Por Redacci\u00f3n QP La FIFA quiere convertir el racismo en una infracci\u00f3n concreta e incluirla...","og_url":"https:\/\/quehacerpolitico.mx\/?p=110005","article_published_time":"2024-05-16T15:45:11+00:00","article_modified_time":"2024-05-16T15:45:13+00:00","og_image":[{"width":739,"height":415,"url":"https:\/\/quehacerpolitico.mx\/wp-content\/uploads\/2024\/05\/IMG_5655.jpeg","type":"image\/jpeg"}],"author":"Redacci\u00f3n QP","twitter_card":"summary_large_image","twitter_misc":{"Escrito por":"Redacci\u00f3n QP","Tiempo de lectura":"2 minutos"},"schema":{"@context":"https:\/\/schema.org","@graph":[{"@type":"Article","@id":"https:\/\/quehacerpolitico.mx\/?p=110005#article","isPartOf":{"@id":"https:\/\/quehacerpolitico.mx\/?p=110005"},"author":{"name":"Redacci\u00f3n QP","@id":"https:\/\/quehacerpolitico.mx\/#\/schema\/person\/496d8ad2d1d3f8036101dca7ee39e585"},"headline":"FIFA\u00a0abordar\u00e1 en Bangkok la adopci\u00f3n de\u00a0sanciones concretas\u00a0para casos de\u00a0racismo","datePublished":"2024-05-16T15:45:11+00:00","dateModified":"2024-05-16T15:45:13+00:00","mainEntityOfPage":{"@id":"https:\/\/quehacerpolitico.mx\/?p=110005"},"wordCount":395,"commentCount":0,"image":{"@id":"https:\/\/quehacerpolitico.mx\/?p=110005#primaryimage"},"thumbnailUrl":"https:\/\/quehacerpolitico.mx\/wp-content\/uploads\/2024\/05\/IMG_5655.jpeg","articleSection":["Deportes"],"inLanguage":"es","potentialAction":[{"@type":"CommentAction","name":"Comment","target":["https:\/\/quehacerpolitico.mx\/?p=110005#respond"]}]},{"@type":"WebPage","@id":"https:\/\/quehacerpolitico.mx\/?p=110005","url":"https:\/\/quehacerpolitico.mx\/?p=110005","name":"FIFA\u00a0abordar\u00e1 en Bangkok la adopci\u00f3n de\u00a0sanciones concretas\u00a0para casos de\u00a0racismo -","isPartOf":{"@id":"https:\/\/quehacerpolitico.mx\/#website"},"primaryImageOfPage":{"@id":"https:\/\/quehacerpolitico.mx\/?p=110005#primaryimage"},"image":{"@id":"https:\/\/quehacerpolitico.mx\/?p=110005#primaryimage"},"thumbnailUrl":"https:\/\/quehacerpolitico.mx\/wp-content\/uploads\/2024\/05\/IMG_5655.jpeg","datePublished":"2024-05-16T15:45:11+00:00","dateModified":"2024-05-16T15:45:13+00:00","author":{"@id":"https:\/\/quehacerpolitico.mx\/#\/schema\/person\/496d8ad2d1d3f8036101dca7ee39e585"},"breadcrumb":{"@id":"https:\/\/quehacerpolitico.mx\/?p=110005#breadcrumb"},"inLanguage":"es","potentialAction":[{"@type":"ReadAction","target":["https:\/\/quehacerpolitico.mx\/?p=110005"]}]},{"@type":"ImageObject","inLanguage":"es","@id":"https:\/\/quehacerpolitico.mx\/?p=110005#primaryimage","url":"https:\/\/quehacerpolitico.mx\/wp-content\/uploads\/2024\/05\/IMG_5655.jpeg","contentUrl":"https:\/\/quehacerpolitico.mx\/wp-content\/uploads\/2024\/05\/IMG_5655.jpeg","width":739,"height":415},{"@type":"BreadcrumbList","@id":"https:\/\/quehacerpolitico.mx\/?p=110005#breadcrumb","itemListElement":[{"@type":"ListItem","position":1,"name":"Inicio","item":"https:\/\/quehacerpolitico.mx\/"},{"@type":"ListItem","position":2,"name":"FIFA\u00a0abordar\u00e1 en Bangkok la adopci\u00f3n de\u00a0sanciones concretas\u00a0para casos de\u00a0racismo"}]},{"@type":"WebSite","@id":"https:\/\/quehacerpolitico.mx\/#website","url":"https:\/\/quehacerpolitico.mx\/","name":"","description":"","potentialAction":[{"@type":"SearchAction","target":{"@type":"EntryPoint","urlTemplate":"https:\/\/quehacerpolitico.mx\/?s={search_term_string}"},"query-input":{"@type":"PropertyValueSpecification","valueRequired":true,"valueName":"search_term_string"}}],"inLanguage":"es"},{"@type":"Person","@id":"https:\/\/quehacerpolitico.mx\/#\/schema\/person\/496d8ad2d1d3f8036101dca7ee39e585","name":"Redacci\u00f3n QP","image":{"@type":"ImageObject","inLanguage":"es","@id":"https:\/\/secure.gravatar.com\/avatar\/c7164ed6fdec453195284ad24a5ae5b6e1eed2b848477fa2a4787ba9adf39a41?s=96&d=mm&r=g","url":"https:\/\/secure.gravatar.com\/avatar\/c7164ed6fdec453195284ad24a5ae5b6e1eed2b848477fa2a4787ba9adf39a41?s=96&d=mm&r=g","contentUrl":"https:\/\/secure.gravatar.com\/avatar\/c7164ed6fdec453195284ad24a5ae5b6e1eed2b848477fa2a4787ba9adf39a41?s=96&d=mm&r=g","caption":"Redacci\u00f3n QP"},"url":"https:\/\/quehacerpolitico.mx\/?author=2"}]}},"featured_image_urls":{"full":["https:\/\/quehacerpolitico.mx\/wp-content\/uploads\/2024\/05\/IMG_5655.jpeg",739,415,false],"thumbnail":["https:\/\/quehacerpolitico.mx\/wp-content\/uploads\/2024\/05\/IMG_5655-150x150.jpeg",150,150,true],"medium":["https:\/\/quehacerpolitico.mx\/wp-content\/uploads\/2024\/05\/IMG_5655-300x168.jpeg",300,168,true],"medium_large":["https:\/\/quehacerpolitico.mx\/wp-content\/uploads\/2024\/05\/IMG_5655.jpeg",640,359,false],"large":["https:\/\/quehacerpolitico.mx\/wp-content\/uploads\/2024\/05\/IMG_5655.jpeg",640,359,false],"1536x1536":["https:\/\/quehacerpolitico.mx\/wp-content\/uploads\/2024\/05\/IMG_5655.jpeg",739,415,false],"2048x2048":["https:\/\/quehacerpolitico.mx\/wp-content\/uploads\/2024\/05\/IMG_5655.jpeg",739,415,false],"covernews-featured":["https:\/\/quehacerpolitico.mx\/wp-content\/uploads\/2024\/05\/IMG_5655.jpeg",739,415,false],"covernews-medium":["https:\/\/quehacerpolitico.mx\/wp-content\/uploads\/2024\/05\/IMG_5655.jpeg",540,303,false]},"author_info":{"display_name":"Redacci\u00f3n QP","author_link":"https:\/\/quehacerpolitico.mx\/?author=2"},"category_info":"<a href=\"https:\/\/quehacerpolitico.mx\/?cat=54\" rel=\"category\">Deportes<\/a>","tag_info":"Deportes","comment_count":"0","_links":{"self":[{"href":"https:\/\/quehacerpolitico.mx\/index.php?rest_route=\/wp\/v2\/posts\/110005","targetHints":{"allow":["GET"]}}],"collection":[{"href":"https:\/\/quehacerpolitico.mx\/index.php?rest_route=\/wp\/v2\/posts"}],"about":[{"href":"https:\/\/quehacerpolitico.mx\/index.php?rest_route=\/wp\/v2\/types\/post"}],"author":[{"embeddable":true,"href":"https:\/\/quehacerpolitico.mx\/index.php?rest_route=\/wp\/v2\/users\/2"}],"replies":[{"embeddable":true,"href":"https:\/\/quehacerpolitico.mx\/index.php?rest_route=%2Fwp%2Fv2%2Fcomments&post=110005"}],"version-history":[{"count":1,"href":"https:\/\/quehacerpolitico.mx\/index.php?rest_route=\/wp\/v2\/posts\/110005\/revisions"}],"predecessor-version":[{"id":110007,"href":"https:\/\/quehacerpolitico.mx\/index.php?rest_route=\/wp\/v2\/posts\/110005\/revisions\/110007"}],"wp:featuredmedia":[{"embeddable":true,"href":"https:\/\/quehacerpolitico.mx\/index.php?rest_route=\/wp\/v2\/media\/110006"}],"wp:attachment":[{"href":"https:\/\/quehacerpolitico.mx\/index.php?rest_route=%2Fwp%2Fv2%2Fmedia&parent=110005"}],"wp:term":[{"taxonomy":"category","embeddable":true,"href":"https:\/\/quehacerpolitico.mx\/index.php?rest_route=%2Fwp%2Fv2%2Fcategories&post=110005"},{"taxonomy":"post_tag","embeddable":true,"href":"https:\/\/quehacerpolitico.mx\/index.php?rest_route=%2Fwp%2Fv2%2Ftags&post=110005"}],"curies":[{"name":"wp","href":"https:\/\/api.w.org\/{rel}","templated":true}]}}