{"id":110002,"date":"2024-05-16T15:23:53","date_gmt":"2024-05-16T15:23:53","guid":{"rendered":"https:\/\/quehacerpolitico.mx\/?p=110002"},"modified":"2024-05-16T15:23:55","modified_gmt":"2024-05-16T15:23:55","slug":"juan-rulfo-escritor-y-fotografo-en-su-cumpleanos-107","status":"publish","type":"post","link":"https:\/\/quehacerpolitico.mx\/?p=110002","title":{"rendered":"Juan Rulfo escritor y fot\u00f3grafo en su cumplea\u00f1os 107"},"content":{"rendered":"\n<p>Por Redacci\u00f3n QP<\/p>\n\n\n\n<p>El escritor mexicano es considerado una de las figuras m\u00e1s importantes del realismo m\u00e1gico<\/p>\n\n\n\n<p>Este 16 de mayo el escritor y fot\u00f3grafo jalisciense Juan Rulfo estar\u00eda cumpliendo 107 a\u00f1os el d\u00eda de hoy, por lo que hoy&nbsp;<mark><strong><u>recordamos su natalicio y lo mejor de su obra.<\/u><\/strong><\/mark><\/p>\n\n\n\n<p>El autor de Pedro P\u00e1ramo naci\u00f3 en la localidad<\/p>\n\n\n\n<p> de Sayula-a penas a unos kil\u00f3metros de Ciudad Guzm\u00e1n- en 1917, en donde vivi\u00f3 hasta 1934, es decir, hasta sus 17 a\u00f1os. Cabe se\u00f1alar que<mark><strong><u>\u00a0su infancia y su adolescencia estuvo fuertemente marcada por la Guerra Cristera,\u00a0<\/u><\/strong><\/mark>la cual le arrebat\u00f3 a su padre en 1923.<\/p>\n\n\n\n<p>Luego de intentar ingresar a la Universidad de Guadalajara en 1933 -lo cual no pudo concretar porque la universidad se encontraba en huelga- se mud\u00f3 a la Ciudad de M\u00e9xico para trabajar en la Secretar\u00eda de Gobernaci\u00f3n; para 1936 comenz\u00f3 a viajar por algunas regiones del M\u00e9xico como parte de comisiones de servicio y<mark><strong><u>\u00a0public\u00f3 sus cuentos m\u00e1s trascendentales en revistas literarias.<\/u><\/strong><\/mark><\/p>\n\n\n\n<h3 class=\"wp-block-heading\">\u00cdcono del realismo m\u00e1gico<\/h3>\n\n\n\n<p>Juan Rulfo es considerado parte del movimiento literario denominado \u201crealismo m\u00e1gico\u201d, esto debido a que en sus obras se presenta una&nbsp;<mark><strong><u>combinaci\u00f3n de realidad y fantas\u00eda<\/u><\/strong><\/mark>, cuya acci\u00f3n se desarrolla en escenarios americanos, y sus personajes representan y reflejan el tipismo del lugar, con sus grandes<mark><strong><u>&nbsp;problem\u00e1ticas socio-culturales entretejidas con el mundo fant\u00e1stico.<\/u><\/strong><\/mark><\/p>\n\n\n\n<p>M\u00e1s tarde, en 1946, tambi\u00e9n se dedic\u00f3 a la\u00a0<mark><strong><u>labor fotogr\u00e1fica, en la cual realiz\u00f3 notables composiciones. Trabaj\u00f3 para la compa\u00f1\u00eda Goodrich-Euzkadi de 1946 a 1952 como agente viajero<\/u><\/strong><\/mark>, y entre 1954 a 1957 fue colaborador de la Comisi\u00f3n del Papaloapan y editor en el Instituto Nacional Indigenista en la Ciudad de M\u00e9xico.<\/p>\n\n\n\n<figure class=\"wp-block-embed is-type-video is-provider-youtube wp-block-embed-youtube wp-embed-aspect-16-9 wp-has-aspect-ratio\"><div class=\"wp-block-embed__wrapper\">\n<iframe loading=\"lazy\" title=\"Biograf\u00eda de Juan Rulfo.\" width=\"640\" height=\"360\" src=\"https:\/\/www.youtube.com\/embed\/2MLocaWR9SU?feature=oembed\" frameborder=\"0\" allow=\"accelerometer; autoplay; clipboard-write; encrypted-media; gyroscope; picture-in-picture; web-share\" referrerpolicy=\"strict-origin-when-cross-origin\" allowfullscreen><\/iframe>\n<\/div><\/figure>\n\n\n\n<p>Cabe se\u00f1alar que en 1945 public\u00f3 en la revista&nbsp;<em>Pan en Guadalajara<\/em>&nbsp;dos de sus cuentos m\u00e1s importantes:<mark><strong><u>&nbsp;\u201cNos han dado la tierra\u201d y \u201cMacario\u201d,&nbsp;<\/u><\/strong><\/mark>lo cual marc\u00f3 su trayectoria literaria.<\/p>\n\n\n\n<h4 class=\"wp-block-heading\">Entre otras de sus obras m\u00e1s notables enlistamos:<\/h4>\n\n\n\n<p><strong><u>&#8220;La cuesta de las comadres&#8221;<\/u><\/strong>&nbsp;(cuento, 1948)<\/p>\n\n\n\n<p><strong><u>\u201cTalpa\u201d<\/u><\/strong>&nbsp;(cuento, 1950)<\/p>\n\n\n\n<p><strong>\u201cEl llano en llamas\u201d&nbsp;<\/strong>(cuento, 1950).&nbsp;<\/p>\n\n\n\n<p>Ya en 1951 la revista&nbsp;<em>Am\u00e9rica&nbsp;<\/em>tambi\u00e9n public\u00f3 el cuento<mark><strong><u>&nbsp;\u201c\u00a1Diles que no me maten!\u201d<\/u><\/strong><\/mark>&nbsp;y en 1953 el Fondo de Cultura Econ\u00f3mica integr\u00f3&nbsp;<mark><strong><u>\u201cEl llano en llamas\u201d&nbsp;<\/u><\/strong><\/mark>-al que pertenece el cuento \u201cNos han dado la tierra\u201d- en la colecci\u00f3n<em>&nbsp;Letras Mexicanas.&nbsp;<\/em>Esto s\u00f3lo fue el pre\u00e1mbulo de su \u00e9xito literario.<\/p>\n\n\n\n<p>M\u00e1s tarde, en 1955 se public\u00f3&nbsp;<em><mark><strong><u>Pedro P\u00e1ramo<\/u><\/strong><\/mark><\/em><mark><strong><u>, la cual es considerada como una de las mejores novelas de la literatura hispana,<\/u><\/strong><\/mark>&nbsp;y aun de toda la literatura. Incluso, fue traducida a varios idiomas, y le vali\u00f3 para ser galardonado con el Premio \u201cXavier Villaurrutia\u201d en 1956.<\/p>\n\n\n\n<p>En 1983 Juan Rulfo tambi\u00e9n fue galardonado con el<mark><strong><u>Premio \u201cPr\u00edncipe de Asturias\u201d de Espa\u00f1a, con lo cual se reconoci\u00f3 su gran influencia<\/u><\/strong><\/mark>\u00a0en la posterior narrativa de su pa\u00eds y el lugar destacado que hasta hoy ocupa en las letras hispanas.<\/p>\n\n\n\n<p><strong>Vigencia\u00a0del\u00a015\u00a0de\u00a0abril\u00a0al\u00a031\u00a0de\u00a0mayo\u00a0del2024<\/strong><\/p>\n\n\n\n<figure class=\"wp-block-image\" id=\"cnt_img_2532\"><img decoding=\"async\" src=\"https:\/\/www.informador.mx\/export\/sites\/elinformador\/img\/2024\/05\/15\/juan_rulfo_premio.jpg_1797139132.jpg\" alt=\"Juan Rulfo recibe el el Premio \u201cPr\u00edncipe de Asturias\u201d de Espa\u00f1a.\u00a0Fundaci\u00f3n Princesa de Asturias\/ https:\/\/www.fpa.es\/es\" title=\"Juan Rulfo recibe el el Premio \u201cPr\u00edncipe de Asturias\u201d de Espa\u00f1a.\u00a0Fundaci\u00f3n Princesa de Asturias\/ https:\/\/www.fpa.es\/es\"\/><figcaption class=\"wp-element-caption\">Juan Rulfo recibe el el Premio \u201cPr\u00edncipe de Asturias\u201d de Espa\u00f1a.&nbsp;Fundaci\u00f3n Princesa de Asturias\/ https:\/\/www.fpa.es\/es&nbsp;<\/figcaption><\/figure>\n\n\n\n<p><mark><strong><u>Juan Rulfo fue diagnosticado con c\u00e1ncer de pulm\u00f3n, y finalmente falleci\u00f3 la tarde del 7 de enero de 1986,<\/u><\/strong><\/mark>&nbsp;lo cual conmocion\u00f3 a la comunidad cultural de M\u00e9xico.<\/p>\n","protected":false},"excerpt":{"rendered":"<p>Por Redacci\u00f3n QP El escritor mexicano es considerado una de las figuras m\u00e1s importantes del&#8230;<\/p>\n","protected":false},"author":2,"featured_media":110003,"comment_status":"open","ping_status":"open","sticky":false,"template":"","format":"standard","meta":{"_monsterinsights_skip_tracking":false,"_monsterinsights_sitenote_active":false,"_monsterinsights_sitenote_note":"","_monsterinsights_sitenote_category":0,"footnotes":""},"categories":[58],"tags":[],"class_list":["post-110002","post","type-post","status-publish","format-standard","has-post-thumbnail","hentry","category-cultura"],"yoast_head":"<!-- This site is optimized with the Yoast SEO plugin v27.3 - https:\/\/yoast.com\/product\/yoast-seo-wordpress\/ -->\n<title>Juan Rulfo escritor y fot\u00f3grafo en su cumplea\u00f1os 107 -<\/title>\n<meta name=\"robots\" content=\"index, follow, max-snippet:-1, max-image-preview:large, max-video-preview:-1\" \/>\n<link rel=\"canonical\" href=\"https:\/\/quehacerpolitico.mx\/?p=110002\" \/>\n<meta property=\"og:locale\" content=\"es_MX\" \/>\n<meta property=\"og:type\" content=\"article\" \/>\n<meta property=\"og:title\" content=\"Juan Rulfo escritor y fot\u00f3grafo en su cumplea\u00f1os 107 -\" \/>\n<meta property=\"og:description\" content=\"Por Redacci\u00f3n QP El escritor mexicano es considerado una de las figuras m\u00e1s importantes del...\" \/>\n<meta property=\"og:url\" content=\"https:\/\/quehacerpolitico.mx\/?p=110002\" \/>\n<meta property=\"article:published_time\" content=\"2024-05-16T15:23:53+00:00\" \/>\n<meta property=\"article:modified_time\" content=\"2024-05-16T15:23:55+00:00\" \/>\n<meta property=\"og:image\" content=\"https:\/\/quehacerpolitico.mx\/wp-content\/uploads\/2024\/05\/IMG_5654.jpeg\" \/>\n\t<meta property=\"og:image:width\" content=\"740\" \/>\n\t<meta property=\"og:image:height\" content=\"415\" \/>\n\t<meta property=\"og:image:type\" content=\"image\/jpeg\" \/>\n<meta name=\"author\" content=\"Redacci\u00f3n QP\" \/>\n<meta name=\"twitter:card\" content=\"summary_large_image\" \/>\n<meta name=\"twitter:label1\" content=\"Escrito por\" \/>\n\t<meta name=\"twitter:data1\" content=\"Redacci\u00f3n QP\" \/>\n\t<meta name=\"twitter:label2\" content=\"Tiempo de lectura\" \/>\n\t<meta name=\"twitter:data2\" content=\"3 minutos\" \/>\n<script type=\"application\/ld+json\" class=\"yoast-schema-graph\">{\"@context\":\"https:\\\/\\\/schema.org\",\"@graph\":[{\"@type\":\"Article\",\"@id\":\"https:\\\/\\\/quehacerpolitico.mx\\\/?p=110002#article\",\"isPartOf\":{\"@id\":\"https:\\\/\\\/quehacerpolitico.mx\\\/?p=110002\"},\"author\":{\"name\":\"Redacci\u00f3n QP\",\"@id\":\"https:\\\/\\\/quehacerpolitico.mx\\\/#\\\/schema\\\/person\\\/496d8ad2d1d3f8036101dca7ee39e585\"},\"headline\":\"Juan Rulfo escritor y fot\u00f3grafo en su cumplea\u00f1os 107\",\"datePublished\":\"2024-05-16T15:23:53+00:00\",\"dateModified\":\"2024-05-16T15:23:55+00:00\",\"mainEntityOfPage\":{\"@id\":\"https:\\\/\\\/quehacerpolitico.mx\\\/?p=110002\"},\"wordCount\":598,\"commentCount\":0,\"image\":{\"@id\":\"https:\\\/\\\/quehacerpolitico.mx\\\/?p=110002#primaryimage\"},\"thumbnailUrl\":\"https:\\\/\\\/quehacerpolitico.mx\\\/wp-content\\\/uploads\\\/2024\\\/05\\\/IMG_5654.jpeg\",\"articleSection\":[\"Cultura y Entretenimiento\"],\"inLanguage\":\"es\",\"potentialAction\":[{\"@type\":\"CommentAction\",\"name\":\"Comment\",\"target\":[\"https:\\\/\\\/quehacerpolitico.mx\\\/?p=110002#respond\"]}]},{\"@type\":\"WebPage\",\"@id\":\"https:\\\/\\\/quehacerpolitico.mx\\\/?p=110002\",\"url\":\"https:\\\/\\\/quehacerpolitico.mx\\\/?p=110002\",\"name\":\"Juan Rulfo escritor y fot\u00f3grafo en su cumplea\u00f1os 107 -\",\"isPartOf\":{\"@id\":\"https:\\\/\\\/quehacerpolitico.mx\\\/#website\"},\"primaryImageOfPage\":{\"@id\":\"https:\\\/\\\/quehacerpolitico.mx\\\/?p=110002#primaryimage\"},\"image\":{\"@id\":\"https:\\\/\\\/quehacerpolitico.mx\\\/?p=110002#primaryimage\"},\"thumbnailUrl\":\"https:\\\/\\\/quehacerpolitico.mx\\\/wp-content\\\/uploads\\\/2024\\\/05\\\/IMG_5654.jpeg\",\"datePublished\":\"2024-05-16T15:23:53+00:00\",\"dateModified\":\"2024-05-16T15:23:55+00:00\",\"author\":{\"@id\":\"https:\\\/\\\/quehacerpolitico.mx\\\/#\\\/schema\\\/person\\\/496d8ad2d1d3f8036101dca7ee39e585\"},\"breadcrumb\":{\"@id\":\"https:\\\/\\\/quehacerpolitico.mx\\\/?p=110002#breadcrumb\"},\"inLanguage\":\"es\",\"potentialAction\":[{\"@type\":\"ReadAction\",\"target\":[\"https:\\\/\\\/quehacerpolitico.mx\\\/?p=110002\"]}]},{\"@type\":\"ImageObject\",\"inLanguage\":\"es\",\"@id\":\"https:\\\/\\\/quehacerpolitico.mx\\\/?p=110002#primaryimage\",\"url\":\"https:\\\/\\\/quehacerpolitico.mx\\\/wp-content\\\/uploads\\\/2024\\\/05\\\/IMG_5654.jpeg\",\"contentUrl\":\"https:\\\/\\\/quehacerpolitico.mx\\\/wp-content\\\/uploads\\\/2024\\\/05\\\/IMG_5654.jpeg\",\"width\":740,\"height\":415},{\"@type\":\"BreadcrumbList\",\"@id\":\"https:\\\/\\\/quehacerpolitico.mx\\\/?p=110002#breadcrumb\",\"itemListElement\":[{\"@type\":\"ListItem\",\"position\":1,\"name\":\"Inicio\",\"item\":\"https:\\\/\\\/quehacerpolitico.mx\\\/\"},{\"@type\":\"ListItem\",\"position\":2,\"name\":\"Juan Rulfo escritor y fot\u00f3grafo en su cumplea\u00f1os 107\"}]},{\"@type\":\"WebSite\",\"@id\":\"https:\\\/\\\/quehacerpolitico.mx\\\/#website\",\"url\":\"https:\\\/\\\/quehacerpolitico.mx\\\/\",\"name\":\"\",\"description\":\"\",\"potentialAction\":[{\"@type\":\"SearchAction\",\"target\":{\"@type\":\"EntryPoint\",\"urlTemplate\":\"https:\\\/\\\/quehacerpolitico.mx\\\/?s={search_term_string}\"},\"query-input\":{\"@type\":\"PropertyValueSpecification\",\"valueRequired\":true,\"valueName\":\"search_term_string\"}}],\"inLanguage\":\"es\"},{\"@type\":\"Person\",\"@id\":\"https:\\\/\\\/quehacerpolitico.mx\\\/#\\\/schema\\\/person\\\/496d8ad2d1d3f8036101dca7ee39e585\",\"name\":\"Redacci\u00f3n QP\",\"image\":{\"@type\":\"ImageObject\",\"inLanguage\":\"es\",\"@id\":\"https:\\\/\\\/secure.gravatar.com\\\/avatar\\\/c7164ed6fdec453195284ad24a5ae5b6e1eed2b848477fa2a4787ba9adf39a41?s=96&d=mm&r=g\",\"url\":\"https:\\\/\\\/secure.gravatar.com\\\/avatar\\\/c7164ed6fdec453195284ad24a5ae5b6e1eed2b848477fa2a4787ba9adf39a41?s=96&d=mm&r=g\",\"contentUrl\":\"https:\\\/\\\/secure.gravatar.com\\\/avatar\\\/c7164ed6fdec453195284ad24a5ae5b6e1eed2b848477fa2a4787ba9adf39a41?s=96&d=mm&r=g\",\"caption\":\"Redacci\u00f3n QP\"},\"url\":\"https:\\\/\\\/quehacerpolitico.mx\\\/?author=2\"}]}<\/script>\n<!-- \/ Yoast SEO plugin. -->","yoast_head_json":{"title":"Juan Rulfo escritor y fot\u00f3grafo en su cumplea\u00f1os 107 -","robots":{"index":"index","follow":"follow","max-snippet":"max-snippet:-1","max-image-preview":"max-image-preview:large","max-video-preview":"max-video-preview:-1"},"canonical":"https:\/\/quehacerpolitico.mx\/?p=110002","og_locale":"es_MX","og_type":"article","og_title":"Juan Rulfo escritor y fot\u00f3grafo en su cumplea\u00f1os 107 -","og_description":"Por Redacci\u00f3n QP El escritor mexicano es considerado una de las figuras m\u00e1s importantes del...","og_url":"https:\/\/quehacerpolitico.mx\/?p=110002","article_published_time":"2024-05-16T15:23:53+00:00","article_modified_time":"2024-05-16T15:23:55+00:00","og_image":[{"width":740,"height":415,"url":"https:\/\/quehacerpolitico.mx\/wp-content\/uploads\/2024\/05\/IMG_5654.jpeg","type":"image\/jpeg"}],"author":"Redacci\u00f3n QP","twitter_card":"summary_large_image","twitter_misc":{"Escrito por":"Redacci\u00f3n QP","Tiempo de lectura":"3 minutos"},"schema":{"@context":"https:\/\/schema.org","@graph":[{"@type":"Article","@id":"https:\/\/quehacerpolitico.mx\/?p=110002#article","isPartOf":{"@id":"https:\/\/quehacerpolitico.mx\/?p=110002"},"author":{"name":"Redacci\u00f3n QP","@id":"https:\/\/quehacerpolitico.mx\/#\/schema\/person\/496d8ad2d1d3f8036101dca7ee39e585"},"headline":"Juan Rulfo escritor y fot\u00f3grafo en su cumplea\u00f1os 107","datePublished":"2024-05-16T15:23:53+00:00","dateModified":"2024-05-16T15:23:55+00:00","mainEntityOfPage":{"@id":"https:\/\/quehacerpolitico.mx\/?p=110002"},"wordCount":598,"commentCount":0,"image":{"@id":"https:\/\/quehacerpolitico.mx\/?p=110002#primaryimage"},"thumbnailUrl":"https:\/\/quehacerpolitico.mx\/wp-content\/uploads\/2024\/05\/IMG_5654.jpeg","articleSection":["Cultura y Entretenimiento"],"inLanguage":"es","potentialAction":[{"@type":"CommentAction","name":"Comment","target":["https:\/\/quehacerpolitico.mx\/?p=110002#respond"]}]},{"@type":"WebPage","@id":"https:\/\/quehacerpolitico.mx\/?p=110002","url":"https:\/\/quehacerpolitico.mx\/?p=110002","name":"Juan Rulfo escritor y fot\u00f3grafo en su cumplea\u00f1os 107 -","isPartOf":{"@id":"https:\/\/quehacerpolitico.mx\/#website"},"primaryImageOfPage":{"@id":"https:\/\/quehacerpolitico.mx\/?p=110002#primaryimage"},"image":{"@id":"https:\/\/quehacerpolitico.mx\/?p=110002#primaryimage"},"thumbnailUrl":"https:\/\/quehacerpolitico.mx\/wp-content\/uploads\/2024\/05\/IMG_5654.jpeg","datePublished":"2024-05-16T15:23:53+00:00","dateModified":"2024-05-16T15:23:55+00:00","author":{"@id":"https:\/\/quehacerpolitico.mx\/#\/schema\/person\/496d8ad2d1d3f8036101dca7ee39e585"},"breadcrumb":{"@id":"https:\/\/quehacerpolitico.mx\/?p=110002#breadcrumb"},"inLanguage":"es","potentialAction":[{"@type":"ReadAction","target":["https:\/\/quehacerpolitico.mx\/?p=110002"]}]},{"@type":"ImageObject","inLanguage":"es","@id":"https:\/\/quehacerpolitico.mx\/?p=110002#primaryimage","url":"https:\/\/quehacerpolitico.mx\/wp-content\/uploads\/2024\/05\/IMG_5654.jpeg","contentUrl":"https:\/\/quehacerpolitico.mx\/wp-content\/uploads\/2024\/05\/IMG_5654.jpeg","width":740,"height":415},{"@type":"BreadcrumbList","@id":"https:\/\/quehacerpolitico.mx\/?p=110002#breadcrumb","itemListElement":[{"@type":"ListItem","position":1,"name":"Inicio","item":"https:\/\/quehacerpolitico.mx\/"},{"@type":"ListItem","position":2,"name":"Juan Rulfo escritor y fot\u00f3grafo en su cumplea\u00f1os 107"}]},{"@type":"WebSite","@id":"https:\/\/quehacerpolitico.mx\/#website","url":"https:\/\/quehacerpolitico.mx\/","name":"","description":"","potentialAction":[{"@type":"SearchAction","target":{"@type":"EntryPoint","urlTemplate":"https:\/\/quehacerpolitico.mx\/?s={search_term_string}"},"query-input":{"@type":"PropertyValueSpecification","valueRequired":true,"valueName":"search_term_string"}}],"inLanguage":"es"},{"@type":"Person","@id":"https:\/\/quehacerpolitico.mx\/#\/schema\/person\/496d8ad2d1d3f8036101dca7ee39e585","name":"Redacci\u00f3n QP","image":{"@type":"ImageObject","inLanguage":"es","@id":"https:\/\/secure.gravatar.com\/avatar\/c7164ed6fdec453195284ad24a5ae5b6e1eed2b848477fa2a4787ba9adf39a41?s=96&d=mm&r=g","url":"https:\/\/secure.gravatar.com\/avatar\/c7164ed6fdec453195284ad24a5ae5b6e1eed2b848477fa2a4787ba9adf39a41?s=96&d=mm&r=g","contentUrl":"https:\/\/secure.gravatar.com\/avatar\/c7164ed6fdec453195284ad24a5ae5b6e1eed2b848477fa2a4787ba9adf39a41?s=96&d=mm&r=g","caption":"Redacci\u00f3n QP"},"url":"https:\/\/quehacerpolitico.mx\/?author=2"}]}},"featured_image_urls":{"full":["https:\/\/quehacerpolitico.mx\/wp-content\/uploads\/2024\/05\/IMG_5654.jpeg",740,415,false],"thumbnail":["https:\/\/quehacerpolitico.mx\/wp-content\/uploads\/2024\/05\/IMG_5654-150x150.jpeg",150,150,true],"medium":["https:\/\/quehacerpolitico.mx\/wp-content\/uploads\/2024\/05\/IMG_5654-300x168.jpeg",300,168,true],"medium_large":["https:\/\/quehacerpolitico.mx\/wp-content\/uploads\/2024\/05\/IMG_5654.jpeg",640,359,false],"large":["https:\/\/quehacerpolitico.mx\/wp-content\/uploads\/2024\/05\/IMG_5654.jpeg",640,359,false],"1536x1536":["https:\/\/quehacerpolitico.mx\/wp-content\/uploads\/2024\/05\/IMG_5654.jpeg",740,415,false],"2048x2048":["https:\/\/quehacerpolitico.mx\/wp-content\/uploads\/2024\/05\/IMG_5654.jpeg",740,415,false],"covernews-featured":["https:\/\/quehacerpolitico.mx\/wp-content\/uploads\/2024\/05\/IMG_5654.jpeg",740,415,false],"covernews-medium":["https:\/\/quehacerpolitico.mx\/wp-content\/uploads\/2024\/05\/IMG_5654.jpeg",540,303,false]},"author_info":{"display_name":"Redacci\u00f3n QP","author_link":"https:\/\/quehacerpolitico.mx\/?author=2"},"category_info":"<a href=\"https:\/\/quehacerpolitico.mx\/?cat=58\" rel=\"category\">Cultura y Entretenimiento<\/a>","tag_info":"Cultura y Entretenimiento","comment_count":"0","_links":{"self":[{"href":"https:\/\/quehacerpolitico.mx\/index.php?rest_route=\/wp\/v2\/posts\/110002","targetHints":{"allow":["GET"]}}],"collection":[{"href":"https:\/\/quehacerpolitico.mx\/index.php?rest_route=\/wp\/v2\/posts"}],"about":[{"href":"https:\/\/quehacerpolitico.mx\/index.php?rest_route=\/wp\/v2\/types\/post"}],"author":[{"embeddable":true,"href":"https:\/\/quehacerpolitico.mx\/index.php?rest_route=\/wp\/v2\/users\/2"}],"replies":[{"embeddable":true,"href":"https:\/\/quehacerpolitico.mx\/index.php?rest_route=%2Fwp%2Fv2%2Fcomments&post=110002"}],"version-history":[{"count":1,"href":"https:\/\/quehacerpolitico.mx\/index.php?rest_route=\/wp\/v2\/posts\/110002\/revisions"}],"predecessor-version":[{"id":110004,"href":"https:\/\/quehacerpolitico.mx\/index.php?rest_route=\/wp\/v2\/posts\/110002\/revisions\/110004"}],"wp:featuredmedia":[{"embeddable":true,"href":"https:\/\/quehacerpolitico.mx\/index.php?rest_route=\/wp\/v2\/media\/110003"}],"wp:attachment":[{"href":"https:\/\/quehacerpolitico.mx\/index.php?rest_route=%2Fwp%2Fv2%2Fmedia&parent=110002"}],"wp:term":[{"taxonomy":"category","embeddable":true,"href":"https:\/\/quehacerpolitico.mx\/index.php?rest_route=%2Fwp%2Fv2%2Fcategories&post=110002"},{"taxonomy":"post_tag","embeddable":true,"href":"https:\/\/quehacerpolitico.mx\/index.php?rest_route=%2Fwp%2Fv2%2Ftags&post=110002"}],"curies":[{"name":"wp","href":"https:\/\/api.w.org\/{rel}","templated":true}]}}