{"id":109991,"date":"2024-05-15T19:11:15","date_gmt":"2024-05-15T19:11:15","guid":{"rendered":"https:\/\/quehacerpolitico.mx\/?p=109991"},"modified":"2024-05-15T19:11:18","modified_gmt":"2024-05-15T19:11:18","slug":"julio-cesar-chavez-jr-vuelve-al-boxeo-enfrentara-a-exestrella-de-ufc-en-cartelera-de-paul-contra-tyson","status":"publish","type":"post","link":"https:\/\/quehacerpolitico.mx\/?p=109991","title":{"rendered":"Julio C\u00e9sar Ch\u00e1vez Jr vuelve al boxeo: enfrentar\u00e1 a exestrella de UFC en cartelera de Paul contra Tyson"},"content":{"rendered":"\n<p>Por Redacci\u00f3n QP<\/p>\n\n\n\n<p>Tras salir de prisi\u00f3n e ir a rehabilitaci\u00f3n, Ch\u00e1vez Jr volver\u00e1 al boxeo, en la funci\u00f3n Paul-Tyson, donde enfrentar\u00e1 a Darren Till, ex UFC.<\/p>\n\n\n\n<p><strong>Julio C\u00e9sar Ch\u00e1vez Jr,<\/strong>\u00a0quien recientemente\u00a0<strong>sali\u00f3 de prisi\u00f3n por posesi\u00f3n de armas en Estados Unidos<\/strong>,\u00a0<strong>reaparecer\u00e1 en el boxeo<\/strong>tras varios a\u00f1os de ausencia, al enfrentar a una exestrella de UFC en la\u00a0<strong>cartelera que protagonizan Jake Paul y Mike Tyson<\/strong>, funci\u00f3n que ser\u00e1 transmitida por\u00a0<strong>Netflix el 20 de julio<\/strong>.<\/p>\n\n\n\n<p>El&nbsp;<strong>expeleador brit\u00e1nico de UFC Darren Till<\/strong>, quien har\u00e1 su<strong>&nbsp;debut en el boxeo profesional<\/strong>, ser\u00e1 el&nbsp;<strong>rival de Ch\u00e1vez Jr&nbsp;<\/strong>en una pelea pactada en el&nbsp;<strong>peso crucero (190 libras<\/strong>) a seis rounds, en una&nbsp;<strong>cartelera espectacular<\/strong>&nbsp;en el AT&amp;T Stadium de Arlington, Texas.<\/p>\n\n\n\n<p>Ch\u00e1vez Jr lleg\u00f3 a tener racha de\u00a0<strong>47 peleas invicto,<\/strong>\u00a0pero problemas en su\u00a0<strong>vida personal<\/strong>llevaron su carrera a un limbo del que le ha costado salir para recuperar el prestigio que alguna vez tuvo.<\/p>\n\n\n\n<figure class=\"wp-block-embed is-type-video is-provider-youtube wp-block-embed-youtube wp-embed-aspect-16-9 wp-has-aspect-ratio\"><div class=\"wp-block-embed__wrapper\">\nhttps:\/\/youtu.be\/FBe0uzNzR1s?si=GQ5vX8CGBOIwFAfj\n<\/div><\/figure>\n\n\n\n<h2 class=\"wp-block-heading\" id=\"h-problemas\">PROBLEMAS<\/h2>\n\n\n\n<p><strong>Julio C\u00e9sar Ch\u00e1vez Jr sali\u00f3 de prisi\u00f3n<\/strong>&nbsp;en Los \u00c1ngeles, California, el&nbsp;<strong>jueves 11 de enero<\/strong>&nbsp;de este a\u00f1o tras pagar una&nbsp;<strong>fianza de 50 mil d\u00f3lares<\/strong>, luego de ser&nbsp;<strong>detenido por portaci\u00f3n ilegal de un arma<\/strong>.<\/p>\n\n\n\n<p>El hijo del legendario Julio C\u00e9sar Ch\u00e1vez fue\u00a0<strong>detenido el primer fin de semana del 2024<\/strong>cuando autoridades ingresaron a su domicilio tras una denuncia an\u00f3nima y encontraron un\u00a0<strong>rifle de asalto catalogado como \u201cfantasma\u201c<\/strong>.<\/p>\n\n\n\n<figure class=\"wp-block-image size-large\"><img loading=\"lazy\" decoding=\"async\" width=\"819\" height=\"1024\" src=\"https:\/\/quehacerpolitico.mx\/wp-content\/uploads\/2024\/05\/image-20-819x1024.jpeg\" alt=\"\" class=\"wp-image-109992\" srcset=\"https:\/\/quehacerpolitico.mx\/wp-content\/uploads\/2024\/05\/image-20-819x1024.jpeg 819w, https:\/\/quehacerpolitico.mx\/wp-content\/uploads\/2024\/05\/image-20-240x300.jpeg 240w, https:\/\/quehacerpolitico.mx\/wp-content\/uploads\/2024\/05\/image-20-768x960.jpeg 768w, https:\/\/quehacerpolitico.mx\/wp-content\/uploads\/2024\/05\/image-20-1229x1536.jpeg 1229w, https:\/\/quehacerpolitico.mx\/wp-content\/uploads\/2024\/05\/image-20-117x146.jpeg 117w, https:\/\/quehacerpolitico.mx\/wp-content\/uploads\/2024\/05\/image-20-40x50.jpeg 40w, https:\/\/quehacerpolitico.mx\/wp-content\/uploads\/2024\/05\/image-20-60x75.jpeg 60w, https:\/\/quehacerpolitico.mx\/wp-content\/uploads\/2024\/05\/image-20.jpeg 1638w\" sizes=\"auto, (max-width: 819px) 100vw, 819px\" \/><\/figure>\n\n\n\n<p>Tras salir de la c\u00e1rcel, el&nbsp;<strong>\u2018J\u00fanior\u2019 entr\u00f3<\/strong>&nbsp;desde entonces a un<strong>&nbsp;programa de rehabilitaci\u00f3n<\/strong>&nbsp;por adicciones.<\/p>\n\n\n\n<h2 class=\"wp-block-heading\">REGRESO<\/h2>\n\n\n\n<p>\u201cEstoy\u00a0<strong>emocionado de regresar<\/strong>\u00a0despu\u00e9s de un tiempo de descanso, estoy\u00a0<strong>motivado y ansioso<\/strong>por restablecerme como uno de los m\u00e1s grandes. Mi regreso al ring este en este\u00a0<strong>evento hist\u00f3rico<\/strong>es un honor. El s\u00e1bado 20 de julio voy a ganar por nocaut y continuar mi camino\u201d, asegur\u00f3 Ch\u00e1vez Jr.<\/p>\n\n\n\n<figure class=\"wp-block-embed is-type-rich is-provider-twitter wp-block-embed-twitter\"><div class=\"wp-block-embed__wrapper\">\n<blockquote class=\"twitter-tweet\" data-width=\"550\" data-dnt=\"true\"><p lang=\"en\" dir=\"ltr\">Paul vs. Tyson &amp; Taylor vs. Serrano undercard announcement \ud83e\udd4a<br><br>Two of the hottest, undefeated prospects in the game: \ud83c\uddfa\ud83c\uddf8 H2O Sylve vs. \ud83c\uddfa\ud83c\uddf8 \u2018Kid Austin\u2019 Floyd Schofield<br><br>A battle for redemption: World Champion Boxer vs. UFC Star \ud83c\uddf2\ud83c\uddfd Julio Cesar Chavez Jr. vs. \ud83c\uddec\ud83c\udde7 Darren Till<br><br>More\u2026 <a href=\"https:\/\/t.co\/wVzc8Jo3X2\">pic.twitter.com\/wVzc8Jo3X2<\/a><\/p>&mdash; Netflix (@netflix) <a href=\"https:\/\/twitter.com\/netflix\/status\/1790728986240102650?ref_src=twsrc%5Etfw\">May 15, 2024<\/a><\/blockquote><script async src=\"https:\/\/platform.twitter.com\/widgets.js\" charset=\"utf-8\"><\/script>\n<\/div><\/figure>\n\n\n\n<p>Por su parte, su pap\u00e1, la leyenda del boxeo\u00a0<strong>Julio C\u00e9sar Ch\u00e1vez<\/strong>, se mostr\u00f3\u00a0<strong>orgulloso<\/strong>\u00a0por el regreso de su hijo, quien busca dejar atr\u00e1s los problemas personales.<\/p>\n\n\n\n<p>\u201cEstoy seguro de que mi hijo Julio est\u00e1\u00a0<strong>enfocado<\/strong>y eso me emociona. Este es su momento de hacer una declaraci\u00f3n, en la misma cartelera con mi amigo Mike Tyson. Estar\u00e9 al lado de mi hijo cuando gane. Tiene mucho boxeo por delante y lo demostrar\u00e1 el 20 de julio\u201d, se\u00f1al\u00f3 el campe\u00f3n mexicano tras el anuncio del regreso de Ch\u00e1vez Jr al boxeo, ante una exfigura de la UFC.<\/p>\n","protected":false},"excerpt":{"rendered":"<p>Por Redacci\u00f3n QP Tras salir de prisi\u00f3n e ir a rehabilitaci\u00f3n, Ch\u00e1vez Jr volver\u00e1 al&#8230;<\/p>\n","protected":false},"author":2,"featured_media":109993,"comment_status":"open","ping_status":"open","sticky":false,"template":"","format":"standard","meta":{"_monsterinsights_skip_tracking":false,"_monsterinsights_sitenote_active":false,"_monsterinsights_sitenote_note":"","_monsterinsights_sitenote_category":0,"footnotes":""},"categories":[54],"tags":[],"class_list":["post-109991","post","type-post","status-publish","format-standard","has-post-thumbnail","hentry","category-deportes"],"yoast_head":"<!-- This site is optimized with the Yoast SEO plugin v27.3 - https:\/\/yoast.com\/product\/yoast-seo-wordpress\/ -->\n<title>Julio C\u00e9sar Ch\u00e1vez Jr vuelve al boxeo: enfrentar\u00e1 a exestrella de UFC en cartelera de Paul contra Tyson -<\/title>\n<meta name=\"robots\" content=\"index, follow, max-snippet:-1, max-image-preview:large, max-video-preview:-1\" \/>\n<link rel=\"canonical\" href=\"https:\/\/quehacerpolitico.mx\/?p=109991\" \/>\n<meta property=\"og:locale\" content=\"es_MX\" \/>\n<meta property=\"og:type\" content=\"article\" \/>\n<meta property=\"og:title\" content=\"Julio C\u00e9sar Ch\u00e1vez Jr vuelve al boxeo: enfrentar\u00e1 a exestrella de UFC en cartelera de Paul contra Tyson -\" \/>\n<meta property=\"og:description\" content=\"Por Redacci\u00f3n QP Tras salir de prisi\u00f3n e ir a rehabilitaci\u00f3n, Ch\u00e1vez Jr volver\u00e1 al...\" \/>\n<meta property=\"og:url\" content=\"https:\/\/quehacerpolitico.mx\/?p=109991\" \/>\n<meta property=\"article:published_time\" content=\"2024-05-15T19:11:15+00:00\" \/>\n<meta property=\"article:modified_time\" content=\"2024-05-15T19:11:18+00:00\" \/>\n<meta property=\"og:image\" content=\"https:\/\/quehacerpolitico.mx\/wp-content\/uploads\/2024\/05\/IMG_5628.jpeg\" \/>\n\t<meta property=\"og:image:width\" content=\"481\" \/>\n\t<meta property=\"og:image:height\" content=\"406\" \/>\n\t<meta property=\"og:image:type\" content=\"image\/jpeg\" \/>\n<meta name=\"author\" content=\"Redacci\u00f3n QP\" \/>\n<meta name=\"twitter:card\" content=\"summary_large_image\" \/>\n<meta name=\"twitter:label1\" content=\"Escrito por\" \/>\n\t<meta name=\"twitter:data1\" content=\"Redacci\u00f3n QP\" \/>\n\t<meta name=\"twitter:label2\" content=\"Tiempo de lectura\" \/>\n\t<meta name=\"twitter:data2\" content=\"2 minutos\" \/>\n<script type=\"application\/ld+json\" class=\"yoast-schema-graph\">{\"@context\":\"https:\\\/\\\/schema.org\",\"@graph\":[{\"@type\":\"Article\",\"@id\":\"https:\\\/\\\/quehacerpolitico.mx\\\/?p=109991#article\",\"isPartOf\":{\"@id\":\"https:\\\/\\\/quehacerpolitico.mx\\\/?p=109991\"},\"author\":{\"name\":\"Redacci\u00f3n QP\",\"@id\":\"https:\\\/\\\/quehacerpolitico.mx\\\/#\\\/schema\\\/person\\\/496d8ad2d1d3f8036101dca7ee39e585\"},\"headline\":\"Julio C\u00e9sar Ch\u00e1vez Jr vuelve al boxeo: enfrentar\u00e1 a exestrella de UFC en cartelera de Paul contra Tyson\",\"datePublished\":\"2024-05-15T19:11:15+00:00\",\"dateModified\":\"2024-05-15T19:11:18+00:00\",\"mainEntityOfPage\":{\"@id\":\"https:\\\/\\\/quehacerpolitico.mx\\\/?p=109991\"},\"wordCount\":484,\"commentCount\":0,\"image\":{\"@id\":\"https:\\\/\\\/quehacerpolitico.mx\\\/?p=109991#primaryimage\"},\"thumbnailUrl\":\"https:\\\/\\\/quehacerpolitico.mx\\\/wp-content\\\/uploads\\\/2024\\\/05\\\/IMG_5628.jpeg\",\"articleSection\":[\"Deportes\"],\"inLanguage\":\"es\",\"potentialAction\":[{\"@type\":\"CommentAction\",\"name\":\"Comment\",\"target\":[\"https:\\\/\\\/quehacerpolitico.mx\\\/?p=109991#respond\"]}]},{\"@type\":\"WebPage\",\"@id\":\"https:\\\/\\\/quehacerpolitico.mx\\\/?p=109991\",\"url\":\"https:\\\/\\\/quehacerpolitico.mx\\\/?p=109991\",\"name\":\"Julio C\u00e9sar Ch\u00e1vez Jr vuelve al boxeo: enfrentar\u00e1 a exestrella de UFC en cartelera de Paul contra Tyson -\",\"isPartOf\":{\"@id\":\"https:\\\/\\\/quehacerpolitico.mx\\\/#website\"},\"primaryImageOfPage\":{\"@id\":\"https:\\\/\\\/quehacerpolitico.mx\\\/?p=109991#primaryimage\"},\"image\":{\"@id\":\"https:\\\/\\\/quehacerpolitico.mx\\\/?p=109991#primaryimage\"},\"thumbnailUrl\":\"https:\\\/\\\/quehacerpolitico.mx\\\/wp-content\\\/uploads\\\/2024\\\/05\\\/IMG_5628.jpeg\",\"datePublished\":\"2024-05-15T19:11:15+00:00\",\"dateModified\":\"2024-05-15T19:11:18+00:00\",\"author\":{\"@id\":\"https:\\\/\\\/quehacerpolitico.mx\\\/#\\\/schema\\\/person\\\/496d8ad2d1d3f8036101dca7ee39e585\"},\"breadcrumb\":{\"@id\":\"https:\\\/\\\/quehacerpolitico.mx\\\/?p=109991#breadcrumb\"},\"inLanguage\":\"es\",\"potentialAction\":[{\"@type\":\"ReadAction\",\"target\":[\"https:\\\/\\\/quehacerpolitico.mx\\\/?p=109991\"]}]},{\"@type\":\"ImageObject\",\"inLanguage\":\"es\",\"@id\":\"https:\\\/\\\/quehacerpolitico.mx\\\/?p=109991#primaryimage\",\"url\":\"https:\\\/\\\/quehacerpolitico.mx\\\/wp-content\\\/uploads\\\/2024\\\/05\\\/IMG_5628.jpeg\",\"contentUrl\":\"https:\\\/\\\/quehacerpolitico.mx\\\/wp-content\\\/uploads\\\/2024\\\/05\\\/IMG_5628.jpeg\",\"width\":481,\"height\":406,\"caption\":\"Screenshot\"},{\"@type\":\"BreadcrumbList\",\"@id\":\"https:\\\/\\\/quehacerpolitico.mx\\\/?p=109991#breadcrumb\",\"itemListElement\":[{\"@type\":\"ListItem\",\"position\":1,\"name\":\"Inicio\",\"item\":\"https:\\\/\\\/quehacerpolitico.mx\\\/\"},{\"@type\":\"ListItem\",\"position\":2,\"name\":\"Julio C\u00e9sar Ch\u00e1vez Jr vuelve al boxeo: enfrentar\u00e1 a exestrella de UFC en cartelera de Paul contra Tyson\"}]},{\"@type\":\"WebSite\",\"@id\":\"https:\\\/\\\/quehacerpolitico.mx\\\/#website\",\"url\":\"https:\\\/\\\/quehacerpolitico.mx\\\/\",\"name\":\"\",\"description\":\"\",\"potentialAction\":[{\"@type\":\"SearchAction\",\"target\":{\"@type\":\"EntryPoint\",\"urlTemplate\":\"https:\\\/\\\/quehacerpolitico.mx\\\/?s={search_term_string}\"},\"query-input\":{\"@type\":\"PropertyValueSpecification\",\"valueRequired\":true,\"valueName\":\"search_term_string\"}}],\"inLanguage\":\"es\"},{\"@type\":\"Person\",\"@id\":\"https:\\\/\\\/quehacerpolitico.mx\\\/#\\\/schema\\\/person\\\/496d8ad2d1d3f8036101dca7ee39e585\",\"name\":\"Redacci\u00f3n QP\",\"image\":{\"@type\":\"ImageObject\",\"inLanguage\":\"es\",\"@id\":\"https:\\\/\\\/secure.gravatar.com\\\/avatar\\\/c7164ed6fdec453195284ad24a5ae5b6e1eed2b848477fa2a4787ba9adf39a41?s=96&d=mm&r=g\",\"url\":\"https:\\\/\\\/secure.gravatar.com\\\/avatar\\\/c7164ed6fdec453195284ad24a5ae5b6e1eed2b848477fa2a4787ba9adf39a41?s=96&d=mm&r=g\",\"contentUrl\":\"https:\\\/\\\/secure.gravatar.com\\\/avatar\\\/c7164ed6fdec453195284ad24a5ae5b6e1eed2b848477fa2a4787ba9adf39a41?s=96&d=mm&r=g\",\"caption\":\"Redacci\u00f3n QP\"},\"url\":\"https:\\\/\\\/quehacerpolitico.mx\\\/?author=2\"}]}<\/script>\n<!-- \/ Yoast SEO plugin. -->","yoast_head_json":{"title":"Julio C\u00e9sar Ch\u00e1vez Jr vuelve al boxeo: enfrentar\u00e1 a exestrella de UFC en cartelera de Paul contra Tyson -","robots":{"index":"index","follow":"follow","max-snippet":"max-snippet:-1","max-image-preview":"max-image-preview:large","max-video-preview":"max-video-preview:-1"},"canonical":"https:\/\/quehacerpolitico.mx\/?p=109991","og_locale":"es_MX","og_type":"article","og_title":"Julio C\u00e9sar Ch\u00e1vez Jr vuelve al boxeo: enfrentar\u00e1 a exestrella de UFC en cartelera de Paul contra Tyson -","og_description":"Por Redacci\u00f3n QP Tras salir de prisi\u00f3n e ir a rehabilitaci\u00f3n, Ch\u00e1vez Jr volver\u00e1 al...","og_url":"https:\/\/quehacerpolitico.mx\/?p=109991","article_published_time":"2024-05-15T19:11:15+00:00","article_modified_time":"2024-05-15T19:11:18+00:00","og_image":[{"width":481,"height":406,"url":"https:\/\/quehacerpolitico.mx\/wp-content\/uploads\/2024\/05\/IMG_5628.jpeg","type":"image\/jpeg"}],"author":"Redacci\u00f3n QP","twitter_card":"summary_large_image","twitter_misc":{"Escrito por":"Redacci\u00f3n QP","Tiempo de lectura":"2 minutos"},"schema":{"@context":"https:\/\/schema.org","@graph":[{"@type":"Article","@id":"https:\/\/quehacerpolitico.mx\/?p=109991#article","isPartOf":{"@id":"https:\/\/quehacerpolitico.mx\/?p=109991"},"author":{"name":"Redacci\u00f3n QP","@id":"https:\/\/quehacerpolitico.mx\/#\/schema\/person\/496d8ad2d1d3f8036101dca7ee39e585"},"headline":"Julio C\u00e9sar Ch\u00e1vez Jr vuelve al boxeo: enfrentar\u00e1 a exestrella de UFC en cartelera de Paul contra Tyson","datePublished":"2024-05-15T19:11:15+00:00","dateModified":"2024-05-15T19:11:18+00:00","mainEntityOfPage":{"@id":"https:\/\/quehacerpolitico.mx\/?p=109991"},"wordCount":484,"commentCount":0,"image":{"@id":"https:\/\/quehacerpolitico.mx\/?p=109991#primaryimage"},"thumbnailUrl":"https:\/\/quehacerpolitico.mx\/wp-content\/uploads\/2024\/05\/IMG_5628.jpeg","articleSection":["Deportes"],"inLanguage":"es","potentialAction":[{"@type":"CommentAction","name":"Comment","target":["https:\/\/quehacerpolitico.mx\/?p=109991#respond"]}]},{"@type":"WebPage","@id":"https:\/\/quehacerpolitico.mx\/?p=109991","url":"https:\/\/quehacerpolitico.mx\/?p=109991","name":"Julio C\u00e9sar Ch\u00e1vez Jr vuelve al boxeo: enfrentar\u00e1 a exestrella de UFC en cartelera de Paul contra Tyson -","isPartOf":{"@id":"https:\/\/quehacerpolitico.mx\/#website"},"primaryImageOfPage":{"@id":"https:\/\/quehacerpolitico.mx\/?p=109991#primaryimage"},"image":{"@id":"https:\/\/quehacerpolitico.mx\/?p=109991#primaryimage"},"thumbnailUrl":"https:\/\/quehacerpolitico.mx\/wp-content\/uploads\/2024\/05\/IMG_5628.jpeg","datePublished":"2024-05-15T19:11:15+00:00","dateModified":"2024-05-15T19:11:18+00:00","author":{"@id":"https:\/\/quehacerpolitico.mx\/#\/schema\/person\/496d8ad2d1d3f8036101dca7ee39e585"},"breadcrumb":{"@id":"https:\/\/quehacerpolitico.mx\/?p=109991#breadcrumb"},"inLanguage":"es","potentialAction":[{"@type":"ReadAction","target":["https:\/\/quehacerpolitico.mx\/?p=109991"]}]},{"@type":"ImageObject","inLanguage":"es","@id":"https:\/\/quehacerpolitico.mx\/?p=109991#primaryimage","url":"https:\/\/quehacerpolitico.mx\/wp-content\/uploads\/2024\/05\/IMG_5628.jpeg","contentUrl":"https:\/\/quehacerpolitico.mx\/wp-content\/uploads\/2024\/05\/IMG_5628.jpeg","width":481,"height":406,"caption":"Screenshot"},{"@type":"BreadcrumbList","@id":"https:\/\/quehacerpolitico.mx\/?p=109991#breadcrumb","itemListElement":[{"@type":"ListItem","position":1,"name":"Inicio","item":"https:\/\/quehacerpolitico.mx\/"},{"@type":"ListItem","position":2,"name":"Julio C\u00e9sar Ch\u00e1vez Jr vuelve al boxeo: enfrentar\u00e1 a exestrella de UFC en cartelera de Paul contra Tyson"}]},{"@type":"WebSite","@id":"https:\/\/quehacerpolitico.mx\/#website","url":"https:\/\/quehacerpolitico.mx\/","name":"","description":"","potentialAction":[{"@type":"SearchAction","target":{"@type":"EntryPoint","urlTemplate":"https:\/\/quehacerpolitico.mx\/?s={search_term_string}"},"query-input":{"@type":"PropertyValueSpecification","valueRequired":true,"valueName":"search_term_string"}}],"inLanguage":"es"},{"@type":"Person","@id":"https:\/\/quehacerpolitico.mx\/#\/schema\/person\/496d8ad2d1d3f8036101dca7ee39e585","name":"Redacci\u00f3n QP","image":{"@type":"ImageObject","inLanguage":"es","@id":"https:\/\/secure.gravatar.com\/avatar\/c7164ed6fdec453195284ad24a5ae5b6e1eed2b848477fa2a4787ba9adf39a41?s=96&d=mm&r=g","url":"https:\/\/secure.gravatar.com\/avatar\/c7164ed6fdec453195284ad24a5ae5b6e1eed2b848477fa2a4787ba9adf39a41?s=96&d=mm&r=g","contentUrl":"https:\/\/secure.gravatar.com\/avatar\/c7164ed6fdec453195284ad24a5ae5b6e1eed2b848477fa2a4787ba9adf39a41?s=96&d=mm&r=g","caption":"Redacci\u00f3n QP"},"url":"https:\/\/quehacerpolitico.mx\/?author=2"}]}},"featured_image_urls":{"full":["https:\/\/quehacerpolitico.mx\/wp-content\/uploads\/2024\/05\/IMG_5628.jpeg",481,406,false],"thumbnail":["https:\/\/quehacerpolitico.mx\/wp-content\/uploads\/2024\/05\/IMG_5628-150x150.jpeg",150,150,true],"medium":["https:\/\/quehacerpolitico.mx\/wp-content\/uploads\/2024\/05\/IMG_5628-300x253.jpeg",300,253,true],"medium_large":["https:\/\/quehacerpolitico.mx\/wp-content\/uploads\/2024\/05\/IMG_5628.jpeg",481,406,false],"large":["https:\/\/quehacerpolitico.mx\/wp-content\/uploads\/2024\/05\/IMG_5628.jpeg",481,406,false],"1536x1536":["https:\/\/quehacerpolitico.mx\/wp-content\/uploads\/2024\/05\/IMG_5628.jpeg",481,406,false],"2048x2048":["https:\/\/quehacerpolitico.mx\/wp-content\/uploads\/2024\/05\/IMG_5628.jpeg",481,406,false],"covernews-featured":["https:\/\/quehacerpolitico.mx\/wp-content\/uploads\/2024\/05\/IMG_5628.jpeg",481,406,false],"covernews-medium":["https:\/\/quehacerpolitico.mx\/wp-content\/uploads\/2024\/05\/IMG_5628.jpeg",403,340,false]},"author_info":{"display_name":"Redacci\u00f3n QP","author_link":"https:\/\/quehacerpolitico.mx\/?author=2"},"category_info":"<a href=\"https:\/\/quehacerpolitico.mx\/?cat=54\" rel=\"category\">Deportes<\/a>","tag_info":"Deportes","comment_count":"0","_links":{"self":[{"href":"https:\/\/quehacerpolitico.mx\/index.php?rest_route=\/wp\/v2\/posts\/109991","targetHints":{"allow":["GET"]}}],"collection":[{"href":"https:\/\/quehacerpolitico.mx\/index.php?rest_route=\/wp\/v2\/posts"}],"about":[{"href":"https:\/\/quehacerpolitico.mx\/index.php?rest_route=\/wp\/v2\/types\/post"}],"author":[{"embeddable":true,"href":"https:\/\/quehacerpolitico.mx\/index.php?rest_route=\/wp\/v2\/users\/2"}],"replies":[{"embeddable":true,"href":"https:\/\/quehacerpolitico.mx\/index.php?rest_route=%2Fwp%2Fv2%2Fcomments&post=109991"}],"version-history":[{"count":1,"href":"https:\/\/quehacerpolitico.mx\/index.php?rest_route=\/wp\/v2\/posts\/109991\/revisions"}],"predecessor-version":[{"id":109994,"href":"https:\/\/quehacerpolitico.mx\/index.php?rest_route=\/wp\/v2\/posts\/109991\/revisions\/109994"}],"wp:featuredmedia":[{"embeddable":true,"href":"https:\/\/quehacerpolitico.mx\/index.php?rest_route=\/wp\/v2\/media\/109993"}],"wp:attachment":[{"href":"https:\/\/quehacerpolitico.mx\/index.php?rest_route=%2Fwp%2Fv2%2Fmedia&parent=109991"}],"wp:term":[{"taxonomy":"category","embeddable":true,"href":"https:\/\/quehacerpolitico.mx\/index.php?rest_route=%2Fwp%2Fv2%2Fcategories&post=109991"},{"taxonomy":"post_tag","embeddable":true,"href":"https:\/\/quehacerpolitico.mx\/index.php?rest_route=%2Fwp%2Fv2%2Ftags&post=109991"}],"curies":[{"name":"wp","href":"https:\/\/api.w.org\/{rel}","templated":true}]}}