{"id":109988,"date":"2024-05-15T18:48:18","date_gmt":"2024-05-15T18:48:18","guid":{"rendered":"https:\/\/quehacerpolitico.mx\/?p=109988"},"modified":"2024-05-15T18:48:20","modified_gmt":"2024-05-15T18:48:20","slug":"santiago-taboada-desmiente-que-el-metro-de-la-cdmx-sube-de-precio-al-contrario-habra-muchos-beneficios","status":"publish","type":"post","link":"https:\/\/quehacerpolitico.mx\/?p=109988","title":{"rendered":"Santiago Taboada desmiente que el metro de la CDMX sube de precio al contrario habr\u00e1 muchos beneficios"},"content":{"rendered":"\n<p>Por Redacci\u00f3n QP<\/p>\n\n\n\n<p>El candidato de &#8216;Va por CdMx&#8217; asegur\u00f3 que no se van a privatizar los servicios en la Ciudad de M\u00e9xico e indic\u00f3 que buscar\u00e1 que el Metro sea gratis para una parte de la poblaci\u00f3n.<\/p>\n\n\n\n<p>Santiago Taboada, candidato a la jefatura de Gobierno por la coalici\u00f3n\u00a0<em>Va por CdMx<\/em>, asegur\u00f3 que\u00a0<strong>el Metro no tendr\u00e1 incremento de su tarifa\u00a0<\/strong>y propuso que los\u00a0<strong>estudiantes<\/strong>,\u00a0<strong>m\u00e9dicos y enfermeras viajen gratis<\/strong>\u00a0en este medio de transporte.\u00a0<\/p>\n\n\n\n<p>En un video difundido en sus redes sociales, el abanderado del\u00a0<strong>PAN, PRI y PRD<\/strong>\u00a0descart\u00f3 que se tenga la intenci\u00f3n de privatizar los servicios del Sistema de Transporte Colectivo (STC) y otros servicios p\u00fablicos.<\/p>\n\n\n\n<figure class=\"wp-block-embed is-type-rich is-provider-twitter wp-block-embed-twitter\"><div class=\"wp-block-embed__wrapper\">\n<blockquote class=\"twitter-tweet\" data-width=\"550\" data-dnt=\"true\"><p lang=\"es\" dir=\"ltr\">\u00a1El Cambio Viene y viene en Metro!<br><br>En mi gobierno el boleto del <a href=\"https:\/\/twitter.com\/MetroCDMX?ref_src=twsrc%5Etfw\">@MetroCDMX<\/a> no aumentar\u00e1 de precio y adem\u00e1s estudiantes, m\u00e9dicos y enfermeras tendr\u00e1n acceso gratuito.<br><br>Queremos ayudar a moverse con eficiencia y seguridad al futuro y a los h\u00e9roes de nuestra <a href=\"https:\/\/twitter.com\/hashtag\/CDMX?src=hash&amp;ref_src=twsrc%5Etfw\">#CDMX<\/a>.<a href=\"https:\/\/twitter.com\/hashtag\/ElCambioViene?src=hash&amp;ref_src=twsrc%5Etfw\">#ElCambioViene<\/a> <a href=\"https:\/\/t.co\/WxVzCvtCsm\">pic.twitter.com\/WxVzCvtCsm<\/a><\/p>&mdash; Santiago Taboada (@STaboadaMx) <a href=\"https:\/\/twitter.com\/STaboadaMx\/status\/1790749548924592252?ref_src=twsrc%5Etfw\">May 15, 2024<\/a><\/blockquote><script async src=\"https:\/\/platform.twitter.com\/widgets.js\" charset=\"utf-8\"><\/script>\n<\/div><\/figure>\n\n\n\n<p>El exalcalde de Benito Ju\u00e1rez agreg\u00f3 que&nbsp;<strong>este medio de transporte tambi\u00e9n ser\u00e1 gratis para todos los estudiantes de 15 a 25 a\u00f1os<\/strong>&nbsp;que sean de la Ciudad de M\u00e9xico.&nbsp;<\/p>\n\n\n\n<blockquote class=\"wp-block-quote is-layout-flow wp-block-quote-is-layout-flow\">\n<p>\u201cEl costo del Metro no va a subir, al contrario, para los j\u00f3venes estudiantes de esta ciudad, el boleto ser\u00e1 gratis, de 15 a 25 a\u00f1os los j\u00f3venes no van a pagar en esta ciudad.<br>\u201cY un anuncio m\u00e1s, m\u00e9dicos y enfermeras de esta ciudad se van a subir gratis al Metro. As\u00ed que el cambio viene y viene en el Metro, \u00a1vamos a ganar!\u201d, expuso.<\/p>\n\n\n\n<figure class=\"wp-block-embed is-type-rich is-provider-twitter wp-block-embed-twitter\"><div class=\"wp-block-embed__wrapper\">\n<blockquote class=\"twitter-tweet\" data-width=\"550\" data-dnt=\"true\"><p lang=\"es\" dir=\"ltr\">Esto de las tarifas del Metro es igual de falso como que la candidata de MORENA va arriba en las encuestas. <br><br>En mi gobierno el boleto mantendr\u00e1 su precio, y le vamos a dar todo el mantenimiento que en 27 a\u00f1os dejaron de darle. <br><br>A m\u00ed no se me va a caer. <a href=\"https:\/\/twitter.com\/hashtag\/ElCambioViene?src=hash&amp;ref_src=twsrc%5Etfw\">#ElCambioViene<\/a> <a href=\"https:\/\/t.co\/EOurB27sKP\">pic.twitter.com\/EOurB27sKP<\/a><\/p>&mdash; Santiago Taboada (@STaboadaMx) <a href=\"https:\/\/twitter.com\/STaboadaMx\/status\/1790584345863860605?ref_src=twsrc%5Etfw\">May 15, 2024<\/a><\/blockquote><script async src=\"https:\/\/platform.twitter.com\/widgets.js\" charset=\"utf-8\"><\/script>\n<\/div><\/figure>\n<\/blockquote>\n\n\n\n<p>En el video, en el cual est\u00e1 acompa\u00f1ado por los candidatos a las alcald\u00edas por la coalici\u00f3n\u00a0<em>Va por CdMx<\/em>, Taboada a\u00f1adi\u00f3 que se mantendr\u00e1n los apoyos en el Metro para\u00a0<strong>personas con discapacidad y para elementos de la polic\u00eda capitalina<\/strong>.<\/p>\n\n\n\n<h2 class=\"wp-block-heading\">Taboada asegura que impulsar\u00e1 la infraestructura en CdMx<\/h2>\n\n\n\n<p>En un encuentro con estudiantes del Instituto Panamericano de Alta Direcci\u00f3n de Empresa (IPADE) &#8211; al cual no fueron convocados los medios de informaci\u00f3n -, el abanderado del PAN, PRI y PRD, precis\u00f3 que\u00a0<strong>impulsar\u00e1 la infraestructura en la capital,\u00a0<\/strong>con diversos instrumentos, m\u00e1s all\u00e1 de los recursos fiscales de la Ciudad de M\u00e9xico.<\/p>\n\n\n\n<blockquote class=\"wp-block-quote is-layout-flow wp-block-quote-is-layout-flow\">\n<p>\u201cYo s\u00e9 que inclusive me han acusado de que voy a privatizar los servicios, no, no los voy a privatizar. Voy a utilizar los instrumentos de inversi\u00f3n de esta ciudad que permite la ley, para detonar la infraestructura, no lo voy a hacer solamente con los recursos fiscales que tiene la Ciudad de M\u00e9xico, por supuesto es un gran presupuesto, pero no nos va a alcanzar.<\/p>\n<\/blockquote>\n\n\n\n<blockquote class=\"wp-block-quote is-layout-flow wp-block-quote-is-layout-flow\">\n<p>\u201cNo hay mayor privatizaci\u00f3n de los servicios p\u00fablicos, que quien no tiene en esta ciudad, que no tiene posibilidades econ\u00f3micas, tenga que pagarlos. Y qu\u00e9 quiero decir con ello, el agua m\u00e1s cara de esta ciudad, es la que pagamos en las pipas, es el metro c\u00fabico m\u00e1s caro, es m\u00e1s caro que el agua del recibo\u201d, resalt\u00f3.<\/p>\n\n\n\n<p>Taboada se\u00f1al\u00f3 que o<strong>tro ejemplo de privatizaci\u00f3n de servicios en la capital es el m\u00e9dico<\/strong>, lo cual ha derivado en el crecimiento de cl\u00ednicas particulares.<\/p>\n\n\n\n<blockquote class=\"wp-block-quote is-layout-flow wp-block-quote-is-layout-flow\">\n<p>\u201cHablar de quienes no tienen en esta ciudad, no tienen un servicio m\u00e9dico, no tienen IMSS, no tienen ISSSTE, ellos a qu\u00e9 servicio m\u00e9dico van a ir, por supuesto el crecimiento de las cl\u00ednicas y no estoy en contra eh, de las cl\u00ednicas particulares, y eso, tiene que ver en la zona oriente, con que la gente no tiene acceso a los servicios de salud p\u00fablica, y entonces eso se vuelve una tragedia\u201d, apunt\u00f3.<\/p>\n<\/blockquote>\n\n\n\n<p>Santiago Taboada agreg\u00f3 que, por lo anterior, el sexenio de Andr\u00e9s Manuel L\u00f3pez Obrador y los gobiernos capitalinos desde 1997,&nbsp;<strong>representan la etapa de mayor privatizaci\u00f3n de servicios.&nbsp;<\/strong><\/p>\n\n\n\n<blockquote class=\"wp-block-quote is-layout-flow wp-block-quote-is-layout-flow\">\n<p>\u201cPor eso yo sostengo que los a\u00f1os donde hemos vivido la mayor privatizaci\u00f3n de servicios son estos \u00faltimos seis, no es la etapa neoliberal, es aqu\u00ed donde m\u00e1s la gente ha gastado en seguridad, en agua, en salud y en transporte, es esta administraci\u00f3n federal, y por supuesto, los 27 a\u00f1os de estas, de este mismo modelo en la Ciudad de M\u00e9xico\u201d, destac\u00f3.<\/p>\n<cite>Con informaci\u00f3n de Telediario<\/cite><\/blockquote>\n<\/blockquote>\n","protected":false},"excerpt":{"rendered":"<p>Por Redacci\u00f3n QP El candidato de &#8216;Va por CdMx&#8217; asegur\u00f3 que no se van a&#8230;<\/p>\n","protected":false},"author":2,"featured_media":109989,"comment_status":"open","ping_status":"open","sticky":false,"template":"","format":"standard","meta":{"_monsterinsights_skip_tracking":false,"_monsterinsights_sitenote_active":false,"_monsterinsights_sitenote_note":"","_monsterinsights_sitenote_category":0,"footnotes":""},"categories":[55],"tags":[],"class_list":["post-109988","post","type-post","status-publish","format-standard","has-post-thumbnail","hentry","category-cdmx"],"yoast_head":"<!-- This site is optimized with the Yoast SEO plugin v27.3 - https:\/\/yoast.com\/product\/yoast-seo-wordpress\/ -->\n<title>Santiago Taboada desmiente que el metro de la CDMX sube de precio al contrario habr\u00e1 muchos beneficios -<\/title>\n<meta name=\"robots\" content=\"index, follow, max-snippet:-1, max-image-preview:large, max-video-preview:-1\" \/>\n<link rel=\"canonical\" href=\"https:\/\/quehacerpolitico.mx\/?p=109988\" \/>\n<meta property=\"og:locale\" content=\"es_MX\" \/>\n<meta property=\"og:type\" content=\"article\" \/>\n<meta property=\"og:title\" content=\"Santiago Taboada desmiente que el metro de la CDMX sube de precio al contrario habr\u00e1 muchos beneficios -\" \/>\n<meta property=\"og:description\" content=\"Por Redacci\u00f3n QP El candidato de &#8216;Va por CdMx&#8217; asegur\u00f3 que no se van a...\" \/>\n<meta property=\"og:url\" content=\"https:\/\/quehacerpolitico.mx\/?p=109988\" \/>\n<meta property=\"article:published_time\" content=\"2024-05-15T18:48:18+00:00\" \/>\n<meta property=\"article:modified_time\" content=\"2024-05-15T18:48:20+00:00\" \/>\n<meta property=\"og:image\" content=\"https:\/\/quehacerpolitico.mx\/wp-content\/uploads\/2024\/05\/IMG_5626.jpeg\" \/>\n\t<meta property=\"og:image:width\" content=\"1284\" \/>\n\t<meta property=\"og:image:height\" content=\"895\" \/>\n\t<meta property=\"og:image:type\" content=\"image\/jpeg\" \/>\n<meta name=\"author\" content=\"Redacci\u00f3n QP\" \/>\n<meta name=\"twitter:card\" content=\"summary_large_image\" \/>\n<meta name=\"twitter:label1\" content=\"Escrito por\" \/>\n\t<meta name=\"twitter:data1\" content=\"Redacci\u00f3n QP\" \/>\n\t<meta name=\"twitter:label2\" content=\"Tiempo de lectura\" \/>\n\t<meta name=\"twitter:data2\" content=\"4 minutos\" \/>\n<script type=\"application\/ld+json\" class=\"yoast-schema-graph\">{\"@context\":\"https:\\\/\\\/schema.org\",\"@graph\":[{\"@type\":\"Article\",\"@id\":\"https:\\\/\\\/quehacerpolitico.mx\\\/?p=109988#article\",\"isPartOf\":{\"@id\":\"https:\\\/\\\/quehacerpolitico.mx\\\/?p=109988\"},\"author\":{\"name\":\"Redacci\u00f3n QP\",\"@id\":\"https:\\\/\\\/quehacerpolitico.mx\\\/#\\\/schema\\\/person\\\/496d8ad2d1d3f8036101dca7ee39e585\"},\"headline\":\"Santiago Taboada desmiente que el metro de la CDMX sube de precio al contrario habr\u00e1 muchos beneficios\",\"datePublished\":\"2024-05-15T18:48:18+00:00\",\"dateModified\":\"2024-05-15T18:48:20+00:00\",\"mainEntityOfPage\":{\"@id\":\"https:\\\/\\\/quehacerpolitico.mx\\\/?p=109988\"},\"wordCount\":721,\"commentCount\":0,\"image\":{\"@id\":\"https:\\\/\\\/quehacerpolitico.mx\\\/?p=109988#primaryimage\"},\"thumbnailUrl\":\"https:\\\/\\\/quehacerpolitico.mx\\\/wp-content\\\/uploads\\\/2024\\\/05\\\/IMG_5626.jpeg\",\"articleSection\":[\"CDMX\"],\"inLanguage\":\"es\",\"potentialAction\":[{\"@type\":\"CommentAction\",\"name\":\"Comment\",\"target\":[\"https:\\\/\\\/quehacerpolitico.mx\\\/?p=109988#respond\"]}]},{\"@type\":\"WebPage\",\"@id\":\"https:\\\/\\\/quehacerpolitico.mx\\\/?p=109988\",\"url\":\"https:\\\/\\\/quehacerpolitico.mx\\\/?p=109988\",\"name\":\"Santiago Taboada desmiente que el metro de la CDMX sube de precio al contrario habr\u00e1 muchos beneficios -\",\"isPartOf\":{\"@id\":\"https:\\\/\\\/quehacerpolitico.mx\\\/#website\"},\"primaryImageOfPage\":{\"@id\":\"https:\\\/\\\/quehacerpolitico.mx\\\/?p=109988#primaryimage\"},\"image\":{\"@id\":\"https:\\\/\\\/quehacerpolitico.mx\\\/?p=109988#primaryimage\"},\"thumbnailUrl\":\"https:\\\/\\\/quehacerpolitico.mx\\\/wp-content\\\/uploads\\\/2024\\\/05\\\/IMG_5626.jpeg\",\"datePublished\":\"2024-05-15T18:48:18+00:00\",\"dateModified\":\"2024-05-15T18:48:20+00:00\",\"author\":{\"@id\":\"https:\\\/\\\/quehacerpolitico.mx\\\/#\\\/schema\\\/person\\\/496d8ad2d1d3f8036101dca7ee39e585\"},\"breadcrumb\":{\"@id\":\"https:\\\/\\\/quehacerpolitico.mx\\\/?p=109988#breadcrumb\"},\"inLanguage\":\"es\",\"potentialAction\":[{\"@type\":\"ReadAction\",\"target\":[\"https:\\\/\\\/quehacerpolitico.mx\\\/?p=109988\"]}]},{\"@type\":\"ImageObject\",\"inLanguage\":\"es\",\"@id\":\"https:\\\/\\\/quehacerpolitico.mx\\\/?p=109988#primaryimage\",\"url\":\"https:\\\/\\\/quehacerpolitico.mx\\\/wp-content\\\/uploads\\\/2024\\\/05\\\/IMG_5626.jpeg\",\"contentUrl\":\"https:\\\/\\\/quehacerpolitico.mx\\\/wp-content\\\/uploads\\\/2024\\\/05\\\/IMG_5626.jpeg\",\"width\":1284,\"height\":895,\"caption\":\"Screenshot\"},{\"@type\":\"BreadcrumbList\",\"@id\":\"https:\\\/\\\/quehacerpolitico.mx\\\/?p=109988#breadcrumb\",\"itemListElement\":[{\"@type\":\"ListItem\",\"position\":1,\"name\":\"Inicio\",\"item\":\"https:\\\/\\\/quehacerpolitico.mx\\\/\"},{\"@type\":\"ListItem\",\"position\":2,\"name\":\"Santiago Taboada desmiente que el metro de la CDMX sube de precio al contrario habr\u00e1 muchos beneficios\"}]},{\"@type\":\"WebSite\",\"@id\":\"https:\\\/\\\/quehacerpolitico.mx\\\/#website\",\"url\":\"https:\\\/\\\/quehacerpolitico.mx\\\/\",\"name\":\"\",\"description\":\"\",\"potentialAction\":[{\"@type\":\"SearchAction\",\"target\":{\"@type\":\"EntryPoint\",\"urlTemplate\":\"https:\\\/\\\/quehacerpolitico.mx\\\/?s={search_term_string}\"},\"query-input\":{\"@type\":\"PropertyValueSpecification\",\"valueRequired\":true,\"valueName\":\"search_term_string\"}}],\"inLanguage\":\"es\"},{\"@type\":\"Person\",\"@id\":\"https:\\\/\\\/quehacerpolitico.mx\\\/#\\\/schema\\\/person\\\/496d8ad2d1d3f8036101dca7ee39e585\",\"name\":\"Redacci\u00f3n QP\",\"image\":{\"@type\":\"ImageObject\",\"inLanguage\":\"es\",\"@id\":\"https:\\\/\\\/secure.gravatar.com\\\/avatar\\\/c7164ed6fdec453195284ad24a5ae5b6e1eed2b848477fa2a4787ba9adf39a41?s=96&d=mm&r=g\",\"url\":\"https:\\\/\\\/secure.gravatar.com\\\/avatar\\\/c7164ed6fdec453195284ad24a5ae5b6e1eed2b848477fa2a4787ba9adf39a41?s=96&d=mm&r=g\",\"contentUrl\":\"https:\\\/\\\/secure.gravatar.com\\\/avatar\\\/c7164ed6fdec453195284ad24a5ae5b6e1eed2b848477fa2a4787ba9adf39a41?s=96&d=mm&r=g\",\"caption\":\"Redacci\u00f3n QP\"},\"url\":\"https:\\\/\\\/quehacerpolitico.mx\\\/?author=2\"}]}<\/script>\n<!-- \/ Yoast SEO plugin. -->","yoast_head_json":{"title":"Santiago Taboada desmiente que el metro de la CDMX sube de precio al contrario habr\u00e1 muchos beneficios -","robots":{"index":"index","follow":"follow","max-snippet":"max-snippet:-1","max-image-preview":"max-image-preview:large","max-video-preview":"max-video-preview:-1"},"canonical":"https:\/\/quehacerpolitico.mx\/?p=109988","og_locale":"es_MX","og_type":"article","og_title":"Santiago Taboada desmiente que el metro de la CDMX sube de precio al contrario habr\u00e1 muchos beneficios -","og_description":"Por Redacci\u00f3n QP El candidato de &#8216;Va por CdMx&#8217; asegur\u00f3 que no se van a...","og_url":"https:\/\/quehacerpolitico.mx\/?p=109988","article_published_time":"2024-05-15T18:48:18+00:00","article_modified_time":"2024-05-15T18:48:20+00:00","og_image":[{"width":1284,"height":895,"url":"https:\/\/quehacerpolitico.mx\/wp-content\/uploads\/2024\/05\/IMG_5626.jpeg","type":"image\/jpeg"}],"author":"Redacci\u00f3n QP","twitter_card":"summary_large_image","twitter_misc":{"Escrito por":"Redacci\u00f3n QP","Tiempo de lectura":"4 minutos"},"schema":{"@context":"https:\/\/schema.org","@graph":[{"@type":"Article","@id":"https:\/\/quehacerpolitico.mx\/?p=109988#article","isPartOf":{"@id":"https:\/\/quehacerpolitico.mx\/?p=109988"},"author":{"name":"Redacci\u00f3n QP","@id":"https:\/\/quehacerpolitico.mx\/#\/schema\/person\/496d8ad2d1d3f8036101dca7ee39e585"},"headline":"Santiago Taboada desmiente que el metro de la CDMX sube de precio al contrario habr\u00e1 muchos beneficios","datePublished":"2024-05-15T18:48:18+00:00","dateModified":"2024-05-15T18:48:20+00:00","mainEntityOfPage":{"@id":"https:\/\/quehacerpolitico.mx\/?p=109988"},"wordCount":721,"commentCount":0,"image":{"@id":"https:\/\/quehacerpolitico.mx\/?p=109988#primaryimage"},"thumbnailUrl":"https:\/\/quehacerpolitico.mx\/wp-content\/uploads\/2024\/05\/IMG_5626.jpeg","articleSection":["CDMX"],"inLanguage":"es","potentialAction":[{"@type":"CommentAction","name":"Comment","target":["https:\/\/quehacerpolitico.mx\/?p=109988#respond"]}]},{"@type":"WebPage","@id":"https:\/\/quehacerpolitico.mx\/?p=109988","url":"https:\/\/quehacerpolitico.mx\/?p=109988","name":"Santiago Taboada desmiente que el metro de la CDMX sube de precio al contrario habr\u00e1 muchos beneficios -","isPartOf":{"@id":"https:\/\/quehacerpolitico.mx\/#website"},"primaryImageOfPage":{"@id":"https:\/\/quehacerpolitico.mx\/?p=109988#primaryimage"},"image":{"@id":"https:\/\/quehacerpolitico.mx\/?p=109988#primaryimage"},"thumbnailUrl":"https:\/\/quehacerpolitico.mx\/wp-content\/uploads\/2024\/05\/IMG_5626.jpeg","datePublished":"2024-05-15T18:48:18+00:00","dateModified":"2024-05-15T18:48:20+00:00","author":{"@id":"https:\/\/quehacerpolitico.mx\/#\/schema\/person\/496d8ad2d1d3f8036101dca7ee39e585"},"breadcrumb":{"@id":"https:\/\/quehacerpolitico.mx\/?p=109988#breadcrumb"},"inLanguage":"es","potentialAction":[{"@type":"ReadAction","target":["https:\/\/quehacerpolitico.mx\/?p=109988"]}]},{"@type":"ImageObject","inLanguage":"es","@id":"https:\/\/quehacerpolitico.mx\/?p=109988#primaryimage","url":"https:\/\/quehacerpolitico.mx\/wp-content\/uploads\/2024\/05\/IMG_5626.jpeg","contentUrl":"https:\/\/quehacerpolitico.mx\/wp-content\/uploads\/2024\/05\/IMG_5626.jpeg","width":1284,"height":895,"caption":"Screenshot"},{"@type":"BreadcrumbList","@id":"https:\/\/quehacerpolitico.mx\/?p=109988#breadcrumb","itemListElement":[{"@type":"ListItem","position":1,"name":"Inicio","item":"https:\/\/quehacerpolitico.mx\/"},{"@type":"ListItem","position":2,"name":"Santiago Taboada desmiente que el metro de la CDMX sube de precio al contrario habr\u00e1 muchos beneficios"}]},{"@type":"WebSite","@id":"https:\/\/quehacerpolitico.mx\/#website","url":"https:\/\/quehacerpolitico.mx\/","name":"","description":"","potentialAction":[{"@type":"SearchAction","target":{"@type":"EntryPoint","urlTemplate":"https:\/\/quehacerpolitico.mx\/?s={search_term_string}"},"query-input":{"@type":"PropertyValueSpecification","valueRequired":true,"valueName":"search_term_string"}}],"inLanguage":"es"},{"@type":"Person","@id":"https:\/\/quehacerpolitico.mx\/#\/schema\/person\/496d8ad2d1d3f8036101dca7ee39e585","name":"Redacci\u00f3n QP","image":{"@type":"ImageObject","inLanguage":"es","@id":"https:\/\/secure.gravatar.com\/avatar\/c7164ed6fdec453195284ad24a5ae5b6e1eed2b848477fa2a4787ba9adf39a41?s=96&d=mm&r=g","url":"https:\/\/secure.gravatar.com\/avatar\/c7164ed6fdec453195284ad24a5ae5b6e1eed2b848477fa2a4787ba9adf39a41?s=96&d=mm&r=g","contentUrl":"https:\/\/secure.gravatar.com\/avatar\/c7164ed6fdec453195284ad24a5ae5b6e1eed2b848477fa2a4787ba9adf39a41?s=96&d=mm&r=g","caption":"Redacci\u00f3n QP"},"url":"https:\/\/quehacerpolitico.mx\/?author=2"}]}},"featured_image_urls":{"full":["https:\/\/quehacerpolitico.mx\/wp-content\/uploads\/2024\/05\/IMG_5626.jpeg",1284,895,false],"thumbnail":["https:\/\/quehacerpolitico.mx\/wp-content\/uploads\/2024\/05\/IMG_5626-150x150.jpeg",150,150,true],"medium":["https:\/\/quehacerpolitico.mx\/wp-content\/uploads\/2024\/05\/IMG_5626-300x209.jpeg",300,209,true],"medium_large":["https:\/\/quehacerpolitico.mx\/wp-content\/uploads\/2024\/05\/IMG_5626-768x535.jpeg",640,446,true],"large":["https:\/\/quehacerpolitico.mx\/wp-content\/uploads\/2024\/05\/IMG_5626-1024x714.jpeg",640,446,true],"1536x1536":["https:\/\/quehacerpolitico.mx\/wp-content\/uploads\/2024\/05\/IMG_5626.jpeg",1284,895,false],"2048x2048":["https:\/\/quehacerpolitico.mx\/wp-content\/uploads\/2024\/05\/IMG_5626.jpeg",1284,895,false],"covernews-featured":["https:\/\/quehacerpolitico.mx\/wp-content\/uploads\/2024\/05\/IMG_5626.jpeg",1024,714,false],"covernews-medium":["https:\/\/quehacerpolitico.mx\/wp-content\/uploads\/2024\/05\/IMG_5626.jpeg",488,340,false]},"author_info":{"display_name":"Redacci\u00f3n QP","author_link":"https:\/\/quehacerpolitico.mx\/?author=2"},"category_info":"<a href=\"https:\/\/quehacerpolitico.mx\/?cat=55\" rel=\"category\">CDMX<\/a>","tag_info":"CDMX","comment_count":"0","_links":{"self":[{"href":"https:\/\/quehacerpolitico.mx\/index.php?rest_route=\/wp\/v2\/posts\/109988","targetHints":{"allow":["GET"]}}],"collection":[{"href":"https:\/\/quehacerpolitico.mx\/index.php?rest_route=\/wp\/v2\/posts"}],"about":[{"href":"https:\/\/quehacerpolitico.mx\/index.php?rest_route=\/wp\/v2\/types\/post"}],"author":[{"embeddable":true,"href":"https:\/\/quehacerpolitico.mx\/index.php?rest_route=\/wp\/v2\/users\/2"}],"replies":[{"embeddable":true,"href":"https:\/\/quehacerpolitico.mx\/index.php?rest_route=%2Fwp%2Fv2%2Fcomments&post=109988"}],"version-history":[{"count":1,"href":"https:\/\/quehacerpolitico.mx\/index.php?rest_route=\/wp\/v2\/posts\/109988\/revisions"}],"predecessor-version":[{"id":109990,"href":"https:\/\/quehacerpolitico.mx\/index.php?rest_route=\/wp\/v2\/posts\/109988\/revisions\/109990"}],"wp:featuredmedia":[{"embeddable":true,"href":"https:\/\/quehacerpolitico.mx\/index.php?rest_route=\/wp\/v2\/media\/109989"}],"wp:attachment":[{"href":"https:\/\/quehacerpolitico.mx\/index.php?rest_route=%2Fwp%2Fv2%2Fmedia&parent=109988"}],"wp:term":[{"taxonomy":"category","embeddable":true,"href":"https:\/\/quehacerpolitico.mx\/index.php?rest_route=%2Fwp%2Fv2%2Fcategories&post=109988"},{"taxonomy":"post_tag","embeddable":true,"href":"https:\/\/quehacerpolitico.mx\/index.php?rest_route=%2Fwp%2Fv2%2Ftags&post=109988"}],"curies":[{"name":"wp","href":"https:\/\/api.w.org\/{rel}","templated":true}]}}