{"id":109982,"date":"2024-05-15T18:06:53","date_gmt":"2024-05-15T18:06:53","guid":{"rendered":"https:\/\/quehacerpolitico.mx\/?p=109982"},"modified":"2024-05-15T18:06:55","modified_gmt":"2024-05-15T18:06:55","slug":"lopez-obrador-llamo-este-miercoles-a-los-empresarios-de-la-industria-electrica-a-que-cuiden-que-sus-plantas-de-energia","status":"publish","type":"post","link":"https:\/\/quehacerpolitico.mx\/?p=109982","title":{"rendered":"L\u00f3pez Obrador, llam\u00f3 este mi\u00e9rcoles a los\u00a0empresarios\u00a0de la industria el\u00e9ctrica a que cuiden que sus plantas de\u00a0energ\u00eda"},"content":{"rendered":"\n<p><em>Con informaci\u00f3n de EFE<\/em><\/p>\n\n\n\n<p>Por Redacci\u00f3n QP<\/p>\n\n\n\n<p>El presidente de M\u00e9xico,\u00a0<strong>Andr\u00e9s Manuel L\u00f3pez Obrador<\/strong>, llam\u00f3 este mi\u00e9rcoles a los\u00a0<strong>empresarios<\/strong>\u00a0de la industria el\u00e9ctrica a que cuiden que sus plantas de\u00a0<strong>energ\u00eda<\/strong>\u00a0no se detengan durante la temporada de\u00a0<strong>calor<\/strong>\u00a0en la que aumenta la\u00a0<strong>demanda<\/strong>\u00a0de los usuarios y tras las declaraciones de alerta en el Sistema Interconectado Nacional.<\/p>\n\n\n\n<p>\u201cHago un llamado tambi\u00e9n a los\u00a0<strong>empresarios<\/strong> de la\u00a0<strong>industria el\u00e9ctrica<\/strong>, los particulares, para que nos ayuden cuidando que no se paren sus\u00a0<strong>plantas<\/strong>. (Se invierte) much\u00edsimo m\u00e1s (en energ\u00eda) es oportuno que ma\u00f1ana vengan los de la comisi\u00f3n federal y que expliquen bien todo el plan ma\u00f1ana\u201d, se\u00f1al\u00f3 durante su conferencia matutina.<\/p>\n\n\n\n<p>\u201cY ayuda mucho y el papel del\u00a0<strong>Cenace<\/strong>\u00a0cuando se avisa que est\u00e1 creciendo mucho la\u00a0<strong>demanda<\/strong>\u00a0y puede producirse un\u00a0<strong>accidentemayor<\/strong>, si no se administra que se apaguen durante un tiempo las luces, que no haya\u00a0<strong>electricidad<\/strong>\u00a0en determinadas zonas, en tanto pasa la demanda, todo eso corresponde al\u00a0<strong>Cenace<\/strong>\u201c.<\/p>\n\n\n\n<figure class=\"wp-block-embed is-type-video is-provider-youtube wp-block-embed-youtube wp-embed-aspect-16-9 wp-has-aspect-ratio\"><div class=\"wp-block-embed__wrapper\">\n<iframe loading=\"lazy\" title=\"Pide AMLO a IP no parar plantas de generaci\u00f3n de energ\u00eda\" width=\"640\" height=\"360\" src=\"https:\/\/www.youtube.com\/embed\/efkN_-EpjV8?feature=oembed\" frameborder=\"0\" allow=\"accelerometer; autoplay; clipboard-write; encrypted-media; gyroscope; picture-in-picture; web-share\" referrerpolicy=\"strict-origin-when-cross-origin\" allowfullscreen><\/iframe>\n<\/div><\/figure>\n\n\n\n<p>El presidente reconoci\u00f3 el jueves pasado que existe un d\u00e9ficit en la&nbsp;<strong>generaci\u00f3n<\/strong>&nbsp;de electricidad porque se demor\u00f3 la construcci\u00f3n de plantas de la&nbsp;<strong>CFE<\/strong>, pero ahora asever\u00f3 que, al concluir estas obras, ya no habr\u00e1 crisis en el sistema.<\/p>\n\n\n\n<p>\u201cTenemos m\u00e1s de 20&nbsp;<strong>proyectos<\/strong>&nbsp;para fortalecer la generaci\u00f3n de energ\u00eda el\u00e9ctrica y dejar a la Comisi\u00f3n Federal con m\u00e1s del 60% (de la&nbsp;<strong>participaci\u00f3n<\/strong>) en generaci\u00f3n de energ\u00eda el\u00e9ctrica. Entonces, por eso, podemos enfrentar&nbsp;<strong>crisis<\/strong>, como la de las altas&nbsp;<strong>temperaturas<\/strong>&nbsp;o cuando hay frentes fr\u00edos\u201d, sostuvo.<\/p>\n\n\n\n<p>Aunque el mandatario asever\u00f3 que los\u00a0<strong>apagones<\/strong>\u00a0fueron \u201calgo excepcional\u201d por el calor, el Consejo Coordinador Empresarial (<strong>CCE<\/strong>) asegur\u00f3 que las causas son estructurales, mientras que asociaciones de productores de energ\u00eda solar y e\u00f3lica pidieron abrir el sector energ\u00e9tico a la\u00a0<strong>inversi\u00f3n<\/strong> privada.<\/p>\n\n\n\n<p>Pero L\u00f3pez Obrador avis\u00f3 que \u201cva a continuar con sus pol\u00edticas\u201d de priorizar la generaci\u00f3n de la CFE por encima de las plantas de&nbsp;<strong>particulares<\/strong>.<\/p>\n\n\n\n<p>\u201c\u00bfC\u00f3mo no voy a defender lo p\u00fablico? Lo otro es apostar a lo\u00a0<strong>lucrativo<\/strong>, el dejar al pueblo en estado de\u00a0<strong>indefensi\u00f3n<\/strong>. Dicen: \u2018la libertad\u2019. S\u00ed, nada m\u00e1s que a ti te gusta la libertad del\u00a0<strong>zorro<\/strong> en el\u00a0<strong>gallinero<\/strong>, por eso no quieren que exista el Estado, todo al\u00a0<strong>mercado<\/strong>\u201d, sostuvo.<\/p>\n\n\n\n<p>Pese a reconocer que hubo fallas en las&nbsp;<strong>centrales<\/strong>&nbsp;de la CFE, argument\u00f3 que ya est\u00e1 atendi\u00e9ndose el&nbsp;<strong>problema<\/strong>&nbsp;y suman cuatro d\u00edas sin&nbsp;<strong>apagones<\/strong>&nbsp;generalizados en el pa\u00eds.&nbsp;<\/p>\n\n\n\n<p><em>Con informaci\u00f3n de EFE<\/em><\/p>\n","protected":false},"excerpt":{"rendered":"<p>Con informaci\u00f3n de EFE Por Redacci\u00f3n QP El presidente de M\u00e9xico,\u00a0Andr\u00e9s Manuel L\u00f3pez Obrador, llam\u00f3&#8230;<\/p>\n","protected":false},"author":2,"featured_media":109983,"comment_status":"open","ping_status":"open","sticky":false,"template":"","format":"standard","meta":{"_monsterinsights_skip_tracking":false,"_monsterinsights_sitenote_active":false,"_monsterinsights_sitenote_note":"","_monsterinsights_sitenote_category":0,"footnotes":""},"categories":[2],"tags":[],"class_list":["post-109982","post","type-post","status-publish","format-standard","has-post-thumbnail","hentry","category-noticias"],"yoast_head":"<!-- This site is optimized with the Yoast SEO plugin v27.3 - https:\/\/yoast.com\/product\/yoast-seo-wordpress\/ -->\n<title>L\u00f3pez Obrador, llam\u00f3 este mi\u00e9rcoles a los\u00a0empresarios\u00a0de la industria el\u00e9ctrica a que cuiden que sus plantas de\u00a0energ\u00eda -<\/title>\n<meta name=\"robots\" content=\"index, follow, max-snippet:-1, max-image-preview:large, max-video-preview:-1\" \/>\n<link rel=\"canonical\" href=\"https:\/\/quehacerpolitico.mx\/?p=109982\" \/>\n<meta property=\"og:locale\" content=\"es_MX\" \/>\n<meta property=\"og:type\" content=\"article\" \/>\n<meta property=\"og:title\" content=\"L\u00f3pez Obrador, llam\u00f3 este mi\u00e9rcoles a los\u00a0empresarios\u00a0de la industria el\u00e9ctrica a que cuiden que sus plantas de\u00a0energ\u00eda -\" \/>\n<meta property=\"og:description\" content=\"Con informaci\u00f3n de EFE Por Redacci\u00f3n QP El presidente de M\u00e9xico,\u00a0Andr\u00e9s Manuel L\u00f3pez Obrador, llam\u00f3...\" \/>\n<meta property=\"og:url\" content=\"https:\/\/quehacerpolitico.mx\/?p=109982\" \/>\n<meta property=\"article:published_time\" content=\"2024-05-15T18:06:53+00:00\" \/>\n<meta property=\"article:modified_time\" content=\"2024-05-15T18:06:55+00:00\" \/>\n<meta property=\"og:image\" content=\"https:\/\/quehacerpolitico.mx\/wp-content\/uploads\/2024\/05\/IMG_5619.jpeg\" \/>\n\t<meta property=\"og:image:width\" content=\"1284\" \/>\n\t<meta property=\"og:image:height\" content=\"694\" \/>\n\t<meta property=\"og:image:type\" content=\"image\/jpeg\" \/>\n<meta name=\"author\" content=\"Redacci\u00f3n QP\" \/>\n<meta name=\"twitter:card\" content=\"summary_large_image\" \/>\n<meta name=\"twitter:label1\" content=\"Escrito por\" \/>\n\t<meta name=\"twitter:data1\" content=\"Redacci\u00f3n QP\" \/>\n\t<meta name=\"twitter:label2\" content=\"Tiempo de lectura\" \/>\n\t<meta name=\"twitter:data2\" content=\"2 minutos\" \/>\n<script type=\"application\/ld+json\" class=\"yoast-schema-graph\">{\"@context\":\"https:\\\/\\\/schema.org\",\"@graph\":[{\"@type\":\"Article\",\"@id\":\"https:\\\/\\\/quehacerpolitico.mx\\\/?p=109982#article\",\"isPartOf\":{\"@id\":\"https:\\\/\\\/quehacerpolitico.mx\\\/?p=109982\"},\"author\":{\"name\":\"Redacci\u00f3n QP\",\"@id\":\"https:\\\/\\\/quehacerpolitico.mx\\\/#\\\/schema\\\/person\\\/496d8ad2d1d3f8036101dca7ee39e585\"},\"headline\":\"L\u00f3pez Obrador, llam\u00f3 este mi\u00e9rcoles a los\u00a0empresarios\u00a0de la industria el\u00e9ctrica a que cuiden que sus plantas de\u00a0energ\u00eda\",\"datePublished\":\"2024-05-15T18:06:53+00:00\",\"dateModified\":\"2024-05-15T18:06:55+00:00\",\"mainEntityOfPage\":{\"@id\":\"https:\\\/\\\/quehacerpolitico.mx\\\/?p=109982\"},\"wordCount\":498,\"commentCount\":0,\"image\":{\"@id\":\"https:\\\/\\\/quehacerpolitico.mx\\\/?p=109982#primaryimage\"},\"thumbnailUrl\":\"https:\\\/\\\/quehacerpolitico.mx\\\/wp-content\\\/uploads\\\/2024\\\/05\\\/IMG_5619.jpeg\",\"articleSection\":[\"Noticias\"],\"inLanguage\":\"es\",\"potentialAction\":[{\"@type\":\"CommentAction\",\"name\":\"Comment\",\"target\":[\"https:\\\/\\\/quehacerpolitico.mx\\\/?p=109982#respond\"]}]},{\"@type\":\"WebPage\",\"@id\":\"https:\\\/\\\/quehacerpolitico.mx\\\/?p=109982\",\"url\":\"https:\\\/\\\/quehacerpolitico.mx\\\/?p=109982\",\"name\":\"L\u00f3pez Obrador, llam\u00f3 este mi\u00e9rcoles a los\u00a0empresarios\u00a0de la industria el\u00e9ctrica a que cuiden que sus plantas de\u00a0energ\u00eda -\",\"isPartOf\":{\"@id\":\"https:\\\/\\\/quehacerpolitico.mx\\\/#website\"},\"primaryImageOfPage\":{\"@id\":\"https:\\\/\\\/quehacerpolitico.mx\\\/?p=109982#primaryimage\"},\"image\":{\"@id\":\"https:\\\/\\\/quehacerpolitico.mx\\\/?p=109982#primaryimage\"},\"thumbnailUrl\":\"https:\\\/\\\/quehacerpolitico.mx\\\/wp-content\\\/uploads\\\/2024\\\/05\\\/IMG_5619.jpeg\",\"datePublished\":\"2024-05-15T18:06:53+00:00\",\"dateModified\":\"2024-05-15T18:06:55+00:00\",\"author\":{\"@id\":\"https:\\\/\\\/quehacerpolitico.mx\\\/#\\\/schema\\\/person\\\/496d8ad2d1d3f8036101dca7ee39e585\"},\"breadcrumb\":{\"@id\":\"https:\\\/\\\/quehacerpolitico.mx\\\/?p=109982#breadcrumb\"},\"inLanguage\":\"es\",\"potentialAction\":[{\"@type\":\"ReadAction\",\"target\":[\"https:\\\/\\\/quehacerpolitico.mx\\\/?p=109982\"]}]},{\"@type\":\"ImageObject\",\"inLanguage\":\"es\",\"@id\":\"https:\\\/\\\/quehacerpolitico.mx\\\/?p=109982#primaryimage\",\"url\":\"https:\\\/\\\/quehacerpolitico.mx\\\/wp-content\\\/uploads\\\/2024\\\/05\\\/IMG_5619.jpeg\",\"contentUrl\":\"https:\\\/\\\/quehacerpolitico.mx\\\/wp-content\\\/uploads\\\/2024\\\/05\\\/IMG_5619.jpeg\",\"width\":1284,\"height\":694,\"caption\":\"Screenshot\"},{\"@type\":\"BreadcrumbList\",\"@id\":\"https:\\\/\\\/quehacerpolitico.mx\\\/?p=109982#breadcrumb\",\"itemListElement\":[{\"@type\":\"ListItem\",\"position\":1,\"name\":\"Inicio\",\"item\":\"https:\\\/\\\/quehacerpolitico.mx\\\/\"},{\"@type\":\"ListItem\",\"position\":2,\"name\":\"L\u00f3pez Obrador, llam\u00f3 este mi\u00e9rcoles a los\u00a0empresarios\u00a0de la industria el\u00e9ctrica a que cuiden que sus plantas de\u00a0energ\u00eda\"}]},{\"@type\":\"WebSite\",\"@id\":\"https:\\\/\\\/quehacerpolitico.mx\\\/#website\",\"url\":\"https:\\\/\\\/quehacerpolitico.mx\\\/\",\"name\":\"\",\"description\":\"\",\"potentialAction\":[{\"@type\":\"SearchAction\",\"target\":{\"@type\":\"EntryPoint\",\"urlTemplate\":\"https:\\\/\\\/quehacerpolitico.mx\\\/?s={search_term_string}\"},\"query-input\":{\"@type\":\"PropertyValueSpecification\",\"valueRequired\":true,\"valueName\":\"search_term_string\"}}],\"inLanguage\":\"es\"},{\"@type\":\"Person\",\"@id\":\"https:\\\/\\\/quehacerpolitico.mx\\\/#\\\/schema\\\/person\\\/496d8ad2d1d3f8036101dca7ee39e585\",\"name\":\"Redacci\u00f3n QP\",\"image\":{\"@type\":\"ImageObject\",\"inLanguage\":\"es\",\"@id\":\"https:\\\/\\\/secure.gravatar.com\\\/avatar\\\/c7164ed6fdec453195284ad24a5ae5b6e1eed2b848477fa2a4787ba9adf39a41?s=96&d=mm&r=g\",\"url\":\"https:\\\/\\\/secure.gravatar.com\\\/avatar\\\/c7164ed6fdec453195284ad24a5ae5b6e1eed2b848477fa2a4787ba9adf39a41?s=96&d=mm&r=g\",\"contentUrl\":\"https:\\\/\\\/secure.gravatar.com\\\/avatar\\\/c7164ed6fdec453195284ad24a5ae5b6e1eed2b848477fa2a4787ba9adf39a41?s=96&d=mm&r=g\",\"caption\":\"Redacci\u00f3n QP\"},\"url\":\"https:\\\/\\\/quehacerpolitico.mx\\\/?author=2\"}]}<\/script>\n<!-- \/ Yoast SEO plugin. -->","yoast_head_json":{"title":"L\u00f3pez Obrador, llam\u00f3 este mi\u00e9rcoles a los\u00a0empresarios\u00a0de la industria el\u00e9ctrica a que cuiden que sus plantas de\u00a0energ\u00eda -","robots":{"index":"index","follow":"follow","max-snippet":"max-snippet:-1","max-image-preview":"max-image-preview:large","max-video-preview":"max-video-preview:-1"},"canonical":"https:\/\/quehacerpolitico.mx\/?p=109982","og_locale":"es_MX","og_type":"article","og_title":"L\u00f3pez Obrador, llam\u00f3 este mi\u00e9rcoles a los\u00a0empresarios\u00a0de la industria el\u00e9ctrica a que cuiden que sus plantas de\u00a0energ\u00eda -","og_description":"Con informaci\u00f3n de EFE Por Redacci\u00f3n QP El presidente de M\u00e9xico,\u00a0Andr\u00e9s Manuel L\u00f3pez Obrador, llam\u00f3...","og_url":"https:\/\/quehacerpolitico.mx\/?p=109982","article_published_time":"2024-05-15T18:06:53+00:00","article_modified_time":"2024-05-15T18:06:55+00:00","og_image":[{"width":1284,"height":694,"url":"https:\/\/quehacerpolitico.mx\/wp-content\/uploads\/2024\/05\/IMG_5619.jpeg","type":"image\/jpeg"}],"author":"Redacci\u00f3n QP","twitter_card":"summary_large_image","twitter_misc":{"Escrito por":"Redacci\u00f3n QP","Tiempo de lectura":"2 minutos"},"schema":{"@context":"https:\/\/schema.org","@graph":[{"@type":"Article","@id":"https:\/\/quehacerpolitico.mx\/?p=109982#article","isPartOf":{"@id":"https:\/\/quehacerpolitico.mx\/?p=109982"},"author":{"name":"Redacci\u00f3n QP","@id":"https:\/\/quehacerpolitico.mx\/#\/schema\/person\/496d8ad2d1d3f8036101dca7ee39e585"},"headline":"L\u00f3pez Obrador, llam\u00f3 este mi\u00e9rcoles a los\u00a0empresarios\u00a0de la industria el\u00e9ctrica a que cuiden que sus plantas de\u00a0energ\u00eda","datePublished":"2024-05-15T18:06:53+00:00","dateModified":"2024-05-15T18:06:55+00:00","mainEntityOfPage":{"@id":"https:\/\/quehacerpolitico.mx\/?p=109982"},"wordCount":498,"commentCount":0,"image":{"@id":"https:\/\/quehacerpolitico.mx\/?p=109982#primaryimage"},"thumbnailUrl":"https:\/\/quehacerpolitico.mx\/wp-content\/uploads\/2024\/05\/IMG_5619.jpeg","articleSection":["Noticias"],"inLanguage":"es","potentialAction":[{"@type":"CommentAction","name":"Comment","target":["https:\/\/quehacerpolitico.mx\/?p=109982#respond"]}]},{"@type":"WebPage","@id":"https:\/\/quehacerpolitico.mx\/?p=109982","url":"https:\/\/quehacerpolitico.mx\/?p=109982","name":"L\u00f3pez Obrador, llam\u00f3 este mi\u00e9rcoles a los\u00a0empresarios\u00a0de la industria el\u00e9ctrica a que cuiden que sus plantas de\u00a0energ\u00eda -","isPartOf":{"@id":"https:\/\/quehacerpolitico.mx\/#website"},"primaryImageOfPage":{"@id":"https:\/\/quehacerpolitico.mx\/?p=109982#primaryimage"},"image":{"@id":"https:\/\/quehacerpolitico.mx\/?p=109982#primaryimage"},"thumbnailUrl":"https:\/\/quehacerpolitico.mx\/wp-content\/uploads\/2024\/05\/IMG_5619.jpeg","datePublished":"2024-05-15T18:06:53+00:00","dateModified":"2024-05-15T18:06:55+00:00","author":{"@id":"https:\/\/quehacerpolitico.mx\/#\/schema\/person\/496d8ad2d1d3f8036101dca7ee39e585"},"breadcrumb":{"@id":"https:\/\/quehacerpolitico.mx\/?p=109982#breadcrumb"},"inLanguage":"es","potentialAction":[{"@type":"ReadAction","target":["https:\/\/quehacerpolitico.mx\/?p=109982"]}]},{"@type":"ImageObject","inLanguage":"es","@id":"https:\/\/quehacerpolitico.mx\/?p=109982#primaryimage","url":"https:\/\/quehacerpolitico.mx\/wp-content\/uploads\/2024\/05\/IMG_5619.jpeg","contentUrl":"https:\/\/quehacerpolitico.mx\/wp-content\/uploads\/2024\/05\/IMG_5619.jpeg","width":1284,"height":694,"caption":"Screenshot"},{"@type":"BreadcrumbList","@id":"https:\/\/quehacerpolitico.mx\/?p=109982#breadcrumb","itemListElement":[{"@type":"ListItem","position":1,"name":"Inicio","item":"https:\/\/quehacerpolitico.mx\/"},{"@type":"ListItem","position":2,"name":"L\u00f3pez Obrador, llam\u00f3 este mi\u00e9rcoles a los\u00a0empresarios\u00a0de la industria el\u00e9ctrica a que cuiden que sus plantas de\u00a0energ\u00eda"}]},{"@type":"WebSite","@id":"https:\/\/quehacerpolitico.mx\/#website","url":"https:\/\/quehacerpolitico.mx\/","name":"","description":"","potentialAction":[{"@type":"SearchAction","target":{"@type":"EntryPoint","urlTemplate":"https:\/\/quehacerpolitico.mx\/?s={search_term_string}"},"query-input":{"@type":"PropertyValueSpecification","valueRequired":true,"valueName":"search_term_string"}}],"inLanguage":"es"},{"@type":"Person","@id":"https:\/\/quehacerpolitico.mx\/#\/schema\/person\/496d8ad2d1d3f8036101dca7ee39e585","name":"Redacci\u00f3n QP","image":{"@type":"ImageObject","inLanguage":"es","@id":"https:\/\/secure.gravatar.com\/avatar\/c7164ed6fdec453195284ad24a5ae5b6e1eed2b848477fa2a4787ba9adf39a41?s=96&d=mm&r=g","url":"https:\/\/secure.gravatar.com\/avatar\/c7164ed6fdec453195284ad24a5ae5b6e1eed2b848477fa2a4787ba9adf39a41?s=96&d=mm&r=g","contentUrl":"https:\/\/secure.gravatar.com\/avatar\/c7164ed6fdec453195284ad24a5ae5b6e1eed2b848477fa2a4787ba9adf39a41?s=96&d=mm&r=g","caption":"Redacci\u00f3n QP"},"url":"https:\/\/quehacerpolitico.mx\/?author=2"}]}},"featured_image_urls":{"full":["https:\/\/quehacerpolitico.mx\/wp-content\/uploads\/2024\/05\/IMG_5619.jpeg",1284,694,false],"thumbnail":["https:\/\/quehacerpolitico.mx\/wp-content\/uploads\/2024\/05\/IMG_5619-150x150.jpeg",150,150,true],"medium":["https:\/\/quehacerpolitico.mx\/wp-content\/uploads\/2024\/05\/IMG_5619-300x162.jpeg",300,162,true],"medium_large":["https:\/\/quehacerpolitico.mx\/wp-content\/uploads\/2024\/05\/IMG_5619-768x415.jpeg",640,346,true],"large":["https:\/\/quehacerpolitico.mx\/wp-content\/uploads\/2024\/05\/IMG_5619-1024x553.jpeg",640,346,true],"1536x1536":["https:\/\/quehacerpolitico.mx\/wp-content\/uploads\/2024\/05\/IMG_5619.jpeg",1284,694,false],"2048x2048":["https:\/\/quehacerpolitico.mx\/wp-content\/uploads\/2024\/05\/IMG_5619.jpeg",1284,694,false],"covernews-featured":["https:\/\/quehacerpolitico.mx\/wp-content\/uploads\/2024\/05\/IMG_5619.jpeg",1024,553,false],"covernews-medium":["https:\/\/quehacerpolitico.mx\/wp-content\/uploads\/2024\/05\/IMG_5619.jpeg",540,292,false]},"author_info":{"display_name":"Redacci\u00f3n QP","author_link":"https:\/\/quehacerpolitico.mx\/?author=2"},"category_info":"<a href=\"https:\/\/quehacerpolitico.mx\/?cat=2\" rel=\"category\">Noticias<\/a>","tag_info":"Noticias","comment_count":"0","_links":{"self":[{"href":"https:\/\/quehacerpolitico.mx\/index.php?rest_route=\/wp\/v2\/posts\/109982","targetHints":{"allow":["GET"]}}],"collection":[{"href":"https:\/\/quehacerpolitico.mx\/index.php?rest_route=\/wp\/v2\/posts"}],"about":[{"href":"https:\/\/quehacerpolitico.mx\/index.php?rest_route=\/wp\/v2\/types\/post"}],"author":[{"embeddable":true,"href":"https:\/\/quehacerpolitico.mx\/index.php?rest_route=\/wp\/v2\/users\/2"}],"replies":[{"embeddable":true,"href":"https:\/\/quehacerpolitico.mx\/index.php?rest_route=%2Fwp%2Fv2%2Fcomments&post=109982"}],"version-history":[{"count":1,"href":"https:\/\/quehacerpolitico.mx\/index.php?rest_route=\/wp\/v2\/posts\/109982\/revisions"}],"predecessor-version":[{"id":109984,"href":"https:\/\/quehacerpolitico.mx\/index.php?rest_route=\/wp\/v2\/posts\/109982\/revisions\/109984"}],"wp:featuredmedia":[{"embeddable":true,"href":"https:\/\/quehacerpolitico.mx\/index.php?rest_route=\/wp\/v2\/media\/109983"}],"wp:attachment":[{"href":"https:\/\/quehacerpolitico.mx\/index.php?rest_route=%2Fwp%2Fv2%2Fmedia&parent=109982"}],"wp:term":[{"taxonomy":"category","embeddable":true,"href":"https:\/\/quehacerpolitico.mx\/index.php?rest_route=%2Fwp%2Fv2%2Fcategories&post=109982"},{"taxonomy":"post_tag","embeddable":true,"href":"https:\/\/quehacerpolitico.mx\/index.php?rest_route=%2Fwp%2Fv2%2Ftags&post=109982"}],"curies":[{"name":"wp","href":"https:\/\/api.w.org\/{rel}","templated":true}]}}