{"id":109979,"date":"2024-05-15T17:45:39","date_gmt":"2024-05-15T17:45:39","guid":{"rendered":"https:\/\/quehacerpolitico.mx\/?p=109979"},"modified":"2024-05-15T17:45:43","modified_gmt":"2024-05-15T17:45:43","slug":"el-quehacer-politico-internacional-carolina-alonso-romei-unicef-a-la-alza-el-transito-de-ninos-por-la-jungla-del-darien-rumbo-a-eu","status":"publish","type":"post","link":"https:\/\/quehacerpolitico.mx\/?p=109979","title":{"rendered":"El Quehacer Pol\u00edtico Internacional\/\/\/Carolina Alonso Romei\/\/\/UNICEF: A la alza el tr\u00e1nsito de ni\u00f1os por la jungla del Dari\u00e9n rumbo a EU"},"content":{"rendered":"\n<p>Por Carolina Alonso Romei<\/p>\n\n\n\n<p>Internacionalista <\/p>\n\n\n\n<p>En los primeros cuatro meses del a\u00f1o m\u00e1s, de 30 mil ni\u00f1os han cruzado el Tap\u00f3n del Dari\u00e9n<\/p>\n\n\n\n<p>El n\u00famero de ni\u00f1os que cruzan acompa\u00f1ados, y en algunos casos solos, la peligrosa jungla del Dari\u00e9n, en la frontera entre Panam\u00e1 y Colombia, con rumbo a Estados Unidos, sigue en alza,&nbsp;<mark><strong>lo que exige una respuesta r\u00e1pida y financiamiento para atender ese drama migratorio, indic\u00f3 UNICEF.<\/strong><\/mark><\/p>\n\n\n\n<p>En un an\u00e1lisis divulgado este martes, el organismo de las Naciones Unidas se\u00f1al\u00f3 que<strong>&nbsp;en los primeros cuatro meses del a\u00f1o m\u00e1s, de 30 mil ni\u00f1os han cruzado el Tap\u00f3n del Dari\u00e9n<\/strong>,&nbsp;<mark><strong>un incremento de 40% respecto de igual periodo de 2023.<\/strong><\/mark><\/p>\n\n\n\n<p><strong>Esa cifra forma parte de los m\u00e1s de 139 mil extranjeros que realizaron esa ruta en lo que va de 2024<\/strong>, la mayor\u00eda de ellos venezolanos, haitianos, chinos y ecuatorianos.<\/p>\n\n\n\n<figure class=\"wp-block-embed is-type-video is-provider-youtube wp-block-embed-youtube wp-embed-aspect-16-9 wp-has-aspect-ratio\"><div class=\"wp-block-embed__wrapper\">\n<iframe loading=\"lazy\" title=\"Unicef preocupado por el aumento de ni\u00f1os migrantes que cruzan la selva del Dari\u00e9n rumbo a EE. UU.\" width=\"640\" height=\"360\" src=\"https:\/\/www.youtube.com\/embed\/t6KWpQN6jXU?feature=oembed\" frameborder=\"0\" allow=\"accelerometer; autoplay; clipboard-write; encrypted-media; gyroscope; picture-in-picture; web-share\" referrerpolicy=\"strict-origin-when-cross-origin\" allowfullscreen><\/iframe>\n<\/div><\/figure>\n\n\n\n<p>UNICEF dijo que, con base en las tendencias observadas en los primeros cuatro meses y el contexto regional, se estima que 800 mil migrantes,&nbsp;<strong>entre ellos 160 mil ni\u00f1os y adolescentes<\/strong>, podr\u00edan cruzar la selva este a\u00f1o, y que&nbsp;<mark><strong>muchos de ellos necesitar\u00e1n probablemente asistencia humanitaria.<\/strong><\/mark><\/p>\n\n\n\n<p>&#8220;Dado que los ni\u00f1os representan una quinta parte de quienes realizan este viaje, la presencia y la respuesta de UNICEF son m\u00e1s importantes que nunca&#8221;, afirm\u00f3 el director ejecutivo adjunto del organismo, Ted Chaiban.\u00a0<mark><strong>&#8220;Muchos ni\u00f1os han muerto en este arduo y peligroso viaje&#8221;.<\/strong><\/mark><\/p>\n\n\n\n<p><strong>El a\u00f1o pasado medio mill\u00f3n de extranjeros cruzaron el Dari\u00e9n<\/strong>, una cifra r\u00e9cord, y de ellos\u00a0<mark><strong>m\u00e1s de 130 mil eran menores de edad,<\/strong><\/mark>\u00a0seg\u00fan las estad\u00edsticas del Servicio Nacional de Migraci\u00f3n de Panam\u00e1.<\/p>\n\n\n\n<p>El informe de UNICEF tiene lugar en momentos en que el presidente electo de Panam\u00e1, Jos\u00e9 Ra\u00fal Mulino, ha lanzado de manera general\u00a0<strong>su plan de poner fin a ese flujo irregular por el Dari\u00e9n,<\/strong>\u00a0una vez que asuma el poder el 1 de julio. Mulino ha advertido que ordenar\u00eda repatriaciones de aquellos que insistan en transitar por esa zona selv\u00e1tica en su ruta a Norteam\u00e9rica.<\/p>\n\n\n\n<p>Con informaci\u00f3n de AP<\/p>\n","protected":false},"excerpt":{"rendered":"<p>Por Carolina Alonso Romei Internacionalista En los primeros cuatro meses del a\u00f1o m\u00e1s, de 30&#8230;<\/p>\n","protected":false},"author":2,"featured_media":109980,"comment_status":"open","ping_status":"open","sticky":false,"template":"","format":"standard","meta":{"_monsterinsights_skip_tracking":false,"_monsterinsights_sitenote_active":false,"_monsterinsights_sitenote_note":"","_monsterinsights_sitenote_category":0,"footnotes":""},"categories":[1],"tags":[],"class_list":["post-109979","post","type-post","status-publish","format-standard","has-post-thumbnail","hentry","category-sin-categoria"],"yoast_head":"<!-- This site is optimized with the Yoast SEO plugin v27.3 - https:\/\/yoast.com\/product\/yoast-seo-wordpress\/ -->\n<title>El Quehacer Pol\u00edtico Internacional\/\/\/Carolina Alonso Romei\/\/\/UNICEF: A la alza el tr\u00e1nsito de ni\u00f1os por la jungla del Dari\u00e9n rumbo a EU -<\/title>\n<meta name=\"robots\" content=\"index, follow, max-snippet:-1, max-image-preview:large, max-video-preview:-1\" \/>\n<link rel=\"canonical\" href=\"https:\/\/quehacerpolitico.mx\/?p=109979\" \/>\n<meta property=\"og:locale\" content=\"es_MX\" \/>\n<meta property=\"og:type\" content=\"article\" \/>\n<meta property=\"og:title\" content=\"El Quehacer Pol\u00edtico Internacional\/\/\/Carolina Alonso Romei\/\/\/UNICEF: A la alza el tr\u00e1nsito de ni\u00f1os por la jungla del Dari\u00e9n rumbo a EU -\" \/>\n<meta property=\"og:description\" content=\"Por Carolina Alonso Romei Internacionalista En los primeros cuatro meses del a\u00f1o m\u00e1s, de 30...\" \/>\n<meta property=\"og:url\" content=\"https:\/\/quehacerpolitico.mx\/?p=109979\" \/>\n<meta property=\"article:published_time\" content=\"2024-05-15T17:45:39+00:00\" \/>\n<meta property=\"article:modified_time\" content=\"2024-05-15T17:45:43+00:00\" \/>\n<meta property=\"og:image\" content=\"https:\/\/quehacerpolitico.mx\/wp-content\/uploads\/2024\/05\/03fa6135-c3fe-44b7-8e96-c6ca323ffebb-8.jpeg\" \/>\n\t<meta property=\"og:image:width\" content=\"963\" \/>\n\t<meta property=\"og:image:height\" content=\"493\" \/>\n\t<meta property=\"og:image:type\" content=\"image\/jpeg\" \/>\n<meta name=\"author\" content=\"Redacci\u00f3n QP\" \/>\n<meta name=\"twitter:card\" content=\"summary_large_image\" \/>\n<meta name=\"twitter:label1\" content=\"Escrito por\" \/>\n\t<meta name=\"twitter:data1\" content=\"Redacci\u00f3n QP\" \/>\n\t<meta name=\"twitter:label2\" content=\"Tiempo de lectura\" \/>\n\t<meta name=\"twitter:data2\" content=\"2 minutos\" \/>\n<script type=\"application\/ld+json\" class=\"yoast-schema-graph\">{\"@context\":\"https:\\\/\\\/schema.org\",\"@graph\":[{\"@type\":\"Article\",\"@id\":\"https:\\\/\\\/quehacerpolitico.mx\\\/?p=109979#article\",\"isPartOf\":{\"@id\":\"https:\\\/\\\/quehacerpolitico.mx\\\/?p=109979\"},\"author\":{\"name\":\"Redacci\u00f3n QP\",\"@id\":\"https:\\\/\\\/quehacerpolitico.mx\\\/#\\\/schema\\\/person\\\/496d8ad2d1d3f8036101dca7ee39e585\"},\"headline\":\"El Quehacer Pol\u00edtico Internacional\\\/\\\/\\\/Carolina Alonso Romei\\\/\\\/\\\/UNICEF: A la alza el tr\u00e1nsito de ni\u00f1os por la jungla del Dari\u00e9n rumbo a EU\",\"datePublished\":\"2024-05-15T17:45:39+00:00\",\"dateModified\":\"2024-05-15T17:45:43+00:00\",\"mainEntityOfPage\":{\"@id\":\"https:\\\/\\\/quehacerpolitico.mx\\\/?p=109979\"},\"wordCount\":407,\"commentCount\":0,\"image\":{\"@id\":\"https:\\\/\\\/quehacerpolitico.mx\\\/?p=109979#primaryimage\"},\"thumbnailUrl\":\"https:\\\/\\\/quehacerpolitico.mx\\\/wp-content\\\/uploads\\\/2024\\\/05\\\/03fa6135-c3fe-44b7-8e96-c6ca323ffebb-8.jpeg\",\"articleSection\":[\"Internacionales\"],\"inLanguage\":\"es\",\"potentialAction\":[{\"@type\":\"CommentAction\",\"name\":\"Comment\",\"target\":[\"https:\\\/\\\/quehacerpolitico.mx\\\/?p=109979#respond\"]}]},{\"@type\":\"WebPage\",\"@id\":\"https:\\\/\\\/quehacerpolitico.mx\\\/?p=109979\",\"url\":\"https:\\\/\\\/quehacerpolitico.mx\\\/?p=109979\",\"name\":\"El Quehacer Pol\u00edtico Internacional\\\/\\\/\\\/Carolina Alonso Romei\\\/\\\/\\\/UNICEF: A la alza el tr\u00e1nsito de ni\u00f1os por la jungla del Dari\u00e9n rumbo a EU -\",\"isPartOf\":{\"@id\":\"https:\\\/\\\/quehacerpolitico.mx\\\/#website\"},\"primaryImageOfPage\":{\"@id\":\"https:\\\/\\\/quehacerpolitico.mx\\\/?p=109979#primaryimage\"},\"image\":{\"@id\":\"https:\\\/\\\/quehacerpolitico.mx\\\/?p=109979#primaryimage\"},\"thumbnailUrl\":\"https:\\\/\\\/quehacerpolitico.mx\\\/wp-content\\\/uploads\\\/2024\\\/05\\\/03fa6135-c3fe-44b7-8e96-c6ca323ffebb-8.jpeg\",\"datePublished\":\"2024-05-15T17:45:39+00:00\",\"dateModified\":\"2024-05-15T17:45:43+00:00\",\"author\":{\"@id\":\"https:\\\/\\\/quehacerpolitico.mx\\\/#\\\/schema\\\/person\\\/496d8ad2d1d3f8036101dca7ee39e585\"},\"breadcrumb\":{\"@id\":\"https:\\\/\\\/quehacerpolitico.mx\\\/?p=109979#breadcrumb\"},\"inLanguage\":\"es\",\"potentialAction\":[{\"@type\":\"ReadAction\",\"target\":[\"https:\\\/\\\/quehacerpolitico.mx\\\/?p=109979\"]}]},{\"@type\":\"ImageObject\",\"inLanguage\":\"es\",\"@id\":\"https:\\\/\\\/quehacerpolitico.mx\\\/?p=109979#primaryimage\",\"url\":\"https:\\\/\\\/quehacerpolitico.mx\\\/wp-content\\\/uploads\\\/2024\\\/05\\\/03fa6135-c3fe-44b7-8e96-c6ca323ffebb-8.jpeg\",\"contentUrl\":\"https:\\\/\\\/quehacerpolitico.mx\\\/wp-content\\\/uploads\\\/2024\\\/05\\\/03fa6135-c3fe-44b7-8e96-c6ca323ffebb-8.jpeg\",\"width\":963,\"height\":493},{\"@type\":\"BreadcrumbList\",\"@id\":\"https:\\\/\\\/quehacerpolitico.mx\\\/?p=109979#breadcrumb\",\"itemListElement\":[{\"@type\":\"ListItem\",\"position\":1,\"name\":\"Inicio\",\"item\":\"https:\\\/\\\/quehacerpolitico.mx\\\/\"},{\"@type\":\"ListItem\",\"position\":2,\"name\":\"El Quehacer Pol\u00edtico Internacional\\\/\\\/\\\/Carolina Alonso Romei\\\/\\\/\\\/UNICEF: A la alza el tr\u00e1nsito de ni\u00f1os por la jungla del Dari\u00e9n rumbo a EU\"}]},{\"@type\":\"WebSite\",\"@id\":\"https:\\\/\\\/quehacerpolitico.mx\\\/#website\",\"url\":\"https:\\\/\\\/quehacerpolitico.mx\\\/\",\"name\":\"\",\"description\":\"\",\"potentialAction\":[{\"@type\":\"SearchAction\",\"target\":{\"@type\":\"EntryPoint\",\"urlTemplate\":\"https:\\\/\\\/quehacerpolitico.mx\\\/?s={search_term_string}\"},\"query-input\":{\"@type\":\"PropertyValueSpecification\",\"valueRequired\":true,\"valueName\":\"search_term_string\"}}],\"inLanguage\":\"es\"},{\"@type\":\"Person\",\"@id\":\"https:\\\/\\\/quehacerpolitico.mx\\\/#\\\/schema\\\/person\\\/496d8ad2d1d3f8036101dca7ee39e585\",\"name\":\"Redacci\u00f3n QP\",\"image\":{\"@type\":\"ImageObject\",\"inLanguage\":\"es\",\"@id\":\"https:\\\/\\\/secure.gravatar.com\\\/avatar\\\/c7164ed6fdec453195284ad24a5ae5b6e1eed2b848477fa2a4787ba9adf39a41?s=96&d=mm&r=g\",\"url\":\"https:\\\/\\\/secure.gravatar.com\\\/avatar\\\/c7164ed6fdec453195284ad24a5ae5b6e1eed2b848477fa2a4787ba9adf39a41?s=96&d=mm&r=g\",\"contentUrl\":\"https:\\\/\\\/secure.gravatar.com\\\/avatar\\\/c7164ed6fdec453195284ad24a5ae5b6e1eed2b848477fa2a4787ba9adf39a41?s=96&d=mm&r=g\",\"caption\":\"Redacci\u00f3n QP\"},\"url\":\"https:\\\/\\\/quehacerpolitico.mx\\\/?author=2\"}]}<\/script>\n<!-- \/ Yoast SEO plugin. -->","yoast_head_json":{"title":"El Quehacer Pol\u00edtico Internacional\/\/\/Carolina Alonso Romei\/\/\/UNICEF: A la alza el tr\u00e1nsito de ni\u00f1os por la jungla del Dari\u00e9n rumbo a EU -","robots":{"index":"index","follow":"follow","max-snippet":"max-snippet:-1","max-image-preview":"max-image-preview:large","max-video-preview":"max-video-preview:-1"},"canonical":"https:\/\/quehacerpolitico.mx\/?p=109979","og_locale":"es_MX","og_type":"article","og_title":"El Quehacer Pol\u00edtico Internacional\/\/\/Carolina Alonso Romei\/\/\/UNICEF: A la alza el tr\u00e1nsito de ni\u00f1os por la jungla del Dari\u00e9n rumbo a EU -","og_description":"Por Carolina Alonso Romei Internacionalista En los primeros cuatro meses del a\u00f1o m\u00e1s, de 30...","og_url":"https:\/\/quehacerpolitico.mx\/?p=109979","article_published_time":"2024-05-15T17:45:39+00:00","article_modified_time":"2024-05-15T17:45:43+00:00","og_image":[{"width":963,"height":493,"url":"https:\/\/quehacerpolitico.mx\/wp-content\/uploads\/2024\/05\/03fa6135-c3fe-44b7-8e96-c6ca323ffebb-8.jpeg","type":"image\/jpeg"}],"author":"Redacci\u00f3n QP","twitter_card":"summary_large_image","twitter_misc":{"Escrito por":"Redacci\u00f3n QP","Tiempo de lectura":"2 minutos"},"schema":{"@context":"https:\/\/schema.org","@graph":[{"@type":"Article","@id":"https:\/\/quehacerpolitico.mx\/?p=109979#article","isPartOf":{"@id":"https:\/\/quehacerpolitico.mx\/?p=109979"},"author":{"name":"Redacci\u00f3n QP","@id":"https:\/\/quehacerpolitico.mx\/#\/schema\/person\/496d8ad2d1d3f8036101dca7ee39e585"},"headline":"El Quehacer Pol\u00edtico Internacional\/\/\/Carolina Alonso Romei\/\/\/UNICEF: A la alza el tr\u00e1nsito de ni\u00f1os por la jungla del Dari\u00e9n rumbo a EU","datePublished":"2024-05-15T17:45:39+00:00","dateModified":"2024-05-15T17:45:43+00:00","mainEntityOfPage":{"@id":"https:\/\/quehacerpolitico.mx\/?p=109979"},"wordCount":407,"commentCount":0,"image":{"@id":"https:\/\/quehacerpolitico.mx\/?p=109979#primaryimage"},"thumbnailUrl":"https:\/\/quehacerpolitico.mx\/wp-content\/uploads\/2024\/05\/03fa6135-c3fe-44b7-8e96-c6ca323ffebb-8.jpeg","articleSection":["Internacionales"],"inLanguage":"es","potentialAction":[{"@type":"CommentAction","name":"Comment","target":["https:\/\/quehacerpolitico.mx\/?p=109979#respond"]}]},{"@type":"WebPage","@id":"https:\/\/quehacerpolitico.mx\/?p=109979","url":"https:\/\/quehacerpolitico.mx\/?p=109979","name":"El Quehacer Pol\u00edtico Internacional\/\/\/Carolina Alonso Romei\/\/\/UNICEF: A la alza el tr\u00e1nsito de ni\u00f1os por la jungla del Dari\u00e9n rumbo a EU -","isPartOf":{"@id":"https:\/\/quehacerpolitico.mx\/#website"},"primaryImageOfPage":{"@id":"https:\/\/quehacerpolitico.mx\/?p=109979#primaryimage"},"image":{"@id":"https:\/\/quehacerpolitico.mx\/?p=109979#primaryimage"},"thumbnailUrl":"https:\/\/quehacerpolitico.mx\/wp-content\/uploads\/2024\/05\/03fa6135-c3fe-44b7-8e96-c6ca323ffebb-8.jpeg","datePublished":"2024-05-15T17:45:39+00:00","dateModified":"2024-05-15T17:45:43+00:00","author":{"@id":"https:\/\/quehacerpolitico.mx\/#\/schema\/person\/496d8ad2d1d3f8036101dca7ee39e585"},"breadcrumb":{"@id":"https:\/\/quehacerpolitico.mx\/?p=109979#breadcrumb"},"inLanguage":"es","potentialAction":[{"@type":"ReadAction","target":["https:\/\/quehacerpolitico.mx\/?p=109979"]}]},{"@type":"ImageObject","inLanguage":"es","@id":"https:\/\/quehacerpolitico.mx\/?p=109979#primaryimage","url":"https:\/\/quehacerpolitico.mx\/wp-content\/uploads\/2024\/05\/03fa6135-c3fe-44b7-8e96-c6ca323ffebb-8.jpeg","contentUrl":"https:\/\/quehacerpolitico.mx\/wp-content\/uploads\/2024\/05\/03fa6135-c3fe-44b7-8e96-c6ca323ffebb-8.jpeg","width":963,"height":493},{"@type":"BreadcrumbList","@id":"https:\/\/quehacerpolitico.mx\/?p=109979#breadcrumb","itemListElement":[{"@type":"ListItem","position":1,"name":"Inicio","item":"https:\/\/quehacerpolitico.mx\/"},{"@type":"ListItem","position":2,"name":"El Quehacer Pol\u00edtico Internacional\/\/\/Carolina Alonso Romei\/\/\/UNICEF: A la alza el tr\u00e1nsito de ni\u00f1os por la jungla del Dari\u00e9n rumbo a EU"}]},{"@type":"WebSite","@id":"https:\/\/quehacerpolitico.mx\/#website","url":"https:\/\/quehacerpolitico.mx\/","name":"","description":"","potentialAction":[{"@type":"SearchAction","target":{"@type":"EntryPoint","urlTemplate":"https:\/\/quehacerpolitico.mx\/?s={search_term_string}"},"query-input":{"@type":"PropertyValueSpecification","valueRequired":true,"valueName":"search_term_string"}}],"inLanguage":"es"},{"@type":"Person","@id":"https:\/\/quehacerpolitico.mx\/#\/schema\/person\/496d8ad2d1d3f8036101dca7ee39e585","name":"Redacci\u00f3n QP","image":{"@type":"ImageObject","inLanguage":"es","@id":"https:\/\/secure.gravatar.com\/avatar\/c7164ed6fdec453195284ad24a5ae5b6e1eed2b848477fa2a4787ba9adf39a41?s=96&d=mm&r=g","url":"https:\/\/secure.gravatar.com\/avatar\/c7164ed6fdec453195284ad24a5ae5b6e1eed2b848477fa2a4787ba9adf39a41?s=96&d=mm&r=g","contentUrl":"https:\/\/secure.gravatar.com\/avatar\/c7164ed6fdec453195284ad24a5ae5b6e1eed2b848477fa2a4787ba9adf39a41?s=96&d=mm&r=g","caption":"Redacci\u00f3n QP"},"url":"https:\/\/quehacerpolitico.mx\/?author=2"}]}},"featured_image_urls":{"full":["https:\/\/quehacerpolitico.mx\/wp-content\/uploads\/2024\/05\/03fa6135-c3fe-44b7-8e96-c6ca323ffebb-8.jpeg",963,493,false],"thumbnail":["https:\/\/quehacerpolitico.mx\/wp-content\/uploads\/2024\/05\/03fa6135-c3fe-44b7-8e96-c6ca323ffebb-8-150x150.jpeg",150,150,true],"medium":["https:\/\/quehacerpolitico.mx\/wp-content\/uploads\/2024\/05\/03fa6135-c3fe-44b7-8e96-c6ca323ffebb-8-300x154.jpeg",300,154,true],"medium_large":["https:\/\/quehacerpolitico.mx\/wp-content\/uploads\/2024\/05\/03fa6135-c3fe-44b7-8e96-c6ca323ffebb-8-768x393.jpeg",640,328,true],"large":["https:\/\/quehacerpolitico.mx\/wp-content\/uploads\/2024\/05\/03fa6135-c3fe-44b7-8e96-c6ca323ffebb-8.jpeg",640,328,false],"1536x1536":["https:\/\/quehacerpolitico.mx\/wp-content\/uploads\/2024\/05\/03fa6135-c3fe-44b7-8e96-c6ca323ffebb-8.jpeg",963,493,false],"2048x2048":["https:\/\/quehacerpolitico.mx\/wp-content\/uploads\/2024\/05\/03fa6135-c3fe-44b7-8e96-c6ca323ffebb-8.jpeg",963,493,false],"covernews-featured":["https:\/\/quehacerpolitico.mx\/wp-content\/uploads\/2024\/05\/03fa6135-c3fe-44b7-8e96-c6ca323ffebb-8.jpeg",963,493,false],"covernews-medium":["https:\/\/quehacerpolitico.mx\/wp-content\/uploads\/2024\/05\/03fa6135-c3fe-44b7-8e96-c6ca323ffebb-8.jpeg",540,276,false]},"author_info":{"display_name":"Redacci\u00f3n QP","author_link":"https:\/\/quehacerpolitico.mx\/?author=2"},"category_info":"<a href=\"https:\/\/quehacerpolitico.mx\/?cat=1\" rel=\"category\">Internacionales<\/a>","tag_info":"Internacionales","comment_count":"0","_links":{"self":[{"href":"https:\/\/quehacerpolitico.mx\/index.php?rest_route=\/wp\/v2\/posts\/109979","targetHints":{"allow":["GET"]}}],"collection":[{"href":"https:\/\/quehacerpolitico.mx\/index.php?rest_route=\/wp\/v2\/posts"}],"about":[{"href":"https:\/\/quehacerpolitico.mx\/index.php?rest_route=\/wp\/v2\/types\/post"}],"author":[{"embeddable":true,"href":"https:\/\/quehacerpolitico.mx\/index.php?rest_route=\/wp\/v2\/users\/2"}],"replies":[{"embeddable":true,"href":"https:\/\/quehacerpolitico.mx\/index.php?rest_route=%2Fwp%2Fv2%2Fcomments&post=109979"}],"version-history":[{"count":1,"href":"https:\/\/quehacerpolitico.mx\/index.php?rest_route=\/wp\/v2\/posts\/109979\/revisions"}],"predecessor-version":[{"id":109981,"href":"https:\/\/quehacerpolitico.mx\/index.php?rest_route=\/wp\/v2\/posts\/109979\/revisions\/109981"}],"wp:featuredmedia":[{"embeddable":true,"href":"https:\/\/quehacerpolitico.mx\/index.php?rest_route=\/wp\/v2\/media\/109980"}],"wp:attachment":[{"href":"https:\/\/quehacerpolitico.mx\/index.php?rest_route=%2Fwp%2Fv2%2Fmedia&parent=109979"}],"wp:term":[{"taxonomy":"category","embeddable":true,"href":"https:\/\/quehacerpolitico.mx\/index.php?rest_route=%2Fwp%2Fv2%2Fcategories&post=109979"},{"taxonomy":"post_tag","embeddable":true,"href":"https:\/\/quehacerpolitico.mx\/index.php?rest_route=%2Fwp%2Fv2%2Ftags&post=109979"}],"curies":[{"name":"wp","href":"https:\/\/api.w.org\/{rel}","templated":true}]}}