{"id":109973,"date":"2024-05-15T16:54:24","date_gmt":"2024-05-15T16:54:24","guid":{"rendered":"https:\/\/quehacerpolitico.mx\/?p=109973"},"modified":"2024-05-15T16:55:35","modified_gmt":"2024-05-15T16:55:35","slug":"la-fifa-anuncia-que-el-primer-mundial-de-clubes-femenil-se-disputara-en-2026-con-16-equipos-aun-no-hay-sede","status":"publish","type":"post","link":"https:\/\/quehacerpolitico.mx\/?p=109973","title":{"rendered":"La FIFA anuncia que el primer Mundial de Clubes femenil se disputar\u00e1 en 2026 con 16 equipos; a\u00fan no hay sede"},"content":{"rendered":"\n<p>Por Redacci\u00f3n QP<\/p>\n\n\n\n<p>La FIFA anunci\u00f3 el calendario internacional de futbol femenil, donde se incluye, en 2026, el primer Mundial de Clubes de la categor\u00eda.<\/p>\n\n\n\n<p>El&nbsp;<strong>primer Mundial de Clubes femenil<\/strong>&nbsp;se celebrar\u00e1 entre enero y febrero de<strong>&nbsp;2026<\/strong>&nbsp;con la participaci\u00f3n de<strong>&nbsp;16 equipos<\/strong>, seg\u00fan aprob\u00f3 este mi\u00e9rcoles el&nbsp;<strong>Consejo de la FIFA<\/strong>&nbsp;reunido en Bangkok.<\/p>\n\n\n\n<p>Todav\u00eda queda por determinar la\u00a0<strong>sede<\/strong>\u00a0de este nuevo torneo que se celebrar\u00e1 cada cuatro a\u00f1os, apunt\u00f3 la FIFA en un\u00a0comunicado sin apuntar m\u00e1s detalles.<\/p>\n\n\n\n<figure class=\"wp-block-embed is-type-rich is-provider-twitter wp-block-embed-twitter\"><div class=\"wp-block-embed__wrapper\">\n<blockquote class=\"twitter-tweet\" data-width=\"550\" data-dnt=\"true\"><p lang=\"es\" dir=\"ltr\">\ud83d\udd18 Aprobado el calendario internacional femenino de la FIFA 2026-2029 <br><br>\ud83d\udd18 Primera edici\u00f3n de la Copa Mundial Femenina de Clubes de la FIFA\u2122 a inicios de 2026<br><br>\ud83d\udd18 Mattias Grafstr\u00f6m nombrado oficialmente secretario general de la FIFA<br><br>As\u00ed fue la reuni\u00f3n del Consejo de la FIFA: \ud83d\udc47<\/p>&mdash; FIFA (Espa\u00f1ol) (@fifacom_es) <a href=\"https:\/\/twitter.com\/fifacom_es\/status\/1790657307975491826?ref_src=twsrc%5Etfw\">May 15, 2024<\/a><\/blockquote><script async src=\"https:\/\/platform.twitter.com\/widgets.js\" charset=\"utf-8\"><\/script>\n<\/div><\/figure>\n\n\n\n<h2 class=\"wp-block-heading\" id=\"h-calendario\">CALENDARIO<\/h2>\n\n\n\n<p>El principal \u00f3rgano de toma de decisiones de la FIFA ratific\u00f3 por \u201cunanimidad\u201d, en una cita previa al Congreso que celebra el viernes en la capital tailandesa, el&nbsp;<strong>calendario de partidos internacionales femeniles&nbsp;<\/strong>para los a\u00f1os<strong>&nbsp;2026-2029<\/strong>.<\/p>\n\n\n\n<p>Este calendario brindar\u00e1&nbsp;<strong>m\u00e1s oportunidades de descanso y recuperaci\u00f3n para las jugadoras<\/strong>, con una&nbsp;<strong>reducci\u00f3n en el n\u00famero de ventanas internacionales de seis a cinco<\/strong>, lo que \u201cfacilitar\u00e1 menos interrupciones en las ligas nacionales y reducir\u00e1 los viajes\u201d.<\/p>\n\n\n\n<p>\u201cEl\u00a0<strong>calendario internacional femenino\u00a0<\/strong>y las reformas a nuestras regulaciones son un paso importante en nuestro compromiso de llevar el futbol femenino al siguiente nivel\u00a0<strong>aumentando la competitividad<\/strong>\u00a0en todo el mundo, especialmente en las regiones donde el futbol femenino est\u00e1 menos desarrollado y hay menos protecci\u00f3n al bienestar de las jugadoras\u201d, remarc\u00f3 el presidente de la FIFA, Gianni Infantino.<\/p>\n\n\n\n<p>Este viernes, el Congreso de la FIFA, tras anunciar el primer Mundial de Clubes femenil, tambi\u00e9n se conocer\u00e1 la\u00a0<strong>sede del Mundial de selecciones<\/strong>\u00a0a la que optan las candidaturas de Brasil y, de manera conjunta, Alemania-B\u00e9lgica y Pa\u00edses Bajos, que se elegir\u00e1 por primera vez mediante votaci\u00f3n abierta.<\/p>\n\n\n\n<p>Con informaci\u00f3n de EFE<\/p>\n","protected":false},"excerpt":{"rendered":"<p>Por Redacci\u00f3n QP La FIFA anunci\u00f3 el calendario internacional de futbol femenil, donde se incluye,&#8230;<\/p>\n","protected":false},"author":2,"featured_media":109974,"comment_status":"open","ping_status":"open","sticky":false,"template":"","format":"standard","meta":{"_monsterinsights_skip_tracking":false,"_monsterinsights_sitenote_active":false,"_monsterinsights_sitenote_note":"","_monsterinsights_sitenote_category":0,"footnotes":""},"categories":[54],"tags":[],"class_list":["post-109973","post","type-post","status-publish","format-standard","has-post-thumbnail","hentry","category-deportes"],"yoast_head":"<!-- This site is optimized with the Yoast SEO plugin v27.3 - https:\/\/yoast.com\/product\/yoast-seo-wordpress\/ -->\n<title>La FIFA anuncia que el primer Mundial de Clubes femenil se disputar\u00e1 en 2026 con 16 equipos; a\u00fan no hay sede -<\/title>\n<meta name=\"robots\" content=\"index, follow, max-snippet:-1, max-image-preview:large, max-video-preview:-1\" \/>\n<link rel=\"canonical\" href=\"https:\/\/quehacerpolitico.mx\/?p=109973\" \/>\n<meta property=\"og:locale\" content=\"es_MX\" \/>\n<meta property=\"og:type\" content=\"article\" \/>\n<meta property=\"og:title\" content=\"La FIFA anuncia que el primer Mundial de Clubes femenil se disputar\u00e1 en 2026 con 16 equipos; a\u00fan no hay sede -\" \/>\n<meta property=\"og:description\" content=\"Por Redacci\u00f3n QP La FIFA anunci\u00f3 el calendario internacional de futbol femenil, donde se incluye,...\" \/>\n<meta property=\"og:url\" content=\"https:\/\/quehacerpolitico.mx\/?p=109973\" \/>\n<meta property=\"article:published_time\" content=\"2024-05-15T16:54:24+00:00\" \/>\n<meta property=\"article:modified_time\" content=\"2024-05-15T16:55:35+00:00\" \/>\n<meta property=\"og:image\" content=\"https:\/\/quehacerpolitico.mx\/wp-content\/uploads\/2024\/05\/IMG_5616.jpeg\" \/>\n\t<meta property=\"og:image:width\" content=\"764\" \/>\n\t<meta property=\"og:image:height\" content=\"401\" \/>\n\t<meta property=\"og:image:type\" content=\"image\/jpeg\" \/>\n<meta name=\"author\" content=\"Redacci\u00f3n QP\" \/>\n<meta name=\"twitter:card\" content=\"summary_large_image\" \/>\n<meta name=\"twitter:label1\" content=\"Escrito por\" \/>\n\t<meta name=\"twitter:data1\" content=\"Redacci\u00f3n QP\" \/>\n\t<meta name=\"twitter:label2\" content=\"Tiempo de lectura\" \/>\n\t<meta name=\"twitter:data2\" content=\"2 minutos\" \/>\n<script type=\"application\/ld+json\" class=\"yoast-schema-graph\">{\"@context\":\"https:\\\/\\\/schema.org\",\"@graph\":[{\"@type\":\"Article\",\"@id\":\"https:\\\/\\\/quehacerpolitico.mx\\\/?p=109973#article\",\"isPartOf\":{\"@id\":\"https:\\\/\\\/quehacerpolitico.mx\\\/?p=109973\"},\"author\":{\"name\":\"Redacci\u00f3n QP\",\"@id\":\"https:\\\/\\\/quehacerpolitico.mx\\\/#\\\/schema\\\/person\\\/496d8ad2d1d3f8036101dca7ee39e585\"},\"headline\":\"La FIFA anuncia que el primer Mundial de Clubes femenil se disputar\u00e1 en 2026 con 16 equipos; a\u00fan no hay sede\",\"datePublished\":\"2024-05-15T16:54:24+00:00\",\"dateModified\":\"2024-05-15T16:55:35+00:00\",\"mainEntityOfPage\":{\"@id\":\"https:\\\/\\\/quehacerpolitico.mx\\\/?p=109973\"},\"wordCount\":332,\"commentCount\":0,\"image\":{\"@id\":\"https:\\\/\\\/quehacerpolitico.mx\\\/?p=109973#primaryimage\"},\"thumbnailUrl\":\"https:\\\/\\\/quehacerpolitico.mx\\\/wp-content\\\/uploads\\\/2024\\\/05\\\/IMG_5616.jpeg\",\"articleSection\":[\"Deportes\"],\"inLanguage\":\"es\",\"potentialAction\":[{\"@type\":\"CommentAction\",\"name\":\"Comment\",\"target\":[\"https:\\\/\\\/quehacerpolitico.mx\\\/?p=109973#respond\"]}]},{\"@type\":\"WebPage\",\"@id\":\"https:\\\/\\\/quehacerpolitico.mx\\\/?p=109973\",\"url\":\"https:\\\/\\\/quehacerpolitico.mx\\\/?p=109973\",\"name\":\"La FIFA anuncia que el primer Mundial de Clubes femenil se disputar\u00e1 en 2026 con 16 equipos; a\u00fan no hay sede -\",\"isPartOf\":{\"@id\":\"https:\\\/\\\/quehacerpolitico.mx\\\/#website\"},\"primaryImageOfPage\":{\"@id\":\"https:\\\/\\\/quehacerpolitico.mx\\\/?p=109973#primaryimage\"},\"image\":{\"@id\":\"https:\\\/\\\/quehacerpolitico.mx\\\/?p=109973#primaryimage\"},\"thumbnailUrl\":\"https:\\\/\\\/quehacerpolitico.mx\\\/wp-content\\\/uploads\\\/2024\\\/05\\\/IMG_5616.jpeg\",\"datePublished\":\"2024-05-15T16:54:24+00:00\",\"dateModified\":\"2024-05-15T16:55:35+00:00\",\"author\":{\"@id\":\"https:\\\/\\\/quehacerpolitico.mx\\\/#\\\/schema\\\/person\\\/496d8ad2d1d3f8036101dca7ee39e585\"},\"breadcrumb\":{\"@id\":\"https:\\\/\\\/quehacerpolitico.mx\\\/?p=109973#breadcrumb\"},\"inLanguage\":\"es\",\"potentialAction\":[{\"@type\":\"ReadAction\",\"target\":[\"https:\\\/\\\/quehacerpolitico.mx\\\/?p=109973\"]}]},{\"@type\":\"ImageObject\",\"inLanguage\":\"es\",\"@id\":\"https:\\\/\\\/quehacerpolitico.mx\\\/?p=109973#primaryimage\",\"url\":\"https:\\\/\\\/quehacerpolitico.mx\\\/wp-content\\\/uploads\\\/2024\\\/05\\\/IMG_5616.jpeg\",\"contentUrl\":\"https:\\\/\\\/quehacerpolitico.mx\\\/wp-content\\\/uploads\\\/2024\\\/05\\\/IMG_5616.jpeg\",\"width\":764,\"height\":401},{\"@type\":\"BreadcrumbList\",\"@id\":\"https:\\\/\\\/quehacerpolitico.mx\\\/?p=109973#breadcrumb\",\"itemListElement\":[{\"@type\":\"ListItem\",\"position\":1,\"name\":\"Inicio\",\"item\":\"https:\\\/\\\/quehacerpolitico.mx\\\/\"},{\"@type\":\"ListItem\",\"position\":2,\"name\":\"La FIFA anuncia que el primer Mundial de Clubes femenil se disputar\u00e1 en 2026 con 16 equipos; a\u00fan no hay sede\"}]},{\"@type\":\"WebSite\",\"@id\":\"https:\\\/\\\/quehacerpolitico.mx\\\/#website\",\"url\":\"https:\\\/\\\/quehacerpolitico.mx\\\/\",\"name\":\"\",\"description\":\"\",\"potentialAction\":[{\"@type\":\"SearchAction\",\"target\":{\"@type\":\"EntryPoint\",\"urlTemplate\":\"https:\\\/\\\/quehacerpolitico.mx\\\/?s={search_term_string}\"},\"query-input\":{\"@type\":\"PropertyValueSpecification\",\"valueRequired\":true,\"valueName\":\"search_term_string\"}}],\"inLanguage\":\"es\"},{\"@type\":\"Person\",\"@id\":\"https:\\\/\\\/quehacerpolitico.mx\\\/#\\\/schema\\\/person\\\/496d8ad2d1d3f8036101dca7ee39e585\",\"name\":\"Redacci\u00f3n QP\",\"image\":{\"@type\":\"ImageObject\",\"inLanguage\":\"es\",\"@id\":\"https:\\\/\\\/secure.gravatar.com\\\/avatar\\\/c7164ed6fdec453195284ad24a5ae5b6e1eed2b848477fa2a4787ba9adf39a41?s=96&d=mm&r=g\",\"url\":\"https:\\\/\\\/secure.gravatar.com\\\/avatar\\\/c7164ed6fdec453195284ad24a5ae5b6e1eed2b848477fa2a4787ba9adf39a41?s=96&d=mm&r=g\",\"contentUrl\":\"https:\\\/\\\/secure.gravatar.com\\\/avatar\\\/c7164ed6fdec453195284ad24a5ae5b6e1eed2b848477fa2a4787ba9adf39a41?s=96&d=mm&r=g\",\"caption\":\"Redacci\u00f3n QP\"},\"url\":\"https:\\\/\\\/quehacerpolitico.mx\\\/?author=2\"}]}<\/script>\n<!-- \/ Yoast SEO plugin. -->","yoast_head_json":{"title":"La FIFA anuncia que el primer Mundial de Clubes femenil se disputar\u00e1 en 2026 con 16 equipos; a\u00fan no hay sede -","robots":{"index":"index","follow":"follow","max-snippet":"max-snippet:-1","max-image-preview":"max-image-preview:large","max-video-preview":"max-video-preview:-1"},"canonical":"https:\/\/quehacerpolitico.mx\/?p=109973","og_locale":"es_MX","og_type":"article","og_title":"La FIFA anuncia que el primer Mundial de Clubes femenil se disputar\u00e1 en 2026 con 16 equipos; a\u00fan no hay sede -","og_description":"Por Redacci\u00f3n QP La FIFA anunci\u00f3 el calendario internacional de futbol femenil, donde se incluye,...","og_url":"https:\/\/quehacerpolitico.mx\/?p=109973","article_published_time":"2024-05-15T16:54:24+00:00","article_modified_time":"2024-05-15T16:55:35+00:00","og_image":[{"width":764,"height":401,"url":"https:\/\/quehacerpolitico.mx\/wp-content\/uploads\/2024\/05\/IMG_5616.jpeg","type":"image\/jpeg"}],"author":"Redacci\u00f3n QP","twitter_card":"summary_large_image","twitter_misc":{"Escrito por":"Redacci\u00f3n QP","Tiempo de lectura":"2 minutos"},"schema":{"@context":"https:\/\/schema.org","@graph":[{"@type":"Article","@id":"https:\/\/quehacerpolitico.mx\/?p=109973#article","isPartOf":{"@id":"https:\/\/quehacerpolitico.mx\/?p=109973"},"author":{"name":"Redacci\u00f3n QP","@id":"https:\/\/quehacerpolitico.mx\/#\/schema\/person\/496d8ad2d1d3f8036101dca7ee39e585"},"headline":"La FIFA anuncia que el primer Mundial de Clubes femenil se disputar\u00e1 en 2026 con 16 equipos; a\u00fan no hay sede","datePublished":"2024-05-15T16:54:24+00:00","dateModified":"2024-05-15T16:55:35+00:00","mainEntityOfPage":{"@id":"https:\/\/quehacerpolitico.mx\/?p=109973"},"wordCount":332,"commentCount":0,"image":{"@id":"https:\/\/quehacerpolitico.mx\/?p=109973#primaryimage"},"thumbnailUrl":"https:\/\/quehacerpolitico.mx\/wp-content\/uploads\/2024\/05\/IMG_5616.jpeg","articleSection":["Deportes"],"inLanguage":"es","potentialAction":[{"@type":"CommentAction","name":"Comment","target":["https:\/\/quehacerpolitico.mx\/?p=109973#respond"]}]},{"@type":"WebPage","@id":"https:\/\/quehacerpolitico.mx\/?p=109973","url":"https:\/\/quehacerpolitico.mx\/?p=109973","name":"La FIFA anuncia que el primer Mundial de Clubes femenil se disputar\u00e1 en 2026 con 16 equipos; a\u00fan no hay sede -","isPartOf":{"@id":"https:\/\/quehacerpolitico.mx\/#website"},"primaryImageOfPage":{"@id":"https:\/\/quehacerpolitico.mx\/?p=109973#primaryimage"},"image":{"@id":"https:\/\/quehacerpolitico.mx\/?p=109973#primaryimage"},"thumbnailUrl":"https:\/\/quehacerpolitico.mx\/wp-content\/uploads\/2024\/05\/IMG_5616.jpeg","datePublished":"2024-05-15T16:54:24+00:00","dateModified":"2024-05-15T16:55:35+00:00","author":{"@id":"https:\/\/quehacerpolitico.mx\/#\/schema\/person\/496d8ad2d1d3f8036101dca7ee39e585"},"breadcrumb":{"@id":"https:\/\/quehacerpolitico.mx\/?p=109973#breadcrumb"},"inLanguage":"es","potentialAction":[{"@type":"ReadAction","target":["https:\/\/quehacerpolitico.mx\/?p=109973"]}]},{"@type":"ImageObject","inLanguage":"es","@id":"https:\/\/quehacerpolitico.mx\/?p=109973#primaryimage","url":"https:\/\/quehacerpolitico.mx\/wp-content\/uploads\/2024\/05\/IMG_5616.jpeg","contentUrl":"https:\/\/quehacerpolitico.mx\/wp-content\/uploads\/2024\/05\/IMG_5616.jpeg","width":764,"height":401},{"@type":"BreadcrumbList","@id":"https:\/\/quehacerpolitico.mx\/?p=109973#breadcrumb","itemListElement":[{"@type":"ListItem","position":1,"name":"Inicio","item":"https:\/\/quehacerpolitico.mx\/"},{"@type":"ListItem","position":2,"name":"La FIFA anuncia que el primer Mundial de Clubes femenil se disputar\u00e1 en 2026 con 16 equipos; a\u00fan no hay sede"}]},{"@type":"WebSite","@id":"https:\/\/quehacerpolitico.mx\/#website","url":"https:\/\/quehacerpolitico.mx\/","name":"","description":"","potentialAction":[{"@type":"SearchAction","target":{"@type":"EntryPoint","urlTemplate":"https:\/\/quehacerpolitico.mx\/?s={search_term_string}"},"query-input":{"@type":"PropertyValueSpecification","valueRequired":true,"valueName":"search_term_string"}}],"inLanguage":"es"},{"@type":"Person","@id":"https:\/\/quehacerpolitico.mx\/#\/schema\/person\/496d8ad2d1d3f8036101dca7ee39e585","name":"Redacci\u00f3n QP","image":{"@type":"ImageObject","inLanguage":"es","@id":"https:\/\/secure.gravatar.com\/avatar\/c7164ed6fdec453195284ad24a5ae5b6e1eed2b848477fa2a4787ba9adf39a41?s=96&d=mm&r=g","url":"https:\/\/secure.gravatar.com\/avatar\/c7164ed6fdec453195284ad24a5ae5b6e1eed2b848477fa2a4787ba9adf39a41?s=96&d=mm&r=g","contentUrl":"https:\/\/secure.gravatar.com\/avatar\/c7164ed6fdec453195284ad24a5ae5b6e1eed2b848477fa2a4787ba9adf39a41?s=96&d=mm&r=g","caption":"Redacci\u00f3n QP"},"url":"https:\/\/quehacerpolitico.mx\/?author=2"}]}},"featured_image_urls":{"full":["https:\/\/quehacerpolitico.mx\/wp-content\/uploads\/2024\/05\/IMG_5616.jpeg",764,401,false],"thumbnail":["https:\/\/quehacerpolitico.mx\/wp-content\/uploads\/2024\/05\/IMG_5616-150x150.jpeg",150,150,true],"medium":["https:\/\/quehacerpolitico.mx\/wp-content\/uploads\/2024\/05\/IMG_5616-300x157.jpeg",300,157,true],"medium_large":["https:\/\/quehacerpolitico.mx\/wp-content\/uploads\/2024\/05\/IMG_5616.jpeg",640,336,false],"large":["https:\/\/quehacerpolitico.mx\/wp-content\/uploads\/2024\/05\/IMG_5616.jpeg",640,336,false],"1536x1536":["https:\/\/quehacerpolitico.mx\/wp-content\/uploads\/2024\/05\/IMG_5616.jpeg",764,401,false],"2048x2048":["https:\/\/quehacerpolitico.mx\/wp-content\/uploads\/2024\/05\/IMG_5616.jpeg",764,401,false],"covernews-featured":["https:\/\/quehacerpolitico.mx\/wp-content\/uploads\/2024\/05\/IMG_5616.jpeg",764,401,false],"covernews-medium":["https:\/\/quehacerpolitico.mx\/wp-content\/uploads\/2024\/05\/IMG_5616.jpeg",540,283,false]},"author_info":{"display_name":"Redacci\u00f3n QP","author_link":"https:\/\/quehacerpolitico.mx\/?author=2"},"category_info":"<a href=\"https:\/\/quehacerpolitico.mx\/?cat=54\" rel=\"category\">Deportes<\/a>","tag_info":"Deportes","comment_count":"0","_links":{"self":[{"href":"https:\/\/quehacerpolitico.mx\/index.php?rest_route=\/wp\/v2\/posts\/109973","targetHints":{"allow":["GET"]}}],"collection":[{"href":"https:\/\/quehacerpolitico.mx\/index.php?rest_route=\/wp\/v2\/posts"}],"about":[{"href":"https:\/\/quehacerpolitico.mx\/index.php?rest_route=\/wp\/v2\/types\/post"}],"author":[{"embeddable":true,"href":"https:\/\/quehacerpolitico.mx\/index.php?rest_route=\/wp\/v2\/users\/2"}],"replies":[{"embeddable":true,"href":"https:\/\/quehacerpolitico.mx\/index.php?rest_route=%2Fwp%2Fv2%2Fcomments&post=109973"}],"version-history":[{"count":1,"href":"https:\/\/quehacerpolitico.mx\/index.php?rest_route=\/wp\/v2\/posts\/109973\/revisions"}],"predecessor-version":[{"id":109975,"href":"https:\/\/quehacerpolitico.mx\/index.php?rest_route=\/wp\/v2\/posts\/109973\/revisions\/109975"}],"wp:featuredmedia":[{"embeddable":true,"href":"https:\/\/quehacerpolitico.mx\/index.php?rest_route=\/wp\/v2\/media\/109974"}],"wp:attachment":[{"href":"https:\/\/quehacerpolitico.mx\/index.php?rest_route=%2Fwp%2Fv2%2Fmedia&parent=109973"}],"wp:term":[{"taxonomy":"category","embeddable":true,"href":"https:\/\/quehacerpolitico.mx\/index.php?rest_route=%2Fwp%2Fv2%2Fcategories&post=109973"},{"taxonomy":"post_tag","embeddable":true,"href":"https:\/\/quehacerpolitico.mx\/index.php?rest_route=%2Fwp%2Fv2%2Ftags&post=109973"}],"curies":[{"name":"wp","href":"https:\/\/api.w.org\/{rel}","templated":true}]}}