{"id":109967,"date":"2024-05-15T16:21:59","date_gmt":"2024-05-15T16:21:59","guid":{"rendered":"https:\/\/quehacerpolitico.mx\/?p=109967"},"modified":"2024-05-15T16:22:02","modified_gmt":"2024-05-15T16:22:02","slug":"el-quehacer-politico-internacional-carolina-alonso-romei-biden-y-trump-aceptan-debatir-dos-veces-antes-de-las-elecciones-presidenciales","status":"publish","type":"post","link":"https:\/\/quehacerpolitico.mx\/?p=109967","title":{"rendered":"El Quehacer Pol\u00edtico Internacional\/\/\/Carolina Alonso Romei\/\/\/Biden y Trump aceptan debatir dos veces antes de las elecciones presidenciales"},"content":{"rendered":"\n<p>Por Carolina Alonso Romei<\/p>\n\n\n\n<p>Internacionalista <\/p>\n\n\n\n<p>El presidente\u00a0<strong>Joe Biden<\/strong>\u00a0y el expresidente\u00a0<strong>Donald Trump\u00a0<\/strong>acordaron el mi\u00e9rcoles celebrar dos debates de campa\u00f1a, uno en junio y otro en septiembre, pero sus equipos a\u00fan est\u00e1n muy distanciados en detalles clave como el escenario y las reglas b\u00e1sicas para los posibles enfrentamientos.<\/p>\n\n\n\n<figure class=\"wp-block-image size-full\"><img loading=\"lazy\" decoding=\"async\" width=\"703\" height=\"436\" src=\"https:\/\/quehacerpolitico.mx\/wp-content\/uploads\/2024\/05\/image-19.jpeg\" alt=\"\" class=\"wp-image-109971\" srcset=\"https:\/\/quehacerpolitico.mx\/wp-content\/uploads\/2024\/05\/image-19.jpeg 703w, https:\/\/quehacerpolitico.mx\/wp-content\/uploads\/2024\/05\/image-19-300x186.jpeg 300w, https:\/\/quehacerpolitico.mx\/wp-content\/uploads\/2024\/05\/image-19-235x146.jpeg 235w, https:\/\/quehacerpolitico.mx\/wp-content\/uploads\/2024\/05\/image-19-50x31.jpeg 50w, https:\/\/quehacerpolitico.mx\/wp-content\/uploads\/2024\/05\/image-19-121x75.jpeg 121w\" sizes=\"auto, (max-width: 703px) 100vw, 703px\" \/><\/figure>\n\n\n\n<p>El r\u00e1pido acuerdo en la agenda para enfrentarse sigui\u00f3 al anuncio del\u00a0<strong>dem\u00f3crata<\/strong>\u00a0de que no participar\u00eda en los\u00a0<strong>debates<\/strong>\u00a0<strong>presidenciales<\/strong>\u00a0de oto\u00f1o\u00a0<strong>patrocinados<\/strong>\u00a0por la\u00a0<strong>comisi\u00f3n<\/strong> apartidista que los ha\u00a0<strong>organizado<\/strong>\u00a0durante m\u00e1s de\u00a0<strong>tres<\/strong>\u00a0<strong>d\u00e9cadas<\/strong>.<\/p>\n\n\n\n<p>La campa\u00f1a de\u00a0<strong>Biden<\/strong>\u00a0propuso que el primer debate se lleve a cabo a finales de\u00a0<strong>junio<\/strong>\u00a0y el segundo en\u00a0<strong>septiembre<\/strong>, antes de que comience la votaci\u00f3n anticipada. En un mensaje en su red social Truth Social,\u00a0<strong>Trump<\/strong>\u00a0respondi\u00f3 que estaba \u201c<strong>listo<\/strong>\u00a0y\u00a0<strong>disponible<\/strong>\u00a0para\u00a0<strong>debatir<\/strong>\u201d contra\u00a0<strong>Biden<\/strong>en las fechas propuestas.<\/p>\n\n\n\n<figure class=\"wp-block-image size-full\"><img loading=\"lazy\" decoding=\"async\" width=\"709\" height=\"433\" src=\"https:\/\/quehacerpolitico.mx\/wp-content\/uploads\/2024\/05\/image-17.jpeg\" alt=\"\" class=\"wp-image-109969\" srcset=\"https:\/\/quehacerpolitico.mx\/wp-content\/uploads\/2024\/05\/image-17.jpeg 709w, https:\/\/quehacerpolitico.mx\/wp-content\/uploads\/2024\/05\/image-17-300x183.jpeg 300w, https:\/\/quehacerpolitico.mx\/wp-content\/uploads\/2024\/05\/image-17-239x146.jpeg 239w, https:\/\/quehacerpolitico.mx\/wp-content\/uploads\/2024\/05\/image-17-50x31.jpeg 50w, https:\/\/quehacerpolitico.mx\/wp-content\/uploads\/2024\/05\/image-17-123x75.jpeg 123w\" sizes=\"auto, (max-width: 709px) 100vw, 709px\" \/><\/figure>\n\n\n\n<p>Horas m\u00e1s tarde,&nbsp;<strong>Biden<\/strong>&nbsp;acept\u00f3 una invitaci\u00f3n de&nbsp;<strong>CNN<\/strong>&nbsp;para un debate el 27 de junio y agreg\u00f3: \u201cTe toca a ti,&nbsp;<strong>Donald<\/strong>. Como dijiste: en cualquier momento y en cualquier lugar\u201d.&nbsp;<strong>Trump<\/strong>&nbsp;le dijo a&nbsp;<strong>Fox News Digital<\/strong>&nbsp;que acept\u00f3 la invitaci\u00f3n: \u201cEstar\u00e9 all\u00ed\u201d.<\/p>\n\n\n\n<p>Sin embargo, ambos lados siguen muy distantes en cuestiones clave sobre c\u00f3mo organizar los debates, incluyendo los medios asociados que participar\u00e1n, moderadores, ubicaci\u00f3n y reglas, algunas de cuestiones que llevaron a formar la\u00a0<strong>Comisi\u00f3n de Debates Presidenciales<\/strong>\u00a0en 1987. La propuesta de Biden excluir\u00eda a candidatos de terceros partidos, como\u00a0<strong>Robert F. Kennedy Jr.<\/strong><\/p>\n\n\n\n<p>La campa\u00f1a de\u00a0<strong>Trump<\/strong>\u00a0ha estado presionando por m\u00e1s\u00a0<strong>debates<\/strong>\u00a0y m\u00e1s\u00a0<strong>anticipados<\/strong>, argumentando que los\u00a0<strong>electores<\/strong>\u00a0deber\u00edan poder ver a los dos hombres enfrentarse mucho antes de que comience la\u00a0<strong>votaci\u00f3n<\/strong>\u00a0<strong>anticipada<\/strong>\u00a0en septiembre.<\/p>\n\n\n\n<p>Con informaci\u00f3n de AP<\/p>\n","protected":false},"excerpt":{"rendered":"<p>Por Carolina Alonso Romei Internacionalista El presidente\u00a0Joe Biden\u00a0y el expresidente\u00a0Donald Trump\u00a0acordaron el mi\u00e9rcoles celebrar dos&#8230;<\/p>\n","protected":false},"author":2,"featured_media":109968,"comment_status":"open","ping_status":"open","sticky":false,"template":"","format":"standard","meta":{"_monsterinsights_skip_tracking":false,"_monsterinsights_sitenote_active":false,"_monsterinsights_sitenote_note":"","_monsterinsights_sitenote_category":0,"footnotes":""},"categories":[1],"tags":[],"class_list":["post-109967","post","type-post","status-publish","format-standard","has-post-thumbnail","hentry","category-sin-categoria"],"yoast_head":"<!-- This site is optimized with the Yoast SEO plugin v27.3 - https:\/\/yoast.com\/product\/yoast-seo-wordpress\/ -->\n<title>El Quehacer Pol\u00edtico Internacional\/\/\/Carolina Alonso Romei\/\/\/Biden y Trump aceptan debatir dos veces antes de las elecciones presidenciales -<\/title>\n<meta name=\"robots\" content=\"index, follow, max-snippet:-1, max-image-preview:large, max-video-preview:-1\" \/>\n<link rel=\"canonical\" href=\"https:\/\/quehacerpolitico.mx\/?p=109967\" \/>\n<meta property=\"og:locale\" content=\"es_MX\" \/>\n<meta property=\"og:type\" content=\"article\" \/>\n<meta property=\"og:title\" content=\"El Quehacer Pol\u00edtico Internacional\/\/\/Carolina Alonso Romei\/\/\/Biden y Trump aceptan debatir dos veces antes de las elecciones presidenciales -\" \/>\n<meta property=\"og:description\" content=\"Por Carolina Alonso Romei Internacionalista El presidente\u00a0Joe Biden\u00a0y el expresidente\u00a0Donald Trump\u00a0acordaron el mi\u00e9rcoles celebrar dos...\" \/>\n<meta property=\"og:url\" content=\"https:\/\/quehacerpolitico.mx\/?p=109967\" \/>\n<meta property=\"article:published_time\" content=\"2024-05-15T16:21:59+00:00\" \/>\n<meta property=\"article:modified_time\" content=\"2024-05-15T16:22:02+00:00\" \/>\n<meta property=\"og:image\" content=\"https:\/\/quehacerpolitico.mx\/wp-content\/uploads\/2024\/05\/03fa6135-c3fe-44b7-8e96-c6ca323ffebb-7.jpeg\" \/>\n\t<meta property=\"og:image:width\" content=\"963\" \/>\n\t<meta property=\"og:image:height\" content=\"493\" \/>\n\t<meta property=\"og:image:type\" content=\"image\/jpeg\" \/>\n<meta name=\"author\" content=\"Redacci\u00f3n QP\" \/>\n<meta name=\"twitter:card\" content=\"summary_large_image\" \/>\n<meta name=\"twitter:label1\" content=\"Escrito por\" \/>\n\t<meta name=\"twitter:data1\" content=\"Redacci\u00f3n QP\" \/>\n\t<meta name=\"twitter:label2\" content=\"Tiempo de lectura\" \/>\n\t<meta name=\"twitter:data2\" content=\"2 minutos\" \/>\n<script type=\"application\/ld+json\" class=\"yoast-schema-graph\">{\"@context\":\"https:\\\/\\\/schema.org\",\"@graph\":[{\"@type\":\"Article\",\"@id\":\"https:\\\/\\\/quehacerpolitico.mx\\\/?p=109967#article\",\"isPartOf\":{\"@id\":\"https:\\\/\\\/quehacerpolitico.mx\\\/?p=109967\"},\"author\":{\"name\":\"Redacci\u00f3n QP\",\"@id\":\"https:\\\/\\\/quehacerpolitico.mx\\\/#\\\/schema\\\/person\\\/496d8ad2d1d3f8036101dca7ee39e585\"},\"headline\":\"El Quehacer Pol\u00edtico Internacional\\\/\\\/\\\/Carolina Alonso Romei\\\/\\\/\\\/Biden y Trump aceptan debatir dos veces antes de las elecciones presidenciales\",\"datePublished\":\"2024-05-15T16:21:59+00:00\",\"dateModified\":\"2024-05-15T16:22:02+00:00\",\"mainEntityOfPage\":{\"@id\":\"https:\\\/\\\/quehacerpolitico.mx\\\/?p=109967\"},\"wordCount\":332,\"commentCount\":0,\"image\":{\"@id\":\"https:\\\/\\\/quehacerpolitico.mx\\\/?p=109967#primaryimage\"},\"thumbnailUrl\":\"https:\\\/\\\/quehacerpolitico.mx\\\/wp-content\\\/uploads\\\/2024\\\/05\\\/03fa6135-c3fe-44b7-8e96-c6ca323ffebb-7.jpeg\",\"articleSection\":[\"Internacionales\"],\"inLanguage\":\"es\",\"potentialAction\":[{\"@type\":\"CommentAction\",\"name\":\"Comment\",\"target\":[\"https:\\\/\\\/quehacerpolitico.mx\\\/?p=109967#respond\"]}]},{\"@type\":\"WebPage\",\"@id\":\"https:\\\/\\\/quehacerpolitico.mx\\\/?p=109967\",\"url\":\"https:\\\/\\\/quehacerpolitico.mx\\\/?p=109967\",\"name\":\"El Quehacer Pol\u00edtico Internacional\\\/\\\/\\\/Carolina Alonso Romei\\\/\\\/\\\/Biden y Trump aceptan debatir dos veces antes de las elecciones presidenciales -\",\"isPartOf\":{\"@id\":\"https:\\\/\\\/quehacerpolitico.mx\\\/#website\"},\"primaryImageOfPage\":{\"@id\":\"https:\\\/\\\/quehacerpolitico.mx\\\/?p=109967#primaryimage\"},\"image\":{\"@id\":\"https:\\\/\\\/quehacerpolitico.mx\\\/?p=109967#primaryimage\"},\"thumbnailUrl\":\"https:\\\/\\\/quehacerpolitico.mx\\\/wp-content\\\/uploads\\\/2024\\\/05\\\/03fa6135-c3fe-44b7-8e96-c6ca323ffebb-7.jpeg\",\"datePublished\":\"2024-05-15T16:21:59+00:00\",\"dateModified\":\"2024-05-15T16:22:02+00:00\",\"author\":{\"@id\":\"https:\\\/\\\/quehacerpolitico.mx\\\/#\\\/schema\\\/person\\\/496d8ad2d1d3f8036101dca7ee39e585\"},\"breadcrumb\":{\"@id\":\"https:\\\/\\\/quehacerpolitico.mx\\\/?p=109967#breadcrumb\"},\"inLanguage\":\"es\",\"potentialAction\":[{\"@type\":\"ReadAction\",\"target\":[\"https:\\\/\\\/quehacerpolitico.mx\\\/?p=109967\"]}]},{\"@type\":\"ImageObject\",\"inLanguage\":\"es\",\"@id\":\"https:\\\/\\\/quehacerpolitico.mx\\\/?p=109967#primaryimage\",\"url\":\"https:\\\/\\\/quehacerpolitico.mx\\\/wp-content\\\/uploads\\\/2024\\\/05\\\/03fa6135-c3fe-44b7-8e96-c6ca323ffebb-7.jpeg\",\"contentUrl\":\"https:\\\/\\\/quehacerpolitico.mx\\\/wp-content\\\/uploads\\\/2024\\\/05\\\/03fa6135-c3fe-44b7-8e96-c6ca323ffebb-7.jpeg\",\"width\":963,\"height\":493},{\"@type\":\"BreadcrumbList\",\"@id\":\"https:\\\/\\\/quehacerpolitico.mx\\\/?p=109967#breadcrumb\",\"itemListElement\":[{\"@type\":\"ListItem\",\"position\":1,\"name\":\"Inicio\",\"item\":\"https:\\\/\\\/quehacerpolitico.mx\\\/\"},{\"@type\":\"ListItem\",\"position\":2,\"name\":\"El Quehacer Pol\u00edtico Internacional\\\/\\\/\\\/Carolina Alonso Romei\\\/\\\/\\\/Biden y Trump aceptan debatir dos veces antes de las elecciones presidenciales\"}]},{\"@type\":\"WebSite\",\"@id\":\"https:\\\/\\\/quehacerpolitico.mx\\\/#website\",\"url\":\"https:\\\/\\\/quehacerpolitico.mx\\\/\",\"name\":\"\",\"description\":\"\",\"potentialAction\":[{\"@type\":\"SearchAction\",\"target\":{\"@type\":\"EntryPoint\",\"urlTemplate\":\"https:\\\/\\\/quehacerpolitico.mx\\\/?s={search_term_string}\"},\"query-input\":{\"@type\":\"PropertyValueSpecification\",\"valueRequired\":true,\"valueName\":\"search_term_string\"}}],\"inLanguage\":\"es\"},{\"@type\":\"Person\",\"@id\":\"https:\\\/\\\/quehacerpolitico.mx\\\/#\\\/schema\\\/person\\\/496d8ad2d1d3f8036101dca7ee39e585\",\"name\":\"Redacci\u00f3n QP\",\"image\":{\"@type\":\"ImageObject\",\"inLanguage\":\"es\",\"@id\":\"https:\\\/\\\/secure.gravatar.com\\\/avatar\\\/c7164ed6fdec453195284ad24a5ae5b6e1eed2b848477fa2a4787ba9adf39a41?s=96&d=mm&r=g\",\"url\":\"https:\\\/\\\/secure.gravatar.com\\\/avatar\\\/c7164ed6fdec453195284ad24a5ae5b6e1eed2b848477fa2a4787ba9adf39a41?s=96&d=mm&r=g\",\"contentUrl\":\"https:\\\/\\\/secure.gravatar.com\\\/avatar\\\/c7164ed6fdec453195284ad24a5ae5b6e1eed2b848477fa2a4787ba9adf39a41?s=96&d=mm&r=g\",\"caption\":\"Redacci\u00f3n QP\"},\"url\":\"https:\\\/\\\/quehacerpolitico.mx\\\/?author=2\"}]}<\/script>\n<!-- \/ Yoast SEO plugin. -->","yoast_head_json":{"title":"El Quehacer Pol\u00edtico Internacional\/\/\/Carolina Alonso Romei\/\/\/Biden y Trump aceptan debatir dos veces antes de las elecciones presidenciales -","robots":{"index":"index","follow":"follow","max-snippet":"max-snippet:-1","max-image-preview":"max-image-preview:large","max-video-preview":"max-video-preview:-1"},"canonical":"https:\/\/quehacerpolitico.mx\/?p=109967","og_locale":"es_MX","og_type":"article","og_title":"El Quehacer Pol\u00edtico Internacional\/\/\/Carolina Alonso Romei\/\/\/Biden y Trump aceptan debatir dos veces antes de las elecciones presidenciales -","og_description":"Por Carolina Alonso Romei Internacionalista El presidente\u00a0Joe Biden\u00a0y el expresidente\u00a0Donald Trump\u00a0acordaron el mi\u00e9rcoles celebrar dos...","og_url":"https:\/\/quehacerpolitico.mx\/?p=109967","article_published_time":"2024-05-15T16:21:59+00:00","article_modified_time":"2024-05-15T16:22:02+00:00","og_image":[{"width":963,"height":493,"url":"https:\/\/quehacerpolitico.mx\/wp-content\/uploads\/2024\/05\/03fa6135-c3fe-44b7-8e96-c6ca323ffebb-7.jpeg","type":"image\/jpeg"}],"author":"Redacci\u00f3n QP","twitter_card":"summary_large_image","twitter_misc":{"Escrito por":"Redacci\u00f3n QP","Tiempo de lectura":"2 minutos"},"schema":{"@context":"https:\/\/schema.org","@graph":[{"@type":"Article","@id":"https:\/\/quehacerpolitico.mx\/?p=109967#article","isPartOf":{"@id":"https:\/\/quehacerpolitico.mx\/?p=109967"},"author":{"name":"Redacci\u00f3n QP","@id":"https:\/\/quehacerpolitico.mx\/#\/schema\/person\/496d8ad2d1d3f8036101dca7ee39e585"},"headline":"El Quehacer Pol\u00edtico Internacional\/\/\/Carolina Alonso Romei\/\/\/Biden y Trump aceptan debatir dos veces antes de las elecciones presidenciales","datePublished":"2024-05-15T16:21:59+00:00","dateModified":"2024-05-15T16:22:02+00:00","mainEntityOfPage":{"@id":"https:\/\/quehacerpolitico.mx\/?p=109967"},"wordCount":332,"commentCount":0,"image":{"@id":"https:\/\/quehacerpolitico.mx\/?p=109967#primaryimage"},"thumbnailUrl":"https:\/\/quehacerpolitico.mx\/wp-content\/uploads\/2024\/05\/03fa6135-c3fe-44b7-8e96-c6ca323ffebb-7.jpeg","articleSection":["Internacionales"],"inLanguage":"es","potentialAction":[{"@type":"CommentAction","name":"Comment","target":["https:\/\/quehacerpolitico.mx\/?p=109967#respond"]}]},{"@type":"WebPage","@id":"https:\/\/quehacerpolitico.mx\/?p=109967","url":"https:\/\/quehacerpolitico.mx\/?p=109967","name":"El Quehacer Pol\u00edtico Internacional\/\/\/Carolina Alonso Romei\/\/\/Biden y Trump aceptan debatir dos veces antes de las elecciones presidenciales -","isPartOf":{"@id":"https:\/\/quehacerpolitico.mx\/#website"},"primaryImageOfPage":{"@id":"https:\/\/quehacerpolitico.mx\/?p=109967#primaryimage"},"image":{"@id":"https:\/\/quehacerpolitico.mx\/?p=109967#primaryimage"},"thumbnailUrl":"https:\/\/quehacerpolitico.mx\/wp-content\/uploads\/2024\/05\/03fa6135-c3fe-44b7-8e96-c6ca323ffebb-7.jpeg","datePublished":"2024-05-15T16:21:59+00:00","dateModified":"2024-05-15T16:22:02+00:00","author":{"@id":"https:\/\/quehacerpolitico.mx\/#\/schema\/person\/496d8ad2d1d3f8036101dca7ee39e585"},"breadcrumb":{"@id":"https:\/\/quehacerpolitico.mx\/?p=109967#breadcrumb"},"inLanguage":"es","potentialAction":[{"@type":"ReadAction","target":["https:\/\/quehacerpolitico.mx\/?p=109967"]}]},{"@type":"ImageObject","inLanguage":"es","@id":"https:\/\/quehacerpolitico.mx\/?p=109967#primaryimage","url":"https:\/\/quehacerpolitico.mx\/wp-content\/uploads\/2024\/05\/03fa6135-c3fe-44b7-8e96-c6ca323ffebb-7.jpeg","contentUrl":"https:\/\/quehacerpolitico.mx\/wp-content\/uploads\/2024\/05\/03fa6135-c3fe-44b7-8e96-c6ca323ffebb-7.jpeg","width":963,"height":493},{"@type":"BreadcrumbList","@id":"https:\/\/quehacerpolitico.mx\/?p=109967#breadcrumb","itemListElement":[{"@type":"ListItem","position":1,"name":"Inicio","item":"https:\/\/quehacerpolitico.mx\/"},{"@type":"ListItem","position":2,"name":"El Quehacer Pol\u00edtico Internacional\/\/\/Carolina Alonso Romei\/\/\/Biden y Trump aceptan debatir dos veces antes de las elecciones presidenciales"}]},{"@type":"WebSite","@id":"https:\/\/quehacerpolitico.mx\/#website","url":"https:\/\/quehacerpolitico.mx\/","name":"","description":"","potentialAction":[{"@type":"SearchAction","target":{"@type":"EntryPoint","urlTemplate":"https:\/\/quehacerpolitico.mx\/?s={search_term_string}"},"query-input":{"@type":"PropertyValueSpecification","valueRequired":true,"valueName":"search_term_string"}}],"inLanguage":"es"},{"@type":"Person","@id":"https:\/\/quehacerpolitico.mx\/#\/schema\/person\/496d8ad2d1d3f8036101dca7ee39e585","name":"Redacci\u00f3n QP","image":{"@type":"ImageObject","inLanguage":"es","@id":"https:\/\/secure.gravatar.com\/avatar\/c7164ed6fdec453195284ad24a5ae5b6e1eed2b848477fa2a4787ba9adf39a41?s=96&d=mm&r=g","url":"https:\/\/secure.gravatar.com\/avatar\/c7164ed6fdec453195284ad24a5ae5b6e1eed2b848477fa2a4787ba9adf39a41?s=96&d=mm&r=g","contentUrl":"https:\/\/secure.gravatar.com\/avatar\/c7164ed6fdec453195284ad24a5ae5b6e1eed2b848477fa2a4787ba9adf39a41?s=96&d=mm&r=g","caption":"Redacci\u00f3n QP"},"url":"https:\/\/quehacerpolitico.mx\/?author=2"}]}},"featured_image_urls":{"full":["https:\/\/quehacerpolitico.mx\/wp-content\/uploads\/2024\/05\/03fa6135-c3fe-44b7-8e96-c6ca323ffebb-7.jpeg",963,493,false],"thumbnail":["https:\/\/quehacerpolitico.mx\/wp-content\/uploads\/2024\/05\/03fa6135-c3fe-44b7-8e96-c6ca323ffebb-7-150x150.jpeg",150,150,true],"medium":["https:\/\/quehacerpolitico.mx\/wp-content\/uploads\/2024\/05\/03fa6135-c3fe-44b7-8e96-c6ca323ffebb-7-300x154.jpeg",300,154,true],"medium_large":["https:\/\/quehacerpolitico.mx\/wp-content\/uploads\/2024\/05\/03fa6135-c3fe-44b7-8e96-c6ca323ffebb-7-768x393.jpeg",640,328,true],"large":["https:\/\/quehacerpolitico.mx\/wp-content\/uploads\/2024\/05\/03fa6135-c3fe-44b7-8e96-c6ca323ffebb-7.jpeg",640,328,false],"1536x1536":["https:\/\/quehacerpolitico.mx\/wp-content\/uploads\/2024\/05\/03fa6135-c3fe-44b7-8e96-c6ca323ffebb-7.jpeg",963,493,false],"2048x2048":["https:\/\/quehacerpolitico.mx\/wp-content\/uploads\/2024\/05\/03fa6135-c3fe-44b7-8e96-c6ca323ffebb-7.jpeg",963,493,false],"covernews-featured":["https:\/\/quehacerpolitico.mx\/wp-content\/uploads\/2024\/05\/03fa6135-c3fe-44b7-8e96-c6ca323ffebb-7.jpeg",963,493,false],"covernews-medium":["https:\/\/quehacerpolitico.mx\/wp-content\/uploads\/2024\/05\/03fa6135-c3fe-44b7-8e96-c6ca323ffebb-7.jpeg",540,276,false]},"author_info":{"display_name":"Redacci\u00f3n QP","author_link":"https:\/\/quehacerpolitico.mx\/?author=2"},"category_info":"<a href=\"https:\/\/quehacerpolitico.mx\/?cat=1\" rel=\"category\">Internacionales<\/a>","tag_info":"Internacionales","comment_count":"0","_links":{"self":[{"href":"https:\/\/quehacerpolitico.mx\/index.php?rest_route=\/wp\/v2\/posts\/109967","targetHints":{"allow":["GET"]}}],"collection":[{"href":"https:\/\/quehacerpolitico.mx\/index.php?rest_route=\/wp\/v2\/posts"}],"about":[{"href":"https:\/\/quehacerpolitico.mx\/index.php?rest_route=\/wp\/v2\/types\/post"}],"author":[{"embeddable":true,"href":"https:\/\/quehacerpolitico.mx\/index.php?rest_route=\/wp\/v2\/users\/2"}],"replies":[{"embeddable":true,"href":"https:\/\/quehacerpolitico.mx\/index.php?rest_route=%2Fwp%2Fv2%2Fcomments&post=109967"}],"version-history":[{"count":1,"href":"https:\/\/quehacerpolitico.mx\/index.php?rest_route=\/wp\/v2\/posts\/109967\/revisions"}],"predecessor-version":[{"id":109972,"href":"https:\/\/quehacerpolitico.mx\/index.php?rest_route=\/wp\/v2\/posts\/109967\/revisions\/109972"}],"wp:featuredmedia":[{"embeddable":true,"href":"https:\/\/quehacerpolitico.mx\/index.php?rest_route=\/wp\/v2\/media\/109968"}],"wp:attachment":[{"href":"https:\/\/quehacerpolitico.mx\/index.php?rest_route=%2Fwp%2Fv2%2Fmedia&parent=109967"}],"wp:term":[{"taxonomy":"category","embeddable":true,"href":"https:\/\/quehacerpolitico.mx\/index.php?rest_route=%2Fwp%2Fv2%2Fcategories&post=109967"},{"taxonomy":"post_tag","embeddable":true,"href":"https:\/\/quehacerpolitico.mx\/index.php?rest_route=%2Fwp%2Fv2%2Ftags&post=109967"}],"curies":[{"name":"wp","href":"https:\/\/api.w.org\/{rel}","templated":true}]}}