{"id":109961,"date":"2024-05-15T15:51:16","date_gmt":"2024-05-15T15:51:16","guid":{"rendered":"https:\/\/quehacerpolitico.mx\/?p=109961"},"modified":"2024-05-15T15:51:19","modified_gmt":"2024-05-15T15:51:19","slug":"anuncia-amlo-aumento-salarial-de-10-para-maestros-de-educacion-basica-federalizada-se-trata-de-un-reconocimiento-especial","status":"publish","type":"post","link":"https:\/\/quehacerpolitico.mx\/?p=109961","title":{"rendered":"Anuncia AMLO aumento salarial de 10% para maestros de educaci\u00f3n b\u00e1sica federalizada &#8220;Se trata de un reconocimiento especial\u201d"},"content":{"rendered":"\n<p>Por Redacci\u00f3n QP<\/p>\n\n\n\n<p>L\u00f3pez Obrador asever\u00f3 este 15 de mayo que la prioridad de su Gobierno ha sido \u201crespetar y atender las necesidades\u201d de los maestros del pa\u00eds<\/p>\n\n\n\n<p>El presidente\u00a0<strong>Andres Manuel\u00a0L\u00f3pez Obrador<\/strong>\u00a0anunci\u00f3 un\u00a0<strong>aumento salarial<\/strong>\u00a0del 10 por ciento en promedio para\u00a0<strong>maestros<\/strong> del pa\u00eds en este\u00a0<strong>15 de mayo<\/strong>.<\/p>\n\n\n\n<p>Lo anterior fue detallado por el mandatario mexicano en Palacio Nacional, al leer una carta al magisterio nacional por el\u00a0<strong>D\u00eda del Maestro<\/strong>.<\/p>\n\n\n\n<p>\u201cHemos procurado mejorar sus condiciones salariales y prestaciones sociales hasta el l\u00edmite de nuestras posibilidades\u201d, se\u00f1al\u00f3.<\/p>\n\n\n\n<figure class=\"wp-block-embed is-type-rich is-provider-twitter wp-block-embed-twitter\"><div class=\"wp-block-embed__wrapper\">\n<blockquote class=\"twitter-tweet\" data-width=\"550\" data-dnt=\"true\"><p lang=\"es\" dir=\"ltr\">Anuncia AMLO aumento salarial de 10% para maestros de educaci\u00f3n b\u00e1sica federalizada<br><br>&quot;Se trata de un reconocimiento especial&quot; <a href=\"https:\/\/t.co\/uCthU5GGou\">pic.twitter.com\/uCthU5GGou<\/a><\/p>&mdash; Manuel Lopez San Martin (@MLopezSanMartin) <a href=\"https:\/\/twitter.com\/MLopezSanMartin\/status\/1790750652752392359?ref_src=twsrc%5Etfw\">May 15, 2024<\/a><\/blockquote><script async src=\"https:\/\/platform.twitter.com\/widgets.js\" charset=\"utf-8\"><\/script>\n<\/div><\/figure>\n\n\n\n<p>Hoy se anuncia que el aumento anual a los maestros de educaci\u00f3n b\u00e1sica federalizada ser\u00e1 de 10 por ciento en promedio, se trata de un reconocimiento especial a maestras y maestros de M\u00e9xico\u201d, indic\u00f3.<\/p>\n\n\n\n<p>\u201cQuise adelantarles algo en esta conferencia ma\u00f1anera, muchas felicidades, maestras y maestros\u201d, puntualiz\u00f3.<\/p>\n\n\n\n<p>L\u00f3pez Obrador expres\u00f3 que este mi\u00e9rcoles al mediod\u00eda tendr\u00e1 una comida con maestros y maestros del pa\u00eds, a la cual hab\u00eda invitado a representantes de la&nbsp;<strong>Coordinadora Nacional de Trabajadores de la Educaci\u00f3n<\/strong>&nbsp;(<strong>CNTE<\/strong>), pero que declinaron la invitaci\u00f3n<\/p>\n\n\n\n<p>\u201cVan a asistir de todos los estados representantes, maestras, maestros, dirigentes de las secci\u00f3n de todos los estados, invite tambi\u00e9n a los dirigentes de la CNTE pero no aceptaron\u201d, se\u00f1al\u00f3.<\/p>\n\n\n\n<p>\u201cYo tengo una reuni\u00f3n con ellos ma\u00f1ana a las 10 de la ma\u00f1ana, tiene. sus pol\u00edticas que nosotros respetamos mucho, sus estrategias. Ma\u00f1ana me traen su pliego petitorio y yo tambi\u00e9n les voy a dar respuesta\u201d, puntualiz\u00f3.<\/p>\n\n\n\n<p>El tabasque\u00f1o explic\u00f3 al inicio de la ma\u00f1anera que la prioridad de su Gobierno ha sido \u201crespetar y atender las necesidades de los trabajadores de la educaci\u00f3n\u201d.<\/p>\n\n\n\n<p>\u201cAs\u00ed como puedo afirmar con mucho orgullo que hemos respetado a todas y todos, pero que hemos dado preferencia a los m\u00e1s necesitados, a los pobres, tambi\u00e9n es motivo de gran satisfacci\u00f3n el poder afirmar que durante nuestro Gobierno que jam\u00e1s le hemos falta el respeto a nuestras maestras y maestros\u201d, declar\u00f3.<\/p>\n\n\n\n<p>\u201cEso ha sido lo primero, el trato digno que merecen y que se han ganado con su responsabilidad y abnegaci\u00f3n quienes nos ense\u00f1an a escribir, leer y contar desde temprana edad, y ponen en ello paciencia y comprensi\u00f3n\u201d, puntualiz\u00f3.<\/p>\n","protected":false},"excerpt":{"rendered":"<p>Por Redacci\u00f3n QP L\u00f3pez Obrador asever\u00f3 este 15 de mayo que la prioridad de su&#8230;<\/p>\n","protected":false},"author":2,"featured_media":109962,"comment_status":"open","ping_status":"open","sticky":false,"template":"","format":"standard","meta":{"_monsterinsights_skip_tracking":false,"_monsterinsights_sitenote_active":false,"_monsterinsights_sitenote_note":"","_monsterinsights_sitenote_category":0,"footnotes":""},"categories":[2],"tags":[],"class_list":["post-109961","post","type-post","status-publish","format-standard","has-post-thumbnail","hentry","category-noticias"],"yoast_head":"<!-- This site is optimized with the Yoast SEO plugin v27.3 - https:\/\/yoast.com\/product\/yoast-seo-wordpress\/ -->\n<title>Anuncia AMLO aumento salarial de 10% para maestros de educaci\u00f3n b\u00e1sica federalizada &quot;Se trata de un reconocimiento especial\u201d -<\/title>\n<meta name=\"robots\" content=\"index, follow, max-snippet:-1, max-image-preview:large, max-video-preview:-1\" \/>\n<link rel=\"canonical\" href=\"https:\/\/quehacerpolitico.mx\/?p=109961\" \/>\n<meta property=\"og:locale\" content=\"es_MX\" \/>\n<meta property=\"og:type\" content=\"article\" \/>\n<meta property=\"og:title\" content=\"Anuncia AMLO aumento salarial de 10% para maestros de educaci\u00f3n b\u00e1sica federalizada &quot;Se trata de un reconocimiento especial\u201d -\" \/>\n<meta property=\"og:description\" content=\"Por Redacci\u00f3n QP L\u00f3pez Obrador asever\u00f3 este 15 de mayo que la prioridad de su...\" \/>\n<meta property=\"og:url\" content=\"https:\/\/quehacerpolitico.mx\/?p=109961\" \/>\n<meta property=\"article:published_time\" content=\"2024-05-15T15:51:16+00:00\" \/>\n<meta property=\"article:modified_time\" content=\"2024-05-15T15:51:19+00:00\" \/>\n<meta property=\"og:image\" content=\"https:\/\/quehacerpolitico.mx\/wp-content\/uploads\/2024\/05\/IMG_5613.jpeg\" \/>\n\t<meta property=\"og:image:width\" content=\"1284\" \/>\n\t<meta property=\"og:image:height\" content=\"757\" \/>\n\t<meta property=\"og:image:type\" content=\"image\/jpeg\" \/>\n<meta name=\"author\" content=\"Redacci\u00f3n QP\" \/>\n<meta name=\"twitter:card\" content=\"summary_large_image\" \/>\n<meta name=\"twitter:label1\" content=\"Escrito por\" \/>\n\t<meta name=\"twitter:data1\" content=\"Redacci\u00f3n QP\" \/>\n\t<meta name=\"twitter:label2\" content=\"Tiempo de lectura\" \/>\n\t<meta name=\"twitter:data2\" content=\"2 minutos\" \/>\n<script type=\"application\/ld+json\" class=\"yoast-schema-graph\">{\"@context\":\"https:\\\/\\\/schema.org\",\"@graph\":[{\"@type\":\"Article\",\"@id\":\"https:\\\/\\\/quehacerpolitico.mx\\\/?p=109961#article\",\"isPartOf\":{\"@id\":\"https:\\\/\\\/quehacerpolitico.mx\\\/?p=109961\"},\"author\":{\"name\":\"Redacci\u00f3n QP\",\"@id\":\"https:\\\/\\\/quehacerpolitico.mx\\\/#\\\/schema\\\/person\\\/496d8ad2d1d3f8036101dca7ee39e585\"},\"headline\":\"Anuncia AMLO aumento salarial de 10% para maestros de educaci\u00f3n b\u00e1sica federalizada &#8220;Se trata de un reconocimiento especial\u201d\",\"datePublished\":\"2024-05-15T15:51:16+00:00\",\"dateModified\":\"2024-05-15T15:51:19+00:00\",\"mainEntityOfPage\":{\"@id\":\"https:\\\/\\\/quehacerpolitico.mx\\\/?p=109961\"},\"wordCount\":428,\"commentCount\":0,\"image\":{\"@id\":\"https:\\\/\\\/quehacerpolitico.mx\\\/?p=109961#primaryimage\"},\"thumbnailUrl\":\"https:\\\/\\\/quehacerpolitico.mx\\\/wp-content\\\/uploads\\\/2024\\\/05\\\/IMG_5613.jpeg\",\"articleSection\":[\"Noticias\"],\"inLanguage\":\"es\",\"potentialAction\":[{\"@type\":\"CommentAction\",\"name\":\"Comment\",\"target\":[\"https:\\\/\\\/quehacerpolitico.mx\\\/?p=109961#respond\"]}]},{\"@type\":\"WebPage\",\"@id\":\"https:\\\/\\\/quehacerpolitico.mx\\\/?p=109961\",\"url\":\"https:\\\/\\\/quehacerpolitico.mx\\\/?p=109961\",\"name\":\"Anuncia AMLO aumento salarial de 10% para maestros de educaci\u00f3n b\u00e1sica federalizada \\\"Se trata de un reconocimiento especial\u201d -\",\"isPartOf\":{\"@id\":\"https:\\\/\\\/quehacerpolitico.mx\\\/#website\"},\"primaryImageOfPage\":{\"@id\":\"https:\\\/\\\/quehacerpolitico.mx\\\/?p=109961#primaryimage\"},\"image\":{\"@id\":\"https:\\\/\\\/quehacerpolitico.mx\\\/?p=109961#primaryimage\"},\"thumbnailUrl\":\"https:\\\/\\\/quehacerpolitico.mx\\\/wp-content\\\/uploads\\\/2024\\\/05\\\/IMG_5613.jpeg\",\"datePublished\":\"2024-05-15T15:51:16+00:00\",\"dateModified\":\"2024-05-15T15:51:19+00:00\",\"author\":{\"@id\":\"https:\\\/\\\/quehacerpolitico.mx\\\/#\\\/schema\\\/person\\\/496d8ad2d1d3f8036101dca7ee39e585\"},\"breadcrumb\":{\"@id\":\"https:\\\/\\\/quehacerpolitico.mx\\\/?p=109961#breadcrumb\"},\"inLanguage\":\"es\",\"potentialAction\":[{\"@type\":\"ReadAction\",\"target\":[\"https:\\\/\\\/quehacerpolitico.mx\\\/?p=109961\"]}]},{\"@type\":\"ImageObject\",\"inLanguage\":\"es\",\"@id\":\"https:\\\/\\\/quehacerpolitico.mx\\\/?p=109961#primaryimage\",\"url\":\"https:\\\/\\\/quehacerpolitico.mx\\\/wp-content\\\/uploads\\\/2024\\\/05\\\/IMG_5613.jpeg\",\"contentUrl\":\"https:\\\/\\\/quehacerpolitico.mx\\\/wp-content\\\/uploads\\\/2024\\\/05\\\/IMG_5613.jpeg\",\"width\":1284,\"height\":757,\"caption\":\"Screenshot\"},{\"@type\":\"BreadcrumbList\",\"@id\":\"https:\\\/\\\/quehacerpolitico.mx\\\/?p=109961#breadcrumb\",\"itemListElement\":[{\"@type\":\"ListItem\",\"position\":1,\"name\":\"Inicio\",\"item\":\"https:\\\/\\\/quehacerpolitico.mx\\\/\"},{\"@type\":\"ListItem\",\"position\":2,\"name\":\"Anuncia AMLO aumento salarial de 10% para maestros de educaci\u00f3n b\u00e1sica federalizada &#8220;Se trata de un reconocimiento especial\u201d\"}]},{\"@type\":\"WebSite\",\"@id\":\"https:\\\/\\\/quehacerpolitico.mx\\\/#website\",\"url\":\"https:\\\/\\\/quehacerpolitico.mx\\\/\",\"name\":\"\",\"description\":\"\",\"potentialAction\":[{\"@type\":\"SearchAction\",\"target\":{\"@type\":\"EntryPoint\",\"urlTemplate\":\"https:\\\/\\\/quehacerpolitico.mx\\\/?s={search_term_string}\"},\"query-input\":{\"@type\":\"PropertyValueSpecification\",\"valueRequired\":true,\"valueName\":\"search_term_string\"}}],\"inLanguage\":\"es\"},{\"@type\":\"Person\",\"@id\":\"https:\\\/\\\/quehacerpolitico.mx\\\/#\\\/schema\\\/person\\\/496d8ad2d1d3f8036101dca7ee39e585\",\"name\":\"Redacci\u00f3n QP\",\"image\":{\"@type\":\"ImageObject\",\"inLanguage\":\"es\",\"@id\":\"https:\\\/\\\/secure.gravatar.com\\\/avatar\\\/c7164ed6fdec453195284ad24a5ae5b6e1eed2b848477fa2a4787ba9adf39a41?s=96&d=mm&r=g\",\"url\":\"https:\\\/\\\/secure.gravatar.com\\\/avatar\\\/c7164ed6fdec453195284ad24a5ae5b6e1eed2b848477fa2a4787ba9adf39a41?s=96&d=mm&r=g\",\"contentUrl\":\"https:\\\/\\\/secure.gravatar.com\\\/avatar\\\/c7164ed6fdec453195284ad24a5ae5b6e1eed2b848477fa2a4787ba9adf39a41?s=96&d=mm&r=g\",\"caption\":\"Redacci\u00f3n QP\"},\"url\":\"https:\\\/\\\/quehacerpolitico.mx\\\/?author=2\"}]}<\/script>\n<!-- \/ Yoast SEO plugin. -->","yoast_head_json":{"title":"Anuncia AMLO aumento salarial de 10% para maestros de educaci\u00f3n b\u00e1sica federalizada \"Se trata de un reconocimiento especial\u201d -","robots":{"index":"index","follow":"follow","max-snippet":"max-snippet:-1","max-image-preview":"max-image-preview:large","max-video-preview":"max-video-preview:-1"},"canonical":"https:\/\/quehacerpolitico.mx\/?p=109961","og_locale":"es_MX","og_type":"article","og_title":"Anuncia AMLO aumento salarial de 10% para maestros de educaci\u00f3n b\u00e1sica federalizada \"Se trata de un reconocimiento especial\u201d -","og_description":"Por Redacci\u00f3n QP L\u00f3pez Obrador asever\u00f3 este 15 de mayo que la prioridad de su...","og_url":"https:\/\/quehacerpolitico.mx\/?p=109961","article_published_time":"2024-05-15T15:51:16+00:00","article_modified_time":"2024-05-15T15:51:19+00:00","og_image":[{"width":1284,"height":757,"url":"https:\/\/quehacerpolitico.mx\/wp-content\/uploads\/2024\/05\/IMG_5613.jpeg","type":"image\/jpeg"}],"author":"Redacci\u00f3n QP","twitter_card":"summary_large_image","twitter_misc":{"Escrito por":"Redacci\u00f3n QP","Tiempo de lectura":"2 minutos"},"schema":{"@context":"https:\/\/schema.org","@graph":[{"@type":"Article","@id":"https:\/\/quehacerpolitico.mx\/?p=109961#article","isPartOf":{"@id":"https:\/\/quehacerpolitico.mx\/?p=109961"},"author":{"name":"Redacci\u00f3n QP","@id":"https:\/\/quehacerpolitico.mx\/#\/schema\/person\/496d8ad2d1d3f8036101dca7ee39e585"},"headline":"Anuncia AMLO aumento salarial de 10% para maestros de educaci\u00f3n b\u00e1sica federalizada &#8220;Se trata de un reconocimiento especial\u201d","datePublished":"2024-05-15T15:51:16+00:00","dateModified":"2024-05-15T15:51:19+00:00","mainEntityOfPage":{"@id":"https:\/\/quehacerpolitico.mx\/?p=109961"},"wordCount":428,"commentCount":0,"image":{"@id":"https:\/\/quehacerpolitico.mx\/?p=109961#primaryimage"},"thumbnailUrl":"https:\/\/quehacerpolitico.mx\/wp-content\/uploads\/2024\/05\/IMG_5613.jpeg","articleSection":["Noticias"],"inLanguage":"es","potentialAction":[{"@type":"CommentAction","name":"Comment","target":["https:\/\/quehacerpolitico.mx\/?p=109961#respond"]}]},{"@type":"WebPage","@id":"https:\/\/quehacerpolitico.mx\/?p=109961","url":"https:\/\/quehacerpolitico.mx\/?p=109961","name":"Anuncia AMLO aumento salarial de 10% para maestros de educaci\u00f3n b\u00e1sica federalizada \"Se trata de un reconocimiento especial\u201d -","isPartOf":{"@id":"https:\/\/quehacerpolitico.mx\/#website"},"primaryImageOfPage":{"@id":"https:\/\/quehacerpolitico.mx\/?p=109961#primaryimage"},"image":{"@id":"https:\/\/quehacerpolitico.mx\/?p=109961#primaryimage"},"thumbnailUrl":"https:\/\/quehacerpolitico.mx\/wp-content\/uploads\/2024\/05\/IMG_5613.jpeg","datePublished":"2024-05-15T15:51:16+00:00","dateModified":"2024-05-15T15:51:19+00:00","author":{"@id":"https:\/\/quehacerpolitico.mx\/#\/schema\/person\/496d8ad2d1d3f8036101dca7ee39e585"},"breadcrumb":{"@id":"https:\/\/quehacerpolitico.mx\/?p=109961#breadcrumb"},"inLanguage":"es","potentialAction":[{"@type":"ReadAction","target":["https:\/\/quehacerpolitico.mx\/?p=109961"]}]},{"@type":"ImageObject","inLanguage":"es","@id":"https:\/\/quehacerpolitico.mx\/?p=109961#primaryimage","url":"https:\/\/quehacerpolitico.mx\/wp-content\/uploads\/2024\/05\/IMG_5613.jpeg","contentUrl":"https:\/\/quehacerpolitico.mx\/wp-content\/uploads\/2024\/05\/IMG_5613.jpeg","width":1284,"height":757,"caption":"Screenshot"},{"@type":"BreadcrumbList","@id":"https:\/\/quehacerpolitico.mx\/?p=109961#breadcrumb","itemListElement":[{"@type":"ListItem","position":1,"name":"Inicio","item":"https:\/\/quehacerpolitico.mx\/"},{"@type":"ListItem","position":2,"name":"Anuncia AMLO aumento salarial de 10% para maestros de educaci\u00f3n b\u00e1sica federalizada &#8220;Se trata de un reconocimiento especial\u201d"}]},{"@type":"WebSite","@id":"https:\/\/quehacerpolitico.mx\/#website","url":"https:\/\/quehacerpolitico.mx\/","name":"","description":"","potentialAction":[{"@type":"SearchAction","target":{"@type":"EntryPoint","urlTemplate":"https:\/\/quehacerpolitico.mx\/?s={search_term_string}"},"query-input":{"@type":"PropertyValueSpecification","valueRequired":true,"valueName":"search_term_string"}}],"inLanguage":"es"},{"@type":"Person","@id":"https:\/\/quehacerpolitico.mx\/#\/schema\/person\/496d8ad2d1d3f8036101dca7ee39e585","name":"Redacci\u00f3n QP","image":{"@type":"ImageObject","inLanguage":"es","@id":"https:\/\/secure.gravatar.com\/avatar\/c7164ed6fdec453195284ad24a5ae5b6e1eed2b848477fa2a4787ba9adf39a41?s=96&d=mm&r=g","url":"https:\/\/secure.gravatar.com\/avatar\/c7164ed6fdec453195284ad24a5ae5b6e1eed2b848477fa2a4787ba9adf39a41?s=96&d=mm&r=g","contentUrl":"https:\/\/secure.gravatar.com\/avatar\/c7164ed6fdec453195284ad24a5ae5b6e1eed2b848477fa2a4787ba9adf39a41?s=96&d=mm&r=g","caption":"Redacci\u00f3n QP"},"url":"https:\/\/quehacerpolitico.mx\/?author=2"}]}},"featured_image_urls":{"full":["https:\/\/quehacerpolitico.mx\/wp-content\/uploads\/2024\/05\/IMG_5613.jpeg",1284,757,false],"thumbnail":["https:\/\/quehacerpolitico.mx\/wp-content\/uploads\/2024\/05\/IMG_5613-150x150.jpeg",150,150,true],"medium":["https:\/\/quehacerpolitico.mx\/wp-content\/uploads\/2024\/05\/IMG_5613-300x177.jpeg",300,177,true],"medium_large":["https:\/\/quehacerpolitico.mx\/wp-content\/uploads\/2024\/05\/IMG_5613-768x453.jpeg",640,378,true],"large":["https:\/\/quehacerpolitico.mx\/wp-content\/uploads\/2024\/05\/IMG_5613-1024x604.jpeg",640,378,true],"1536x1536":["https:\/\/quehacerpolitico.mx\/wp-content\/uploads\/2024\/05\/IMG_5613.jpeg",1284,757,false],"2048x2048":["https:\/\/quehacerpolitico.mx\/wp-content\/uploads\/2024\/05\/IMG_5613.jpeg",1284,757,false],"covernews-featured":["https:\/\/quehacerpolitico.mx\/wp-content\/uploads\/2024\/05\/IMG_5613.jpeg",1024,604,false],"covernews-medium":["https:\/\/quehacerpolitico.mx\/wp-content\/uploads\/2024\/05\/IMG_5613.jpeg",540,318,false]},"author_info":{"display_name":"Redacci\u00f3n QP","author_link":"https:\/\/quehacerpolitico.mx\/?author=2"},"category_info":"<a href=\"https:\/\/quehacerpolitico.mx\/?cat=2\" rel=\"category\">Noticias<\/a>","tag_info":"Noticias","comment_count":"0","_links":{"self":[{"href":"https:\/\/quehacerpolitico.mx\/index.php?rest_route=\/wp\/v2\/posts\/109961","targetHints":{"allow":["GET"]}}],"collection":[{"href":"https:\/\/quehacerpolitico.mx\/index.php?rest_route=\/wp\/v2\/posts"}],"about":[{"href":"https:\/\/quehacerpolitico.mx\/index.php?rest_route=\/wp\/v2\/types\/post"}],"author":[{"embeddable":true,"href":"https:\/\/quehacerpolitico.mx\/index.php?rest_route=\/wp\/v2\/users\/2"}],"replies":[{"embeddable":true,"href":"https:\/\/quehacerpolitico.mx\/index.php?rest_route=%2Fwp%2Fv2%2Fcomments&post=109961"}],"version-history":[{"count":1,"href":"https:\/\/quehacerpolitico.mx\/index.php?rest_route=\/wp\/v2\/posts\/109961\/revisions"}],"predecessor-version":[{"id":109963,"href":"https:\/\/quehacerpolitico.mx\/index.php?rest_route=\/wp\/v2\/posts\/109961\/revisions\/109963"}],"wp:featuredmedia":[{"embeddable":true,"href":"https:\/\/quehacerpolitico.mx\/index.php?rest_route=\/wp\/v2\/media\/109962"}],"wp:attachment":[{"href":"https:\/\/quehacerpolitico.mx\/index.php?rest_route=%2Fwp%2Fv2%2Fmedia&parent=109961"}],"wp:term":[{"taxonomy":"category","embeddable":true,"href":"https:\/\/quehacerpolitico.mx\/index.php?rest_route=%2Fwp%2Fv2%2Fcategories&post=109961"},{"taxonomy":"post_tag","embeddable":true,"href":"https:\/\/quehacerpolitico.mx\/index.php?rest_route=%2Fwp%2Fv2%2Ftags&post=109961"}],"curies":[{"name":"wp","href":"https:\/\/api.w.org\/{rel}","templated":true}]}}