{"id":109952,"date":"2024-05-13T18:12:59","date_gmt":"2024-05-13T18:12:59","guid":{"rendered":"https:\/\/quehacerpolitico.mx\/?p=109952"},"modified":"2024-05-13T18:13:02","modified_gmt":"2024-05-13T18:13:02","slug":"los-campeones-chiefs-abriran-la-temporada-2024-de-la-nfl-el-5-de-septiembre-ante-ravens","status":"publish","type":"post","link":"https:\/\/quehacerpolitico.mx\/?p=109952","title":{"rendered":"Los campeones Chiefs abrir\u00e1n la Temporada 2024 de la NFL el 5 de septiembre ante Ravens"},"content":{"rendered":"\n<p>Por Redacci\u00f3n QP<\/p>\n\n\n\n<p>Kansas City iniciar\u00e1 la defensa de su corona en casa contra Baltimore, en una repetici\u00f3n del partido por el t\u00edtulo de la AFC del 2023.<\/p>\n\n\n\n<p>La NFL anunci\u00f3 este lunes que los&nbsp;<strong>Kansas City Chiefs, campeones del Super Bowl LVII y LVIII<\/strong>, abrir\u00e1n la temporada 2024 en su casa, el&nbsp;<strong>Arrowhead Stadium,<\/strong>&nbsp;ante los&nbsp;<strong>Baltimore Ravens&nbsp;<\/strong>el pr\u00f3ximo 5 de septiembre.<\/p>\n\n\n\n<p>Estos contendientes protagonizaron la\u00a0<strong>final de la Conferencia Americana<\/strong>\u00a0de la campa\u00f1a pasada en la que los Chiefs, liderados por el entrenador Andy Reid, se impusieron 17-10, en su camino al Super Bowl.<\/p>\n\n\n\n<p>Los Chiefs son considerados la \u2018<strong>dinast\u00eda<\/strong>\u2018 del presente en la NFL, gracias a que han arribado a cuatro partidos por el trofeo Vince Lombardi en el reciente lustro, de los cuales han ganado los Super Bowls LIV, LVII y LVIII, todos baj\u00f3 la gu\u00eda del quarterback Patrick Mahomes.<\/p>\n\n\n\n<figure class=\"wp-block-embed is-type-rich is-provider-twitter wp-block-embed-twitter\"><div class=\"wp-block-embed__wrapper\">\n<blockquote class=\"twitter-tweet\" data-width=\"550\" data-dnt=\"true\"><p lang=\"en\" dir=\"ltr\">Lamar vs. Mahomes to kick off the 2024 season. \ud83d\udc40\ud83d\udd25 <a href=\"https:\/\/t.co\/IY8EaV0M6V\">pic.twitter.com\/IY8EaV0M6V<\/a><\/p>&mdash; NFL (@NFL) <a href=\"https:\/\/twitter.com\/NFL\/status\/1789984011294585180?ref_src=twsrc%5Etfw\">May 13, 2024<\/a><\/blockquote><script async src=\"https:\/\/platform.twitter.com\/widgets.js\" charset=\"utf-8\"><\/script>\n<\/div><\/figure>\n\n\n\n<p>Adem\u00e1s de&nbsp;<strong>Mahomes<\/strong>, tres veces designado Mejor Jugador del Super Bowl, Kansas City cuenta entre sus estrellas a Travis Kelce, uno de los mejores alas cerradas de la liga, quien ha potenciado la fama de su equipo gracias a su relaci\u00f3n con la estrella del pop&nbsp;<strong>Taylor Swift<\/strong>.<\/p>\n\n\n\n<p>Su rival, los Ravens, que son dirigidos por el coach\u00a0<strong>John Harbaugh,\u00a0<\/strong>tienen en los controles a Lamar Jackson, Jugador M\u00e1s Valioso de la temporada 2019, y al corredor reci\u00e9n llegado de los Tennessee Titans, Derrick Henry.<\/p>\n\n\n\n<p>Igualmente, la liga anunci\u00f3 que el segundo choque de la temporada regular enfrentar\u00e1 a los Green Bay Packers y a los Philadelphia Eagles el viernes 6 de septiembre, en el estadio Arena Corinthians de S\u00e3o Paulo, Brasil, que adem\u00e1s ser\u00e1 el primer partido de la NFL en Suram\u00e9rica.<\/p>\n\n\n\n<p>El resto del calendario, incluidos los tres&nbsp;<strong>partidos internacionales en Londres y uno en Alemania<\/strong>, ser\u00e1 develado el pr\u00f3ximo&nbsp;<strong>15 de mayo&nbsp;<\/strong>en un programa que transmitir\u00e1 NFL Network, el canal de la liga.<\/p>\n\n\n\n<p>Los boletos para que los aficionados de los 32 equipos asistan a los partidos de su preferencia ser\u00e1n ofrecidos a trav\u00e9s de Ticketmaster, socio de venta de entradas de la NFL, conforme se anuncie cada partido.<\/p>\n\n\n\n<p>Con informaci\u00f3n de EFE<\/p>\n","protected":false},"excerpt":{"rendered":"<p>Por Redacci\u00f3n QP Kansas City iniciar\u00e1 la defensa de su corona en casa contra Baltimore,&#8230;<\/p>\n","protected":false},"author":2,"featured_media":109953,"comment_status":"open","ping_status":"open","sticky":false,"template":"","format":"standard","meta":{"_monsterinsights_skip_tracking":false,"_monsterinsights_sitenote_active":false,"_monsterinsights_sitenote_note":"","_monsterinsights_sitenote_category":0,"footnotes":""},"categories":[54],"tags":[],"class_list":["post-109952","post","type-post","status-publish","format-standard","has-post-thumbnail","hentry","category-deportes"],"yoast_head":"<!-- This site is optimized with the Yoast SEO plugin v27.3 - https:\/\/yoast.com\/product\/yoast-seo-wordpress\/ -->\n<title>Los campeones Chiefs abrir\u00e1n la Temporada 2024 de la NFL el 5 de septiembre ante Ravens -<\/title>\n<meta name=\"robots\" content=\"index, follow, max-snippet:-1, max-image-preview:large, max-video-preview:-1\" \/>\n<link rel=\"canonical\" href=\"https:\/\/quehacerpolitico.mx\/?p=109952\" \/>\n<meta property=\"og:locale\" content=\"es_MX\" \/>\n<meta property=\"og:type\" content=\"article\" \/>\n<meta property=\"og:title\" content=\"Los campeones Chiefs abrir\u00e1n la Temporada 2024 de la NFL el 5 de septiembre ante Ravens -\" \/>\n<meta property=\"og:description\" content=\"Por Redacci\u00f3n QP Kansas City iniciar\u00e1 la defensa de su corona en casa contra Baltimore,...\" \/>\n<meta property=\"og:url\" content=\"https:\/\/quehacerpolitico.mx\/?p=109952\" \/>\n<meta property=\"article:published_time\" content=\"2024-05-13T18:12:59+00:00\" \/>\n<meta property=\"article:modified_time\" content=\"2024-05-13T18:13:02+00:00\" \/>\n<meta property=\"og:image\" content=\"https:\/\/quehacerpolitico.mx\/wp-content\/uploads\/2024\/05\/IMG_5590.jpeg\" \/>\n\t<meta property=\"og:image:width\" content=\"525\" \/>\n\t<meta property=\"og:image:height\" content=\"350\" \/>\n\t<meta property=\"og:image:type\" content=\"image\/jpeg\" \/>\n<meta name=\"author\" content=\"Redacci\u00f3n QP\" \/>\n<meta name=\"twitter:card\" content=\"summary_large_image\" \/>\n<meta name=\"twitter:label1\" content=\"Escrito por\" \/>\n\t<meta name=\"twitter:data1\" content=\"Redacci\u00f3n QP\" \/>\n\t<meta name=\"twitter:label2\" content=\"Tiempo de lectura\" \/>\n\t<meta name=\"twitter:data2\" content=\"2 minutos\" \/>\n<script type=\"application\/ld+json\" class=\"yoast-schema-graph\">{\"@context\":\"https:\\\/\\\/schema.org\",\"@graph\":[{\"@type\":\"Article\",\"@id\":\"https:\\\/\\\/quehacerpolitico.mx\\\/?p=109952#article\",\"isPartOf\":{\"@id\":\"https:\\\/\\\/quehacerpolitico.mx\\\/?p=109952\"},\"author\":{\"name\":\"Redacci\u00f3n QP\",\"@id\":\"https:\\\/\\\/quehacerpolitico.mx\\\/#\\\/schema\\\/person\\\/496d8ad2d1d3f8036101dca7ee39e585\"},\"headline\":\"Los campeones Chiefs abrir\u00e1n la Temporada 2024 de la NFL el 5 de septiembre ante Ravens\",\"datePublished\":\"2024-05-13T18:12:59+00:00\",\"dateModified\":\"2024-05-13T18:13:02+00:00\",\"mainEntityOfPage\":{\"@id\":\"https:\\\/\\\/quehacerpolitico.mx\\\/?p=109952\"},\"wordCount\":400,\"commentCount\":0,\"image\":{\"@id\":\"https:\\\/\\\/quehacerpolitico.mx\\\/?p=109952#primaryimage\"},\"thumbnailUrl\":\"https:\\\/\\\/quehacerpolitico.mx\\\/wp-content\\\/uploads\\\/2024\\\/05\\\/IMG_5590.jpeg\",\"articleSection\":[\"Deportes\"],\"inLanguage\":\"es\",\"potentialAction\":[{\"@type\":\"CommentAction\",\"name\":\"Comment\",\"target\":[\"https:\\\/\\\/quehacerpolitico.mx\\\/?p=109952#respond\"]}]},{\"@type\":\"WebPage\",\"@id\":\"https:\\\/\\\/quehacerpolitico.mx\\\/?p=109952\",\"url\":\"https:\\\/\\\/quehacerpolitico.mx\\\/?p=109952\",\"name\":\"Los campeones Chiefs abrir\u00e1n la Temporada 2024 de la NFL el 5 de septiembre ante Ravens -\",\"isPartOf\":{\"@id\":\"https:\\\/\\\/quehacerpolitico.mx\\\/#website\"},\"primaryImageOfPage\":{\"@id\":\"https:\\\/\\\/quehacerpolitico.mx\\\/?p=109952#primaryimage\"},\"image\":{\"@id\":\"https:\\\/\\\/quehacerpolitico.mx\\\/?p=109952#primaryimage\"},\"thumbnailUrl\":\"https:\\\/\\\/quehacerpolitico.mx\\\/wp-content\\\/uploads\\\/2024\\\/05\\\/IMG_5590.jpeg\",\"datePublished\":\"2024-05-13T18:12:59+00:00\",\"dateModified\":\"2024-05-13T18:13:02+00:00\",\"author\":{\"@id\":\"https:\\\/\\\/quehacerpolitico.mx\\\/#\\\/schema\\\/person\\\/496d8ad2d1d3f8036101dca7ee39e585\"},\"breadcrumb\":{\"@id\":\"https:\\\/\\\/quehacerpolitico.mx\\\/?p=109952#breadcrumb\"},\"inLanguage\":\"es\",\"potentialAction\":[{\"@type\":\"ReadAction\",\"target\":[\"https:\\\/\\\/quehacerpolitico.mx\\\/?p=109952\"]}]},{\"@type\":\"ImageObject\",\"inLanguage\":\"es\",\"@id\":\"https:\\\/\\\/quehacerpolitico.mx\\\/?p=109952#primaryimage\",\"url\":\"https:\\\/\\\/quehacerpolitico.mx\\\/wp-content\\\/uploads\\\/2024\\\/05\\\/IMG_5590.jpeg\",\"contentUrl\":\"https:\\\/\\\/quehacerpolitico.mx\\\/wp-content\\\/uploads\\\/2024\\\/05\\\/IMG_5590.jpeg\",\"width\":525,\"height\":350},{\"@type\":\"BreadcrumbList\",\"@id\":\"https:\\\/\\\/quehacerpolitico.mx\\\/?p=109952#breadcrumb\",\"itemListElement\":[{\"@type\":\"ListItem\",\"position\":1,\"name\":\"Inicio\",\"item\":\"https:\\\/\\\/quehacerpolitico.mx\\\/\"},{\"@type\":\"ListItem\",\"position\":2,\"name\":\"Los campeones Chiefs abrir\u00e1n la Temporada 2024 de la NFL el 5 de septiembre ante Ravens\"}]},{\"@type\":\"WebSite\",\"@id\":\"https:\\\/\\\/quehacerpolitico.mx\\\/#website\",\"url\":\"https:\\\/\\\/quehacerpolitico.mx\\\/\",\"name\":\"\",\"description\":\"\",\"potentialAction\":[{\"@type\":\"SearchAction\",\"target\":{\"@type\":\"EntryPoint\",\"urlTemplate\":\"https:\\\/\\\/quehacerpolitico.mx\\\/?s={search_term_string}\"},\"query-input\":{\"@type\":\"PropertyValueSpecification\",\"valueRequired\":true,\"valueName\":\"search_term_string\"}}],\"inLanguage\":\"es\"},{\"@type\":\"Person\",\"@id\":\"https:\\\/\\\/quehacerpolitico.mx\\\/#\\\/schema\\\/person\\\/496d8ad2d1d3f8036101dca7ee39e585\",\"name\":\"Redacci\u00f3n QP\",\"image\":{\"@type\":\"ImageObject\",\"inLanguage\":\"es\",\"@id\":\"https:\\\/\\\/secure.gravatar.com\\\/avatar\\\/c7164ed6fdec453195284ad24a5ae5b6e1eed2b848477fa2a4787ba9adf39a41?s=96&d=mm&r=g\",\"url\":\"https:\\\/\\\/secure.gravatar.com\\\/avatar\\\/c7164ed6fdec453195284ad24a5ae5b6e1eed2b848477fa2a4787ba9adf39a41?s=96&d=mm&r=g\",\"contentUrl\":\"https:\\\/\\\/secure.gravatar.com\\\/avatar\\\/c7164ed6fdec453195284ad24a5ae5b6e1eed2b848477fa2a4787ba9adf39a41?s=96&d=mm&r=g\",\"caption\":\"Redacci\u00f3n QP\"},\"url\":\"https:\\\/\\\/quehacerpolitico.mx\\\/?author=2\"}]}<\/script>\n<!-- \/ Yoast SEO plugin. -->","yoast_head_json":{"title":"Los campeones Chiefs abrir\u00e1n la Temporada 2024 de la NFL el 5 de septiembre ante Ravens -","robots":{"index":"index","follow":"follow","max-snippet":"max-snippet:-1","max-image-preview":"max-image-preview:large","max-video-preview":"max-video-preview:-1"},"canonical":"https:\/\/quehacerpolitico.mx\/?p=109952","og_locale":"es_MX","og_type":"article","og_title":"Los campeones Chiefs abrir\u00e1n la Temporada 2024 de la NFL el 5 de septiembre ante Ravens -","og_description":"Por Redacci\u00f3n QP Kansas City iniciar\u00e1 la defensa de su corona en casa contra Baltimore,...","og_url":"https:\/\/quehacerpolitico.mx\/?p=109952","article_published_time":"2024-05-13T18:12:59+00:00","article_modified_time":"2024-05-13T18:13:02+00:00","og_image":[{"width":525,"height":350,"url":"https:\/\/quehacerpolitico.mx\/wp-content\/uploads\/2024\/05\/IMG_5590.jpeg","type":"image\/jpeg"}],"author":"Redacci\u00f3n QP","twitter_card":"summary_large_image","twitter_misc":{"Escrito por":"Redacci\u00f3n QP","Tiempo de lectura":"2 minutos"},"schema":{"@context":"https:\/\/schema.org","@graph":[{"@type":"Article","@id":"https:\/\/quehacerpolitico.mx\/?p=109952#article","isPartOf":{"@id":"https:\/\/quehacerpolitico.mx\/?p=109952"},"author":{"name":"Redacci\u00f3n QP","@id":"https:\/\/quehacerpolitico.mx\/#\/schema\/person\/496d8ad2d1d3f8036101dca7ee39e585"},"headline":"Los campeones Chiefs abrir\u00e1n la Temporada 2024 de la NFL el 5 de septiembre ante Ravens","datePublished":"2024-05-13T18:12:59+00:00","dateModified":"2024-05-13T18:13:02+00:00","mainEntityOfPage":{"@id":"https:\/\/quehacerpolitico.mx\/?p=109952"},"wordCount":400,"commentCount":0,"image":{"@id":"https:\/\/quehacerpolitico.mx\/?p=109952#primaryimage"},"thumbnailUrl":"https:\/\/quehacerpolitico.mx\/wp-content\/uploads\/2024\/05\/IMG_5590.jpeg","articleSection":["Deportes"],"inLanguage":"es","potentialAction":[{"@type":"CommentAction","name":"Comment","target":["https:\/\/quehacerpolitico.mx\/?p=109952#respond"]}]},{"@type":"WebPage","@id":"https:\/\/quehacerpolitico.mx\/?p=109952","url":"https:\/\/quehacerpolitico.mx\/?p=109952","name":"Los campeones Chiefs abrir\u00e1n la Temporada 2024 de la NFL el 5 de septiembre ante Ravens -","isPartOf":{"@id":"https:\/\/quehacerpolitico.mx\/#website"},"primaryImageOfPage":{"@id":"https:\/\/quehacerpolitico.mx\/?p=109952#primaryimage"},"image":{"@id":"https:\/\/quehacerpolitico.mx\/?p=109952#primaryimage"},"thumbnailUrl":"https:\/\/quehacerpolitico.mx\/wp-content\/uploads\/2024\/05\/IMG_5590.jpeg","datePublished":"2024-05-13T18:12:59+00:00","dateModified":"2024-05-13T18:13:02+00:00","author":{"@id":"https:\/\/quehacerpolitico.mx\/#\/schema\/person\/496d8ad2d1d3f8036101dca7ee39e585"},"breadcrumb":{"@id":"https:\/\/quehacerpolitico.mx\/?p=109952#breadcrumb"},"inLanguage":"es","potentialAction":[{"@type":"ReadAction","target":["https:\/\/quehacerpolitico.mx\/?p=109952"]}]},{"@type":"ImageObject","inLanguage":"es","@id":"https:\/\/quehacerpolitico.mx\/?p=109952#primaryimage","url":"https:\/\/quehacerpolitico.mx\/wp-content\/uploads\/2024\/05\/IMG_5590.jpeg","contentUrl":"https:\/\/quehacerpolitico.mx\/wp-content\/uploads\/2024\/05\/IMG_5590.jpeg","width":525,"height":350},{"@type":"BreadcrumbList","@id":"https:\/\/quehacerpolitico.mx\/?p=109952#breadcrumb","itemListElement":[{"@type":"ListItem","position":1,"name":"Inicio","item":"https:\/\/quehacerpolitico.mx\/"},{"@type":"ListItem","position":2,"name":"Los campeones Chiefs abrir\u00e1n la Temporada 2024 de la NFL el 5 de septiembre ante Ravens"}]},{"@type":"WebSite","@id":"https:\/\/quehacerpolitico.mx\/#website","url":"https:\/\/quehacerpolitico.mx\/","name":"","description":"","potentialAction":[{"@type":"SearchAction","target":{"@type":"EntryPoint","urlTemplate":"https:\/\/quehacerpolitico.mx\/?s={search_term_string}"},"query-input":{"@type":"PropertyValueSpecification","valueRequired":true,"valueName":"search_term_string"}}],"inLanguage":"es"},{"@type":"Person","@id":"https:\/\/quehacerpolitico.mx\/#\/schema\/person\/496d8ad2d1d3f8036101dca7ee39e585","name":"Redacci\u00f3n QP","image":{"@type":"ImageObject","inLanguage":"es","@id":"https:\/\/secure.gravatar.com\/avatar\/c7164ed6fdec453195284ad24a5ae5b6e1eed2b848477fa2a4787ba9adf39a41?s=96&d=mm&r=g","url":"https:\/\/secure.gravatar.com\/avatar\/c7164ed6fdec453195284ad24a5ae5b6e1eed2b848477fa2a4787ba9adf39a41?s=96&d=mm&r=g","contentUrl":"https:\/\/secure.gravatar.com\/avatar\/c7164ed6fdec453195284ad24a5ae5b6e1eed2b848477fa2a4787ba9adf39a41?s=96&d=mm&r=g","caption":"Redacci\u00f3n QP"},"url":"https:\/\/quehacerpolitico.mx\/?author=2"}]}},"featured_image_urls":{"full":["https:\/\/quehacerpolitico.mx\/wp-content\/uploads\/2024\/05\/IMG_5590.jpeg",525,350,false],"thumbnail":["https:\/\/quehacerpolitico.mx\/wp-content\/uploads\/2024\/05\/IMG_5590-150x150.jpeg",150,150,true],"medium":["https:\/\/quehacerpolitico.mx\/wp-content\/uploads\/2024\/05\/IMG_5590-300x200.jpeg",300,200,true],"medium_large":["https:\/\/quehacerpolitico.mx\/wp-content\/uploads\/2024\/05\/IMG_5590.jpeg",525,350,false],"large":["https:\/\/quehacerpolitico.mx\/wp-content\/uploads\/2024\/05\/IMG_5590.jpeg",525,350,false],"1536x1536":["https:\/\/quehacerpolitico.mx\/wp-content\/uploads\/2024\/05\/IMG_5590.jpeg",525,350,false],"2048x2048":["https:\/\/quehacerpolitico.mx\/wp-content\/uploads\/2024\/05\/IMG_5590.jpeg",525,350,false],"covernews-featured":["https:\/\/quehacerpolitico.mx\/wp-content\/uploads\/2024\/05\/IMG_5590.jpeg",525,350,false],"covernews-medium":["https:\/\/quehacerpolitico.mx\/wp-content\/uploads\/2024\/05\/IMG_5590.jpeg",510,340,false]},"author_info":{"display_name":"Redacci\u00f3n QP","author_link":"https:\/\/quehacerpolitico.mx\/?author=2"},"category_info":"<a href=\"https:\/\/quehacerpolitico.mx\/?cat=54\" rel=\"category\">Deportes<\/a>","tag_info":"Deportes","comment_count":"0","_links":{"self":[{"href":"https:\/\/quehacerpolitico.mx\/index.php?rest_route=\/wp\/v2\/posts\/109952","targetHints":{"allow":["GET"]}}],"collection":[{"href":"https:\/\/quehacerpolitico.mx\/index.php?rest_route=\/wp\/v2\/posts"}],"about":[{"href":"https:\/\/quehacerpolitico.mx\/index.php?rest_route=\/wp\/v2\/types\/post"}],"author":[{"embeddable":true,"href":"https:\/\/quehacerpolitico.mx\/index.php?rest_route=\/wp\/v2\/users\/2"}],"replies":[{"embeddable":true,"href":"https:\/\/quehacerpolitico.mx\/index.php?rest_route=%2Fwp%2Fv2%2Fcomments&post=109952"}],"version-history":[{"count":1,"href":"https:\/\/quehacerpolitico.mx\/index.php?rest_route=\/wp\/v2\/posts\/109952\/revisions"}],"predecessor-version":[{"id":109954,"href":"https:\/\/quehacerpolitico.mx\/index.php?rest_route=\/wp\/v2\/posts\/109952\/revisions\/109954"}],"wp:featuredmedia":[{"embeddable":true,"href":"https:\/\/quehacerpolitico.mx\/index.php?rest_route=\/wp\/v2\/media\/109953"}],"wp:attachment":[{"href":"https:\/\/quehacerpolitico.mx\/index.php?rest_route=%2Fwp%2Fv2%2Fmedia&parent=109952"}],"wp:term":[{"taxonomy":"category","embeddable":true,"href":"https:\/\/quehacerpolitico.mx\/index.php?rest_route=%2Fwp%2Fv2%2Fcategories&post=109952"},{"taxonomy":"post_tag","embeddable":true,"href":"https:\/\/quehacerpolitico.mx\/index.php?rest_route=%2Fwp%2Fv2%2Ftags&post=109952"}],"curies":[{"name":"wp","href":"https:\/\/api.w.org\/{rel}","templated":true}]}}