{"id":109949,"date":"2024-05-13T17:50:28","date_gmt":"2024-05-13T17:50:28","guid":{"rendered":"https:\/\/quehacerpolitico.mx\/?p=109949"},"modified":"2024-05-13T17:50:54","modified_gmt":"2024-05-13T17:50:54","slug":"lopez-obrador-anuncia-que-va-a-lo-juridico-caso-de-maria-amparo-casar","status":"publish","type":"post","link":"https:\/\/quehacerpolitico.mx\/?p=109949","title":{"rendered":"L\u00f3pez Obrador anuncia que &#8220;va a lo jur\u00eddico&#8221; caso de Mar\u00eda Amparo Casar"},"content":{"rendered":"\n<p>Por Redacci\u00f3n QP<\/p>\n\n\n\n<p>Durante la conferencia matutina de hoy, el Presidente Andr\u00e9s Manuel L\u00f3pez Obrador inform\u00f3 que se refutar\u00e1 la decisi\u00f3n de reactivar el pago de pensi\u00f3n por viudez a Mar\u00eda Amparo Casar<\/p>\n\n\n\n<p><strong>El Presidente Andr\u00e9s Manuel L\u00f3pez Obrador<\/strong>comunic\u00f3 esta ma\u00f1ana en\u00a0<strong>Palacio Nacional<\/strong>, que se\u00a0<mark>impugnar\u00e1 la decisi\u00f3n tomada por un juez que orden\u00f3 a Pemex reactivar el pago de pensi\u00f3n por viudez a Mar\u00eda Amparo Casar<\/mark>, analista y presidenta de\u00a0<strong>Mexicanos Contra la Corrupci\u00f3n y la Impunidad.<\/strong><\/p>\n\n\n\n<figure class=\"wp-block-embed is-type-rich is-provider-twitter wp-block-embed-twitter\"><div class=\"wp-block-embed__wrapper\">\n<blockquote class=\"twitter-tweet\" data-width=\"550\" data-dnt=\"true\"><p lang=\"es\" dir=\"ltr\">AMLO (<a href=\"https:\/\/twitter.com\/lopezobrador_?ref_src=twsrc%5Etfw\">@lopezobrador_<\/a>) critica que un juez entreg\u00f3 un amparo en tan s\u00f3lo 24 horas a Mar\u00eda Amparo Casar para que <a href=\"https:\/\/twitter.com\/Pemex?ref_src=twsrc%5Etfw\">@Pemex<\/a> le devolviera la pensi\u00f3n. <a href=\"https:\/\/t.co\/IMmJ3YYrz1\">pic.twitter.com\/IMmJ3YYrz1<\/a><\/p>&mdash; Ruido en la Red (@RuidoEnLaRed) <a href=\"https:\/\/twitter.com\/RuidoEnLaRed\/status\/1790037448908546194?ref_src=twsrc%5Etfw\">May 13, 2024<\/a><\/blockquote><script async src=\"https:\/\/platform.twitter.com\/widgets.js\" charset=\"utf-8\"><\/script>\n<\/div><\/figure>\n\n\n\n<p>Fue durante la&nbsp;<strong>conferencia matutina de este lunes 13 de mayo<\/strong>, que el mandatario&nbsp;<mark>rechaz\u00f3 la decisi\u00f3n del juez<\/mark>&nbsp;y coment\u00f3 que este caso&nbsp;<em>&#8220;es parte de lo mismo&#8221;<\/em>&nbsp;que suced\u00eda hasta antes de que llegara a la Presidencia:<\/p>\n\n\n\n<p><em>&#8220;Hab\u00eda un r\u00e9gimen de corrupci\u00f3n, sin duda, de injusticias, de privilegios, era el gobierno de una minor\u00eda con fachada de democracia (&#8230;) ellos se serv\u00edan con la cuchara grande, se sent\u00edan los due\u00f1os de M\u00e9xico&#8221;.<\/em><\/p>\n\n\n\n<p><em>&#8220;Va a lo jur\u00eddico. No vamos a dejar, nosotros nunca hemos incumplido con una orden judicial, pero lo vamos a litigar y aqu\u00ed lo vamos a estar informando de c\u00f3mo van las cosas&#8221;<\/em>, puntualiz\u00f3 al advertir que Octavio Romero, director de Pemex, informar\u00eda m\u00e1s del tema.<\/p>\n\n\n\n<p>Adem\u00e1s, dijo que se trata de un caso\u00a0<em>&#8220;emblem\u00e1tico&#8221;<\/em>\u00a0que ayuda a explicar c\u00f3mo es &#8220;<em>el tejemaneje&#8221;<\/em>\u00a0de la\u00a0<em>&#8220;politiquer\u00eda&#8221;<\/em>.<\/p>\n\n\n\n<p><em>&#8220;Son casos emblem\u00e1ticos que ayudan mucho a explicar c\u00f3mo es el tejemaneje de la pol\u00edtica, o de la politiquer\u00eda, y c\u00f3mo s\u00ed hay quienes se sienten superiores. Y coincide que son racistas y son clasistas y que le tienen desprecio al pueblo&#8221;<\/em>, declar\u00f3 L\u00f3pez Obrador.<\/p>\n\n\n\n<p>El pasado 10 de mayo, un juez federal, orden\u00f3 a&nbsp;<strong>Pemex,&nbsp;<\/strong><mark>reincorporar el pago de la pensi\u00f3n postmortem a Mar\u00eda Amparo Casar, mismo que deb\u00eda hacerse en un plazo de 24 horas<\/mark>, adem\u00e1s de concederle una suspensi\u00f3n de plano en el amparo que tramit\u00f3 contra la cesaci\u00f3n del beneficio econ\u00f3mico.<\/p>\n\n\n\n<p>Desde enero de 2005,&nbsp;<strong>la acad\u00e9mica es pensionada vitalicia de Pemex<\/strong>, pero desde la primera quincena de marzo la paraestatal omiti\u00f3 el pago de su pensi\u00f3n, ya que para la empresa es un cobro indebido porque su esposo,<strong>&nbsp;Carlos Fernando M\u00e1rquez Padilla Garc\u00eda<\/strong>,&nbsp;<mark>no habr\u00eda fallecido por accidente de trabajo.<\/mark><\/p>\n\n\n\n<p><strong>L\u00f3pez Obrador ofreci\u00f3 disculpas a Amparo Casar<\/strong>por abordar estos asuntos personales,<em>&nbsp;&#8220;pero ella debe de aceptar que se trate esto con transparencia&#8221;.<\/em><\/p>\n\n\n\n<p>Sostuvo que en el caso de Mar\u00eda Amparo Casar, los conservadores<em>&nbsp;&#8220;defienden a las \u00e9lites&#8221;&nbsp;<\/em>y reiter\u00f3 que<em>&#8220;es muy bueno que este caso se haya ventilado&#8221;.<\/em><\/p>\n\n\n\n<p><em>&#8220;Al final es muy hip\u00f3crita todo, el conservadurismo es corrupci\u00f3n y es hipocres\u00eda. No quiero generalizar porque s\u00ed hay conservadores que tienen cierta doctrina y escr\u00fapulos morales, pero por lo general los domina la tentaci\u00f3n al dinero, los vuelve locos y se ve normal, por eso la reacci\u00f3n&#8221;<\/em>, expres\u00f3.<\/p>\n\n\n\n<p><mark>Mencion\u00f3 que Pemex deb\u00eda denunciar el caso de Casar<\/mark>\u00a0porque si no incumplir\u00eda con su responsabilidad contra la corrupci\u00f3n.<\/p>\n\n\n\n<p><em>&#8220;\u00a1C\u00f3mo vamos a dejar esto as\u00ed! \u00bfVamos a dejarle la estructura, esta de manipulaci\u00f3n intacta? No, no, no, no, hagamos algo, no va a desaparecer ni es mi prop\u00f3sito, pero no puede quedar inmaculada&#8221;, dijo. &#8220;No es nada personal&#8221;<\/em>, mencion\u00f3 al criticar a Mexicanos contra la Corrupci\u00f3n y la impunidad y al empresario Claudio X. Gonz\u00e1lez.<\/p>\n\n\n\n<p>Con informaci\u00f3n de SUN<\/p>\n","protected":false},"excerpt":{"rendered":"<p>Por Redacci\u00f3n QP Durante la conferencia matutina de hoy, el Presidente Andr\u00e9s Manuel L\u00f3pez Obrador&#8230;<\/p>\n","protected":false},"author":2,"featured_media":109950,"comment_status":"open","ping_status":"open","sticky":false,"template":"","format":"standard","meta":{"_monsterinsights_skip_tracking":false,"_monsterinsights_sitenote_active":false,"_monsterinsights_sitenote_note":"","_monsterinsights_sitenote_category":0,"footnotes":""},"categories":[2],"tags":[],"class_list":["post-109949","post","type-post","status-publish","format-standard","has-post-thumbnail","hentry","category-noticias"],"yoast_head":"<!-- This site is optimized with the Yoast SEO plugin v27.3 - https:\/\/yoast.com\/product\/yoast-seo-wordpress\/ -->\n<title>L\u00f3pez Obrador anuncia que &quot;va a lo jur\u00eddico&quot; caso de Mar\u00eda Amparo Casar -<\/title>\n<meta name=\"robots\" content=\"index, follow, max-snippet:-1, max-image-preview:large, max-video-preview:-1\" \/>\n<link rel=\"canonical\" href=\"https:\/\/quehacerpolitico.mx\/?p=109949\" \/>\n<meta property=\"og:locale\" content=\"es_MX\" \/>\n<meta property=\"og:type\" content=\"article\" \/>\n<meta property=\"og:title\" content=\"L\u00f3pez Obrador anuncia que &quot;va a lo jur\u00eddico&quot; caso de Mar\u00eda Amparo Casar -\" \/>\n<meta property=\"og:description\" content=\"Por Redacci\u00f3n QP Durante la conferencia matutina de hoy, el Presidente Andr\u00e9s Manuel L\u00f3pez Obrador...\" \/>\n<meta property=\"og:url\" content=\"https:\/\/quehacerpolitico.mx\/?p=109949\" \/>\n<meta property=\"article:published_time\" content=\"2024-05-13T17:50:28+00:00\" \/>\n<meta property=\"article:modified_time\" content=\"2024-05-13T17:50:54+00:00\" \/>\n<meta property=\"og:image\" content=\"https:\/\/quehacerpolitico.mx\/wp-content\/uploads\/2024\/05\/IMG_5589.jpeg\" \/>\n\t<meta property=\"og:image:width\" content=\"640\" \/>\n\t<meta property=\"og:image:height\" content=\"345\" \/>\n\t<meta property=\"og:image:type\" content=\"image\/jpeg\" \/>\n<meta name=\"author\" content=\"Redacci\u00f3n QP\" \/>\n<meta name=\"twitter:card\" content=\"summary_large_image\" \/>\n<meta name=\"twitter:label1\" content=\"Escrito por\" \/>\n\t<meta name=\"twitter:data1\" content=\"Redacci\u00f3n QP\" \/>\n\t<meta name=\"twitter:label2\" content=\"Tiempo de lectura\" \/>\n\t<meta name=\"twitter:data2\" content=\"3 minutos\" \/>\n<script type=\"application\/ld+json\" class=\"yoast-schema-graph\">{\"@context\":\"https:\\\/\\\/schema.org\",\"@graph\":[{\"@type\":\"Article\",\"@id\":\"https:\\\/\\\/quehacerpolitico.mx\\\/?p=109949#article\",\"isPartOf\":{\"@id\":\"https:\\\/\\\/quehacerpolitico.mx\\\/?p=109949\"},\"author\":{\"name\":\"Redacci\u00f3n QP\",\"@id\":\"https:\\\/\\\/quehacerpolitico.mx\\\/#\\\/schema\\\/person\\\/496d8ad2d1d3f8036101dca7ee39e585\"},\"headline\":\"L\u00f3pez Obrador anuncia que &#8220;va a lo jur\u00eddico&#8221; caso de Mar\u00eda Amparo Casar\",\"datePublished\":\"2024-05-13T17:50:28+00:00\",\"dateModified\":\"2024-05-13T17:50:54+00:00\",\"mainEntityOfPage\":{\"@id\":\"https:\\\/\\\/quehacerpolitico.mx\\\/?p=109949\"},\"wordCount\":642,\"commentCount\":0,\"image\":{\"@id\":\"https:\\\/\\\/quehacerpolitico.mx\\\/?p=109949#primaryimage\"},\"thumbnailUrl\":\"https:\\\/\\\/quehacerpolitico.mx\\\/wp-content\\\/uploads\\\/2024\\\/05\\\/IMG_5589.jpeg\",\"articleSection\":[\"Noticias\"],\"inLanguage\":\"es\",\"potentialAction\":[{\"@type\":\"CommentAction\",\"name\":\"Comment\",\"target\":[\"https:\\\/\\\/quehacerpolitico.mx\\\/?p=109949#respond\"]}]},{\"@type\":\"WebPage\",\"@id\":\"https:\\\/\\\/quehacerpolitico.mx\\\/?p=109949\",\"url\":\"https:\\\/\\\/quehacerpolitico.mx\\\/?p=109949\",\"name\":\"L\u00f3pez Obrador anuncia que \\\"va a lo jur\u00eddico\\\" caso de Mar\u00eda Amparo Casar -\",\"isPartOf\":{\"@id\":\"https:\\\/\\\/quehacerpolitico.mx\\\/#website\"},\"primaryImageOfPage\":{\"@id\":\"https:\\\/\\\/quehacerpolitico.mx\\\/?p=109949#primaryimage\"},\"image\":{\"@id\":\"https:\\\/\\\/quehacerpolitico.mx\\\/?p=109949#primaryimage\"},\"thumbnailUrl\":\"https:\\\/\\\/quehacerpolitico.mx\\\/wp-content\\\/uploads\\\/2024\\\/05\\\/IMG_5589.jpeg\",\"datePublished\":\"2024-05-13T17:50:28+00:00\",\"dateModified\":\"2024-05-13T17:50:54+00:00\",\"author\":{\"@id\":\"https:\\\/\\\/quehacerpolitico.mx\\\/#\\\/schema\\\/person\\\/496d8ad2d1d3f8036101dca7ee39e585\"},\"breadcrumb\":{\"@id\":\"https:\\\/\\\/quehacerpolitico.mx\\\/?p=109949#breadcrumb\"},\"inLanguage\":\"es\",\"potentialAction\":[{\"@type\":\"ReadAction\",\"target\":[\"https:\\\/\\\/quehacerpolitico.mx\\\/?p=109949\"]}]},{\"@type\":\"ImageObject\",\"inLanguage\":\"es\",\"@id\":\"https:\\\/\\\/quehacerpolitico.mx\\\/?p=109949#primaryimage\",\"url\":\"https:\\\/\\\/quehacerpolitico.mx\\\/wp-content\\\/uploads\\\/2024\\\/05\\\/IMG_5589.jpeg\",\"contentUrl\":\"https:\\\/\\\/quehacerpolitico.mx\\\/wp-content\\\/uploads\\\/2024\\\/05\\\/IMG_5589.jpeg\",\"width\":640,\"height\":345},{\"@type\":\"BreadcrumbList\",\"@id\":\"https:\\\/\\\/quehacerpolitico.mx\\\/?p=109949#breadcrumb\",\"itemListElement\":[{\"@type\":\"ListItem\",\"position\":1,\"name\":\"Inicio\",\"item\":\"https:\\\/\\\/quehacerpolitico.mx\\\/\"},{\"@type\":\"ListItem\",\"position\":2,\"name\":\"L\u00f3pez Obrador anuncia que &#8220;va a lo jur\u00eddico&#8221; caso de Mar\u00eda Amparo Casar\"}]},{\"@type\":\"WebSite\",\"@id\":\"https:\\\/\\\/quehacerpolitico.mx\\\/#website\",\"url\":\"https:\\\/\\\/quehacerpolitico.mx\\\/\",\"name\":\"\",\"description\":\"\",\"potentialAction\":[{\"@type\":\"SearchAction\",\"target\":{\"@type\":\"EntryPoint\",\"urlTemplate\":\"https:\\\/\\\/quehacerpolitico.mx\\\/?s={search_term_string}\"},\"query-input\":{\"@type\":\"PropertyValueSpecification\",\"valueRequired\":true,\"valueName\":\"search_term_string\"}}],\"inLanguage\":\"es\"},{\"@type\":\"Person\",\"@id\":\"https:\\\/\\\/quehacerpolitico.mx\\\/#\\\/schema\\\/person\\\/496d8ad2d1d3f8036101dca7ee39e585\",\"name\":\"Redacci\u00f3n QP\",\"image\":{\"@type\":\"ImageObject\",\"inLanguage\":\"es\",\"@id\":\"https:\\\/\\\/secure.gravatar.com\\\/avatar\\\/c7164ed6fdec453195284ad24a5ae5b6e1eed2b848477fa2a4787ba9adf39a41?s=96&d=mm&r=g\",\"url\":\"https:\\\/\\\/secure.gravatar.com\\\/avatar\\\/c7164ed6fdec453195284ad24a5ae5b6e1eed2b848477fa2a4787ba9adf39a41?s=96&d=mm&r=g\",\"contentUrl\":\"https:\\\/\\\/secure.gravatar.com\\\/avatar\\\/c7164ed6fdec453195284ad24a5ae5b6e1eed2b848477fa2a4787ba9adf39a41?s=96&d=mm&r=g\",\"caption\":\"Redacci\u00f3n QP\"},\"url\":\"https:\\\/\\\/quehacerpolitico.mx\\\/?author=2\"}]}<\/script>\n<!-- \/ Yoast SEO plugin. -->","yoast_head_json":{"title":"L\u00f3pez Obrador anuncia que \"va a lo jur\u00eddico\" caso de Mar\u00eda Amparo Casar -","robots":{"index":"index","follow":"follow","max-snippet":"max-snippet:-1","max-image-preview":"max-image-preview:large","max-video-preview":"max-video-preview:-1"},"canonical":"https:\/\/quehacerpolitico.mx\/?p=109949","og_locale":"es_MX","og_type":"article","og_title":"L\u00f3pez Obrador anuncia que \"va a lo jur\u00eddico\" caso de Mar\u00eda Amparo Casar -","og_description":"Por Redacci\u00f3n QP Durante la conferencia matutina de hoy, el Presidente Andr\u00e9s Manuel L\u00f3pez Obrador...","og_url":"https:\/\/quehacerpolitico.mx\/?p=109949","article_published_time":"2024-05-13T17:50:28+00:00","article_modified_time":"2024-05-13T17:50:54+00:00","og_image":[{"width":640,"height":345,"url":"https:\/\/quehacerpolitico.mx\/wp-content\/uploads\/2024\/05\/IMG_5589.jpeg","type":"image\/jpeg"}],"author":"Redacci\u00f3n QP","twitter_card":"summary_large_image","twitter_misc":{"Escrito por":"Redacci\u00f3n QP","Tiempo de lectura":"3 minutos"},"schema":{"@context":"https:\/\/schema.org","@graph":[{"@type":"Article","@id":"https:\/\/quehacerpolitico.mx\/?p=109949#article","isPartOf":{"@id":"https:\/\/quehacerpolitico.mx\/?p=109949"},"author":{"name":"Redacci\u00f3n QP","@id":"https:\/\/quehacerpolitico.mx\/#\/schema\/person\/496d8ad2d1d3f8036101dca7ee39e585"},"headline":"L\u00f3pez Obrador anuncia que &#8220;va a lo jur\u00eddico&#8221; caso de Mar\u00eda Amparo Casar","datePublished":"2024-05-13T17:50:28+00:00","dateModified":"2024-05-13T17:50:54+00:00","mainEntityOfPage":{"@id":"https:\/\/quehacerpolitico.mx\/?p=109949"},"wordCount":642,"commentCount":0,"image":{"@id":"https:\/\/quehacerpolitico.mx\/?p=109949#primaryimage"},"thumbnailUrl":"https:\/\/quehacerpolitico.mx\/wp-content\/uploads\/2024\/05\/IMG_5589.jpeg","articleSection":["Noticias"],"inLanguage":"es","potentialAction":[{"@type":"CommentAction","name":"Comment","target":["https:\/\/quehacerpolitico.mx\/?p=109949#respond"]}]},{"@type":"WebPage","@id":"https:\/\/quehacerpolitico.mx\/?p=109949","url":"https:\/\/quehacerpolitico.mx\/?p=109949","name":"L\u00f3pez Obrador anuncia que \"va a lo jur\u00eddico\" caso de Mar\u00eda Amparo Casar -","isPartOf":{"@id":"https:\/\/quehacerpolitico.mx\/#website"},"primaryImageOfPage":{"@id":"https:\/\/quehacerpolitico.mx\/?p=109949#primaryimage"},"image":{"@id":"https:\/\/quehacerpolitico.mx\/?p=109949#primaryimage"},"thumbnailUrl":"https:\/\/quehacerpolitico.mx\/wp-content\/uploads\/2024\/05\/IMG_5589.jpeg","datePublished":"2024-05-13T17:50:28+00:00","dateModified":"2024-05-13T17:50:54+00:00","author":{"@id":"https:\/\/quehacerpolitico.mx\/#\/schema\/person\/496d8ad2d1d3f8036101dca7ee39e585"},"breadcrumb":{"@id":"https:\/\/quehacerpolitico.mx\/?p=109949#breadcrumb"},"inLanguage":"es","potentialAction":[{"@type":"ReadAction","target":["https:\/\/quehacerpolitico.mx\/?p=109949"]}]},{"@type":"ImageObject","inLanguage":"es","@id":"https:\/\/quehacerpolitico.mx\/?p=109949#primaryimage","url":"https:\/\/quehacerpolitico.mx\/wp-content\/uploads\/2024\/05\/IMG_5589.jpeg","contentUrl":"https:\/\/quehacerpolitico.mx\/wp-content\/uploads\/2024\/05\/IMG_5589.jpeg","width":640,"height":345},{"@type":"BreadcrumbList","@id":"https:\/\/quehacerpolitico.mx\/?p=109949#breadcrumb","itemListElement":[{"@type":"ListItem","position":1,"name":"Inicio","item":"https:\/\/quehacerpolitico.mx\/"},{"@type":"ListItem","position":2,"name":"L\u00f3pez Obrador anuncia que &#8220;va a lo jur\u00eddico&#8221; caso de Mar\u00eda Amparo Casar"}]},{"@type":"WebSite","@id":"https:\/\/quehacerpolitico.mx\/#website","url":"https:\/\/quehacerpolitico.mx\/","name":"","description":"","potentialAction":[{"@type":"SearchAction","target":{"@type":"EntryPoint","urlTemplate":"https:\/\/quehacerpolitico.mx\/?s={search_term_string}"},"query-input":{"@type":"PropertyValueSpecification","valueRequired":true,"valueName":"search_term_string"}}],"inLanguage":"es"},{"@type":"Person","@id":"https:\/\/quehacerpolitico.mx\/#\/schema\/person\/496d8ad2d1d3f8036101dca7ee39e585","name":"Redacci\u00f3n QP","image":{"@type":"ImageObject","inLanguage":"es","@id":"https:\/\/secure.gravatar.com\/avatar\/c7164ed6fdec453195284ad24a5ae5b6e1eed2b848477fa2a4787ba9adf39a41?s=96&d=mm&r=g","url":"https:\/\/secure.gravatar.com\/avatar\/c7164ed6fdec453195284ad24a5ae5b6e1eed2b848477fa2a4787ba9adf39a41?s=96&d=mm&r=g","contentUrl":"https:\/\/secure.gravatar.com\/avatar\/c7164ed6fdec453195284ad24a5ae5b6e1eed2b848477fa2a4787ba9adf39a41?s=96&d=mm&r=g","caption":"Redacci\u00f3n QP"},"url":"https:\/\/quehacerpolitico.mx\/?author=2"}]}},"featured_image_urls":{"full":["https:\/\/quehacerpolitico.mx\/wp-content\/uploads\/2024\/05\/IMG_5589.jpeg",640,345,false],"thumbnail":["https:\/\/quehacerpolitico.mx\/wp-content\/uploads\/2024\/05\/IMG_5589-150x150.jpeg",150,150,true],"medium":["https:\/\/quehacerpolitico.mx\/wp-content\/uploads\/2024\/05\/IMG_5589-300x162.jpeg",300,162,true],"medium_large":["https:\/\/quehacerpolitico.mx\/wp-content\/uploads\/2024\/05\/IMG_5589.jpeg",640,345,false],"large":["https:\/\/quehacerpolitico.mx\/wp-content\/uploads\/2024\/05\/IMG_5589.jpeg",640,345,false],"1536x1536":["https:\/\/quehacerpolitico.mx\/wp-content\/uploads\/2024\/05\/IMG_5589.jpeg",640,345,false],"2048x2048":["https:\/\/quehacerpolitico.mx\/wp-content\/uploads\/2024\/05\/IMG_5589.jpeg",640,345,false],"covernews-featured":["https:\/\/quehacerpolitico.mx\/wp-content\/uploads\/2024\/05\/IMG_5589.jpeg",640,345,false],"covernews-medium":["https:\/\/quehacerpolitico.mx\/wp-content\/uploads\/2024\/05\/IMG_5589.jpeg",540,291,false]},"author_info":{"display_name":"Redacci\u00f3n QP","author_link":"https:\/\/quehacerpolitico.mx\/?author=2"},"category_info":"<a href=\"https:\/\/quehacerpolitico.mx\/?cat=2\" rel=\"category\">Noticias<\/a>","tag_info":"Noticias","comment_count":"0","_links":{"self":[{"href":"https:\/\/quehacerpolitico.mx\/index.php?rest_route=\/wp\/v2\/posts\/109949","targetHints":{"allow":["GET"]}}],"collection":[{"href":"https:\/\/quehacerpolitico.mx\/index.php?rest_route=\/wp\/v2\/posts"}],"about":[{"href":"https:\/\/quehacerpolitico.mx\/index.php?rest_route=\/wp\/v2\/types\/post"}],"author":[{"embeddable":true,"href":"https:\/\/quehacerpolitico.mx\/index.php?rest_route=\/wp\/v2\/users\/2"}],"replies":[{"embeddable":true,"href":"https:\/\/quehacerpolitico.mx\/index.php?rest_route=%2Fwp%2Fv2%2Fcomments&post=109949"}],"version-history":[{"count":1,"href":"https:\/\/quehacerpolitico.mx\/index.php?rest_route=\/wp\/v2\/posts\/109949\/revisions"}],"predecessor-version":[{"id":109951,"href":"https:\/\/quehacerpolitico.mx\/index.php?rest_route=\/wp\/v2\/posts\/109949\/revisions\/109951"}],"wp:featuredmedia":[{"embeddable":true,"href":"https:\/\/quehacerpolitico.mx\/index.php?rest_route=\/wp\/v2\/media\/109950"}],"wp:attachment":[{"href":"https:\/\/quehacerpolitico.mx\/index.php?rest_route=%2Fwp%2Fv2%2Fmedia&parent=109949"}],"wp:term":[{"taxonomy":"category","embeddable":true,"href":"https:\/\/quehacerpolitico.mx\/index.php?rest_route=%2Fwp%2Fv2%2Fcategories&post=109949"},{"taxonomy":"post_tag","embeddable":true,"href":"https:\/\/quehacerpolitico.mx\/index.php?rest_route=%2Fwp%2Fv2%2Ftags&post=109949"}],"curies":[{"name":"wp","href":"https:\/\/api.w.org\/{rel}","templated":true}]}}