{"id":109934,"date":"2024-05-13T13:51:52","date_gmt":"2024-05-13T13:51:52","guid":{"rendered":"https:\/\/quehacerpolitico.mx\/?p=109934"},"modified":"2024-05-13T13:51:54","modified_gmt":"2024-05-13T13:51:54","slug":"el-quehacer-politico-jose-alberto-prado-angeles-el-poder-de-tu-voto-terminara-con-el-poder-absoluto-del-quehacer-politico","status":"publish","type":"post","link":"https:\/\/quehacerpolitico.mx\/?p=109934","title":{"rendered":"El Quehacer Pol\u00edtico\/\/\/Jose Alberto Prado \u00c1ngeles\/\/\/El poder de tu voto terminar\u00e1 con el poder absoluto del Quehacer Pol\u00edtico"},"content":{"rendered":"\n<p>Por Jos\u00e9 Alberto Prado \u00c1ngeles <\/p>\n\n\n\n<p>Director General y Editor<\/p>\n\n\n\n<p>Acostumbrados a que la sucesi\u00f3n presidencial, desde 1940, se ha realizado pac\u00edficamente, suponemos que hoy no ser\u00e1 distinto. Es de p\u00fablico conocimiento que algunos presidentes so\u00f1aron con ejercer el poder m\u00e1s all\u00e1 de su periodo; Miguel Alem\u00e1n, Luis Echeverria y Carlos Salinas lo hicieron. Calles, que lo extendi\u00f3 durante el llamado \u201cMaximato\u201d, concluy\u00f3 en el destierro. Hoy, el Presidente ha sido tocado por la idea de seguir mandando a trav\u00e9s de una sucesora que contin\u00fae las reformas constitucionales que garanticen la llamada \u201cCuarta Transformaci\u00f3n\u201d. Por cierto, nunca he encontrado en la verborrea del Presidente una explicaci\u00f3n seria, coherente o estructurada de lo que es la 4T. Si alguien lo sabe, le agradecer\u00e9 que me lo explique. Lo que s\u00ed es evidente, es que AMLO pretende modificar la Constituci\u00f3n para substituirla por una que le permita -como a Maduro en Venezuela y a Ortega en Nicaragua- seguir gobernando sin l\u00edmites ni contrapesos. Porfirio D\u00edaz lo hizo en 1880 al imponer a su compadre Manuel Gonz\u00e1lez y luego, en 1884, regres\u00f3 para quedarse en la silla hasta 1911. Lo que sigui\u00f3 fue la Revoluci\u00f3n.<\/p>\n\n\n\n<p>L\u00f3pez Obrador pretende cambiar el estado de cosas que prevalecen en el pa\u00eds, argumentando que los males de M\u00e9xico se deben a un modelo econ\u00f3mico expoliador y al deshonesto desempe\u00f1o de algunos funcionarios de Gobierno en los \u00faltimos sexenios. Sin que en algunos casos le falte raz\u00f3n, ha tenido ya m\u00e1s de cinco a\u00f1os en la Presidencia para corregir las desviaciones y castigar a los prevaricadores, a los de antes y a los de ahora. Las sospechas que se ciernen sobre las cabezas de algunos miembros de su familia empa\u00f1an su discurso anticorrupci\u00f3n. Respecto de la econom\u00eda, aparenta ignorar que los pa\u00edses m\u00e1s poderosos influyen y, en algunos casos, determinan el camino de los pueblos. No somos una isla perdida en medio del mar. Somos la doceava econom\u00eda del mundo y la realidad es que nuestra vinculaci\u00f3n con los EU es inevitable. \u00bfQu\u00e9 ser\u00eda de nuestro pa\u00eds sin las remesas de los paisanos, el turismo y la inversi\u00f3n extranjera? Finalmente, \u00bfpor qu\u00e9 tanto empe\u00f1o del Presidente en hacerse del control del Poder Judicial de la Federaci\u00f3n? S\u00f3lo temen a la justicia los futuros justiciables. Nada teme el que nada debe.<\/p>\n\n\n\n<p>Los siguientes meses ser\u00e1n cruciales para la Rep\u00fablica. Elegiremos a las personas que gobernar\u00e1n nuestro pa\u00eds del a\u00f1o 2024 al 2030. De cara a esa realidad, es fundamental que tomemos conciencia de cuatro cosas: primera, no somos ajenos a lo que est\u00e1 sucediendo. Segunda, no nos podemos substraer de esa realidad. Tercera, como parte de la sociedad, tenemos una corresponsabilidad con el pa\u00eds y cuarta, disponemos del voto para decidir c\u00f3mo queremos vivir y qui\u00e9nes deben gobernarnos.<\/p>\n\n\n\n<p>La divisi\u00f3n de poderes es fundamental para evitar el abuso. Diputados y senadores deben ser independientes del Ejecutivo. \u00a1Nunca todo el poder a nadie! Conozcamos las vidas e historias de quienes pretenden representarnos. Tenemos el poder de nuestro voto. \u00a1Ejerz\u00e1moslo, elijamos a los m\u00e1s confiables!<\/p>\n\n\n\n<p>As\u00ed el Quehacer Pol\u00edtico Desde 1980, inquiriendo en la pol\u00edtica de M\u00e9xico, cuestionando, exponiendo, revelando y razonando.Es cuanto.<\/p>\n","protected":false},"excerpt":{"rendered":"<p>Por Jos\u00e9 Alberto Prado \u00c1ngeles Director General y Editor Acostumbrados a que la sucesi\u00f3n presidencial,&#8230;<\/p>\n","protected":false},"author":2,"featured_media":109935,"comment_status":"open","ping_status":"open","sticky":false,"template":"","format":"standard","meta":{"_monsterinsights_skip_tracking":false,"_monsterinsights_sitenote_active":false,"_monsterinsights_sitenote_note":"","_monsterinsights_sitenote_category":0,"footnotes":""},"categories":[2],"tags":[],"class_list":["post-109934","post","type-post","status-publish","format-standard","has-post-thumbnail","hentry","category-noticias"],"yoast_head":"<!-- This site is optimized with the Yoast SEO plugin v27.3 - https:\/\/yoast.com\/product\/yoast-seo-wordpress\/ -->\n<title>El Quehacer Pol\u00edtico\/\/\/Jose Alberto Prado \u00c1ngeles\/\/\/El poder de tu voto terminar\u00e1 con el poder absoluto del Quehacer Pol\u00edtico -<\/title>\n<meta name=\"robots\" content=\"index, follow, max-snippet:-1, max-image-preview:large, max-video-preview:-1\" \/>\n<link rel=\"canonical\" href=\"https:\/\/quehacerpolitico.mx\/?p=109934\" \/>\n<meta property=\"og:locale\" content=\"es_MX\" \/>\n<meta property=\"og:type\" content=\"article\" \/>\n<meta property=\"og:title\" content=\"El Quehacer Pol\u00edtico\/\/\/Jose Alberto Prado \u00c1ngeles\/\/\/El poder de tu voto terminar\u00e1 con el poder absoluto del Quehacer Pol\u00edtico -\" \/>\n<meta property=\"og:description\" content=\"Por Jos\u00e9 Alberto Prado \u00c1ngeles Director General y Editor Acostumbrados a que la sucesi\u00f3n presidencial,...\" \/>\n<meta property=\"og:url\" content=\"https:\/\/quehacerpolitico.mx\/?p=109934\" \/>\n<meta property=\"article:published_time\" content=\"2024-05-13T13:51:52+00:00\" \/>\n<meta property=\"article:modified_time\" content=\"2024-05-13T13:51:54+00:00\" \/>\n<meta property=\"og:image\" content=\"https:\/\/quehacerpolitico.mx\/wp-content\/uploads\/2024\/05\/2f2c152e-bb96-4c06-8e02-4e9a1a9677ca-1.jpeg\" \/>\n\t<meta property=\"og:image:width\" content=\"963\" \/>\n\t<meta property=\"og:image:height\" content=\"493\" \/>\n\t<meta property=\"og:image:type\" content=\"image\/jpeg\" \/>\n<meta name=\"author\" content=\"Redacci\u00f3n QP\" \/>\n<meta name=\"twitter:card\" content=\"summary_large_image\" \/>\n<meta name=\"twitter:label1\" content=\"Escrito por\" \/>\n\t<meta name=\"twitter:data1\" content=\"Redacci\u00f3n QP\" \/>\n\t<meta name=\"twitter:label2\" content=\"Tiempo de lectura\" \/>\n\t<meta name=\"twitter:data2\" content=\"3 minutos\" \/>\n<script type=\"application\/ld+json\" class=\"yoast-schema-graph\">{\"@context\":\"https:\\\/\\\/schema.org\",\"@graph\":[{\"@type\":\"Article\",\"@id\":\"https:\\\/\\\/quehacerpolitico.mx\\\/?p=109934#article\",\"isPartOf\":{\"@id\":\"https:\\\/\\\/quehacerpolitico.mx\\\/?p=109934\"},\"author\":{\"name\":\"Redacci\u00f3n QP\",\"@id\":\"https:\\\/\\\/quehacerpolitico.mx\\\/#\\\/schema\\\/person\\\/496d8ad2d1d3f8036101dca7ee39e585\"},\"headline\":\"El Quehacer Pol\u00edtico\\\/\\\/\\\/Jose Alberto Prado \u00c1ngeles\\\/\\\/\\\/El poder de tu voto terminar\u00e1 con el poder absoluto del Quehacer Pol\u00edtico\",\"datePublished\":\"2024-05-13T13:51:52+00:00\",\"dateModified\":\"2024-05-13T13:51:54+00:00\",\"mainEntityOfPage\":{\"@id\":\"https:\\\/\\\/quehacerpolitico.mx\\\/?p=109934\"},\"wordCount\":587,\"commentCount\":0,\"image\":{\"@id\":\"https:\\\/\\\/quehacerpolitico.mx\\\/?p=109934#primaryimage\"},\"thumbnailUrl\":\"https:\\\/\\\/quehacerpolitico.mx\\\/wp-content\\\/uploads\\\/2024\\\/05\\\/2f2c152e-bb96-4c06-8e02-4e9a1a9677ca-1.jpeg\",\"articleSection\":[\"Noticias\"],\"inLanguage\":\"es\",\"potentialAction\":[{\"@type\":\"CommentAction\",\"name\":\"Comment\",\"target\":[\"https:\\\/\\\/quehacerpolitico.mx\\\/?p=109934#respond\"]}]},{\"@type\":\"WebPage\",\"@id\":\"https:\\\/\\\/quehacerpolitico.mx\\\/?p=109934\",\"url\":\"https:\\\/\\\/quehacerpolitico.mx\\\/?p=109934\",\"name\":\"El Quehacer Pol\u00edtico\\\/\\\/\\\/Jose Alberto Prado \u00c1ngeles\\\/\\\/\\\/El poder de tu voto terminar\u00e1 con el poder absoluto del Quehacer Pol\u00edtico -\",\"isPartOf\":{\"@id\":\"https:\\\/\\\/quehacerpolitico.mx\\\/#website\"},\"primaryImageOfPage\":{\"@id\":\"https:\\\/\\\/quehacerpolitico.mx\\\/?p=109934#primaryimage\"},\"image\":{\"@id\":\"https:\\\/\\\/quehacerpolitico.mx\\\/?p=109934#primaryimage\"},\"thumbnailUrl\":\"https:\\\/\\\/quehacerpolitico.mx\\\/wp-content\\\/uploads\\\/2024\\\/05\\\/2f2c152e-bb96-4c06-8e02-4e9a1a9677ca-1.jpeg\",\"datePublished\":\"2024-05-13T13:51:52+00:00\",\"dateModified\":\"2024-05-13T13:51:54+00:00\",\"author\":{\"@id\":\"https:\\\/\\\/quehacerpolitico.mx\\\/#\\\/schema\\\/person\\\/496d8ad2d1d3f8036101dca7ee39e585\"},\"breadcrumb\":{\"@id\":\"https:\\\/\\\/quehacerpolitico.mx\\\/?p=109934#breadcrumb\"},\"inLanguage\":\"es\",\"potentialAction\":[{\"@type\":\"ReadAction\",\"target\":[\"https:\\\/\\\/quehacerpolitico.mx\\\/?p=109934\"]}]},{\"@type\":\"ImageObject\",\"inLanguage\":\"es\",\"@id\":\"https:\\\/\\\/quehacerpolitico.mx\\\/?p=109934#primaryimage\",\"url\":\"https:\\\/\\\/quehacerpolitico.mx\\\/wp-content\\\/uploads\\\/2024\\\/05\\\/2f2c152e-bb96-4c06-8e02-4e9a1a9677ca-1.jpeg\",\"contentUrl\":\"https:\\\/\\\/quehacerpolitico.mx\\\/wp-content\\\/uploads\\\/2024\\\/05\\\/2f2c152e-bb96-4c06-8e02-4e9a1a9677ca-1.jpeg\",\"width\":963,\"height\":493},{\"@type\":\"BreadcrumbList\",\"@id\":\"https:\\\/\\\/quehacerpolitico.mx\\\/?p=109934#breadcrumb\",\"itemListElement\":[{\"@type\":\"ListItem\",\"position\":1,\"name\":\"Inicio\",\"item\":\"https:\\\/\\\/quehacerpolitico.mx\\\/\"},{\"@type\":\"ListItem\",\"position\":2,\"name\":\"El Quehacer Pol\u00edtico\\\/\\\/\\\/Jose Alberto Prado \u00c1ngeles\\\/\\\/\\\/El poder de tu voto terminar\u00e1 con el poder absoluto del Quehacer Pol\u00edtico\"}]},{\"@type\":\"WebSite\",\"@id\":\"https:\\\/\\\/quehacerpolitico.mx\\\/#website\",\"url\":\"https:\\\/\\\/quehacerpolitico.mx\\\/\",\"name\":\"\",\"description\":\"\",\"potentialAction\":[{\"@type\":\"SearchAction\",\"target\":{\"@type\":\"EntryPoint\",\"urlTemplate\":\"https:\\\/\\\/quehacerpolitico.mx\\\/?s={search_term_string}\"},\"query-input\":{\"@type\":\"PropertyValueSpecification\",\"valueRequired\":true,\"valueName\":\"search_term_string\"}}],\"inLanguage\":\"es\"},{\"@type\":\"Person\",\"@id\":\"https:\\\/\\\/quehacerpolitico.mx\\\/#\\\/schema\\\/person\\\/496d8ad2d1d3f8036101dca7ee39e585\",\"name\":\"Redacci\u00f3n QP\",\"image\":{\"@type\":\"ImageObject\",\"inLanguage\":\"es\",\"@id\":\"https:\\\/\\\/secure.gravatar.com\\\/avatar\\\/c7164ed6fdec453195284ad24a5ae5b6e1eed2b848477fa2a4787ba9adf39a41?s=96&d=mm&r=g\",\"url\":\"https:\\\/\\\/secure.gravatar.com\\\/avatar\\\/c7164ed6fdec453195284ad24a5ae5b6e1eed2b848477fa2a4787ba9adf39a41?s=96&d=mm&r=g\",\"contentUrl\":\"https:\\\/\\\/secure.gravatar.com\\\/avatar\\\/c7164ed6fdec453195284ad24a5ae5b6e1eed2b848477fa2a4787ba9adf39a41?s=96&d=mm&r=g\",\"caption\":\"Redacci\u00f3n QP\"},\"url\":\"https:\\\/\\\/quehacerpolitico.mx\\\/?author=2\"}]}<\/script>\n<!-- \/ Yoast SEO plugin. -->","yoast_head_json":{"title":"El Quehacer Pol\u00edtico\/\/\/Jose Alberto Prado \u00c1ngeles\/\/\/El poder de tu voto terminar\u00e1 con el poder absoluto del Quehacer Pol\u00edtico -","robots":{"index":"index","follow":"follow","max-snippet":"max-snippet:-1","max-image-preview":"max-image-preview:large","max-video-preview":"max-video-preview:-1"},"canonical":"https:\/\/quehacerpolitico.mx\/?p=109934","og_locale":"es_MX","og_type":"article","og_title":"El Quehacer Pol\u00edtico\/\/\/Jose Alberto Prado \u00c1ngeles\/\/\/El poder de tu voto terminar\u00e1 con el poder absoluto del Quehacer Pol\u00edtico -","og_description":"Por Jos\u00e9 Alberto Prado \u00c1ngeles Director General y Editor Acostumbrados a que la sucesi\u00f3n presidencial,...","og_url":"https:\/\/quehacerpolitico.mx\/?p=109934","article_published_time":"2024-05-13T13:51:52+00:00","article_modified_time":"2024-05-13T13:51:54+00:00","og_image":[{"width":963,"height":493,"url":"https:\/\/quehacerpolitico.mx\/wp-content\/uploads\/2024\/05\/2f2c152e-bb96-4c06-8e02-4e9a1a9677ca-1.jpeg","type":"image\/jpeg"}],"author":"Redacci\u00f3n QP","twitter_card":"summary_large_image","twitter_misc":{"Escrito por":"Redacci\u00f3n QP","Tiempo de lectura":"3 minutos"},"schema":{"@context":"https:\/\/schema.org","@graph":[{"@type":"Article","@id":"https:\/\/quehacerpolitico.mx\/?p=109934#article","isPartOf":{"@id":"https:\/\/quehacerpolitico.mx\/?p=109934"},"author":{"name":"Redacci\u00f3n QP","@id":"https:\/\/quehacerpolitico.mx\/#\/schema\/person\/496d8ad2d1d3f8036101dca7ee39e585"},"headline":"El Quehacer Pol\u00edtico\/\/\/Jose Alberto Prado \u00c1ngeles\/\/\/El poder de tu voto terminar\u00e1 con el poder absoluto del Quehacer Pol\u00edtico","datePublished":"2024-05-13T13:51:52+00:00","dateModified":"2024-05-13T13:51:54+00:00","mainEntityOfPage":{"@id":"https:\/\/quehacerpolitico.mx\/?p=109934"},"wordCount":587,"commentCount":0,"image":{"@id":"https:\/\/quehacerpolitico.mx\/?p=109934#primaryimage"},"thumbnailUrl":"https:\/\/quehacerpolitico.mx\/wp-content\/uploads\/2024\/05\/2f2c152e-bb96-4c06-8e02-4e9a1a9677ca-1.jpeg","articleSection":["Noticias"],"inLanguage":"es","potentialAction":[{"@type":"CommentAction","name":"Comment","target":["https:\/\/quehacerpolitico.mx\/?p=109934#respond"]}]},{"@type":"WebPage","@id":"https:\/\/quehacerpolitico.mx\/?p=109934","url":"https:\/\/quehacerpolitico.mx\/?p=109934","name":"El Quehacer Pol\u00edtico\/\/\/Jose Alberto Prado \u00c1ngeles\/\/\/El poder de tu voto terminar\u00e1 con el poder absoluto del Quehacer Pol\u00edtico -","isPartOf":{"@id":"https:\/\/quehacerpolitico.mx\/#website"},"primaryImageOfPage":{"@id":"https:\/\/quehacerpolitico.mx\/?p=109934#primaryimage"},"image":{"@id":"https:\/\/quehacerpolitico.mx\/?p=109934#primaryimage"},"thumbnailUrl":"https:\/\/quehacerpolitico.mx\/wp-content\/uploads\/2024\/05\/2f2c152e-bb96-4c06-8e02-4e9a1a9677ca-1.jpeg","datePublished":"2024-05-13T13:51:52+00:00","dateModified":"2024-05-13T13:51:54+00:00","author":{"@id":"https:\/\/quehacerpolitico.mx\/#\/schema\/person\/496d8ad2d1d3f8036101dca7ee39e585"},"breadcrumb":{"@id":"https:\/\/quehacerpolitico.mx\/?p=109934#breadcrumb"},"inLanguage":"es","potentialAction":[{"@type":"ReadAction","target":["https:\/\/quehacerpolitico.mx\/?p=109934"]}]},{"@type":"ImageObject","inLanguage":"es","@id":"https:\/\/quehacerpolitico.mx\/?p=109934#primaryimage","url":"https:\/\/quehacerpolitico.mx\/wp-content\/uploads\/2024\/05\/2f2c152e-bb96-4c06-8e02-4e9a1a9677ca-1.jpeg","contentUrl":"https:\/\/quehacerpolitico.mx\/wp-content\/uploads\/2024\/05\/2f2c152e-bb96-4c06-8e02-4e9a1a9677ca-1.jpeg","width":963,"height":493},{"@type":"BreadcrumbList","@id":"https:\/\/quehacerpolitico.mx\/?p=109934#breadcrumb","itemListElement":[{"@type":"ListItem","position":1,"name":"Inicio","item":"https:\/\/quehacerpolitico.mx\/"},{"@type":"ListItem","position":2,"name":"El Quehacer Pol\u00edtico\/\/\/Jose Alberto Prado \u00c1ngeles\/\/\/El poder de tu voto terminar\u00e1 con el poder absoluto del Quehacer Pol\u00edtico"}]},{"@type":"WebSite","@id":"https:\/\/quehacerpolitico.mx\/#website","url":"https:\/\/quehacerpolitico.mx\/","name":"","description":"","potentialAction":[{"@type":"SearchAction","target":{"@type":"EntryPoint","urlTemplate":"https:\/\/quehacerpolitico.mx\/?s={search_term_string}"},"query-input":{"@type":"PropertyValueSpecification","valueRequired":true,"valueName":"search_term_string"}}],"inLanguage":"es"},{"@type":"Person","@id":"https:\/\/quehacerpolitico.mx\/#\/schema\/person\/496d8ad2d1d3f8036101dca7ee39e585","name":"Redacci\u00f3n QP","image":{"@type":"ImageObject","inLanguage":"es","@id":"https:\/\/secure.gravatar.com\/avatar\/c7164ed6fdec453195284ad24a5ae5b6e1eed2b848477fa2a4787ba9adf39a41?s=96&d=mm&r=g","url":"https:\/\/secure.gravatar.com\/avatar\/c7164ed6fdec453195284ad24a5ae5b6e1eed2b848477fa2a4787ba9adf39a41?s=96&d=mm&r=g","contentUrl":"https:\/\/secure.gravatar.com\/avatar\/c7164ed6fdec453195284ad24a5ae5b6e1eed2b848477fa2a4787ba9adf39a41?s=96&d=mm&r=g","caption":"Redacci\u00f3n QP"},"url":"https:\/\/quehacerpolitico.mx\/?author=2"}]}},"featured_image_urls":{"full":["https:\/\/quehacerpolitico.mx\/wp-content\/uploads\/2024\/05\/2f2c152e-bb96-4c06-8e02-4e9a1a9677ca-1.jpeg",963,493,false],"thumbnail":["https:\/\/quehacerpolitico.mx\/wp-content\/uploads\/2024\/05\/2f2c152e-bb96-4c06-8e02-4e9a1a9677ca-1-150x150.jpeg",150,150,true],"medium":["https:\/\/quehacerpolitico.mx\/wp-content\/uploads\/2024\/05\/2f2c152e-bb96-4c06-8e02-4e9a1a9677ca-1-300x154.jpeg",300,154,true],"medium_large":["https:\/\/quehacerpolitico.mx\/wp-content\/uploads\/2024\/05\/2f2c152e-bb96-4c06-8e02-4e9a1a9677ca-1-768x393.jpeg",640,328,true],"large":["https:\/\/quehacerpolitico.mx\/wp-content\/uploads\/2024\/05\/2f2c152e-bb96-4c06-8e02-4e9a1a9677ca-1.jpeg",640,328,false],"1536x1536":["https:\/\/quehacerpolitico.mx\/wp-content\/uploads\/2024\/05\/2f2c152e-bb96-4c06-8e02-4e9a1a9677ca-1.jpeg",963,493,false],"2048x2048":["https:\/\/quehacerpolitico.mx\/wp-content\/uploads\/2024\/05\/2f2c152e-bb96-4c06-8e02-4e9a1a9677ca-1.jpeg",963,493,false],"covernews-featured":["https:\/\/quehacerpolitico.mx\/wp-content\/uploads\/2024\/05\/2f2c152e-bb96-4c06-8e02-4e9a1a9677ca-1.jpeg",963,493,false],"covernews-medium":["https:\/\/quehacerpolitico.mx\/wp-content\/uploads\/2024\/05\/2f2c152e-bb96-4c06-8e02-4e9a1a9677ca-1.jpeg",540,276,false]},"author_info":{"display_name":"Redacci\u00f3n QP","author_link":"https:\/\/quehacerpolitico.mx\/?author=2"},"category_info":"<a href=\"https:\/\/quehacerpolitico.mx\/?cat=2\" rel=\"category\">Noticias<\/a>","tag_info":"Noticias","comment_count":"0","_links":{"self":[{"href":"https:\/\/quehacerpolitico.mx\/index.php?rest_route=\/wp\/v2\/posts\/109934","targetHints":{"allow":["GET"]}}],"collection":[{"href":"https:\/\/quehacerpolitico.mx\/index.php?rest_route=\/wp\/v2\/posts"}],"about":[{"href":"https:\/\/quehacerpolitico.mx\/index.php?rest_route=\/wp\/v2\/types\/post"}],"author":[{"embeddable":true,"href":"https:\/\/quehacerpolitico.mx\/index.php?rest_route=\/wp\/v2\/users\/2"}],"replies":[{"embeddable":true,"href":"https:\/\/quehacerpolitico.mx\/index.php?rest_route=%2Fwp%2Fv2%2Fcomments&post=109934"}],"version-history":[{"count":1,"href":"https:\/\/quehacerpolitico.mx\/index.php?rest_route=\/wp\/v2\/posts\/109934\/revisions"}],"predecessor-version":[{"id":109936,"href":"https:\/\/quehacerpolitico.mx\/index.php?rest_route=\/wp\/v2\/posts\/109934\/revisions\/109936"}],"wp:featuredmedia":[{"embeddable":true,"href":"https:\/\/quehacerpolitico.mx\/index.php?rest_route=\/wp\/v2\/media\/109935"}],"wp:attachment":[{"href":"https:\/\/quehacerpolitico.mx\/index.php?rest_route=%2Fwp%2Fv2%2Fmedia&parent=109934"}],"wp:term":[{"taxonomy":"category","embeddable":true,"href":"https:\/\/quehacerpolitico.mx\/index.php?rest_route=%2Fwp%2Fv2%2Fcategories&post=109934"},{"taxonomy":"post_tag","embeddable":true,"href":"https:\/\/quehacerpolitico.mx\/index.php?rest_route=%2Fwp%2Fv2%2Ftags&post=109934"}],"curies":[{"name":"wp","href":"https:\/\/api.w.org\/{rel}","templated":true}]}}