{"id":109900,"date":"2024-05-09T20:14:51","date_gmt":"2024-05-09T20:14:51","guid":{"rendered":"https:\/\/quehacerpolitico.mx\/?p=109900"},"modified":"2024-05-09T20:14:54","modified_gmt":"2024-05-09T20:14:54","slug":"activan-la-fase-1-de-contingencia-ambiental-en-el-valle-de-mexico-habra-doble-hoy-no-circula","status":"publish","type":"post","link":"https:\/\/quehacerpolitico.mx\/?p=109900","title":{"rendered":"Activan la fase 1 de contingencia ambiental en el Valle de M\u00e9xico; habr\u00e1 doble Hoy No Circula"},"content":{"rendered":"\n<p>Por Redacci\u00f3n QP<\/p>\n\n\n\n<p>La Comisi\u00f3n Ambiental de la Megal\u00f3polis (<strong>CAMe<\/strong>) inform\u00f3 este jueves que se activ\u00f3 la&nbsp;<strong>fase 1&nbsp;<\/strong>de contingencia ambiental en la Zona Metropolitana del Valle de M\u00e9xico.&nbsp;<\/p>\n\n\n\n<p>Las autoridades indicaron que la activaci\u00f3n de la contingencia ocurre despu\u00e9s de que se registraron concentraciones m\u00e1ximas de ozono de 158 ppb en su estaci\u00f3n de monitoreo en la alcald\u00eda<strong>\u00a0Gustavo A. Madero.<\/strong><\/p>\n\n\n\n<figure class=\"wp-block-embed is-type-rich is-provider-twitter wp-block-embed-twitter\"><div class=\"wp-block-embed__wrapper\">\n<blockquote class=\"twitter-tweet\" data-width=\"550\" data-dnt=\"true\"><p lang=\"es\" dir=\"ltr\"><a href=\"https:\/\/twitter.com\/hashtag\/ComunicadoCAMe?src=hash&amp;ref_src=twsrc%5Etfw\">#ComunicadoCAMe<\/a> | 13:00h<br>\ud83d\udce2Se activa contingencia ambiental atmosf\u00e9rica por ozono en la ZMVM, m\u00e1s info en <a href=\"https:\/\/t.co\/Zi6WdtvcYr\">https:\/\/t.co\/Zi6WdtvcYr<\/a><br>\ud83d\udc49Evita hacer actividades c\u00edvicas, culturales y de recreo, as\u00ed como ejercicio en exteriores entre las 13:00 y 19:00 horas. <a href=\"https:\/\/t.co\/VWW0o7ZY81\">pic.twitter.com\/VWW0o7ZY81<\/a><\/p>&mdash; CAMegal\u00f3polis (@CAMegalopolis) <a href=\"https:\/\/twitter.com\/CAMegalopolis\/status\/1788656021482668479?ref_src=twsrc%5Etfw\">May 9, 2024<\/a><\/blockquote><script async src=\"https:\/\/platform.twitter.com\/widgets.js\" charset=\"utf-8\"><\/script>\n<\/div><\/figure>\n\n\n\n<p>La CAMe recomend\u00f3 evitar las actividades al aire libre, as\u00ed como ejercicio al exterior de la 1:00 a las 7:00 de la tarde.<\/p>\n\n\n\n<figure class=\"wp-block-image size-full\"><img loading=\"lazy\" decoding=\"async\" width=\"720\" height=\"970\" src=\"https:\/\/quehacerpolitico.mx\/wp-content\/uploads\/2024\/05\/image.png\" alt=\"\" class=\"wp-image-109901\" srcset=\"https:\/\/quehacerpolitico.mx\/wp-content\/uploads\/2024\/05\/image.png 720w, https:\/\/quehacerpolitico.mx\/wp-content\/uploads\/2024\/05\/image-223x300.png 223w, https:\/\/quehacerpolitico.mx\/wp-content\/uploads\/2024\/05\/image-108x146.png 108w, https:\/\/quehacerpolitico.mx\/wp-content\/uploads\/2024\/05\/image-37x50.png 37w, https:\/\/quehacerpolitico.mx\/wp-content\/uploads\/2024\/05\/image-56x75.png 56w\" sizes=\"auto, (max-width: 720px) 100vw, 720px\" \/><\/figure>\n\n\n\n<p>Tras la activaci\u00f3n de la fase 1, este viernes se restringir\u00e1 la circulaci\u00f3n a los autom\u00f3viles con holograma de verificaci\u00f3n 1, con \u00faltimo d\u00edgito 1, 3 5,&nbsp;7, 9 y 0.<\/p>\n\n\n\n<p>Adem\u00e1s, de los veh\u00edculos con holograma 00 y 0, engomado azul, terminaci\u00f3n de placa 9 y 0.<\/p>\n","protected":false},"excerpt":{"rendered":"<p>Por Redacci\u00f3n QP La Comisi\u00f3n Ambiental de la Megal\u00f3polis (CAMe) inform\u00f3 este jueves que se&#8230;<\/p>\n","protected":false},"author":2,"featured_media":109902,"comment_status":"open","ping_status":"open","sticky":false,"template":"","format":"standard","meta":{"_monsterinsights_skip_tracking":false,"_monsterinsights_sitenote_active":false,"_monsterinsights_sitenote_note":"","_monsterinsights_sitenote_category":0,"footnotes":""},"categories":[55],"tags":[],"class_list":["post-109900","post","type-post","status-publish","format-standard","has-post-thumbnail","hentry","category-cdmx"],"yoast_head":"<!-- This site is optimized with the Yoast SEO plugin v27.3 - https:\/\/yoast.com\/product\/yoast-seo-wordpress\/ -->\n<title>Activan la fase 1 de contingencia ambiental en el Valle de M\u00e9xico; habr\u00e1 doble Hoy No Circula -<\/title>\n<meta name=\"robots\" content=\"index, follow, max-snippet:-1, max-image-preview:large, max-video-preview:-1\" \/>\n<link rel=\"canonical\" href=\"https:\/\/quehacerpolitico.mx\/?p=109900\" \/>\n<meta property=\"og:locale\" content=\"es_MX\" \/>\n<meta property=\"og:type\" content=\"article\" \/>\n<meta property=\"og:title\" content=\"Activan la fase 1 de contingencia ambiental en el Valle de M\u00e9xico; habr\u00e1 doble Hoy No Circula -\" \/>\n<meta property=\"og:description\" content=\"Por Redacci\u00f3n QP La Comisi\u00f3n Ambiental de la Megal\u00f3polis (CAMe) inform\u00f3 este jueves que se...\" \/>\n<meta property=\"og:url\" content=\"https:\/\/quehacerpolitico.mx\/?p=109900\" \/>\n<meta property=\"article:published_time\" content=\"2024-05-09T20:14:51+00:00\" \/>\n<meta property=\"article:modified_time\" content=\"2024-05-09T20:14:54+00:00\" \/>\n<meta property=\"og:image\" content=\"https:\/\/quehacerpolitico.mx\/wp-content\/uploads\/2024\/05\/IMG_5523.jpeg\" \/>\n\t<meta property=\"og:image:width\" content=\"640\" \/>\n\t<meta property=\"og:image:height\" content=\"360\" \/>\n\t<meta property=\"og:image:type\" content=\"image\/jpeg\" \/>\n<meta name=\"author\" content=\"Redacci\u00f3n QP\" \/>\n<meta name=\"twitter:card\" content=\"summary_large_image\" \/>\n<meta name=\"twitter:label1\" content=\"Escrito por\" \/>\n\t<meta name=\"twitter:data1\" content=\"Redacci\u00f3n QP\" \/>\n\t<meta name=\"twitter:label2\" content=\"Tiempo de lectura\" \/>\n\t<meta name=\"twitter:data2\" content=\"1 minuto\" \/>\n<script type=\"application\/ld+json\" class=\"yoast-schema-graph\">{\"@context\":\"https:\\\/\\\/schema.org\",\"@graph\":[{\"@type\":\"Article\",\"@id\":\"https:\\\/\\\/quehacerpolitico.mx\\\/?p=109900#article\",\"isPartOf\":{\"@id\":\"https:\\\/\\\/quehacerpolitico.mx\\\/?p=109900\"},\"author\":{\"name\":\"Redacci\u00f3n QP\",\"@id\":\"https:\\\/\\\/quehacerpolitico.mx\\\/#\\\/schema\\\/person\\\/496d8ad2d1d3f8036101dca7ee39e585\"},\"headline\":\"Activan la fase 1 de contingencia ambiental en el Valle de M\u00e9xico; habr\u00e1 doble Hoy No Circula\",\"datePublished\":\"2024-05-09T20:14:51+00:00\",\"dateModified\":\"2024-05-09T20:14:54+00:00\",\"mainEntityOfPage\":{\"@id\":\"https:\\\/\\\/quehacerpolitico.mx\\\/?p=109900\"},\"wordCount\":167,\"commentCount\":0,\"image\":{\"@id\":\"https:\\\/\\\/quehacerpolitico.mx\\\/?p=109900#primaryimage\"},\"thumbnailUrl\":\"https:\\\/\\\/quehacerpolitico.mx\\\/wp-content\\\/uploads\\\/2024\\\/05\\\/IMG_5523.jpeg\",\"articleSection\":[\"CDMX\"],\"inLanguage\":\"es\",\"potentialAction\":[{\"@type\":\"CommentAction\",\"name\":\"Comment\",\"target\":[\"https:\\\/\\\/quehacerpolitico.mx\\\/?p=109900#respond\"]}]},{\"@type\":\"WebPage\",\"@id\":\"https:\\\/\\\/quehacerpolitico.mx\\\/?p=109900\",\"url\":\"https:\\\/\\\/quehacerpolitico.mx\\\/?p=109900\",\"name\":\"Activan la fase 1 de contingencia ambiental en el Valle de M\u00e9xico; habr\u00e1 doble Hoy No Circula -\",\"isPartOf\":{\"@id\":\"https:\\\/\\\/quehacerpolitico.mx\\\/#website\"},\"primaryImageOfPage\":{\"@id\":\"https:\\\/\\\/quehacerpolitico.mx\\\/?p=109900#primaryimage\"},\"image\":{\"@id\":\"https:\\\/\\\/quehacerpolitico.mx\\\/?p=109900#primaryimage\"},\"thumbnailUrl\":\"https:\\\/\\\/quehacerpolitico.mx\\\/wp-content\\\/uploads\\\/2024\\\/05\\\/IMG_5523.jpeg\",\"datePublished\":\"2024-05-09T20:14:51+00:00\",\"dateModified\":\"2024-05-09T20:14:54+00:00\",\"author\":{\"@id\":\"https:\\\/\\\/quehacerpolitico.mx\\\/#\\\/schema\\\/person\\\/496d8ad2d1d3f8036101dca7ee39e585\"},\"breadcrumb\":{\"@id\":\"https:\\\/\\\/quehacerpolitico.mx\\\/?p=109900#breadcrumb\"},\"inLanguage\":\"es\",\"potentialAction\":[{\"@type\":\"ReadAction\",\"target\":[\"https:\\\/\\\/quehacerpolitico.mx\\\/?p=109900\"]}]},{\"@type\":\"ImageObject\",\"inLanguage\":\"es\",\"@id\":\"https:\\\/\\\/quehacerpolitico.mx\\\/?p=109900#primaryimage\",\"url\":\"https:\\\/\\\/quehacerpolitico.mx\\\/wp-content\\\/uploads\\\/2024\\\/05\\\/IMG_5523.jpeg\",\"contentUrl\":\"https:\\\/\\\/quehacerpolitico.mx\\\/wp-content\\\/uploads\\\/2024\\\/05\\\/IMG_5523.jpeg\",\"width\":640,\"height\":360},{\"@type\":\"BreadcrumbList\",\"@id\":\"https:\\\/\\\/quehacerpolitico.mx\\\/?p=109900#breadcrumb\",\"itemListElement\":[{\"@type\":\"ListItem\",\"position\":1,\"name\":\"Inicio\",\"item\":\"https:\\\/\\\/quehacerpolitico.mx\\\/\"},{\"@type\":\"ListItem\",\"position\":2,\"name\":\"Activan la fase 1 de contingencia ambiental en el Valle de M\u00e9xico; habr\u00e1 doble Hoy No Circula\"}]},{\"@type\":\"WebSite\",\"@id\":\"https:\\\/\\\/quehacerpolitico.mx\\\/#website\",\"url\":\"https:\\\/\\\/quehacerpolitico.mx\\\/\",\"name\":\"\",\"description\":\"\",\"potentialAction\":[{\"@type\":\"SearchAction\",\"target\":{\"@type\":\"EntryPoint\",\"urlTemplate\":\"https:\\\/\\\/quehacerpolitico.mx\\\/?s={search_term_string}\"},\"query-input\":{\"@type\":\"PropertyValueSpecification\",\"valueRequired\":true,\"valueName\":\"search_term_string\"}}],\"inLanguage\":\"es\"},{\"@type\":\"Person\",\"@id\":\"https:\\\/\\\/quehacerpolitico.mx\\\/#\\\/schema\\\/person\\\/496d8ad2d1d3f8036101dca7ee39e585\",\"name\":\"Redacci\u00f3n QP\",\"image\":{\"@type\":\"ImageObject\",\"inLanguage\":\"es\",\"@id\":\"https:\\\/\\\/secure.gravatar.com\\\/avatar\\\/c7164ed6fdec453195284ad24a5ae5b6e1eed2b848477fa2a4787ba9adf39a41?s=96&d=mm&r=g\",\"url\":\"https:\\\/\\\/secure.gravatar.com\\\/avatar\\\/c7164ed6fdec453195284ad24a5ae5b6e1eed2b848477fa2a4787ba9adf39a41?s=96&d=mm&r=g\",\"contentUrl\":\"https:\\\/\\\/secure.gravatar.com\\\/avatar\\\/c7164ed6fdec453195284ad24a5ae5b6e1eed2b848477fa2a4787ba9adf39a41?s=96&d=mm&r=g\",\"caption\":\"Redacci\u00f3n QP\"},\"url\":\"https:\\\/\\\/quehacerpolitico.mx\\\/?author=2\"}]}<\/script>\n<!-- \/ Yoast SEO plugin. -->","yoast_head_json":{"title":"Activan la fase 1 de contingencia ambiental en el Valle de M\u00e9xico; habr\u00e1 doble Hoy No Circula -","robots":{"index":"index","follow":"follow","max-snippet":"max-snippet:-1","max-image-preview":"max-image-preview:large","max-video-preview":"max-video-preview:-1"},"canonical":"https:\/\/quehacerpolitico.mx\/?p=109900","og_locale":"es_MX","og_type":"article","og_title":"Activan la fase 1 de contingencia ambiental en el Valle de M\u00e9xico; habr\u00e1 doble Hoy No Circula -","og_description":"Por Redacci\u00f3n QP La Comisi\u00f3n Ambiental de la Megal\u00f3polis (CAMe) inform\u00f3 este jueves que se...","og_url":"https:\/\/quehacerpolitico.mx\/?p=109900","article_published_time":"2024-05-09T20:14:51+00:00","article_modified_time":"2024-05-09T20:14:54+00:00","og_image":[{"width":640,"height":360,"url":"https:\/\/quehacerpolitico.mx\/wp-content\/uploads\/2024\/05\/IMG_5523.jpeg","type":"image\/jpeg"}],"author":"Redacci\u00f3n QP","twitter_card":"summary_large_image","twitter_misc":{"Escrito por":"Redacci\u00f3n QP","Tiempo de lectura":"1 minuto"},"schema":{"@context":"https:\/\/schema.org","@graph":[{"@type":"Article","@id":"https:\/\/quehacerpolitico.mx\/?p=109900#article","isPartOf":{"@id":"https:\/\/quehacerpolitico.mx\/?p=109900"},"author":{"name":"Redacci\u00f3n QP","@id":"https:\/\/quehacerpolitico.mx\/#\/schema\/person\/496d8ad2d1d3f8036101dca7ee39e585"},"headline":"Activan la fase 1 de contingencia ambiental en el Valle de M\u00e9xico; habr\u00e1 doble Hoy No Circula","datePublished":"2024-05-09T20:14:51+00:00","dateModified":"2024-05-09T20:14:54+00:00","mainEntityOfPage":{"@id":"https:\/\/quehacerpolitico.mx\/?p=109900"},"wordCount":167,"commentCount":0,"image":{"@id":"https:\/\/quehacerpolitico.mx\/?p=109900#primaryimage"},"thumbnailUrl":"https:\/\/quehacerpolitico.mx\/wp-content\/uploads\/2024\/05\/IMG_5523.jpeg","articleSection":["CDMX"],"inLanguage":"es","potentialAction":[{"@type":"CommentAction","name":"Comment","target":["https:\/\/quehacerpolitico.mx\/?p=109900#respond"]}]},{"@type":"WebPage","@id":"https:\/\/quehacerpolitico.mx\/?p=109900","url":"https:\/\/quehacerpolitico.mx\/?p=109900","name":"Activan la fase 1 de contingencia ambiental en el Valle de M\u00e9xico; habr\u00e1 doble Hoy No Circula -","isPartOf":{"@id":"https:\/\/quehacerpolitico.mx\/#website"},"primaryImageOfPage":{"@id":"https:\/\/quehacerpolitico.mx\/?p=109900#primaryimage"},"image":{"@id":"https:\/\/quehacerpolitico.mx\/?p=109900#primaryimage"},"thumbnailUrl":"https:\/\/quehacerpolitico.mx\/wp-content\/uploads\/2024\/05\/IMG_5523.jpeg","datePublished":"2024-05-09T20:14:51+00:00","dateModified":"2024-05-09T20:14:54+00:00","author":{"@id":"https:\/\/quehacerpolitico.mx\/#\/schema\/person\/496d8ad2d1d3f8036101dca7ee39e585"},"breadcrumb":{"@id":"https:\/\/quehacerpolitico.mx\/?p=109900#breadcrumb"},"inLanguage":"es","potentialAction":[{"@type":"ReadAction","target":["https:\/\/quehacerpolitico.mx\/?p=109900"]}]},{"@type":"ImageObject","inLanguage":"es","@id":"https:\/\/quehacerpolitico.mx\/?p=109900#primaryimage","url":"https:\/\/quehacerpolitico.mx\/wp-content\/uploads\/2024\/05\/IMG_5523.jpeg","contentUrl":"https:\/\/quehacerpolitico.mx\/wp-content\/uploads\/2024\/05\/IMG_5523.jpeg","width":640,"height":360},{"@type":"BreadcrumbList","@id":"https:\/\/quehacerpolitico.mx\/?p=109900#breadcrumb","itemListElement":[{"@type":"ListItem","position":1,"name":"Inicio","item":"https:\/\/quehacerpolitico.mx\/"},{"@type":"ListItem","position":2,"name":"Activan la fase 1 de contingencia ambiental en el Valle de M\u00e9xico; habr\u00e1 doble Hoy No Circula"}]},{"@type":"WebSite","@id":"https:\/\/quehacerpolitico.mx\/#website","url":"https:\/\/quehacerpolitico.mx\/","name":"","description":"","potentialAction":[{"@type":"SearchAction","target":{"@type":"EntryPoint","urlTemplate":"https:\/\/quehacerpolitico.mx\/?s={search_term_string}"},"query-input":{"@type":"PropertyValueSpecification","valueRequired":true,"valueName":"search_term_string"}}],"inLanguage":"es"},{"@type":"Person","@id":"https:\/\/quehacerpolitico.mx\/#\/schema\/person\/496d8ad2d1d3f8036101dca7ee39e585","name":"Redacci\u00f3n QP","image":{"@type":"ImageObject","inLanguage":"es","@id":"https:\/\/secure.gravatar.com\/avatar\/c7164ed6fdec453195284ad24a5ae5b6e1eed2b848477fa2a4787ba9adf39a41?s=96&d=mm&r=g","url":"https:\/\/secure.gravatar.com\/avatar\/c7164ed6fdec453195284ad24a5ae5b6e1eed2b848477fa2a4787ba9adf39a41?s=96&d=mm&r=g","contentUrl":"https:\/\/secure.gravatar.com\/avatar\/c7164ed6fdec453195284ad24a5ae5b6e1eed2b848477fa2a4787ba9adf39a41?s=96&d=mm&r=g","caption":"Redacci\u00f3n QP"},"url":"https:\/\/quehacerpolitico.mx\/?author=2"}]}},"featured_image_urls":{"full":["https:\/\/quehacerpolitico.mx\/wp-content\/uploads\/2024\/05\/IMG_5523.jpeg",640,360,false],"thumbnail":["https:\/\/quehacerpolitico.mx\/wp-content\/uploads\/2024\/05\/IMG_5523-150x150.jpeg",150,150,true],"medium":["https:\/\/quehacerpolitico.mx\/wp-content\/uploads\/2024\/05\/IMG_5523-300x169.jpeg",300,169,true],"medium_large":["https:\/\/quehacerpolitico.mx\/wp-content\/uploads\/2024\/05\/IMG_5523.jpeg",640,360,false],"large":["https:\/\/quehacerpolitico.mx\/wp-content\/uploads\/2024\/05\/IMG_5523.jpeg",640,360,false],"1536x1536":["https:\/\/quehacerpolitico.mx\/wp-content\/uploads\/2024\/05\/IMG_5523.jpeg",640,360,false],"2048x2048":["https:\/\/quehacerpolitico.mx\/wp-content\/uploads\/2024\/05\/IMG_5523.jpeg",640,360,false],"covernews-featured":["https:\/\/quehacerpolitico.mx\/wp-content\/uploads\/2024\/05\/IMG_5523.jpeg",640,360,false],"covernews-medium":["https:\/\/quehacerpolitico.mx\/wp-content\/uploads\/2024\/05\/IMG_5523.jpeg",540,304,false]},"author_info":{"display_name":"Redacci\u00f3n QP","author_link":"https:\/\/quehacerpolitico.mx\/?author=2"},"category_info":"<a href=\"https:\/\/quehacerpolitico.mx\/?cat=55\" rel=\"category\">CDMX<\/a>","tag_info":"CDMX","comment_count":"0","_links":{"self":[{"href":"https:\/\/quehacerpolitico.mx\/index.php?rest_route=\/wp\/v2\/posts\/109900","targetHints":{"allow":["GET"]}}],"collection":[{"href":"https:\/\/quehacerpolitico.mx\/index.php?rest_route=\/wp\/v2\/posts"}],"about":[{"href":"https:\/\/quehacerpolitico.mx\/index.php?rest_route=\/wp\/v2\/types\/post"}],"author":[{"embeddable":true,"href":"https:\/\/quehacerpolitico.mx\/index.php?rest_route=\/wp\/v2\/users\/2"}],"replies":[{"embeddable":true,"href":"https:\/\/quehacerpolitico.mx\/index.php?rest_route=%2Fwp%2Fv2%2Fcomments&post=109900"}],"version-history":[{"count":1,"href":"https:\/\/quehacerpolitico.mx\/index.php?rest_route=\/wp\/v2\/posts\/109900\/revisions"}],"predecessor-version":[{"id":109903,"href":"https:\/\/quehacerpolitico.mx\/index.php?rest_route=\/wp\/v2\/posts\/109900\/revisions\/109903"}],"wp:featuredmedia":[{"embeddable":true,"href":"https:\/\/quehacerpolitico.mx\/index.php?rest_route=\/wp\/v2\/media\/109902"}],"wp:attachment":[{"href":"https:\/\/quehacerpolitico.mx\/index.php?rest_route=%2Fwp%2Fv2%2Fmedia&parent=109900"}],"wp:term":[{"taxonomy":"category","embeddable":true,"href":"https:\/\/quehacerpolitico.mx\/index.php?rest_route=%2Fwp%2Fv2%2Fcategories&post=109900"},{"taxonomy":"post_tag","embeddable":true,"href":"https:\/\/quehacerpolitico.mx\/index.php?rest_route=%2Fwp%2Fv2%2Ftags&post=109900"}],"curies":[{"name":"wp","href":"https:\/\/api.w.org\/{rel}","templated":true}]}}