{"id":109875,"date":"2024-05-09T16:47:50","date_gmt":"2024-05-09T16:47:50","guid":{"rendered":"https:\/\/quehacerpolitico.mx\/?p=109875"},"modified":"2024-05-09T16:47:52","modified_gmt":"2024-05-09T16:47:52","slug":"respecto-a-los-apagones-en-varias-partes-del-pais-lopez-obrador-senalo-que-fueron-por-la-demanda-superior-a-la-capacidad-decirle-a-la-gente-que-vamos-a-procurar-que-no-haya-danos-mayores","status":"publish","type":"post","link":"https:\/\/quehacerpolitico.mx\/?p=109875","title":{"rendered":"Respecto a los apagones en varias partes del pa\u00eds, L\u00f3pez Obrador se\u00f1al\u00f3 que fueron por la demanda &#8220;superior a la capacidad&#8221; &#8220;Decirle a la gente que vamos a procurar que no haya da\u00f1os mayores&#8221;"},"content":{"rendered":"\n<p>Por Redacci\u00f3n QP<\/p>\n\n\n\n<p>El presidente de M\u00e9xico,\u00a0<strong>Andr\u00e9s Manuel L\u00f3pez Obrador<\/strong>, asegur\u00f3 que su gobierno procurar\u00e1 que no haya\u00a0<strong>da\u00f1os<\/strong>\u00a0<strong>mayores<\/strong> generalizados por los apagones que ha vivido el pa\u00eds durante los \u00faltimos dos d\u00edas debido a la debilidad del\u00a0<strong>sistema<\/strong>\u00a0<strong>el\u00e9ctrico<\/strong>.\u00a0<\/p>\n\n\n\n<p>\u201cAyer fueron tres o cuatro estados y fue media hora porque se est\u00e1\u00a0<strong>controlando<\/strong>\u201c, dijo este jueves el mandatario federal.<\/p>\n\n\n\n<p>\u201cSi tenemos ahora este\u00a0<strong>d\u00e9ficit<\/strong>\u00a0en\u00a0<strong>generaci\u00f3n<\/strong>es porque estamos por terminar, se nos demoraron, algunas\u00a0<strong>plantas<\/strong>\u00a0de\u00a0<strong>ciclo<\/strong><strong>combinado<\/strong>, pero se est\u00e1 trabajando y ya pronto se va a regularizar y se resuelve el problema hacia delante, o sea, es un\u00a0<strong>asunto<\/strong> transitorio\u201c, expuso.<\/p>\n\n\n\n<figure class=\"wp-block-embed is-type-rich is-provider-twitter wp-block-embed-twitter\"><div class=\"wp-block-embed__wrapper\">\n<blockquote class=\"twitter-tweet\" data-width=\"550\" data-dnt=\"true\"><p lang=\"es\" dir=\"ltr\">Respecto a los apagones en varias partes del pa\u00eds, <a href=\"https:\/\/twitter.com\/lopezobrador_?ref_src=twsrc%5Etfw\">@lopezobrador_<\/a> se\u00f1al\u00f3 que fueron por la demanda &quot;superior a la capacidad&quot;.<br><br>&quot;Decirle a la gente que vamos a procurar que no haya da\u00f1os mayores&quot;. <a href=\"https:\/\/t.co\/p2aEtnkoIY\">pic.twitter.com\/p2aEtnkoIY<\/a><\/p>&mdash; Ruido en la Red (@RuidoEnLaRed) <a href=\"https:\/\/twitter.com\/RuidoEnLaRed\/status\/1788581215194210723?ref_src=twsrc%5Etfw\">May 9, 2024<\/a><\/blockquote><script async src=\"https:\/\/platform.twitter.com\/widgets.js\" charset=\"utf-8\"><\/script>\n<\/div><\/figure>\n\n\n\n<p><strong>L\u00f3pez Obrador&nbsp;<\/strong>detall\u00f3 que ahora \u201cla mitad de la generaci\u00f3n tiene que ver con empresas particulares\u201d y antes de asumir la presidencia, en diciembre de 2018, la Comisi\u00f3n Federal de Electricidad (<strong>CFE<\/strong>) s\u00f3lo generaba el 38%.<\/p>\n\n\n\n<p>\u201cAhora con el esfuerzo que estamos haciendo ya genera como el 50% y va a generar al final de nuestro gobierno como el 65%, el 62%, y esto va a dar m\u00e1s garant\u00eda\u201d, sostuvo&nbsp;<strong>L\u00f3pez Obrador.<\/strong><\/p>\n\n\n\n<p>La demanda de electricidad por el calor provoc\u00f3 el martes apagones en cerca de la mitad de los estados del pa\u00eds, por lo que el Cenace declar\u00f3 ese d\u00eda una\u00a0<strong>emergencia<\/strong>\u00a0en el\u00a0<strong>sistema<\/strong>\u00a0<strong>el\u00e9ctrico<\/strong>\u00a0y el\u00a0<strong>mi\u00e9rcoles<\/strong>\u00a0lo consider\u00f3 en\u00a0<strong>alerta<\/strong>.<\/p>\n\n\n\n<p>Los apagones ocurren mientras\u00a0<strong>M\u00e9xico<\/strong>\u00a0afronta una segunda\u00a0<strong>ola de calor<\/strong>\u00a0con temperaturas superiores a los 40 grados en\u00a0<strong>23 estados<\/strong>\u00a0del pa\u00eds, incluyendo 12 con mayores a\u00a0<strong>45 grado<\/strong>s.<\/p>\n\n\n\n<p>Pero tambi\u00e9n sucede mientras el gobierno de&nbsp;<strong>L\u00f3pez Obrador<\/strong>&nbsp;afronta cuestionamientos de la oposici\u00f3n y de empresarios por implementar pol\u00edticas para favorecer a la&nbsp;<strong>CFE<\/strong>&nbsp;y&nbsp;<strong>obstaculizar<\/strong>&nbsp;la&nbsp;<strong>inversi\u00f3n<\/strong>&nbsp;<strong>privada<\/strong>&nbsp;en energ\u00eda renovable, lo que, seg\u00fan ellos, ha afectado la generaci\u00f3n el\u00e9ctrica.<\/p>\n\n\n\n<p>\u201cLo que se est\u00e1 haciendo con el\u00a0<strong>Cenace<\/strong>\u00a0es controlar para que se regule y se evite que se generalicen los apagones. Estamos avanzando bastante para que se ponga a generar\u00a0<strong>energ\u00eda<\/strong> todo el\u00a0<strong>sistema<\/strong>\u201d, prometi\u00f3 ahora el presidente.<\/p>\n","protected":false},"excerpt":{"rendered":"<p>Por Redacci\u00f3n QP El presidente de M\u00e9xico,\u00a0Andr\u00e9s Manuel L\u00f3pez Obrador, asegur\u00f3 que su gobierno procurar\u00e1&#8230;<\/p>\n","protected":false},"author":2,"featured_media":109876,"comment_status":"open","ping_status":"open","sticky":false,"template":"","format":"standard","meta":{"_monsterinsights_skip_tracking":false,"_monsterinsights_sitenote_active":false,"_monsterinsights_sitenote_note":"","_monsterinsights_sitenote_category":0,"footnotes":""},"categories":[2],"tags":[],"class_list":["post-109875","post","type-post","status-publish","format-standard","has-post-thumbnail","hentry","category-noticias"],"yoast_head":"<!-- This site is optimized with the Yoast SEO plugin v27.3 - https:\/\/yoast.com\/product\/yoast-seo-wordpress\/ -->\n<title>Respecto a los apagones en varias partes del pa\u00eds, L\u00f3pez Obrador se\u00f1al\u00f3 que fueron por la demanda &quot;superior a la capacidad&quot; &quot;Decirle a la gente que vamos a procurar que no haya da\u00f1os mayores&quot; -<\/title>\n<meta name=\"robots\" content=\"index, follow, max-snippet:-1, max-image-preview:large, max-video-preview:-1\" \/>\n<link rel=\"canonical\" href=\"https:\/\/quehacerpolitico.mx\/?p=109875\" \/>\n<meta property=\"og:locale\" content=\"es_MX\" \/>\n<meta property=\"og:type\" content=\"article\" \/>\n<meta property=\"og:title\" content=\"Respecto a los apagones en varias partes del pa\u00eds, L\u00f3pez Obrador se\u00f1al\u00f3 que fueron por la demanda &quot;superior a la capacidad&quot; &quot;Decirle a la gente que vamos a procurar que no haya da\u00f1os mayores&quot; -\" \/>\n<meta property=\"og:description\" content=\"Por Redacci\u00f3n QP El presidente de M\u00e9xico,\u00a0Andr\u00e9s Manuel L\u00f3pez Obrador, asegur\u00f3 que su gobierno procurar\u00e1...\" \/>\n<meta property=\"og:url\" content=\"https:\/\/quehacerpolitico.mx\/?p=109875\" \/>\n<meta property=\"article:published_time\" content=\"2024-05-09T16:47:50+00:00\" \/>\n<meta property=\"article:modified_time\" content=\"2024-05-09T16:47:52+00:00\" \/>\n<meta property=\"og:image\" content=\"https:\/\/quehacerpolitico.mx\/wp-content\/uploads\/2024\/05\/IMG_5515.jpeg\" \/>\n\t<meta property=\"og:image:width\" content=\"1284\" \/>\n\t<meta property=\"og:image:height\" content=\"682\" \/>\n\t<meta property=\"og:image:type\" content=\"image\/jpeg\" \/>\n<meta name=\"author\" content=\"Redacci\u00f3n QP\" \/>\n<meta name=\"twitter:card\" content=\"summary_large_image\" \/>\n<meta name=\"twitter:label1\" content=\"Escrito por\" \/>\n\t<meta name=\"twitter:data1\" content=\"Redacci\u00f3n QP\" \/>\n\t<meta name=\"twitter:label2\" content=\"Tiempo de lectura\" \/>\n\t<meta name=\"twitter:data2\" content=\"2 minutos\" \/>\n<script type=\"application\/ld+json\" class=\"yoast-schema-graph\">{\"@context\":\"https:\\\/\\\/schema.org\",\"@graph\":[{\"@type\":\"Article\",\"@id\":\"https:\\\/\\\/quehacerpolitico.mx\\\/?p=109875#article\",\"isPartOf\":{\"@id\":\"https:\\\/\\\/quehacerpolitico.mx\\\/?p=109875\"},\"author\":{\"name\":\"Redacci\u00f3n QP\",\"@id\":\"https:\\\/\\\/quehacerpolitico.mx\\\/#\\\/schema\\\/person\\\/496d8ad2d1d3f8036101dca7ee39e585\"},\"headline\":\"Respecto a los apagones en varias partes del pa\u00eds, L\u00f3pez Obrador se\u00f1al\u00f3 que fueron por la demanda &#8220;superior a la capacidad&#8221; &#8220;Decirle a la gente que vamos a procurar que no haya da\u00f1os mayores&#8221;\",\"datePublished\":\"2024-05-09T16:47:50+00:00\",\"dateModified\":\"2024-05-09T16:47:52+00:00\",\"mainEntityOfPage\":{\"@id\":\"https:\\\/\\\/quehacerpolitico.mx\\\/?p=109875\"},\"wordCount\":415,\"commentCount\":0,\"image\":{\"@id\":\"https:\\\/\\\/quehacerpolitico.mx\\\/?p=109875#primaryimage\"},\"thumbnailUrl\":\"https:\\\/\\\/quehacerpolitico.mx\\\/wp-content\\\/uploads\\\/2024\\\/05\\\/IMG_5515.jpeg\",\"articleSection\":[\"Noticias\"],\"inLanguage\":\"es\",\"potentialAction\":[{\"@type\":\"CommentAction\",\"name\":\"Comment\",\"target\":[\"https:\\\/\\\/quehacerpolitico.mx\\\/?p=109875#respond\"]}]},{\"@type\":\"WebPage\",\"@id\":\"https:\\\/\\\/quehacerpolitico.mx\\\/?p=109875\",\"url\":\"https:\\\/\\\/quehacerpolitico.mx\\\/?p=109875\",\"name\":\"Respecto a los apagones en varias partes del pa\u00eds, L\u00f3pez Obrador se\u00f1al\u00f3 que fueron por la demanda \\\"superior a la capacidad\\\" \\\"Decirle a la gente que vamos a procurar que no haya da\u00f1os mayores\\\" -\",\"isPartOf\":{\"@id\":\"https:\\\/\\\/quehacerpolitico.mx\\\/#website\"},\"primaryImageOfPage\":{\"@id\":\"https:\\\/\\\/quehacerpolitico.mx\\\/?p=109875#primaryimage\"},\"image\":{\"@id\":\"https:\\\/\\\/quehacerpolitico.mx\\\/?p=109875#primaryimage\"},\"thumbnailUrl\":\"https:\\\/\\\/quehacerpolitico.mx\\\/wp-content\\\/uploads\\\/2024\\\/05\\\/IMG_5515.jpeg\",\"datePublished\":\"2024-05-09T16:47:50+00:00\",\"dateModified\":\"2024-05-09T16:47:52+00:00\",\"author\":{\"@id\":\"https:\\\/\\\/quehacerpolitico.mx\\\/#\\\/schema\\\/person\\\/496d8ad2d1d3f8036101dca7ee39e585\"},\"breadcrumb\":{\"@id\":\"https:\\\/\\\/quehacerpolitico.mx\\\/?p=109875#breadcrumb\"},\"inLanguage\":\"es\",\"potentialAction\":[{\"@type\":\"ReadAction\",\"target\":[\"https:\\\/\\\/quehacerpolitico.mx\\\/?p=109875\"]}]},{\"@type\":\"ImageObject\",\"inLanguage\":\"es\",\"@id\":\"https:\\\/\\\/quehacerpolitico.mx\\\/?p=109875#primaryimage\",\"url\":\"https:\\\/\\\/quehacerpolitico.mx\\\/wp-content\\\/uploads\\\/2024\\\/05\\\/IMG_5515.jpeg\",\"contentUrl\":\"https:\\\/\\\/quehacerpolitico.mx\\\/wp-content\\\/uploads\\\/2024\\\/05\\\/IMG_5515.jpeg\",\"width\":1284,\"height\":682,\"caption\":\"Screenshot\"},{\"@type\":\"BreadcrumbList\",\"@id\":\"https:\\\/\\\/quehacerpolitico.mx\\\/?p=109875#breadcrumb\",\"itemListElement\":[{\"@type\":\"ListItem\",\"position\":1,\"name\":\"Inicio\",\"item\":\"https:\\\/\\\/quehacerpolitico.mx\\\/\"},{\"@type\":\"ListItem\",\"position\":2,\"name\":\"Respecto a los apagones en varias partes del pa\u00eds, L\u00f3pez Obrador se\u00f1al\u00f3 que fueron por la demanda &#8220;superior a la capacidad&#8221; &#8220;Decirle a la gente que vamos a procurar que no haya da\u00f1os mayores&#8221;\"}]},{\"@type\":\"WebSite\",\"@id\":\"https:\\\/\\\/quehacerpolitico.mx\\\/#website\",\"url\":\"https:\\\/\\\/quehacerpolitico.mx\\\/\",\"name\":\"\",\"description\":\"\",\"potentialAction\":[{\"@type\":\"SearchAction\",\"target\":{\"@type\":\"EntryPoint\",\"urlTemplate\":\"https:\\\/\\\/quehacerpolitico.mx\\\/?s={search_term_string}\"},\"query-input\":{\"@type\":\"PropertyValueSpecification\",\"valueRequired\":true,\"valueName\":\"search_term_string\"}}],\"inLanguage\":\"es\"},{\"@type\":\"Person\",\"@id\":\"https:\\\/\\\/quehacerpolitico.mx\\\/#\\\/schema\\\/person\\\/496d8ad2d1d3f8036101dca7ee39e585\",\"name\":\"Redacci\u00f3n QP\",\"image\":{\"@type\":\"ImageObject\",\"inLanguage\":\"es\",\"@id\":\"https:\\\/\\\/secure.gravatar.com\\\/avatar\\\/c7164ed6fdec453195284ad24a5ae5b6e1eed2b848477fa2a4787ba9adf39a41?s=96&d=mm&r=g\",\"url\":\"https:\\\/\\\/secure.gravatar.com\\\/avatar\\\/c7164ed6fdec453195284ad24a5ae5b6e1eed2b848477fa2a4787ba9adf39a41?s=96&d=mm&r=g\",\"contentUrl\":\"https:\\\/\\\/secure.gravatar.com\\\/avatar\\\/c7164ed6fdec453195284ad24a5ae5b6e1eed2b848477fa2a4787ba9adf39a41?s=96&d=mm&r=g\",\"caption\":\"Redacci\u00f3n QP\"},\"url\":\"https:\\\/\\\/quehacerpolitico.mx\\\/?author=2\"}]}<\/script>\n<!-- \/ Yoast SEO plugin. -->","yoast_head_json":{"title":"Respecto a los apagones en varias partes del pa\u00eds, L\u00f3pez Obrador se\u00f1al\u00f3 que fueron por la demanda \"superior a la capacidad\" \"Decirle a la gente que vamos a procurar que no haya da\u00f1os mayores\" -","robots":{"index":"index","follow":"follow","max-snippet":"max-snippet:-1","max-image-preview":"max-image-preview:large","max-video-preview":"max-video-preview:-1"},"canonical":"https:\/\/quehacerpolitico.mx\/?p=109875","og_locale":"es_MX","og_type":"article","og_title":"Respecto a los apagones en varias partes del pa\u00eds, L\u00f3pez Obrador se\u00f1al\u00f3 que fueron por la demanda \"superior a la capacidad\" \"Decirle a la gente que vamos a procurar que no haya da\u00f1os mayores\" -","og_description":"Por Redacci\u00f3n QP El presidente de M\u00e9xico,\u00a0Andr\u00e9s Manuel L\u00f3pez Obrador, asegur\u00f3 que su gobierno procurar\u00e1...","og_url":"https:\/\/quehacerpolitico.mx\/?p=109875","article_published_time":"2024-05-09T16:47:50+00:00","article_modified_time":"2024-05-09T16:47:52+00:00","og_image":[{"width":1284,"height":682,"url":"https:\/\/quehacerpolitico.mx\/wp-content\/uploads\/2024\/05\/IMG_5515.jpeg","type":"image\/jpeg"}],"author":"Redacci\u00f3n QP","twitter_card":"summary_large_image","twitter_misc":{"Escrito por":"Redacci\u00f3n QP","Tiempo de lectura":"2 minutos"},"schema":{"@context":"https:\/\/schema.org","@graph":[{"@type":"Article","@id":"https:\/\/quehacerpolitico.mx\/?p=109875#article","isPartOf":{"@id":"https:\/\/quehacerpolitico.mx\/?p=109875"},"author":{"name":"Redacci\u00f3n QP","@id":"https:\/\/quehacerpolitico.mx\/#\/schema\/person\/496d8ad2d1d3f8036101dca7ee39e585"},"headline":"Respecto a los apagones en varias partes del pa\u00eds, L\u00f3pez Obrador se\u00f1al\u00f3 que fueron por la demanda &#8220;superior a la capacidad&#8221; &#8220;Decirle a la gente que vamos a procurar que no haya da\u00f1os mayores&#8221;","datePublished":"2024-05-09T16:47:50+00:00","dateModified":"2024-05-09T16:47:52+00:00","mainEntityOfPage":{"@id":"https:\/\/quehacerpolitico.mx\/?p=109875"},"wordCount":415,"commentCount":0,"image":{"@id":"https:\/\/quehacerpolitico.mx\/?p=109875#primaryimage"},"thumbnailUrl":"https:\/\/quehacerpolitico.mx\/wp-content\/uploads\/2024\/05\/IMG_5515.jpeg","articleSection":["Noticias"],"inLanguage":"es","potentialAction":[{"@type":"CommentAction","name":"Comment","target":["https:\/\/quehacerpolitico.mx\/?p=109875#respond"]}]},{"@type":"WebPage","@id":"https:\/\/quehacerpolitico.mx\/?p=109875","url":"https:\/\/quehacerpolitico.mx\/?p=109875","name":"Respecto a los apagones en varias partes del pa\u00eds, L\u00f3pez Obrador se\u00f1al\u00f3 que fueron por la demanda \"superior a la capacidad\" \"Decirle a la gente que vamos a procurar que no haya da\u00f1os mayores\" -","isPartOf":{"@id":"https:\/\/quehacerpolitico.mx\/#website"},"primaryImageOfPage":{"@id":"https:\/\/quehacerpolitico.mx\/?p=109875#primaryimage"},"image":{"@id":"https:\/\/quehacerpolitico.mx\/?p=109875#primaryimage"},"thumbnailUrl":"https:\/\/quehacerpolitico.mx\/wp-content\/uploads\/2024\/05\/IMG_5515.jpeg","datePublished":"2024-05-09T16:47:50+00:00","dateModified":"2024-05-09T16:47:52+00:00","author":{"@id":"https:\/\/quehacerpolitico.mx\/#\/schema\/person\/496d8ad2d1d3f8036101dca7ee39e585"},"breadcrumb":{"@id":"https:\/\/quehacerpolitico.mx\/?p=109875#breadcrumb"},"inLanguage":"es","potentialAction":[{"@type":"ReadAction","target":["https:\/\/quehacerpolitico.mx\/?p=109875"]}]},{"@type":"ImageObject","inLanguage":"es","@id":"https:\/\/quehacerpolitico.mx\/?p=109875#primaryimage","url":"https:\/\/quehacerpolitico.mx\/wp-content\/uploads\/2024\/05\/IMG_5515.jpeg","contentUrl":"https:\/\/quehacerpolitico.mx\/wp-content\/uploads\/2024\/05\/IMG_5515.jpeg","width":1284,"height":682,"caption":"Screenshot"},{"@type":"BreadcrumbList","@id":"https:\/\/quehacerpolitico.mx\/?p=109875#breadcrumb","itemListElement":[{"@type":"ListItem","position":1,"name":"Inicio","item":"https:\/\/quehacerpolitico.mx\/"},{"@type":"ListItem","position":2,"name":"Respecto a los apagones en varias partes del pa\u00eds, L\u00f3pez Obrador se\u00f1al\u00f3 que fueron por la demanda &#8220;superior a la capacidad&#8221; &#8220;Decirle a la gente que vamos a procurar que no haya da\u00f1os mayores&#8221;"}]},{"@type":"WebSite","@id":"https:\/\/quehacerpolitico.mx\/#website","url":"https:\/\/quehacerpolitico.mx\/","name":"","description":"","potentialAction":[{"@type":"SearchAction","target":{"@type":"EntryPoint","urlTemplate":"https:\/\/quehacerpolitico.mx\/?s={search_term_string}"},"query-input":{"@type":"PropertyValueSpecification","valueRequired":true,"valueName":"search_term_string"}}],"inLanguage":"es"},{"@type":"Person","@id":"https:\/\/quehacerpolitico.mx\/#\/schema\/person\/496d8ad2d1d3f8036101dca7ee39e585","name":"Redacci\u00f3n QP","image":{"@type":"ImageObject","inLanguage":"es","@id":"https:\/\/secure.gravatar.com\/avatar\/c7164ed6fdec453195284ad24a5ae5b6e1eed2b848477fa2a4787ba9adf39a41?s=96&d=mm&r=g","url":"https:\/\/secure.gravatar.com\/avatar\/c7164ed6fdec453195284ad24a5ae5b6e1eed2b848477fa2a4787ba9adf39a41?s=96&d=mm&r=g","contentUrl":"https:\/\/secure.gravatar.com\/avatar\/c7164ed6fdec453195284ad24a5ae5b6e1eed2b848477fa2a4787ba9adf39a41?s=96&d=mm&r=g","caption":"Redacci\u00f3n QP"},"url":"https:\/\/quehacerpolitico.mx\/?author=2"}]}},"featured_image_urls":{"full":["https:\/\/quehacerpolitico.mx\/wp-content\/uploads\/2024\/05\/IMG_5515.jpeg",1284,682,false],"thumbnail":["https:\/\/quehacerpolitico.mx\/wp-content\/uploads\/2024\/05\/IMG_5515-150x150.jpeg",150,150,true],"medium":["https:\/\/quehacerpolitico.mx\/wp-content\/uploads\/2024\/05\/IMG_5515-300x159.jpeg",300,159,true],"medium_large":["https:\/\/quehacerpolitico.mx\/wp-content\/uploads\/2024\/05\/IMG_5515-768x408.jpeg",640,340,true],"large":["https:\/\/quehacerpolitico.mx\/wp-content\/uploads\/2024\/05\/IMG_5515-1024x544.jpeg",640,340,true],"1536x1536":["https:\/\/quehacerpolitico.mx\/wp-content\/uploads\/2024\/05\/IMG_5515.jpeg",1284,682,false],"2048x2048":["https:\/\/quehacerpolitico.mx\/wp-content\/uploads\/2024\/05\/IMG_5515.jpeg",1284,682,false],"covernews-featured":["https:\/\/quehacerpolitico.mx\/wp-content\/uploads\/2024\/05\/IMG_5515.jpeg",1024,544,false],"covernews-medium":["https:\/\/quehacerpolitico.mx\/wp-content\/uploads\/2024\/05\/IMG_5515.jpeg",540,287,false]},"author_info":{"display_name":"Redacci\u00f3n QP","author_link":"https:\/\/quehacerpolitico.mx\/?author=2"},"category_info":"<a href=\"https:\/\/quehacerpolitico.mx\/?cat=2\" rel=\"category\">Noticias<\/a>","tag_info":"Noticias","comment_count":"0","_links":{"self":[{"href":"https:\/\/quehacerpolitico.mx\/index.php?rest_route=\/wp\/v2\/posts\/109875","targetHints":{"allow":["GET"]}}],"collection":[{"href":"https:\/\/quehacerpolitico.mx\/index.php?rest_route=\/wp\/v2\/posts"}],"about":[{"href":"https:\/\/quehacerpolitico.mx\/index.php?rest_route=\/wp\/v2\/types\/post"}],"author":[{"embeddable":true,"href":"https:\/\/quehacerpolitico.mx\/index.php?rest_route=\/wp\/v2\/users\/2"}],"replies":[{"embeddable":true,"href":"https:\/\/quehacerpolitico.mx\/index.php?rest_route=%2Fwp%2Fv2%2Fcomments&post=109875"}],"version-history":[{"count":1,"href":"https:\/\/quehacerpolitico.mx\/index.php?rest_route=\/wp\/v2\/posts\/109875\/revisions"}],"predecessor-version":[{"id":109877,"href":"https:\/\/quehacerpolitico.mx\/index.php?rest_route=\/wp\/v2\/posts\/109875\/revisions\/109877"}],"wp:featuredmedia":[{"embeddable":true,"href":"https:\/\/quehacerpolitico.mx\/index.php?rest_route=\/wp\/v2\/media\/109876"}],"wp:attachment":[{"href":"https:\/\/quehacerpolitico.mx\/index.php?rest_route=%2Fwp%2Fv2%2Fmedia&parent=109875"}],"wp:term":[{"taxonomy":"category","embeddable":true,"href":"https:\/\/quehacerpolitico.mx\/index.php?rest_route=%2Fwp%2Fv2%2Fcategories&post=109875"},{"taxonomy":"post_tag","embeddable":true,"href":"https:\/\/quehacerpolitico.mx\/index.php?rest_route=%2Fwp%2Fv2%2Ftags&post=109875"}],"curies":[{"name":"wp","href":"https:\/\/api.w.org\/{rel}","templated":true}]}}