{"id":109869,"date":"2024-05-09T15:57:28","date_gmt":"2024-05-09T15:57:28","guid":{"rendered":"https:\/\/quehacerpolitico.mx\/?p=109869"},"modified":"2024-05-09T15:57:30","modified_gmt":"2024-05-09T15:57:30","slug":"amlo-bajara-mananeras-cada-24-horas-tras-orden-del-tribunal-electoral-para-modificarlas-seran-recuperadas-despues-de-las-elecciones-asi-hacen-menos-corajes-dice","status":"publish","type":"post","link":"https:\/\/quehacerpolitico.mx\/?p=109869","title":{"rendered":"AMLO bajar\u00e1 &#8216;ma\u00f1aneras&#8217; cada 24 horas tras orden del Tribunal Electoral para modificarlas; ser\u00e1n recuperadas despu\u00e9s de las elecciones &#8220;As\u00ed hacen menos corajes&#8221;, dice"},"content":{"rendered":"\n<p>Por Redacci\u00f3n QP<\/p>\n\n\n\n<p>El presidente de M\u00e9xico,&nbsp;<strong>Andr\u00e9s Manuel L\u00f3pez Obrador<\/strong>, inform\u00f3 este jueves que, hasta las elecciones del 2 de junio, bajar\u00e1 cada una de sus conferencias matutinas subidas a&nbsp;<strong>redes<\/strong><strong>sociales<\/strong>&nbsp;despu\u00e9s de 24 horas para evitar&nbsp;<strong>problemas<\/strong>&nbsp;con las&nbsp;<strong>autoridades<\/strong>&nbsp;<strong>electorales<\/strong>. Despu\u00e9s de las&nbsp;<strong>elecciones<\/strong>&nbsp;todas se volver\u00e1n a&nbsp;<strong>subir<\/strong>.<\/p>\n\n\n\n<p>Durante su conferencia de hoy, el mandatario explic\u00f3 que a partir de ma\u00f1ana eliminar\u00e1n las transmisiones completas: \u201cO sea, la de hoy va a durar 24 horas y ya se quita, y as\u00ed la vamos a estar quitando. Y una vez que pase lo de la\u00a0<strong>elecci\u00f3n<\/strong>\u00a0ya las volvemos a subir\u201d<\/p>\n\n\n\n<p>L\u00f3pez Obrador se\u00f1al\u00f3 que despu\u00e9s de las elecciones \u201cva a tener m\u00e1s libertad\u201d, pero que por el momento tiene que\u00a0<strong>autocensurarse<\/strong>.<\/p>\n\n\n\n<figure class=\"wp-block-embed is-type-rich is-provider-twitter wp-block-embed-twitter\"><div class=\"wp-block-embed__wrapper\">\n<blockquote class=\"twitter-tweet\" data-width=\"550\" data-dnt=\"true\"><p lang=\"es\" dir=\"ltr\">AMLO bajar\u00e1 &#39;ma\u00f1aneras&#39; cada 24 horas tras orden del Tribunal Electoral para modificarlas; ser\u00e1n recuperadas despu\u00e9s de las elecciones<br><br>&quot;As\u00ed hacen menos corajes&quot;, dice<a href=\"https:\/\/t.co\/U8W8XmriFM\">pic.twitter.com\/U8W8XmriFM<\/a><\/p>&mdash; Manuel Lopez San Martin (@MLopezSanMartin) <a href=\"https:\/\/twitter.com\/MLopezSanMartin\/status\/1788583663288164732?ref_src=twsrc%5Etfw\">May 9, 2024<\/a><\/blockquote><script async src=\"https:\/\/platform.twitter.com\/widgets.js\" charset=\"utf-8\"><\/script>\n<\/div><\/figure>\n\n\n\n<p>Agreg\u00f3 que la instrucci\u00f3n inicial fue&nbsp;<strong>editar<\/strong>&nbsp;las conferencias, pero que, por considerarlo muy dif\u00edcil, en su lugar opt\u00f3 por quitarlas pasadas las 24 horas. Adem\u00e1s, inform\u00f3 que mand\u00f3 un oficio para dar aviso de su decisi\u00f3n a las autoridades electorales; \u201cpero no vamos a esperar respuesta\u201d, dijo.<\/p>\n\n\n\n<p>Dijo que su determinaci\u00f3n tambi\u00e9n beneficia a los&nbsp;<strong>conservadores<\/strong>, al quitarles la tentaci\u00f3n de estar viendo su \u201cma\u00f1anera\u201d. \u201cAl principio pusimos un anuncio de si eres racista o clasista, no la veas. Pero la siguen viendo\u201d, critic\u00f3.<\/p>\n\n\n\n<p>El presidente consider\u00f3 su conferencia como un di\u00e1logo circular interesante que tiene continuar, porque \u201ces mucho pedir\u201d que los periodistas mexicanos igualen su nivel de\u00a0<strong>an\u00e1lisis<\/strong>.<\/p>\n\n\n\n<p>En abril de este a\u00f1o, L\u00f3pez Obrado afirm\u00f3 que suspender sus conferencias matutinas durante el proceso electoral ser\u00eda un acto de \u201cgrav\u00edsima violaci\u00f3n a la&nbsp;<strong>Constituci\u00f3n<\/strong>\u201d y un agravio a la libertad de expresi\u00f3n, esto luego de que la candidata presidencial de la oposici\u00f3n dijo que el Instituto Nacional Electoral (<strong>INE<\/strong>) decidir\u00e1 sobre el tema.<\/p>\n\n\n\n<p>\u201cQuieren censurar las ma\u00f1aneras, est\u00e1n pidiendo que se cancelen las ma\u00f1aneras, \u00bfustedes qu\u00e9 opinan? La gente tambi\u00e9n. C\u00f3mo nos van a silenciar y las libertades d\u00f3nde quedan, tengo entendido que ya resolvi\u00f3 el Tribunal Electoral que no es posible hacerlo, ser\u00eda una grav\u00edsima violaci\u00f3n a la Constituci\u00f3n y desde luego un agravio a la\u00a0<strong>libertad de expresi\u00f3n<\/strong>\u00a0y a la libre manifestaci\u00f3n de las ideas, a la libertad\u201d, critic\u00f3.<\/p>\n","protected":false},"excerpt":{"rendered":"<p>Por Redacci\u00f3n QP El presidente de M\u00e9xico,&nbsp;Andr\u00e9s Manuel L\u00f3pez Obrador, inform\u00f3 este jueves que, hasta&#8230;<\/p>\n","protected":false},"author":2,"featured_media":109870,"comment_status":"open","ping_status":"open","sticky":false,"template":"","format":"standard","meta":{"_monsterinsights_skip_tracking":false,"_monsterinsights_sitenote_active":false,"_monsterinsights_sitenote_note":"","_monsterinsights_sitenote_category":0,"footnotes":""},"categories":[2],"tags":[],"class_list":["post-109869","post","type-post","status-publish","format-standard","has-post-thumbnail","hentry","category-noticias"],"yoast_head":"<!-- This site is optimized with the Yoast SEO plugin v27.3 - https:\/\/yoast.com\/product\/yoast-seo-wordpress\/ -->\n<title>AMLO bajar\u00e1 &#039;ma\u00f1aneras&#039; cada 24 horas tras orden del Tribunal Electoral para modificarlas; ser\u00e1n recuperadas despu\u00e9s de las elecciones &quot;As\u00ed hacen menos corajes&quot;, dice -<\/title>\n<meta name=\"robots\" content=\"index, follow, max-snippet:-1, max-image-preview:large, max-video-preview:-1\" \/>\n<link rel=\"canonical\" href=\"https:\/\/quehacerpolitico.mx\/?p=109869\" \/>\n<meta property=\"og:locale\" content=\"es_MX\" \/>\n<meta property=\"og:type\" content=\"article\" \/>\n<meta property=\"og:title\" content=\"AMLO bajar\u00e1 &#039;ma\u00f1aneras&#039; cada 24 horas tras orden del Tribunal Electoral para modificarlas; ser\u00e1n recuperadas despu\u00e9s de las elecciones &quot;As\u00ed hacen menos corajes&quot;, dice -\" \/>\n<meta property=\"og:description\" content=\"Por Redacci\u00f3n QP El presidente de M\u00e9xico,&nbsp;Andr\u00e9s Manuel L\u00f3pez Obrador, inform\u00f3 este jueves que, hasta...\" \/>\n<meta property=\"og:url\" content=\"https:\/\/quehacerpolitico.mx\/?p=109869\" \/>\n<meta property=\"article:published_time\" content=\"2024-05-09T15:57:28+00:00\" \/>\n<meta property=\"article:modified_time\" content=\"2024-05-09T15:57:30+00:00\" \/>\n<meta property=\"og:image\" content=\"https:\/\/quehacerpolitico.mx\/wp-content\/uploads\/2024\/05\/IMG_5513.jpeg\" \/>\n\t<meta property=\"og:image:width\" content=\"1284\" \/>\n\t<meta property=\"og:image:height\" content=\"722\" \/>\n\t<meta property=\"og:image:type\" content=\"image\/jpeg\" \/>\n<meta name=\"author\" content=\"Redacci\u00f3n QP\" \/>\n<meta name=\"twitter:card\" content=\"summary_large_image\" \/>\n<meta name=\"twitter:label1\" content=\"Escrito por\" \/>\n\t<meta name=\"twitter:data1\" content=\"Redacci\u00f3n QP\" \/>\n\t<meta name=\"twitter:label2\" content=\"Tiempo de lectura\" \/>\n\t<meta name=\"twitter:data2\" content=\"2 minutos\" \/>\n<script type=\"application\/ld+json\" class=\"yoast-schema-graph\">{\"@context\":\"https:\\\/\\\/schema.org\",\"@graph\":[{\"@type\":\"Article\",\"@id\":\"https:\\\/\\\/quehacerpolitico.mx\\\/?p=109869#article\",\"isPartOf\":{\"@id\":\"https:\\\/\\\/quehacerpolitico.mx\\\/?p=109869\"},\"author\":{\"name\":\"Redacci\u00f3n QP\",\"@id\":\"https:\\\/\\\/quehacerpolitico.mx\\\/#\\\/schema\\\/person\\\/496d8ad2d1d3f8036101dca7ee39e585\"},\"headline\":\"AMLO bajar\u00e1 &#8216;ma\u00f1aneras&#8217; cada 24 horas tras orden del Tribunal Electoral para modificarlas; ser\u00e1n recuperadas despu\u00e9s de las elecciones &#8220;As\u00ed hacen menos corajes&#8221;, dice\",\"datePublished\":\"2024-05-09T15:57:28+00:00\",\"dateModified\":\"2024-05-09T15:57:30+00:00\",\"mainEntityOfPage\":{\"@id\":\"https:\\\/\\\/quehacerpolitico.mx\\\/?p=109869\"},\"wordCount\":452,\"commentCount\":0,\"image\":{\"@id\":\"https:\\\/\\\/quehacerpolitico.mx\\\/?p=109869#primaryimage\"},\"thumbnailUrl\":\"https:\\\/\\\/quehacerpolitico.mx\\\/wp-content\\\/uploads\\\/2024\\\/05\\\/IMG_5513.jpeg\",\"articleSection\":[\"Noticias\"],\"inLanguage\":\"es\",\"potentialAction\":[{\"@type\":\"CommentAction\",\"name\":\"Comment\",\"target\":[\"https:\\\/\\\/quehacerpolitico.mx\\\/?p=109869#respond\"]}]},{\"@type\":\"WebPage\",\"@id\":\"https:\\\/\\\/quehacerpolitico.mx\\\/?p=109869\",\"url\":\"https:\\\/\\\/quehacerpolitico.mx\\\/?p=109869\",\"name\":\"AMLO bajar\u00e1 'ma\u00f1aneras' cada 24 horas tras orden del Tribunal Electoral para modificarlas; ser\u00e1n recuperadas despu\u00e9s de las elecciones \\\"As\u00ed hacen menos corajes\\\", dice -\",\"isPartOf\":{\"@id\":\"https:\\\/\\\/quehacerpolitico.mx\\\/#website\"},\"primaryImageOfPage\":{\"@id\":\"https:\\\/\\\/quehacerpolitico.mx\\\/?p=109869#primaryimage\"},\"image\":{\"@id\":\"https:\\\/\\\/quehacerpolitico.mx\\\/?p=109869#primaryimage\"},\"thumbnailUrl\":\"https:\\\/\\\/quehacerpolitico.mx\\\/wp-content\\\/uploads\\\/2024\\\/05\\\/IMG_5513.jpeg\",\"datePublished\":\"2024-05-09T15:57:28+00:00\",\"dateModified\":\"2024-05-09T15:57:30+00:00\",\"author\":{\"@id\":\"https:\\\/\\\/quehacerpolitico.mx\\\/#\\\/schema\\\/person\\\/496d8ad2d1d3f8036101dca7ee39e585\"},\"breadcrumb\":{\"@id\":\"https:\\\/\\\/quehacerpolitico.mx\\\/?p=109869#breadcrumb\"},\"inLanguage\":\"es\",\"potentialAction\":[{\"@type\":\"ReadAction\",\"target\":[\"https:\\\/\\\/quehacerpolitico.mx\\\/?p=109869\"]}]},{\"@type\":\"ImageObject\",\"inLanguage\":\"es\",\"@id\":\"https:\\\/\\\/quehacerpolitico.mx\\\/?p=109869#primaryimage\",\"url\":\"https:\\\/\\\/quehacerpolitico.mx\\\/wp-content\\\/uploads\\\/2024\\\/05\\\/IMG_5513.jpeg\",\"contentUrl\":\"https:\\\/\\\/quehacerpolitico.mx\\\/wp-content\\\/uploads\\\/2024\\\/05\\\/IMG_5513.jpeg\",\"width\":1284,\"height\":722,\"caption\":\"Screenshot\"},{\"@type\":\"BreadcrumbList\",\"@id\":\"https:\\\/\\\/quehacerpolitico.mx\\\/?p=109869#breadcrumb\",\"itemListElement\":[{\"@type\":\"ListItem\",\"position\":1,\"name\":\"Inicio\",\"item\":\"https:\\\/\\\/quehacerpolitico.mx\\\/\"},{\"@type\":\"ListItem\",\"position\":2,\"name\":\"AMLO bajar\u00e1 &#8216;ma\u00f1aneras&#8217; cada 24 horas tras orden del Tribunal Electoral para modificarlas; ser\u00e1n recuperadas despu\u00e9s de las elecciones &#8220;As\u00ed hacen menos corajes&#8221;, dice\"}]},{\"@type\":\"WebSite\",\"@id\":\"https:\\\/\\\/quehacerpolitico.mx\\\/#website\",\"url\":\"https:\\\/\\\/quehacerpolitico.mx\\\/\",\"name\":\"\",\"description\":\"\",\"potentialAction\":[{\"@type\":\"SearchAction\",\"target\":{\"@type\":\"EntryPoint\",\"urlTemplate\":\"https:\\\/\\\/quehacerpolitico.mx\\\/?s={search_term_string}\"},\"query-input\":{\"@type\":\"PropertyValueSpecification\",\"valueRequired\":true,\"valueName\":\"search_term_string\"}}],\"inLanguage\":\"es\"},{\"@type\":\"Person\",\"@id\":\"https:\\\/\\\/quehacerpolitico.mx\\\/#\\\/schema\\\/person\\\/496d8ad2d1d3f8036101dca7ee39e585\",\"name\":\"Redacci\u00f3n QP\",\"image\":{\"@type\":\"ImageObject\",\"inLanguage\":\"es\",\"@id\":\"https:\\\/\\\/secure.gravatar.com\\\/avatar\\\/c7164ed6fdec453195284ad24a5ae5b6e1eed2b848477fa2a4787ba9adf39a41?s=96&d=mm&r=g\",\"url\":\"https:\\\/\\\/secure.gravatar.com\\\/avatar\\\/c7164ed6fdec453195284ad24a5ae5b6e1eed2b848477fa2a4787ba9adf39a41?s=96&d=mm&r=g\",\"contentUrl\":\"https:\\\/\\\/secure.gravatar.com\\\/avatar\\\/c7164ed6fdec453195284ad24a5ae5b6e1eed2b848477fa2a4787ba9adf39a41?s=96&d=mm&r=g\",\"caption\":\"Redacci\u00f3n QP\"},\"url\":\"https:\\\/\\\/quehacerpolitico.mx\\\/?author=2\"}]}<\/script>\n<!-- \/ Yoast SEO plugin. -->","yoast_head_json":{"title":"AMLO bajar\u00e1 'ma\u00f1aneras' cada 24 horas tras orden del Tribunal Electoral para modificarlas; ser\u00e1n recuperadas despu\u00e9s de las elecciones \"As\u00ed hacen menos corajes\", dice -","robots":{"index":"index","follow":"follow","max-snippet":"max-snippet:-1","max-image-preview":"max-image-preview:large","max-video-preview":"max-video-preview:-1"},"canonical":"https:\/\/quehacerpolitico.mx\/?p=109869","og_locale":"es_MX","og_type":"article","og_title":"AMLO bajar\u00e1 'ma\u00f1aneras' cada 24 horas tras orden del Tribunal Electoral para modificarlas; ser\u00e1n recuperadas despu\u00e9s de las elecciones \"As\u00ed hacen menos corajes\", dice -","og_description":"Por Redacci\u00f3n QP El presidente de M\u00e9xico,&nbsp;Andr\u00e9s Manuel L\u00f3pez Obrador, inform\u00f3 este jueves que, hasta...","og_url":"https:\/\/quehacerpolitico.mx\/?p=109869","article_published_time":"2024-05-09T15:57:28+00:00","article_modified_time":"2024-05-09T15:57:30+00:00","og_image":[{"width":1284,"height":722,"url":"https:\/\/quehacerpolitico.mx\/wp-content\/uploads\/2024\/05\/IMG_5513.jpeg","type":"image\/jpeg"}],"author":"Redacci\u00f3n QP","twitter_card":"summary_large_image","twitter_misc":{"Escrito por":"Redacci\u00f3n QP","Tiempo de lectura":"2 minutos"},"schema":{"@context":"https:\/\/schema.org","@graph":[{"@type":"Article","@id":"https:\/\/quehacerpolitico.mx\/?p=109869#article","isPartOf":{"@id":"https:\/\/quehacerpolitico.mx\/?p=109869"},"author":{"name":"Redacci\u00f3n QP","@id":"https:\/\/quehacerpolitico.mx\/#\/schema\/person\/496d8ad2d1d3f8036101dca7ee39e585"},"headline":"AMLO bajar\u00e1 &#8216;ma\u00f1aneras&#8217; cada 24 horas tras orden del Tribunal Electoral para modificarlas; ser\u00e1n recuperadas despu\u00e9s de las elecciones &#8220;As\u00ed hacen menos corajes&#8221;, dice","datePublished":"2024-05-09T15:57:28+00:00","dateModified":"2024-05-09T15:57:30+00:00","mainEntityOfPage":{"@id":"https:\/\/quehacerpolitico.mx\/?p=109869"},"wordCount":452,"commentCount":0,"image":{"@id":"https:\/\/quehacerpolitico.mx\/?p=109869#primaryimage"},"thumbnailUrl":"https:\/\/quehacerpolitico.mx\/wp-content\/uploads\/2024\/05\/IMG_5513.jpeg","articleSection":["Noticias"],"inLanguage":"es","potentialAction":[{"@type":"CommentAction","name":"Comment","target":["https:\/\/quehacerpolitico.mx\/?p=109869#respond"]}]},{"@type":"WebPage","@id":"https:\/\/quehacerpolitico.mx\/?p=109869","url":"https:\/\/quehacerpolitico.mx\/?p=109869","name":"AMLO bajar\u00e1 'ma\u00f1aneras' cada 24 horas tras orden del Tribunal Electoral para modificarlas; ser\u00e1n recuperadas despu\u00e9s de las elecciones \"As\u00ed hacen menos corajes\", dice -","isPartOf":{"@id":"https:\/\/quehacerpolitico.mx\/#website"},"primaryImageOfPage":{"@id":"https:\/\/quehacerpolitico.mx\/?p=109869#primaryimage"},"image":{"@id":"https:\/\/quehacerpolitico.mx\/?p=109869#primaryimage"},"thumbnailUrl":"https:\/\/quehacerpolitico.mx\/wp-content\/uploads\/2024\/05\/IMG_5513.jpeg","datePublished":"2024-05-09T15:57:28+00:00","dateModified":"2024-05-09T15:57:30+00:00","author":{"@id":"https:\/\/quehacerpolitico.mx\/#\/schema\/person\/496d8ad2d1d3f8036101dca7ee39e585"},"breadcrumb":{"@id":"https:\/\/quehacerpolitico.mx\/?p=109869#breadcrumb"},"inLanguage":"es","potentialAction":[{"@type":"ReadAction","target":["https:\/\/quehacerpolitico.mx\/?p=109869"]}]},{"@type":"ImageObject","inLanguage":"es","@id":"https:\/\/quehacerpolitico.mx\/?p=109869#primaryimage","url":"https:\/\/quehacerpolitico.mx\/wp-content\/uploads\/2024\/05\/IMG_5513.jpeg","contentUrl":"https:\/\/quehacerpolitico.mx\/wp-content\/uploads\/2024\/05\/IMG_5513.jpeg","width":1284,"height":722,"caption":"Screenshot"},{"@type":"BreadcrumbList","@id":"https:\/\/quehacerpolitico.mx\/?p=109869#breadcrumb","itemListElement":[{"@type":"ListItem","position":1,"name":"Inicio","item":"https:\/\/quehacerpolitico.mx\/"},{"@type":"ListItem","position":2,"name":"AMLO bajar\u00e1 &#8216;ma\u00f1aneras&#8217; cada 24 horas tras orden del Tribunal Electoral para modificarlas; ser\u00e1n recuperadas despu\u00e9s de las elecciones &#8220;As\u00ed hacen menos corajes&#8221;, dice"}]},{"@type":"WebSite","@id":"https:\/\/quehacerpolitico.mx\/#website","url":"https:\/\/quehacerpolitico.mx\/","name":"","description":"","potentialAction":[{"@type":"SearchAction","target":{"@type":"EntryPoint","urlTemplate":"https:\/\/quehacerpolitico.mx\/?s={search_term_string}"},"query-input":{"@type":"PropertyValueSpecification","valueRequired":true,"valueName":"search_term_string"}}],"inLanguage":"es"},{"@type":"Person","@id":"https:\/\/quehacerpolitico.mx\/#\/schema\/person\/496d8ad2d1d3f8036101dca7ee39e585","name":"Redacci\u00f3n QP","image":{"@type":"ImageObject","inLanguage":"es","@id":"https:\/\/secure.gravatar.com\/avatar\/c7164ed6fdec453195284ad24a5ae5b6e1eed2b848477fa2a4787ba9adf39a41?s=96&d=mm&r=g","url":"https:\/\/secure.gravatar.com\/avatar\/c7164ed6fdec453195284ad24a5ae5b6e1eed2b848477fa2a4787ba9adf39a41?s=96&d=mm&r=g","contentUrl":"https:\/\/secure.gravatar.com\/avatar\/c7164ed6fdec453195284ad24a5ae5b6e1eed2b848477fa2a4787ba9adf39a41?s=96&d=mm&r=g","caption":"Redacci\u00f3n QP"},"url":"https:\/\/quehacerpolitico.mx\/?author=2"}]}},"featured_image_urls":{"full":["https:\/\/quehacerpolitico.mx\/wp-content\/uploads\/2024\/05\/IMG_5513.jpeg",1284,722,false],"thumbnail":["https:\/\/quehacerpolitico.mx\/wp-content\/uploads\/2024\/05\/IMG_5513-150x150.jpeg",150,150,true],"medium":["https:\/\/quehacerpolitico.mx\/wp-content\/uploads\/2024\/05\/IMG_5513-300x169.jpeg",300,169,true],"medium_large":["https:\/\/quehacerpolitico.mx\/wp-content\/uploads\/2024\/05\/IMG_5513-768x432.jpeg",640,360,true],"large":["https:\/\/quehacerpolitico.mx\/wp-content\/uploads\/2024\/05\/IMG_5513-1024x576.jpeg",640,360,true],"1536x1536":["https:\/\/quehacerpolitico.mx\/wp-content\/uploads\/2024\/05\/IMG_5513.jpeg",1284,722,false],"2048x2048":["https:\/\/quehacerpolitico.mx\/wp-content\/uploads\/2024\/05\/IMG_5513.jpeg",1284,722,false],"covernews-featured":["https:\/\/quehacerpolitico.mx\/wp-content\/uploads\/2024\/05\/IMG_5513.jpeg",1024,576,false],"covernews-medium":["https:\/\/quehacerpolitico.mx\/wp-content\/uploads\/2024\/05\/IMG_5513.jpeg",540,304,false]},"author_info":{"display_name":"Redacci\u00f3n QP","author_link":"https:\/\/quehacerpolitico.mx\/?author=2"},"category_info":"<a href=\"https:\/\/quehacerpolitico.mx\/?cat=2\" rel=\"category\">Noticias<\/a>","tag_info":"Noticias","comment_count":"0","_links":{"self":[{"href":"https:\/\/quehacerpolitico.mx\/index.php?rest_route=\/wp\/v2\/posts\/109869","targetHints":{"allow":["GET"]}}],"collection":[{"href":"https:\/\/quehacerpolitico.mx\/index.php?rest_route=\/wp\/v2\/posts"}],"about":[{"href":"https:\/\/quehacerpolitico.mx\/index.php?rest_route=\/wp\/v2\/types\/post"}],"author":[{"embeddable":true,"href":"https:\/\/quehacerpolitico.mx\/index.php?rest_route=\/wp\/v2\/users\/2"}],"replies":[{"embeddable":true,"href":"https:\/\/quehacerpolitico.mx\/index.php?rest_route=%2Fwp%2Fv2%2Fcomments&post=109869"}],"version-history":[{"count":1,"href":"https:\/\/quehacerpolitico.mx\/index.php?rest_route=\/wp\/v2\/posts\/109869\/revisions"}],"predecessor-version":[{"id":109871,"href":"https:\/\/quehacerpolitico.mx\/index.php?rest_route=\/wp\/v2\/posts\/109869\/revisions\/109871"}],"wp:featuredmedia":[{"embeddable":true,"href":"https:\/\/quehacerpolitico.mx\/index.php?rest_route=\/wp\/v2\/media\/109870"}],"wp:attachment":[{"href":"https:\/\/quehacerpolitico.mx\/index.php?rest_route=%2Fwp%2Fv2%2Fmedia&parent=109869"}],"wp:term":[{"taxonomy":"category","embeddable":true,"href":"https:\/\/quehacerpolitico.mx\/index.php?rest_route=%2Fwp%2Fv2%2Fcategories&post=109869"},{"taxonomy":"post_tag","embeddable":true,"href":"https:\/\/quehacerpolitico.mx\/index.php?rest_route=%2Fwp%2Fv2%2Ftags&post=109869"}],"curies":[{"name":"wp","href":"https:\/\/api.w.org\/{rel}","templated":true}]}}