{"id":109866,"date":"2024-05-09T15:37:27","date_gmt":"2024-05-09T15:37:27","guid":{"rendered":"https:\/\/quehacerpolitico.mx\/?p=109866"},"modified":"2024-05-09T15:37:29","modified_gmt":"2024-05-09T15:37:29","slug":"jueza-de-espana-cierra-la-segunda-investigacion-contra-shakira-por-fraude-fiscal","status":"publish","type":"post","link":"https:\/\/quehacerpolitico.mx\/?p=109866","title":{"rendered":"Jueza de Espa\u00f1a cierra la segunda investigaci\u00f3n contra Shakira por fraude fiscal"},"content":{"rendered":"\n<p>Por Redacci\u00f3n QP<\/p>\n\n\n\n<p>Un juzgado de&nbsp;<strong>Barcelona<\/strong>&nbsp;archiv\u00f3 este jueves la segunda causa que la cantante&nbsp;<strong>Shakira<\/strong>&nbsp;ten\u00eda abierta en Espa\u00f1a, en este caso por, supuestamente, defraudar 6.6 millones de euros (7 millones de d\u00f3lares) al fisco en 2018, despu\u00e9s de que la&nbsp;<strong>fiscal\u00eda<\/strong>&nbsp;y las dem\u00e1s acusaciones pidieran que se cerrara la&nbsp;<strong>investigaci\u00f3n<\/strong>.<\/p>\n\n\n\n<p>En un auto, la\u00a0<strong>jueza<\/strong>\u00a0instructora del caso concluye que no existe<strong>\u00a0\u201cindicio alguno\u201d\u00a0<\/strong>que pueda acreditar que\u00a0<strong>Shakira<\/strong>\u00a0\u201cde manera consciente y voluntaria\u201d omitiera informaci\u00f3n y documentaci\u00f3n con \u201ctrascendencia tributaria\u201d en sus\u00a0<strong>declaraciones<\/strong>\u00a0del Impuesto de la Renta (IRPF) y Patrimonio en 2018 al asesor fiscal encargado de sus autoliquidaciones.<\/p>\n\n\n\n<figure class=\"wp-block-embed is-type-video is-provider-youtube wp-block-embed-youtube wp-embed-aspect-16-9 wp-has-aspect-ratio\"><div class=\"wp-block-embed__wrapper\">\n<iframe loading=\"lazy\" title=\"La Justicia archiva la segunda investigaci\u00f3n penal contra Shakira por fraude\" width=\"640\" height=\"360\" src=\"https:\/\/www.youtube.com\/embed\/Hw2zzbl6_FY?feature=oembed\" frameborder=\"0\" allow=\"accelerometer; autoplay; clipboard-write; encrypted-media; gyroscope; picture-in-picture; web-share\" referrerpolicy=\"strict-origin-when-cross-origin\" allowfullscreen><\/iframe>\n<\/div><\/figure>\n\n\n\n<p>La&nbsp;<strong>defensa<\/strong>&nbsp;de la artista colombiana pidi\u00f3 hace tres meses el archivo de la causa en un escrito en el que reconoc\u00eda \u201cobligaciones tributarias\u201d con el fisco espa\u00f1ol por el ejercicio de 2018 y se emplazaba a saldar esa&nbsp;<strong>deuda<\/strong>, despu\u00e9s de que la investigada declarara por videoconferencia desde&nbsp;<strong>Miami<\/strong>&nbsp;y depositara en el juzgado los 7 millones de d\u00f3lares que se le reclamaban.<\/p>\n\n\n\n<p>La fiscal\u00eda y las acusaciones particulares ejercidas por el fisco y el gobierno regional de&nbsp;<strong>Catalu\u00f1a<\/strong>, en nombre de la&nbsp;<strong>Agencia Tributaria de Catalu\u00f1<\/strong>a (ATC), han apoyado la petici\u00f3n de la defensa y han remitido a la&nbsp;<strong>cantante<\/strong>&nbsp;a la v\u00eda administrativa para que se ponga al corriente con el&nbsp;<strong>organismo fiscal<\/strong>, con lo que la jueza no ten\u00eda m\u00e1s opci\u00f3n que dar carpetazo al asunto.<\/p>\n\n\n\n<p>De esa forma, quedan zanjadas las causas penales que&nbsp;<strong>Shakira<\/strong>&nbsp;ten\u00eda abiertas en&nbsp;<strong>Espa\u00f1a<\/strong>por fraude fiscal: la primera de ellas deriv\u00f3 en un&nbsp;<strong>juicio<\/strong>&nbsp;en el que, el pasado mes de noviembre, la artista acept\u00f3 el pago de una multa de<strong>&nbsp;7.8 millones de euros&nbsp;<\/strong>(8.3 millones de d\u00f3lares) en un pacto con la&nbsp;<strong>fiscal\u00eda<\/strong>&nbsp;y la Agencia Tributaria que le evit\u00f3 el ingreso en prisi\u00f3n, tras asumir que defraud\u00f3 14.5 millones de euros (15.5 millones de d\u00f3lares) entre los a\u00f1os 2012 y 2014.<\/p>\n\n\n\n<p>En paralelo,&nbsp;<strong>Shakira<\/strong>&nbsp;tiene pendiente un litigio contencioso en la<strong>&nbsp;Audiencia Nacional espa\u00f1ola&nbsp;<\/strong>contra la Agencia Tributaria por el ejercicio de 2011 en el que est\u00e1n en juego<strong>&nbsp;65 millones de euros&nbsp;<\/strong>(69 millones de d\u00f3lares): 30 de ellos correspondientes a retenciones acumuladas en los \u00faltimos a\u00f1os y otros 35 en sanciones.<\/p>\n\n\n\n<p>En un comunicado emitido por la agencia de comunicaci\u00f3n Llorente y Cuenca, que representa a&nbsp;<strong>Shakira<\/strong>, el fiscalista Jos\u00e9 Luis Prada considera \u201cespecialmente inconcebible\u201d que haya sido llevado a los&nbsp;<strong>tribunales<\/strong>&nbsp;por el ejercicio fiscal de 2011, cuando en su opini\u00f3n no hay duda de que ese a\u00f1o no pas\u00f3 en Espa\u00f1a ni la mitad del m\u00ednimo requerido para ser considerada residente fiscal en el pa\u00eds.<\/p>\n\n\n\n<p>\u201cEse a\u00f1o\u00a0<strong>Shakira<\/strong>\u00a0se encontraba de gira por todo el mundo, llegando a dar 120 conciertos en 37 pa\u00edses y pas\u00f3, como m\u00e1ximo, 70 d\u00edas en Espa\u00f1a\u201d, insiste el experto.<\/p>\n\n\n\n<p>Adem\u00e1s, Prada subraya que la multa de&nbsp;<strong>35 millones de euros&nbsp;<\/strong>(37.5 millones de d\u00f3lares) que se dirime en la Audiencia Nacional fue impuesta por el fisco \u201csin esperar siquiera a que un tribunal se pronuncie sobre su conformidad a Derecho\u201d y grava los ingresos de la gira de la&nbsp;<strong>cantante<\/strong>&nbsp;sin tener en cuenta los gastos en que incurri\u00f3, lo que \u201ces manifiestamente contrario al principio constitucional de capacidad econ\u00f3mica\u201d.<\/p>\n\n\n\n<p>Por su parte, los&nbsp;<strong>abogados<\/strong>&nbsp;Pau Molins y Miriam Company, del bufete Molins, que ha defendido a la artista, consideran que el archivo de la&nbsp;<strong>causa<\/strong>&nbsp;demuestra que \u201cnunca hubo comportamiento&nbsp;<strong>defraudatorio<\/strong>&nbsp;por parte de la cantante\u201d, por lo que \u201cno ten\u00eda sentido continuar con esta investigaci\u00f3n penal\u201d.<\/p>\n\n\n\n<p>Seg\u00fan Company, la&nbsp;<strong>investigaci\u00f3n<\/strong>&nbsp;se sosten\u00eda en \u201ccomplicadas teor\u00edas y conceptos t\u00e9cnicos de dif\u00edcil comprensi\u00f3n, incluso para fiscalistas expertos\u201d.<\/p>\n\n\n\n<p>De hecho, en su resoluci\u00f3n judicial, la&nbsp;<strong>magistrada<\/strong>&nbsp;mantiene que hay \u201cindicios suficientes\u201d de que la liquidaci\u00f3n del impuesto de la renta y el impuesto de patrimonio del ejercicio 2018 que present\u00f3&nbsp;<strong>Shakira<\/strong>&nbsp;a trav\u00e9s de su<strong>&nbsp;asesor fiscal<\/strong>&nbsp;\u201cconten\u00edan irregularidades que fueron detectadas y puestas de manifiesto en las actuaciones de inspecci\u00f3n y comprobaci\u00f3n\u201d llevadas a cabo por la Agencia Tributaria.<\/p>\n\n\n\n<p>En concreto, a\u00f1ade,\u00a0<strong>Shakira<\/strong>\u00a0dej\u00f3 de ingresar a la AEAT 5.3 millones de euros (5.6 millones de d\u00f3lares) en concepto de IRPF y otros 547.512 euros (587 mil 600 d\u00f3lares) en impuesto de\u00a0<strong>patrimonio<\/strong>.<\/p>\n\n\n\n<p>No obstante, la jueza recuerda que para cometer un delito contra el fisco no basta con que \u201cse hayan producido irregularidades en las declaraciones tributarias presentadas\u201d, sino que tambi\u00e9n es necesario que \u201cdicha conducta se haya llevado a cabo con el \u00e1nimo de\u00a0<strong>defraudar<\/strong>\u201c.<\/p>\n\n\n\n<p>Con informaci\u00f3n de EFE<\/p>\n","protected":false},"excerpt":{"rendered":"<p>Por Redacci\u00f3n QP Un juzgado de&nbsp;Barcelona&nbsp;archiv\u00f3 este jueves la segunda causa que la cantante&nbsp;Shakira&nbsp;ten\u00eda abierta&#8230;<\/p>\n","protected":false},"author":2,"featured_media":109867,"comment_status":"open","ping_status":"open","sticky":false,"template":"","format":"standard","meta":{"_monsterinsights_skip_tracking":false,"_monsterinsights_sitenote_active":false,"_monsterinsights_sitenote_note":"","_monsterinsights_sitenote_category":0,"footnotes":""},"categories":[58],"tags":[],"class_list":["post-109866","post","type-post","status-publish","format-standard","has-post-thumbnail","hentry","category-cultura"],"yoast_head":"<!-- This site is optimized with the Yoast SEO plugin v27.3 - https:\/\/yoast.com\/product\/yoast-seo-wordpress\/ -->\n<title>Jueza de Espa\u00f1a cierra la segunda investigaci\u00f3n contra Shakira por fraude fiscal -<\/title>\n<meta name=\"robots\" content=\"index, follow, max-snippet:-1, max-image-preview:large, max-video-preview:-1\" \/>\n<link rel=\"canonical\" href=\"https:\/\/quehacerpolitico.mx\/?p=109866\" \/>\n<meta property=\"og:locale\" content=\"es_MX\" \/>\n<meta property=\"og:type\" content=\"article\" \/>\n<meta property=\"og:title\" content=\"Jueza de Espa\u00f1a cierra la segunda investigaci\u00f3n contra Shakira por fraude fiscal -\" \/>\n<meta property=\"og:description\" content=\"Por Redacci\u00f3n QP Un juzgado de&nbsp;Barcelona&nbsp;archiv\u00f3 este jueves la segunda causa que la cantante&nbsp;Shakira&nbsp;ten\u00eda abierta...\" \/>\n<meta property=\"og:url\" content=\"https:\/\/quehacerpolitico.mx\/?p=109866\" \/>\n<meta property=\"article:published_time\" content=\"2024-05-09T15:37:27+00:00\" \/>\n<meta property=\"article:modified_time\" content=\"2024-05-09T15:37:29+00:00\" \/>\n<meta property=\"og:image\" content=\"https:\/\/quehacerpolitico.mx\/wp-content\/uploads\/2024\/05\/IMG_5512.jpeg\" \/>\n\t<meta property=\"og:image:width\" content=\"678\" \/>\n\t<meta property=\"og:image:height\" content=\"452\" \/>\n\t<meta property=\"og:image:type\" content=\"image\/jpeg\" \/>\n<meta name=\"author\" content=\"Redacci\u00f3n QP\" \/>\n<meta name=\"twitter:card\" content=\"summary_large_image\" \/>\n<meta name=\"twitter:label1\" content=\"Escrito por\" \/>\n\t<meta name=\"twitter:data1\" content=\"Redacci\u00f3n QP\" \/>\n\t<meta name=\"twitter:label2\" content=\"Tiempo de lectura\" \/>\n\t<meta name=\"twitter:data2\" content=\"4 minutos\" \/>\n<script type=\"application\/ld+json\" class=\"yoast-schema-graph\">{\"@context\":\"https:\\\/\\\/schema.org\",\"@graph\":[{\"@type\":\"Article\",\"@id\":\"https:\\\/\\\/quehacerpolitico.mx\\\/?p=109866#article\",\"isPartOf\":{\"@id\":\"https:\\\/\\\/quehacerpolitico.mx\\\/?p=109866\"},\"author\":{\"name\":\"Redacci\u00f3n QP\",\"@id\":\"https:\\\/\\\/quehacerpolitico.mx\\\/#\\\/schema\\\/person\\\/496d8ad2d1d3f8036101dca7ee39e585\"},\"headline\":\"Jueza de Espa\u00f1a cierra la segunda investigaci\u00f3n contra Shakira por fraude fiscal\",\"datePublished\":\"2024-05-09T15:37:27+00:00\",\"dateModified\":\"2024-05-09T15:37:29+00:00\",\"mainEntityOfPage\":{\"@id\":\"https:\\\/\\\/quehacerpolitico.mx\\\/?p=109866\"},\"wordCount\":863,\"commentCount\":0,\"image\":{\"@id\":\"https:\\\/\\\/quehacerpolitico.mx\\\/?p=109866#primaryimage\"},\"thumbnailUrl\":\"https:\\\/\\\/quehacerpolitico.mx\\\/wp-content\\\/uploads\\\/2024\\\/05\\\/IMG_5512.jpeg\",\"articleSection\":[\"Cultura y Entretenimiento\"],\"inLanguage\":\"es\",\"potentialAction\":[{\"@type\":\"CommentAction\",\"name\":\"Comment\",\"target\":[\"https:\\\/\\\/quehacerpolitico.mx\\\/?p=109866#respond\"]}]},{\"@type\":\"WebPage\",\"@id\":\"https:\\\/\\\/quehacerpolitico.mx\\\/?p=109866\",\"url\":\"https:\\\/\\\/quehacerpolitico.mx\\\/?p=109866\",\"name\":\"Jueza de Espa\u00f1a cierra la segunda investigaci\u00f3n contra Shakira por fraude fiscal -\",\"isPartOf\":{\"@id\":\"https:\\\/\\\/quehacerpolitico.mx\\\/#website\"},\"primaryImageOfPage\":{\"@id\":\"https:\\\/\\\/quehacerpolitico.mx\\\/?p=109866#primaryimage\"},\"image\":{\"@id\":\"https:\\\/\\\/quehacerpolitico.mx\\\/?p=109866#primaryimage\"},\"thumbnailUrl\":\"https:\\\/\\\/quehacerpolitico.mx\\\/wp-content\\\/uploads\\\/2024\\\/05\\\/IMG_5512.jpeg\",\"datePublished\":\"2024-05-09T15:37:27+00:00\",\"dateModified\":\"2024-05-09T15:37:29+00:00\",\"author\":{\"@id\":\"https:\\\/\\\/quehacerpolitico.mx\\\/#\\\/schema\\\/person\\\/496d8ad2d1d3f8036101dca7ee39e585\"},\"breadcrumb\":{\"@id\":\"https:\\\/\\\/quehacerpolitico.mx\\\/?p=109866#breadcrumb\"},\"inLanguage\":\"es\",\"potentialAction\":[{\"@type\":\"ReadAction\",\"target\":[\"https:\\\/\\\/quehacerpolitico.mx\\\/?p=109866\"]}]},{\"@type\":\"ImageObject\",\"inLanguage\":\"es\",\"@id\":\"https:\\\/\\\/quehacerpolitico.mx\\\/?p=109866#primaryimage\",\"url\":\"https:\\\/\\\/quehacerpolitico.mx\\\/wp-content\\\/uploads\\\/2024\\\/05\\\/IMG_5512.jpeg\",\"contentUrl\":\"https:\\\/\\\/quehacerpolitico.mx\\\/wp-content\\\/uploads\\\/2024\\\/05\\\/IMG_5512.jpeg\",\"width\":678,\"height\":452},{\"@type\":\"BreadcrumbList\",\"@id\":\"https:\\\/\\\/quehacerpolitico.mx\\\/?p=109866#breadcrumb\",\"itemListElement\":[{\"@type\":\"ListItem\",\"position\":1,\"name\":\"Inicio\",\"item\":\"https:\\\/\\\/quehacerpolitico.mx\\\/\"},{\"@type\":\"ListItem\",\"position\":2,\"name\":\"Jueza de Espa\u00f1a cierra la segunda investigaci\u00f3n contra Shakira por fraude fiscal\"}]},{\"@type\":\"WebSite\",\"@id\":\"https:\\\/\\\/quehacerpolitico.mx\\\/#website\",\"url\":\"https:\\\/\\\/quehacerpolitico.mx\\\/\",\"name\":\"\",\"description\":\"\",\"potentialAction\":[{\"@type\":\"SearchAction\",\"target\":{\"@type\":\"EntryPoint\",\"urlTemplate\":\"https:\\\/\\\/quehacerpolitico.mx\\\/?s={search_term_string}\"},\"query-input\":{\"@type\":\"PropertyValueSpecification\",\"valueRequired\":true,\"valueName\":\"search_term_string\"}}],\"inLanguage\":\"es\"},{\"@type\":\"Person\",\"@id\":\"https:\\\/\\\/quehacerpolitico.mx\\\/#\\\/schema\\\/person\\\/496d8ad2d1d3f8036101dca7ee39e585\",\"name\":\"Redacci\u00f3n QP\",\"image\":{\"@type\":\"ImageObject\",\"inLanguage\":\"es\",\"@id\":\"https:\\\/\\\/secure.gravatar.com\\\/avatar\\\/c7164ed6fdec453195284ad24a5ae5b6e1eed2b848477fa2a4787ba9adf39a41?s=96&d=mm&r=g\",\"url\":\"https:\\\/\\\/secure.gravatar.com\\\/avatar\\\/c7164ed6fdec453195284ad24a5ae5b6e1eed2b848477fa2a4787ba9adf39a41?s=96&d=mm&r=g\",\"contentUrl\":\"https:\\\/\\\/secure.gravatar.com\\\/avatar\\\/c7164ed6fdec453195284ad24a5ae5b6e1eed2b848477fa2a4787ba9adf39a41?s=96&d=mm&r=g\",\"caption\":\"Redacci\u00f3n QP\"},\"url\":\"https:\\\/\\\/quehacerpolitico.mx\\\/?author=2\"}]}<\/script>\n<!-- \/ Yoast SEO plugin. -->","yoast_head_json":{"title":"Jueza de Espa\u00f1a cierra la segunda investigaci\u00f3n contra Shakira por fraude fiscal -","robots":{"index":"index","follow":"follow","max-snippet":"max-snippet:-1","max-image-preview":"max-image-preview:large","max-video-preview":"max-video-preview:-1"},"canonical":"https:\/\/quehacerpolitico.mx\/?p=109866","og_locale":"es_MX","og_type":"article","og_title":"Jueza de Espa\u00f1a cierra la segunda investigaci\u00f3n contra Shakira por fraude fiscal -","og_description":"Por Redacci\u00f3n QP Un juzgado de&nbsp;Barcelona&nbsp;archiv\u00f3 este jueves la segunda causa que la cantante&nbsp;Shakira&nbsp;ten\u00eda abierta...","og_url":"https:\/\/quehacerpolitico.mx\/?p=109866","article_published_time":"2024-05-09T15:37:27+00:00","article_modified_time":"2024-05-09T15:37:29+00:00","og_image":[{"width":678,"height":452,"url":"https:\/\/quehacerpolitico.mx\/wp-content\/uploads\/2024\/05\/IMG_5512.jpeg","type":"image\/jpeg"}],"author":"Redacci\u00f3n QP","twitter_card":"summary_large_image","twitter_misc":{"Escrito por":"Redacci\u00f3n QP","Tiempo de lectura":"4 minutos"},"schema":{"@context":"https:\/\/schema.org","@graph":[{"@type":"Article","@id":"https:\/\/quehacerpolitico.mx\/?p=109866#article","isPartOf":{"@id":"https:\/\/quehacerpolitico.mx\/?p=109866"},"author":{"name":"Redacci\u00f3n QP","@id":"https:\/\/quehacerpolitico.mx\/#\/schema\/person\/496d8ad2d1d3f8036101dca7ee39e585"},"headline":"Jueza de Espa\u00f1a cierra la segunda investigaci\u00f3n contra Shakira por fraude fiscal","datePublished":"2024-05-09T15:37:27+00:00","dateModified":"2024-05-09T15:37:29+00:00","mainEntityOfPage":{"@id":"https:\/\/quehacerpolitico.mx\/?p=109866"},"wordCount":863,"commentCount":0,"image":{"@id":"https:\/\/quehacerpolitico.mx\/?p=109866#primaryimage"},"thumbnailUrl":"https:\/\/quehacerpolitico.mx\/wp-content\/uploads\/2024\/05\/IMG_5512.jpeg","articleSection":["Cultura y Entretenimiento"],"inLanguage":"es","potentialAction":[{"@type":"CommentAction","name":"Comment","target":["https:\/\/quehacerpolitico.mx\/?p=109866#respond"]}]},{"@type":"WebPage","@id":"https:\/\/quehacerpolitico.mx\/?p=109866","url":"https:\/\/quehacerpolitico.mx\/?p=109866","name":"Jueza de Espa\u00f1a cierra la segunda investigaci\u00f3n contra Shakira por fraude fiscal -","isPartOf":{"@id":"https:\/\/quehacerpolitico.mx\/#website"},"primaryImageOfPage":{"@id":"https:\/\/quehacerpolitico.mx\/?p=109866#primaryimage"},"image":{"@id":"https:\/\/quehacerpolitico.mx\/?p=109866#primaryimage"},"thumbnailUrl":"https:\/\/quehacerpolitico.mx\/wp-content\/uploads\/2024\/05\/IMG_5512.jpeg","datePublished":"2024-05-09T15:37:27+00:00","dateModified":"2024-05-09T15:37:29+00:00","author":{"@id":"https:\/\/quehacerpolitico.mx\/#\/schema\/person\/496d8ad2d1d3f8036101dca7ee39e585"},"breadcrumb":{"@id":"https:\/\/quehacerpolitico.mx\/?p=109866#breadcrumb"},"inLanguage":"es","potentialAction":[{"@type":"ReadAction","target":["https:\/\/quehacerpolitico.mx\/?p=109866"]}]},{"@type":"ImageObject","inLanguage":"es","@id":"https:\/\/quehacerpolitico.mx\/?p=109866#primaryimage","url":"https:\/\/quehacerpolitico.mx\/wp-content\/uploads\/2024\/05\/IMG_5512.jpeg","contentUrl":"https:\/\/quehacerpolitico.mx\/wp-content\/uploads\/2024\/05\/IMG_5512.jpeg","width":678,"height":452},{"@type":"BreadcrumbList","@id":"https:\/\/quehacerpolitico.mx\/?p=109866#breadcrumb","itemListElement":[{"@type":"ListItem","position":1,"name":"Inicio","item":"https:\/\/quehacerpolitico.mx\/"},{"@type":"ListItem","position":2,"name":"Jueza de Espa\u00f1a cierra la segunda investigaci\u00f3n contra Shakira por fraude fiscal"}]},{"@type":"WebSite","@id":"https:\/\/quehacerpolitico.mx\/#website","url":"https:\/\/quehacerpolitico.mx\/","name":"","description":"","potentialAction":[{"@type":"SearchAction","target":{"@type":"EntryPoint","urlTemplate":"https:\/\/quehacerpolitico.mx\/?s={search_term_string}"},"query-input":{"@type":"PropertyValueSpecification","valueRequired":true,"valueName":"search_term_string"}}],"inLanguage":"es"},{"@type":"Person","@id":"https:\/\/quehacerpolitico.mx\/#\/schema\/person\/496d8ad2d1d3f8036101dca7ee39e585","name":"Redacci\u00f3n QP","image":{"@type":"ImageObject","inLanguage":"es","@id":"https:\/\/secure.gravatar.com\/avatar\/c7164ed6fdec453195284ad24a5ae5b6e1eed2b848477fa2a4787ba9adf39a41?s=96&d=mm&r=g","url":"https:\/\/secure.gravatar.com\/avatar\/c7164ed6fdec453195284ad24a5ae5b6e1eed2b848477fa2a4787ba9adf39a41?s=96&d=mm&r=g","contentUrl":"https:\/\/secure.gravatar.com\/avatar\/c7164ed6fdec453195284ad24a5ae5b6e1eed2b848477fa2a4787ba9adf39a41?s=96&d=mm&r=g","caption":"Redacci\u00f3n QP"},"url":"https:\/\/quehacerpolitico.mx\/?author=2"}]}},"featured_image_urls":{"full":["https:\/\/quehacerpolitico.mx\/wp-content\/uploads\/2024\/05\/IMG_5512.jpeg",678,452,false],"thumbnail":["https:\/\/quehacerpolitico.mx\/wp-content\/uploads\/2024\/05\/IMG_5512-150x150.jpeg",150,150,true],"medium":["https:\/\/quehacerpolitico.mx\/wp-content\/uploads\/2024\/05\/IMG_5512-300x200.jpeg",300,200,true],"medium_large":["https:\/\/quehacerpolitico.mx\/wp-content\/uploads\/2024\/05\/IMG_5512.jpeg",640,427,false],"large":["https:\/\/quehacerpolitico.mx\/wp-content\/uploads\/2024\/05\/IMG_5512.jpeg",640,427,false],"1536x1536":["https:\/\/quehacerpolitico.mx\/wp-content\/uploads\/2024\/05\/IMG_5512.jpeg",678,452,false],"2048x2048":["https:\/\/quehacerpolitico.mx\/wp-content\/uploads\/2024\/05\/IMG_5512.jpeg",678,452,false],"covernews-featured":["https:\/\/quehacerpolitico.mx\/wp-content\/uploads\/2024\/05\/IMG_5512.jpeg",678,452,false],"covernews-medium":["https:\/\/quehacerpolitico.mx\/wp-content\/uploads\/2024\/05\/IMG_5512.jpeg",510,340,false]},"author_info":{"display_name":"Redacci\u00f3n QP","author_link":"https:\/\/quehacerpolitico.mx\/?author=2"},"category_info":"<a href=\"https:\/\/quehacerpolitico.mx\/?cat=58\" rel=\"category\">Cultura y Entretenimiento<\/a>","tag_info":"Cultura y Entretenimiento","comment_count":"0","_links":{"self":[{"href":"https:\/\/quehacerpolitico.mx\/index.php?rest_route=\/wp\/v2\/posts\/109866","targetHints":{"allow":["GET"]}}],"collection":[{"href":"https:\/\/quehacerpolitico.mx\/index.php?rest_route=\/wp\/v2\/posts"}],"about":[{"href":"https:\/\/quehacerpolitico.mx\/index.php?rest_route=\/wp\/v2\/types\/post"}],"author":[{"embeddable":true,"href":"https:\/\/quehacerpolitico.mx\/index.php?rest_route=\/wp\/v2\/users\/2"}],"replies":[{"embeddable":true,"href":"https:\/\/quehacerpolitico.mx\/index.php?rest_route=%2Fwp%2Fv2%2Fcomments&post=109866"}],"version-history":[{"count":1,"href":"https:\/\/quehacerpolitico.mx\/index.php?rest_route=\/wp\/v2\/posts\/109866\/revisions"}],"predecessor-version":[{"id":109868,"href":"https:\/\/quehacerpolitico.mx\/index.php?rest_route=\/wp\/v2\/posts\/109866\/revisions\/109868"}],"wp:featuredmedia":[{"embeddable":true,"href":"https:\/\/quehacerpolitico.mx\/index.php?rest_route=\/wp\/v2\/media\/109867"}],"wp:attachment":[{"href":"https:\/\/quehacerpolitico.mx\/index.php?rest_route=%2Fwp%2Fv2%2Fmedia&parent=109866"}],"wp:term":[{"taxonomy":"category","embeddable":true,"href":"https:\/\/quehacerpolitico.mx\/index.php?rest_route=%2Fwp%2Fv2%2Fcategories&post=109866"},{"taxonomy":"post_tag","embeddable":true,"href":"https:\/\/quehacerpolitico.mx\/index.php?rest_route=%2Fwp%2Fv2%2Ftags&post=109866"}],"curies":[{"name":"wp","href":"https:\/\/api.w.org\/{rel}","templated":true}]}}