{"id":109851,"date":"2024-05-08T18:35:10","date_gmt":"2024-05-08T18:35:10","guid":{"rendered":"https:\/\/quehacerpolitico.mx\/?p=109851"},"modified":"2024-05-08T18:35:13","modified_gmt":"2024-05-08T18:35:13","slug":"la-cdmx-es-la-cede-de-los-fifis-dijo-amlo-tras-asegurar-que-la-gente-de-la-capital-se-ha-vuelto-muy-conservadora","status":"publish","type":"post","link":"https:\/\/quehacerpolitico.mx\/?p=109851","title":{"rendered":"La CDMX &#8220;es la cede de los fif\u00eds&#8221;, dijo AMLO tras asegurar que la gente de la capital se ha vuelto &#8220;muy conservadora&#8221;"},"content":{"rendered":"\n<p>Por Redacci\u00f3n QP<\/p>\n\n\n\n<p>El presidente\u00a0<strong>Andr\u00e9s Manuel L\u00f3pez Obrador<\/strong> dijo este mi\u00e9rcoles en su conferencia matutina que su baja aprobaci\u00f3n en la\u00a0<strong>Ciudad de M\u00e9xico\u00a0<\/strong>se debe a que es donde hay m\u00e1s clase media, en la cual consider\u00f3 hay sectores \u201cmuy conservadores\u201d, e incluso calific\u00f3 a la capital del pa\u00eds como la sede de los \u201c<strong>fif\u00eds<\/strong>\u201c.<\/p>\n\n\n\n<p>\u201cResulta tambi\u00e9n que aqu\u00ed es donde hay m\u00e1s clase media, porque qu\u00e9 bien que la gente aqu\u00ed tiene m\u00e1s posibilidades de ingresos, aqu\u00ed se ha combatido mucho la\u00a0<strong>pobreza<\/strong>, entonces hay sectores, no toda la clase media, que son muy\u00a0<strong>conservadores<\/strong>\u00a0y\u00a0<strong>aspiracionistas<\/strong>, y tambi\u00e9n pues es la sede de los fif\u00eds\u201d.<\/p>\n\n\n\n<figure class=\"wp-block-embed is-type-rich is-provider-twitter wp-block-embed-twitter\"><div class=\"wp-block-embed__wrapper\">\nhttps:\/\/twitter.com\/ruidoenlared\/status\/1788237613561794844?s=46&#038;t=pyttrToxhaPYSt_hljQQ_g\n<\/div><\/figure>\n\n\n\n<p>\u201cPero hay otro elemento a considerar, m\u00e1s que aqu\u00ed est\u00e1 todo lo que tiene que ver con la&nbsp;<strong>informaci\u00f3n<\/strong>, aqu\u00ed la gente por necesidad tiene que pasar mucho tiempo en un&nbsp;<strong>veh\u00edculo<\/strong>&nbsp;hasta en el p\u00fablico y ah\u00ed va el radio, en los taxis, los carros y todos los&nbsp;<strong>noticieros<\/strong>, todos en contra\u201d, se\u00f1al\u00f3.<\/p>\n\n\n\n<p>El mandatario federal consider\u00f3 que los capitalinos \u201cse&nbsp;<strong>derechizaron<\/strong>\u201d durante el periodo neoliberal, incluyendo la Universidad Nacional Aut\u00f3noma de M\u00e9xico (<strong>UNAM<\/strong>), y arremeti\u00f3 contra los due\u00f1os de los medios de comunicaci\u00f3n que se concentran en la Ciudad de M\u00e9xico por las \u201cfuertes campa\u00f1as de manipulaci\u00f3n\u201d.<\/p>\n","protected":false},"excerpt":{"rendered":"<p>Por Redacci\u00f3n QP El presidente\u00a0Andr\u00e9s Manuel L\u00f3pez Obrador dijo este mi\u00e9rcoles en su conferencia matutina&#8230;<\/p>\n","protected":false},"author":2,"featured_media":109852,"comment_status":"open","ping_status":"open","sticky":false,"template":"","format":"standard","meta":{"_monsterinsights_skip_tracking":false,"_monsterinsights_sitenote_active":false,"_monsterinsights_sitenote_note":"","_monsterinsights_sitenote_category":0,"footnotes":""},"categories":[2],"tags":[],"class_list":["post-109851","post","type-post","status-publish","format-standard","has-post-thumbnail","hentry","category-noticias"],"yoast_head":"<!-- This site is optimized with the Yoast SEO plugin v27.3 - https:\/\/yoast.com\/product\/yoast-seo-wordpress\/ -->\n<title>La CDMX &quot;es la cede de los fif\u00eds&quot;, dijo AMLO tras asegurar que la gente de la capital se ha vuelto &quot;muy conservadora&quot; -<\/title>\n<meta name=\"robots\" content=\"index, follow, max-snippet:-1, max-image-preview:large, max-video-preview:-1\" \/>\n<link rel=\"canonical\" href=\"https:\/\/quehacerpolitico.mx\/?p=109851\" \/>\n<meta property=\"og:locale\" content=\"es_MX\" \/>\n<meta property=\"og:type\" content=\"article\" \/>\n<meta property=\"og:title\" content=\"La CDMX &quot;es la cede de los fif\u00eds&quot;, dijo AMLO tras asegurar que la gente de la capital se ha vuelto &quot;muy conservadora&quot; -\" \/>\n<meta property=\"og:description\" content=\"Por Redacci\u00f3n QP El presidente\u00a0Andr\u00e9s Manuel L\u00f3pez Obrador dijo este mi\u00e9rcoles en su conferencia matutina...\" \/>\n<meta property=\"og:url\" content=\"https:\/\/quehacerpolitico.mx\/?p=109851\" \/>\n<meta property=\"article:published_time\" content=\"2024-05-08T18:35:10+00:00\" \/>\n<meta property=\"article:modified_time\" content=\"2024-05-08T18:35:13+00:00\" \/>\n<meta property=\"og:image\" content=\"https:\/\/quehacerpolitico.mx\/wp-content\/uploads\/2024\/05\/IMG_5483.jpeg\" \/>\n\t<meta property=\"og:image:width\" content=\"1284\" \/>\n\t<meta property=\"og:image:height\" content=\"694\" \/>\n\t<meta property=\"og:image:type\" content=\"image\/jpeg\" \/>\n<meta name=\"author\" content=\"Redacci\u00f3n QP\" \/>\n<meta name=\"twitter:card\" content=\"summary_large_image\" \/>\n<meta name=\"twitter:label1\" content=\"Escrito por\" \/>\n\t<meta name=\"twitter:data1\" content=\"Redacci\u00f3n QP\" \/>\n\t<meta name=\"twitter:label2\" content=\"Tiempo de lectura\" \/>\n\t<meta name=\"twitter:data2\" content=\"1 minuto\" \/>\n<script type=\"application\/ld+json\" class=\"yoast-schema-graph\">{\"@context\":\"https:\\\/\\\/schema.org\",\"@graph\":[{\"@type\":\"Article\",\"@id\":\"https:\\\/\\\/quehacerpolitico.mx\\\/?p=109851#article\",\"isPartOf\":{\"@id\":\"https:\\\/\\\/quehacerpolitico.mx\\\/?p=109851\"},\"author\":{\"name\":\"Redacci\u00f3n QP\",\"@id\":\"https:\\\/\\\/quehacerpolitico.mx\\\/#\\\/schema\\\/person\\\/496d8ad2d1d3f8036101dca7ee39e585\"},\"headline\":\"La CDMX &#8220;es la cede de los fif\u00eds&#8221;, dijo AMLO tras asegurar que la gente de la capital se ha vuelto &#8220;muy conservadora&#8221;\",\"datePublished\":\"2024-05-08T18:35:10+00:00\",\"dateModified\":\"2024-05-08T18:35:13+00:00\",\"mainEntityOfPage\":{\"@id\":\"https:\\\/\\\/quehacerpolitico.mx\\\/?p=109851\"},\"wordCount\":274,\"commentCount\":0,\"image\":{\"@id\":\"https:\\\/\\\/quehacerpolitico.mx\\\/?p=109851#primaryimage\"},\"thumbnailUrl\":\"https:\\\/\\\/quehacerpolitico.mx\\\/wp-content\\\/uploads\\\/2024\\\/05\\\/IMG_5483.jpeg\",\"articleSection\":[\"Noticias\"],\"inLanguage\":\"es\",\"potentialAction\":[{\"@type\":\"CommentAction\",\"name\":\"Comment\",\"target\":[\"https:\\\/\\\/quehacerpolitico.mx\\\/?p=109851#respond\"]}]},{\"@type\":\"WebPage\",\"@id\":\"https:\\\/\\\/quehacerpolitico.mx\\\/?p=109851\",\"url\":\"https:\\\/\\\/quehacerpolitico.mx\\\/?p=109851\",\"name\":\"La CDMX \\\"es la cede de los fif\u00eds\\\", dijo AMLO tras asegurar que la gente de la capital se ha vuelto \\\"muy conservadora\\\" -\",\"isPartOf\":{\"@id\":\"https:\\\/\\\/quehacerpolitico.mx\\\/#website\"},\"primaryImageOfPage\":{\"@id\":\"https:\\\/\\\/quehacerpolitico.mx\\\/?p=109851#primaryimage\"},\"image\":{\"@id\":\"https:\\\/\\\/quehacerpolitico.mx\\\/?p=109851#primaryimage\"},\"thumbnailUrl\":\"https:\\\/\\\/quehacerpolitico.mx\\\/wp-content\\\/uploads\\\/2024\\\/05\\\/IMG_5483.jpeg\",\"datePublished\":\"2024-05-08T18:35:10+00:00\",\"dateModified\":\"2024-05-08T18:35:13+00:00\",\"author\":{\"@id\":\"https:\\\/\\\/quehacerpolitico.mx\\\/#\\\/schema\\\/person\\\/496d8ad2d1d3f8036101dca7ee39e585\"},\"breadcrumb\":{\"@id\":\"https:\\\/\\\/quehacerpolitico.mx\\\/?p=109851#breadcrumb\"},\"inLanguage\":\"es\",\"potentialAction\":[{\"@type\":\"ReadAction\",\"target\":[\"https:\\\/\\\/quehacerpolitico.mx\\\/?p=109851\"]}]},{\"@type\":\"ImageObject\",\"inLanguage\":\"es\",\"@id\":\"https:\\\/\\\/quehacerpolitico.mx\\\/?p=109851#primaryimage\",\"url\":\"https:\\\/\\\/quehacerpolitico.mx\\\/wp-content\\\/uploads\\\/2024\\\/05\\\/IMG_5483.jpeg\",\"contentUrl\":\"https:\\\/\\\/quehacerpolitico.mx\\\/wp-content\\\/uploads\\\/2024\\\/05\\\/IMG_5483.jpeg\",\"width\":1284,\"height\":694,\"caption\":\"Screenshot\"},{\"@type\":\"BreadcrumbList\",\"@id\":\"https:\\\/\\\/quehacerpolitico.mx\\\/?p=109851#breadcrumb\",\"itemListElement\":[{\"@type\":\"ListItem\",\"position\":1,\"name\":\"Inicio\",\"item\":\"https:\\\/\\\/quehacerpolitico.mx\\\/\"},{\"@type\":\"ListItem\",\"position\":2,\"name\":\"La CDMX &#8220;es la cede de los fif\u00eds&#8221;, dijo AMLO tras asegurar que la gente de la capital se ha vuelto &#8220;muy conservadora&#8221;\"}]},{\"@type\":\"WebSite\",\"@id\":\"https:\\\/\\\/quehacerpolitico.mx\\\/#website\",\"url\":\"https:\\\/\\\/quehacerpolitico.mx\\\/\",\"name\":\"\",\"description\":\"\",\"potentialAction\":[{\"@type\":\"SearchAction\",\"target\":{\"@type\":\"EntryPoint\",\"urlTemplate\":\"https:\\\/\\\/quehacerpolitico.mx\\\/?s={search_term_string}\"},\"query-input\":{\"@type\":\"PropertyValueSpecification\",\"valueRequired\":true,\"valueName\":\"search_term_string\"}}],\"inLanguage\":\"es\"},{\"@type\":\"Person\",\"@id\":\"https:\\\/\\\/quehacerpolitico.mx\\\/#\\\/schema\\\/person\\\/496d8ad2d1d3f8036101dca7ee39e585\",\"name\":\"Redacci\u00f3n QP\",\"image\":{\"@type\":\"ImageObject\",\"inLanguage\":\"es\",\"@id\":\"https:\\\/\\\/secure.gravatar.com\\\/avatar\\\/c7164ed6fdec453195284ad24a5ae5b6e1eed2b848477fa2a4787ba9adf39a41?s=96&d=mm&r=g\",\"url\":\"https:\\\/\\\/secure.gravatar.com\\\/avatar\\\/c7164ed6fdec453195284ad24a5ae5b6e1eed2b848477fa2a4787ba9adf39a41?s=96&d=mm&r=g\",\"contentUrl\":\"https:\\\/\\\/secure.gravatar.com\\\/avatar\\\/c7164ed6fdec453195284ad24a5ae5b6e1eed2b848477fa2a4787ba9adf39a41?s=96&d=mm&r=g\",\"caption\":\"Redacci\u00f3n QP\"},\"url\":\"https:\\\/\\\/quehacerpolitico.mx\\\/?author=2\"}]}<\/script>\n<!-- \/ Yoast SEO plugin. -->","yoast_head_json":{"title":"La CDMX \"es la cede de los fif\u00eds\", dijo AMLO tras asegurar que la gente de la capital se ha vuelto \"muy conservadora\" -","robots":{"index":"index","follow":"follow","max-snippet":"max-snippet:-1","max-image-preview":"max-image-preview:large","max-video-preview":"max-video-preview:-1"},"canonical":"https:\/\/quehacerpolitico.mx\/?p=109851","og_locale":"es_MX","og_type":"article","og_title":"La CDMX \"es la cede de los fif\u00eds\", dijo AMLO tras asegurar que la gente de la capital se ha vuelto \"muy conservadora\" -","og_description":"Por Redacci\u00f3n QP El presidente\u00a0Andr\u00e9s Manuel L\u00f3pez Obrador dijo este mi\u00e9rcoles en su conferencia matutina...","og_url":"https:\/\/quehacerpolitico.mx\/?p=109851","article_published_time":"2024-05-08T18:35:10+00:00","article_modified_time":"2024-05-08T18:35:13+00:00","og_image":[{"width":1284,"height":694,"url":"https:\/\/quehacerpolitico.mx\/wp-content\/uploads\/2024\/05\/IMG_5483.jpeg","type":"image\/jpeg"}],"author":"Redacci\u00f3n QP","twitter_card":"summary_large_image","twitter_misc":{"Escrito por":"Redacci\u00f3n QP","Tiempo de lectura":"1 minuto"},"schema":{"@context":"https:\/\/schema.org","@graph":[{"@type":"Article","@id":"https:\/\/quehacerpolitico.mx\/?p=109851#article","isPartOf":{"@id":"https:\/\/quehacerpolitico.mx\/?p=109851"},"author":{"name":"Redacci\u00f3n QP","@id":"https:\/\/quehacerpolitico.mx\/#\/schema\/person\/496d8ad2d1d3f8036101dca7ee39e585"},"headline":"La CDMX &#8220;es la cede de los fif\u00eds&#8221;, dijo AMLO tras asegurar que la gente de la capital se ha vuelto &#8220;muy conservadora&#8221;","datePublished":"2024-05-08T18:35:10+00:00","dateModified":"2024-05-08T18:35:13+00:00","mainEntityOfPage":{"@id":"https:\/\/quehacerpolitico.mx\/?p=109851"},"wordCount":274,"commentCount":0,"image":{"@id":"https:\/\/quehacerpolitico.mx\/?p=109851#primaryimage"},"thumbnailUrl":"https:\/\/quehacerpolitico.mx\/wp-content\/uploads\/2024\/05\/IMG_5483.jpeg","articleSection":["Noticias"],"inLanguage":"es","potentialAction":[{"@type":"CommentAction","name":"Comment","target":["https:\/\/quehacerpolitico.mx\/?p=109851#respond"]}]},{"@type":"WebPage","@id":"https:\/\/quehacerpolitico.mx\/?p=109851","url":"https:\/\/quehacerpolitico.mx\/?p=109851","name":"La CDMX \"es la cede de los fif\u00eds\", dijo AMLO tras asegurar que la gente de la capital se ha vuelto \"muy conservadora\" -","isPartOf":{"@id":"https:\/\/quehacerpolitico.mx\/#website"},"primaryImageOfPage":{"@id":"https:\/\/quehacerpolitico.mx\/?p=109851#primaryimage"},"image":{"@id":"https:\/\/quehacerpolitico.mx\/?p=109851#primaryimage"},"thumbnailUrl":"https:\/\/quehacerpolitico.mx\/wp-content\/uploads\/2024\/05\/IMG_5483.jpeg","datePublished":"2024-05-08T18:35:10+00:00","dateModified":"2024-05-08T18:35:13+00:00","author":{"@id":"https:\/\/quehacerpolitico.mx\/#\/schema\/person\/496d8ad2d1d3f8036101dca7ee39e585"},"breadcrumb":{"@id":"https:\/\/quehacerpolitico.mx\/?p=109851#breadcrumb"},"inLanguage":"es","potentialAction":[{"@type":"ReadAction","target":["https:\/\/quehacerpolitico.mx\/?p=109851"]}]},{"@type":"ImageObject","inLanguage":"es","@id":"https:\/\/quehacerpolitico.mx\/?p=109851#primaryimage","url":"https:\/\/quehacerpolitico.mx\/wp-content\/uploads\/2024\/05\/IMG_5483.jpeg","contentUrl":"https:\/\/quehacerpolitico.mx\/wp-content\/uploads\/2024\/05\/IMG_5483.jpeg","width":1284,"height":694,"caption":"Screenshot"},{"@type":"BreadcrumbList","@id":"https:\/\/quehacerpolitico.mx\/?p=109851#breadcrumb","itemListElement":[{"@type":"ListItem","position":1,"name":"Inicio","item":"https:\/\/quehacerpolitico.mx\/"},{"@type":"ListItem","position":2,"name":"La CDMX &#8220;es la cede de los fif\u00eds&#8221;, dijo AMLO tras asegurar que la gente de la capital se ha vuelto &#8220;muy conservadora&#8221;"}]},{"@type":"WebSite","@id":"https:\/\/quehacerpolitico.mx\/#website","url":"https:\/\/quehacerpolitico.mx\/","name":"","description":"","potentialAction":[{"@type":"SearchAction","target":{"@type":"EntryPoint","urlTemplate":"https:\/\/quehacerpolitico.mx\/?s={search_term_string}"},"query-input":{"@type":"PropertyValueSpecification","valueRequired":true,"valueName":"search_term_string"}}],"inLanguage":"es"},{"@type":"Person","@id":"https:\/\/quehacerpolitico.mx\/#\/schema\/person\/496d8ad2d1d3f8036101dca7ee39e585","name":"Redacci\u00f3n QP","image":{"@type":"ImageObject","inLanguage":"es","@id":"https:\/\/secure.gravatar.com\/avatar\/c7164ed6fdec453195284ad24a5ae5b6e1eed2b848477fa2a4787ba9adf39a41?s=96&d=mm&r=g","url":"https:\/\/secure.gravatar.com\/avatar\/c7164ed6fdec453195284ad24a5ae5b6e1eed2b848477fa2a4787ba9adf39a41?s=96&d=mm&r=g","contentUrl":"https:\/\/secure.gravatar.com\/avatar\/c7164ed6fdec453195284ad24a5ae5b6e1eed2b848477fa2a4787ba9adf39a41?s=96&d=mm&r=g","caption":"Redacci\u00f3n QP"},"url":"https:\/\/quehacerpolitico.mx\/?author=2"}]}},"featured_image_urls":{"full":["https:\/\/quehacerpolitico.mx\/wp-content\/uploads\/2024\/05\/IMG_5483.jpeg",1284,694,false],"thumbnail":["https:\/\/quehacerpolitico.mx\/wp-content\/uploads\/2024\/05\/IMG_5483-150x150.jpeg",150,150,true],"medium":["https:\/\/quehacerpolitico.mx\/wp-content\/uploads\/2024\/05\/IMG_5483-300x162.jpeg",300,162,true],"medium_large":["https:\/\/quehacerpolitico.mx\/wp-content\/uploads\/2024\/05\/IMG_5483-768x415.jpeg",640,346,true],"large":["https:\/\/quehacerpolitico.mx\/wp-content\/uploads\/2024\/05\/IMG_5483-1024x553.jpeg",640,346,true],"1536x1536":["https:\/\/quehacerpolitico.mx\/wp-content\/uploads\/2024\/05\/IMG_5483.jpeg",1284,694,false],"2048x2048":["https:\/\/quehacerpolitico.mx\/wp-content\/uploads\/2024\/05\/IMG_5483.jpeg",1284,694,false],"covernews-featured":["https:\/\/quehacerpolitico.mx\/wp-content\/uploads\/2024\/05\/IMG_5483.jpeg",1024,553,false],"covernews-medium":["https:\/\/quehacerpolitico.mx\/wp-content\/uploads\/2024\/05\/IMG_5483.jpeg",540,292,false]},"author_info":{"display_name":"Redacci\u00f3n QP","author_link":"https:\/\/quehacerpolitico.mx\/?author=2"},"category_info":"<a href=\"https:\/\/quehacerpolitico.mx\/?cat=2\" rel=\"category\">Noticias<\/a>","tag_info":"Noticias","comment_count":"0","_links":{"self":[{"href":"https:\/\/quehacerpolitico.mx\/index.php?rest_route=\/wp\/v2\/posts\/109851","targetHints":{"allow":["GET"]}}],"collection":[{"href":"https:\/\/quehacerpolitico.mx\/index.php?rest_route=\/wp\/v2\/posts"}],"about":[{"href":"https:\/\/quehacerpolitico.mx\/index.php?rest_route=\/wp\/v2\/types\/post"}],"author":[{"embeddable":true,"href":"https:\/\/quehacerpolitico.mx\/index.php?rest_route=\/wp\/v2\/users\/2"}],"replies":[{"embeddable":true,"href":"https:\/\/quehacerpolitico.mx\/index.php?rest_route=%2Fwp%2Fv2%2Fcomments&post=109851"}],"version-history":[{"count":1,"href":"https:\/\/quehacerpolitico.mx\/index.php?rest_route=\/wp\/v2\/posts\/109851\/revisions"}],"predecessor-version":[{"id":109853,"href":"https:\/\/quehacerpolitico.mx\/index.php?rest_route=\/wp\/v2\/posts\/109851\/revisions\/109853"}],"wp:featuredmedia":[{"embeddable":true,"href":"https:\/\/quehacerpolitico.mx\/index.php?rest_route=\/wp\/v2\/media\/109852"}],"wp:attachment":[{"href":"https:\/\/quehacerpolitico.mx\/index.php?rest_route=%2Fwp%2Fv2%2Fmedia&parent=109851"}],"wp:term":[{"taxonomy":"category","embeddable":true,"href":"https:\/\/quehacerpolitico.mx\/index.php?rest_route=%2Fwp%2Fv2%2Fcategories&post=109851"},{"taxonomy":"post_tag","embeddable":true,"href":"https:\/\/quehacerpolitico.mx\/index.php?rest_route=%2Fwp%2Fv2%2Ftags&post=109851"}],"curies":[{"name":"wp","href":"https:\/\/api.w.org\/{rel}","templated":true}]}}