{"id":10985,"date":"2018-12-05T04:30:46","date_gmt":"2018-12-05T04:30:46","guid":{"rendered":"http:\/\/quehacerpolitico.mx\/la-ultima-de-elias-beltran-solicito-desistir-a-ordenes-de-aprehension-contra-azcarraga-mexicana\/"},"modified":"2018-12-05T04:30:46","modified_gmt":"2018-12-05T04:30:46","slug":"la-ultima-de-elias-beltran-solicito-desistir-a-ordenes-de-aprehension-contra-azcarraga-mexicana","status":"publish","type":"post","link":"https:\/\/quehacerpolitico.mx\/?p=10985","title":{"rendered":"La \u00faltima de El\u00edas Beltr\u00e1n: solicit\u00f3 desistir a \u00f3rdenes de aprehensi\u00f3n contra Azc\u00e1rraga (Mexicana)"},"content":{"rendered":"<h1>La \u00faltima de El\u00edas Beltr\u00e1n: solicit\u00f3 desistir a \u00f3rdenes de aprehensi\u00f3n contra Azc\u00e1rraga (Mexicana)<\/h1>\n<p>Por Redacci\u00f3n QP<\/p>\n<p>Horas antes de que <strong>Andr\u00e9s Manuel L\u00f3pez Obrador<\/strong> acudiera a San L\u00e1zaro para que Enrique Pe\u00f1a Nieto le entregara la banda presidencial,\u00a0<strong>Alberto El\u00edas Beltr\u00e1n<\/strong>, encargado de despacho de la Procuradur\u00eda General de la Rep\u00fablica (PGR), y el subprocurador especializado en Investigaci\u00f3n de Delitos Federales, Felipe de Jes\u00fas Mu\u00f1oz V\u00e1zquez, <strong>presentaron la solicitud\u00a0<\/strong>de desistimiento en contra de las ordenes de aprehensi\u00f3n por los delitos previstos en la Ley de Mercado de Valores giradas en contra <strong>Gast\u00f3n Azc\u00e1rraga Andrade<\/strong>, ex propietario de Mexicana de Aviaci\u00f3n.<\/p>\n<blockquote>\n<p>La solicitud fue presentada ante el Juzgado D\u00e9cimo de Distrito de Procesos Penales Federales en la Ciudad de M\u00e9xico, en la causa penal\u00a047\/2014.<\/p>\n<\/blockquote>\n<p>\u201cLo relevante del caso es que la legalidad de dichas ordenes de aprehensi\u00f3n ya ha sido confirmada en todas las instancias judiciales, sin que proceda recurso alguno en contra de ellas\u201d, se\u00f1ala informaci\u00f3n a la que tuvo acceso este diario digital.<\/p>\n<blockquote>\n<p>La legalidad de dichas \u00f3rdenes de aprehensi\u00f3n fue resuelta en una sesi\u00f3n p\u00fablica el\u00a012 de julio de 2018, cuando magistrados del Sexto Tribunal Colegiado decidieron negar el amparo y protecci\u00f3n interpuesto por Azc\u00e1rraga Andrade.<\/p>\n<\/blockquote>\n<p>El\u00a0ex propietario de Mexicana de Aviaci\u00f3n buscaba tratar sin efecto las \u00f3rdenes, incluso despu\u00e9s de que\u00a0la Suprema Corte de Justicia de la Naci\u00f3n resolviera desechar la solicitud de atracci\u00f3n para conocer de dicho asunto.<\/p>\n<p><strong>GAST\u00d3N AZC\u00c1RRAGA Y MEXICANA DE AVIACI\u00d3N<\/strong><\/p>\n<p>La carrera empresarial de Gast\u00f3n Azc\u00e1rraga Andrade ha estado llena de conflictos y acusaciones como fraudes a inversionistas, trabajadores y al Estado mismo, seg\u00fan expertos en perfiles corporativos. A\u00fan as\u00ed, lleg\u00f3 a figurar en la lista de los 45 hombres m\u00e1s ricos de M\u00e9xico.<\/p>\n<p>Los expertos aseguran que su ca\u00edda no s\u00f3lo se debe a esta historia ligada al manejo poco transparente de sus negocios, sino a que en alg\u00fan momento perdi\u00f3 la realidad por sus relaciones familiares con hombres poderosos como su primo, el due\u00f1o de\u00a0<em>Televisa<\/em>, Emilio Azc\u00e1rraga Jean, y con figuras de la pol\u00edtica como el ex Presidente Vicente Fox Quesada y su esposa Martha Sahag\u00fan, gracias a quienes \u2013seg\u00fan acus\u00f3 en su momento Andr\u00e9s Manuel L\u00f3pez Obrador\u2013 pudo adjudicarse en 2006, a un precio simb\u00f3lico, las aerol\u00edneas Mexicana de Aviaci\u00f3n y sus filiales Click y Link.<\/p>\n<blockquote>\n<p>A su llegada a la aerol\u00ednea, argument\u00f3 que por razones financieras y falta de recursos era necesario reducir el n\u00famero de trabajadores con la finalidad de poder trasladarlos a las otras filiales, las cuales le produc\u00edan m\u00e1s ganancias y le implicaban menores costos laborales, llevando a la quiebra a Mexicana de Aviaci\u00f3n.<\/p>\n<p>A finales de 2010, la Asociaci\u00f3n Sindical de Pilotos Aviadores le exigi\u00f3 que explicara el destino de 265 millones de d\u00f3lares de pasivos laborales que se le otorgaron como descuento cuando adquiri\u00f3 a Mexicana, adem\u00e1s de diversas demandas penales de sindicatos.<\/p>\n<p>Tanto la Secretar\u00eda de Comunicaciones y Transportes como la Secretar\u00eda de Hacienda y Cr\u00e9dito P\u00fablico son las encargadas de supervisar el buen funcionamiento legal y financieros de las aerol\u00edneas. Sin embargo, dieron libertad absoluta al empresario para que durante a\u00f1os pudiera trasladar recursos de una aerol\u00ednea a otra.<\/p>\n<\/blockquote>\n","protected":false},"excerpt":{"rendered":"<p>La \u00faltima de El\u00edas Beltr\u00e1n: solicit\u00f3 desistir a \u00f3rdenes de aprehensi\u00f3n contra Azc\u00e1rraga (Mexicana)<br \/>\nPor Redacci\u00f3n QP<\/p>\n","protected":false},"author":2,"featured_media":10984,"comment_status":"open","ping_status":"open","sticky":false,"template":"","format":"standard","meta":{"_monsterinsights_skip_tracking":false,"_monsterinsights_sitenote_active":false,"_monsterinsights_sitenote_note":"","_monsterinsights_sitenote_category":0,"footnotes":""},"categories":[2],"tags":[],"class_list":["post-10985","post","type-post","status-publish","format-standard","has-post-thumbnail","hentry","category-noticias"],"yoast_head":"<!-- This site is optimized with the Yoast SEO plugin v27.3 - https:\/\/yoast.com\/product\/yoast-seo-wordpress\/ -->\n<title>La \u00faltima de El\u00edas Beltr\u00e1n: solicit\u00f3 desistir a \u00f3rdenes de aprehensi\u00f3n contra Azc\u00e1rraga (Mexicana) -<\/title>\n<meta name=\"robots\" content=\"index, follow, max-snippet:-1, max-image-preview:large, max-video-preview:-1\" \/>\n<link rel=\"canonical\" href=\"https:\/\/quehacerpolitico.mx\/?p=10985\" \/>\n<meta property=\"og:locale\" content=\"es_MX\" \/>\n<meta property=\"og:type\" content=\"article\" \/>\n<meta property=\"og:title\" content=\"La \u00faltima de El\u00edas Beltr\u00e1n: solicit\u00f3 desistir a \u00f3rdenes de aprehensi\u00f3n contra Azc\u00e1rraga (Mexicana) -\" \/>\n<meta property=\"og:description\" content=\"La \u00faltima de El\u00edas Beltr\u00e1n: solicit\u00f3 desistir a \u00f3rdenes de aprehensi\u00f3n contra Azc\u00e1rraga (Mexicana) Por Redacci\u00f3n QP\" \/>\n<meta property=\"og:url\" content=\"https:\/\/quehacerpolitico.mx\/?p=10985\" \/>\n<meta property=\"article:published_time\" content=\"2018-12-05T04:30:46+00:00\" \/>\n<meta name=\"author\" content=\"Redacci\u00f3n QP\" \/>\n<meta name=\"twitter:card\" content=\"summary_large_image\" \/>\n<meta name=\"twitter:label1\" content=\"Escrito por\" \/>\n\t<meta name=\"twitter:data1\" content=\"Redacci\u00f3n QP\" \/>\n\t<meta name=\"twitter:label2\" content=\"Tiempo de lectura\" \/>\n\t<meta name=\"twitter:data2\" content=\"3 minutos\" \/>\n<script type=\"application\/ld+json\" class=\"yoast-schema-graph\">{\"@context\":\"https:\\\/\\\/schema.org\",\"@graph\":[{\"@type\":\"Article\",\"@id\":\"https:\\\/\\\/quehacerpolitico.mx\\\/?p=10985#article\",\"isPartOf\":{\"@id\":\"https:\\\/\\\/quehacerpolitico.mx\\\/?p=10985\"},\"author\":{\"name\":\"Redacci\u00f3n QP\",\"@id\":\"https:\\\/\\\/quehacerpolitico.mx\\\/#\\\/schema\\\/person\\\/496d8ad2d1d3f8036101dca7ee39e585\"},\"headline\":\"La \u00faltima de El\u00edas Beltr\u00e1n: solicit\u00f3 desistir a \u00f3rdenes de aprehensi\u00f3n contra Azc\u00e1rraga (Mexicana)\",\"datePublished\":\"2018-12-05T04:30:46+00:00\",\"mainEntityOfPage\":{\"@id\":\"https:\\\/\\\/quehacerpolitico.mx\\\/?p=10985\"},\"wordCount\":608,\"commentCount\":0,\"image\":{\"@id\":\"https:\\\/\\\/quehacerpolitico.mx\\\/?p=10985#primaryimage\"},\"thumbnailUrl\":\"\",\"articleSection\":[\"Noticias\"],\"inLanguage\":\"es\",\"potentialAction\":[{\"@type\":\"CommentAction\",\"name\":\"Comment\",\"target\":[\"https:\\\/\\\/quehacerpolitico.mx\\\/?p=10985#respond\"]}]},{\"@type\":\"WebPage\",\"@id\":\"https:\\\/\\\/quehacerpolitico.mx\\\/?p=10985\",\"url\":\"https:\\\/\\\/quehacerpolitico.mx\\\/?p=10985\",\"name\":\"La \u00faltima de El\u00edas Beltr\u00e1n: solicit\u00f3 desistir a \u00f3rdenes de aprehensi\u00f3n contra Azc\u00e1rraga (Mexicana) -\",\"isPartOf\":{\"@id\":\"https:\\\/\\\/quehacerpolitico.mx\\\/#website\"},\"primaryImageOfPage\":{\"@id\":\"https:\\\/\\\/quehacerpolitico.mx\\\/?p=10985#primaryimage\"},\"image\":{\"@id\":\"https:\\\/\\\/quehacerpolitico.mx\\\/?p=10985#primaryimage\"},\"thumbnailUrl\":\"\",\"datePublished\":\"2018-12-05T04:30:46+00:00\",\"author\":{\"@id\":\"https:\\\/\\\/quehacerpolitico.mx\\\/#\\\/schema\\\/person\\\/496d8ad2d1d3f8036101dca7ee39e585\"},\"breadcrumb\":{\"@id\":\"https:\\\/\\\/quehacerpolitico.mx\\\/?p=10985#breadcrumb\"},\"inLanguage\":\"es\",\"potentialAction\":[{\"@type\":\"ReadAction\",\"target\":[\"https:\\\/\\\/quehacerpolitico.mx\\\/?p=10985\"]}]},{\"@type\":\"ImageObject\",\"inLanguage\":\"es\",\"@id\":\"https:\\\/\\\/quehacerpolitico.mx\\\/?p=10985#primaryimage\",\"url\":\"\",\"contentUrl\":\"\"},{\"@type\":\"BreadcrumbList\",\"@id\":\"https:\\\/\\\/quehacerpolitico.mx\\\/?p=10985#breadcrumb\",\"itemListElement\":[{\"@type\":\"ListItem\",\"position\":1,\"name\":\"Inicio\",\"item\":\"https:\\\/\\\/quehacerpolitico.mx\\\/\"},{\"@type\":\"ListItem\",\"position\":2,\"name\":\"La \u00faltima de El\u00edas Beltr\u00e1n: solicit\u00f3 desistir a \u00f3rdenes de aprehensi\u00f3n contra Azc\u00e1rraga (Mexicana)\"}]},{\"@type\":\"WebSite\",\"@id\":\"https:\\\/\\\/quehacerpolitico.mx\\\/#website\",\"url\":\"https:\\\/\\\/quehacerpolitico.mx\\\/\",\"name\":\"\",\"description\":\"\",\"potentialAction\":[{\"@type\":\"SearchAction\",\"target\":{\"@type\":\"EntryPoint\",\"urlTemplate\":\"https:\\\/\\\/quehacerpolitico.mx\\\/?s={search_term_string}\"},\"query-input\":{\"@type\":\"PropertyValueSpecification\",\"valueRequired\":true,\"valueName\":\"search_term_string\"}}],\"inLanguage\":\"es\"},{\"@type\":\"Person\",\"@id\":\"https:\\\/\\\/quehacerpolitico.mx\\\/#\\\/schema\\\/person\\\/496d8ad2d1d3f8036101dca7ee39e585\",\"name\":\"Redacci\u00f3n QP\",\"image\":{\"@type\":\"ImageObject\",\"inLanguage\":\"es\",\"@id\":\"https:\\\/\\\/secure.gravatar.com\\\/avatar\\\/c7164ed6fdec453195284ad24a5ae5b6e1eed2b848477fa2a4787ba9adf39a41?s=96&d=mm&r=g\",\"url\":\"https:\\\/\\\/secure.gravatar.com\\\/avatar\\\/c7164ed6fdec453195284ad24a5ae5b6e1eed2b848477fa2a4787ba9adf39a41?s=96&d=mm&r=g\",\"contentUrl\":\"https:\\\/\\\/secure.gravatar.com\\\/avatar\\\/c7164ed6fdec453195284ad24a5ae5b6e1eed2b848477fa2a4787ba9adf39a41?s=96&d=mm&r=g\",\"caption\":\"Redacci\u00f3n QP\"},\"url\":\"https:\\\/\\\/quehacerpolitico.mx\\\/?author=2\"}]}<\/script>\n<!-- \/ Yoast SEO plugin. -->","yoast_head_json":{"title":"La \u00faltima de El\u00edas Beltr\u00e1n: solicit\u00f3 desistir a \u00f3rdenes de aprehensi\u00f3n contra Azc\u00e1rraga (Mexicana) -","robots":{"index":"index","follow":"follow","max-snippet":"max-snippet:-1","max-image-preview":"max-image-preview:large","max-video-preview":"max-video-preview:-1"},"canonical":"https:\/\/quehacerpolitico.mx\/?p=10985","og_locale":"es_MX","og_type":"article","og_title":"La \u00faltima de El\u00edas Beltr\u00e1n: solicit\u00f3 desistir a \u00f3rdenes de aprehensi\u00f3n contra Azc\u00e1rraga (Mexicana) -","og_description":"La \u00faltima de El\u00edas Beltr\u00e1n: solicit\u00f3 desistir a \u00f3rdenes de aprehensi\u00f3n contra Azc\u00e1rraga (Mexicana) Por Redacci\u00f3n QP","og_url":"https:\/\/quehacerpolitico.mx\/?p=10985","article_published_time":"2018-12-05T04:30:46+00:00","author":"Redacci\u00f3n QP","twitter_card":"summary_large_image","twitter_misc":{"Escrito por":"Redacci\u00f3n QP","Tiempo de lectura":"3 minutos"},"schema":{"@context":"https:\/\/schema.org","@graph":[{"@type":"Article","@id":"https:\/\/quehacerpolitico.mx\/?p=10985#article","isPartOf":{"@id":"https:\/\/quehacerpolitico.mx\/?p=10985"},"author":{"name":"Redacci\u00f3n QP","@id":"https:\/\/quehacerpolitico.mx\/#\/schema\/person\/496d8ad2d1d3f8036101dca7ee39e585"},"headline":"La \u00faltima de El\u00edas Beltr\u00e1n: solicit\u00f3 desistir a \u00f3rdenes de aprehensi\u00f3n contra Azc\u00e1rraga (Mexicana)","datePublished":"2018-12-05T04:30:46+00:00","mainEntityOfPage":{"@id":"https:\/\/quehacerpolitico.mx\/?p=10985"},"wordCount":608,"commentCount":0,"image":{"@id":"https:\/\/quehacerpolitico.mx\/?p=10985#primaryimage"},"thumbnailUrl":"","articleSection":["Noticias"],"inLanguage":"es","potentialAction":[{"@type":"CommentAction","name":"Comment","target":["https:\/\/quehacerpolitico.mx\/?p=10985#respond"]}]},{"@type":"WebPage","@id":"https:\/\/quehacerpolitico.mx\/?p=10985","url":"https:\/\/quehacerpolitico.mx\/?p=10985","name":"La \u00faltima de El\u00edas Beltr\u00e1n: solicit\u00f3 desistir a \u00f3rdenes de aprehensi\u00f3n contra Azc\u00e1rraga (Mexicana) -","isPartOf":{"@id":"https:\/\/quehacerpolitico.mx\/#website"},"primaryImageOfPage":{"@id":"https:\/\/quehacerpolitico.mx\/?p=10985#primaryimage"},"image":{"@id":"https:\/\/quehacerpolitico.mx\/?p=10985#primaryimage"},"thumbnailUrl":"","datePublished":"2018-12-05T04:30:46+00:00","author":{"@id":"https:\/\/quehacerpolitico.mx\/#\/schema\/person\/496d8ad2d1d3f8036101dca7ee39e585"},"breadcrumb":{"@id":"https:\/\/quehacerpolitico.mx\/?p=10985#breadcrumb"},"inLanguage":"es","potentialAction":[{"@type":"ReadAction","target":["https:\/\/quehacerpolitico.mx\/?p=10985"]}]},{"@type":"ImageObject","inLanguage":"es","@id":"https:\/\/quehacerpolitico.mx\/?p=10985#primaryimage","url":"","contentUrl":""},{"@type":"BreadcrumbList","@id":"https:\/\/quehacerpolitico.mx\/?p=10985#breadcrumb","itemListElement":[{"@type":"ListItem","position":1,"name":"Inicio","item":"https:\/\/quehacerpolitico.mx\/"},{"@type":"ListItem","position":2,"name":"La \u00faltima de El\u00edas Beltr\u00e1n: solicit\u00f3 desistir a \u00f3rdenes de aprehensi\u00f3n contra Azc\u00e1rraga (Mexicana)"}]},{"@type":"WebSite","@id":"https:\/\/quehacerpolitico.mx\/#website","url":"https:\/\/quehacerpolitico.mx\/","name":"","description":"","potentialAction":[{"@type":"SearchAction","target":{"@type":"EntryPoint","urlTemplate":"https:\/\/quehacerpolitico.mx\/?s={search_term_string}"},"query-input":{"@type":"PropertyValueSpecification","valueRequired":true,"valueName":"search_term_string"}}],"inLanguage":"es"},{"@type":"Person","@id":"https:\/\/quehacerpolitico.mx\/#\/schema\/person\/496d8ad2d1d3f8036101dca7ee39e585","name":"Redacci\u00f3n QP","image":{"@type":"ImageObject","inLanguage":"es","@id":"https:\/\/secure.gravatar.com\/avatar\/c7164ed6fdec453195284ad24a5ae5b6e1eed2b848477fa2a4787ba9adf39a41?s=96&d=mm&r=g","url":"https:\/\/secure.gravatar.com\/avatar\/c7164ed6fdec453195284ad24a5ae5b6e1eed2b848477fa2a4787ba9adf39a41?s=96&d=mm&r=g","contentUrl":"https:\/\/secure.gravatar.com\/avatar\/c7164ed6fdec453195284ad24a5ae5b6e1eed2b848477fa2a4787ba9adf39a41?s=96&d=mm&r=g","caption":"Redacci\u00f3n QP"},"url":"https:\/\/quehacerpolitico.mx\/?author=2"}]}},"featured_image_urls":{"full":"","thumbnail":"","medium":"","medium_large":"","large":"","1536x1536":"","2048x2048":"","covernews-featured":"","covernews-medium":""},"author_info":{"display_name":"Redacci\u00f3n QP","author_link":"https:\/\/quehacerpolitico.mx\/?author=2"},"category_info":"<a href=\"https:\/\/quehacerpolitico.mx\/?cat=2\" rel=\"category\">Noticias<\/a>","tag_info":"Noticias","comment_count":"0","_links":{"self":[{"href":"https:\/\/quehacerpolitico.mx\/index.php?rest_route=\/wp\/v2\/posts\/10985","targetHints":{"allow":["GET"]}}],"collection":[{"href":"https:\/\/quehacerpolitico.mx\/index.php?rest_route=\/wp\/v2\/posts"}],"about":[{"href":"https:\/\/quehacerpolitico.mx\/index.php?rest_route=\/wp\/v2\/types\/post"}],"author":[{"embeddable":true,"href":"https:\/\/quehacerpolitico.mx\/index.php?rest_route=\/wp\/v2\/users\/2"}],"replies":[{"embeddable":true,"href":"https:\/\/quehacerpolitico.mx\/index.php?rest_route=%2Fwp%2Fv2%2Fcomments&post=10985"}],"version-history":[{"count":0,"href":"https:\/\/quehacerpolitico.mx\/index.php?rest_route=\/wp\/v2\/posts\/10985\/revisions"}],"wp:featuredmedia":[{"embeddable":true,"href":"https:\/\/quehacerpolitico.mx\/index.php?rest_route=\/"}],"wp:attachment":[{"href":"https:\/\/quehacerpolitico.mx\/index.php?rest_route=%2Fwp%2Fv2%2Fmedia&parent=10985"}],"wp:term":[{"taxonomy":"category","embeddable":true,"href":"https:\/\/quehacerpolitico.mx\/index.php?rest_route=%2Fwp%2Fv2%2Fcategories&post=10985"},{"taxonomy":"post_tag","embeddable":true,"href":"https:\/\/quehacerpolitico.mx\/index.php?rest_route=%2Fwp%2Fv2%2Ftags&post=10985"}],"curies":[{"name":"wp","href":"https:\/\/api.w.org\/{rel}","templated":true}]}}