{"id":109848,"date":"2024-05-08T18:22:37","date_gmt":"2024-05-08T18:22:37","guid":{"rendered":"https:\/\/quehacerpolitico.mx\/?p=109848"},"modified":"2024-05-08T18:22:39","modified_gmt":"2024-05-08T18:22:39","slug":"el-30-y-31-de-mayo-no-habra-mananera-de-amlo-por-la-veda-electoral-del-13-al-29-de-mayo-recorrera-el-pais-para-revisar-temas-de-salud","status":"publish","type":"post","link":"https:\/\/quehacerpolitico.mx\/?p=109848","title":{"rendered":"El 30 y 31 de mayo no habr\u00e1 ma\u00f1anera de AMLO por la veda electoral Del 13 al 29 de mayo recorrer\u00e1 el pa\u00eds para revisar temas de salud"},"content":{"rendered":"\n<p>Por Redacci\u00f3n QP<\/p>\n\n\n\n<p>El presidente de M\u00e9xico,&nbsp;<strong>Andr\u00e9s Manuel L\u00f3pez Obrador,<\/strong>&nbsp;inform\u00f3 este mi\u00e9rcoles que suspender\u00e1 sus&nbsp;<strong>conferencias<\/strong>&nbsp;<strong>matutinas<\/strong>&nbsp;de los d\u00edas 30 y 31 de mayo debido a que el domingo 2 de junio se llevar\u00e1n a cabo las elecciones presidenciales, dijo que realizar\u00e1 una \u201c<strong>gira cultural<\/strong>\u201d esos d\u00edas y un acto cerrado por el&nbsp;<strong>D\u00eda de la Marina<\/strong>&nbsp;en las Islas Mar\u00edas.<\/p>\n\n\n\n<p>\u201cQuiero terminar el mi\u00e9rcoles, de una vez aprovecho para decirles que jueves, viernes y s\u00e1bado antes del d\u00eda 2 que son las\u00a0<strong>elecciones<\/strong>, no vamos a tener\u00a0<strong>ma\u00f1anera<\/strong>, por eso, no habr\u00eda problema, pero no queremos\u201d, indic\u00f3 durante su conferencia de prensa matutina<\/p>\n\n\n\n<p>\u201cEl mi\u00e9rcoles a las 12 de la\u00a0<strong>noche<\/strong>\u00a0es el \u00faltimo d\u00eda para hacer\u00a0<strong>campa\u00f1a<\/strong>, que es 29, vamos a tener\u00a0<strong>conferencia<\/strong>\u00a0ese d\u00eda, pero ya no el jueves ni el viernes, tengo una gira, pero de otro tipo,\u00a0<strong>cultural<\/strong>, no me va a ver nadie, para que quede claro\u201d.<\/p>\n\n\n\n<figure class=\"wp-block-embed is-type-rich is-provider-twitter wp-block-embed-twitter\"><div class=\"wp-block-embed__wrapper\">\n<blockquote class=\"twitter-tweet\" data-width=\"550\" data-dnt=\"true\"><p lang=\"es\" dir=\"ltr\">El 30 y 31 de mayo no habr\u00e1 ma\u00f1anera de AMLO por la veda electoral<br><br>Del 13 al 29 de mayo recorrer\u00e1 el pa\u00eds para revisar temas de salud <a href=\"https:\/\/t.co\/UDiPfd3aoK\">pic.twitter.com\/UDiPfd3aoK<\/a><\/p>&mdash; Manuel Lopez San Martin (@MLopezSanMartin) <a href=\"https:\/\/twitter.com\/MLopezSanMartin\/status\/1788228205750648913?ref_src=twsrc%5Etfw\">May 8, 2024<\/a><\/blockquote><script async src=\"https:\/\/platform.twitter.com\/widgets.js\" charset=\"utf-8\"><\/script>\n<\/div><\/figure>\n\n\n\n<p>Por otro lado, L\u00f3pez Obrador propuso bajar de los canales oficiales del gobierno federal todas las&nbsp;<strong>conferencias<\/strong>&nbsp;<strong>matutinas<\/strong>&nbsp;para evitar&nbsp;<strong>sanciones<\/strong>&nbsp;del Tribunal Electoral del Poder Judicial de la Federaci\u00f3n (TEPJF), por alg\u00fan comentario o alusi\u00f3n sobre el actual&nbsp;<strong>proceso<\/strong><strong>electoral<\/strong>.<\/p>\n\n\n\n<p>\u201cYa mand\u00e9 la carta para que me expliquen c\u00f3mo&nbsp;<strong>editar<\/strong>&nbsp;las ma\u00f1aneras, ayer se mand\u00f3, para ver si se pone como condici\u00f3n el que se vea las \u2018<strong>ma\u00f1aneras\u2019<\/strong>&nbsp;y que al d\u00eda siguiente la&nbsp;<strong>bajemos<\/strong>&nbsp;<strong>completa<\/strong>, lo podemos hacer, la bajamos diario, que qued\u00e9 24 horas, la bajamos y ya para el d\u00eda 3 (junio), vamos a hablar, porque ahora si ya no nos van a poder cepillar\u201d, dijo el mandatario.<\/p>\n\n\n\n<p>Finalmente, reiter\u00f3 que antes de terminar su mandato dejar\u00e1 \u201cfuncionando muy bien el sistema de\u00a0<strong>salud<\/strong>\u201d y se\u00f1al\u00f3 que realizar\u00e1 un\u00a0<strong>recorrido<\/strong>\u00a0por todo el pa\u00eds que comenzar\u00e1 la pr\u00f3xima semana para revisar los centros de salud, hospitales, personal\u00a0<strong>m\u00e9dico<\/strong>, medicamentos y equipo.<\/p>\n\n\n\n<p>\u201cEl 1 de junio es el d\u00eda de la Marina, vamos a hacer un acto muy cerrado con los marinos y el d\u00eda 2 tenemos que votar, s\u00ed tengo que votar, es muy importante participar, entonces el 13 del lunes (mayo) pr\u00f3ximo hasta el d\u00eda mi\u00e9rcoles, 29, voy a hacer un\u00a0<strong>recorrido<\/strong>\u00a0\u00fanicamente para revisar todo lo de salud, con los gobernadores, gobernadoras, estado por estado\u201d.<\/p>\n","protected":false},"excerpt":{"rendered":"<p>Por Redacci\u00f3n QP El presidente de M\u00e9xico,&nbsp;Andr\u00e9s Manuel L\u00f3pez Obrador,&nbsp;inform\u00f3 este mi\u00e9rcoles que suspender\u00e1 sus&nbsp;conferencias&nbsp;matutinas&nbsp;de&#8230;<\/p>\n","protected":false},"author":2,"featured_media":109849,"comment_status":"open","ping_status":"open","sticky":false,"template":"","format":"standard","meta":{"_monsterinsights_skip_tracking":false,"_monsterinsights_sitenote_active":false,"_monsterinsights_sitenote_note":"","_monsterinsights_sitenote_category":0,"footnotes":""},"categories":[2],"tags":[],"class_list":["post-109848","post","type-post","status-publish","format-standard","has-post-thumbnail","hentry","category-noticias"],"yoast_head":"<!-- This site is optimized with the Yoast SEO plugin v27.3 - https:\/\/yoast.com\/product\/yoast-seo-wordpress\/ -->\n<title>El 30 y 31 de mayo no habr\u00e1 ma\u00f1anera de AMLO por la veda electoral Del 13 al 29 de mayo recorrer\u00e1 el pa\u00eds para revisar temas de salud -<\/title>\n<meta name=\"robots\" content=\"index, follow, max-snippet:-1, max-image-preview:large, max-video-preview:-1\" \/>\n<link rel=\"canonical\" href=\"https:\/\/quehacerpolitico.mx\/?p=109848\" \/>\n<meta property=\"og:locale\" content=\"es_MX\" \/>\n<meta property=\"og:type\" content=\"article\" \/>\n<meta property=\"og:title\" content=\"El 30 y 31 de mayo no habr\u00e1 ma\u00f1anera de AMLO por la veda electoral Del 13 al 29 de mayo recorrer\u00e1 el pa\u00eds para revisar temas de salud -\" \/>\n<meta property=\"og:description\" content=\"Por Redacci\u00f3n QP El presidente de M\u00e9xico,&nbsp;Andr\u00e9s Manuel L\u00f3pez Obrador,&nbsp;inform\u00f3 este mi\u00e9rcoles que suspender\u00e1 sus&nbsp;conferencias&nbsp;matutinas&nbsp;de...\" \/>\n<meta property=\"og:url\" content=\"https:\/\/quehacerpolitico.mx\/?p=109848\" \/>\n<meta property=\"article:published_time\" content=\"2024-05-08T18:22:37+00:00\" \/>\n<meta property=\"article:modified_time\" content=\"2024-05-08T18:22:39+00:00\" \/>\n<meta property=\"og:image\" content=\"https:\/\/quehacerpolitico.mx\/wp-content\/uploads\/2024\/05\/IMG_5482.jpeg\" \/>\n\t<meta property=\"og:image:width\" content=\"1284\" \/>\n\t<meta property=\"og:image:height\" content=\"710\" \/>\n\t<meta property=\"og:image:type\" content=\"image\/jpeg\" \/>\n<meta name=\"author\" content=\"Redacci\u00f3n QP\" \/>\n<meta name=\"twitter:card\" content=\"summary_large_image\" \/>\n<meta name=\"twitter:label1\" content=\"Escrito por\" \/>\n\t<meta name=\"twitter:data1\" content=\"Redacci\u00f3n QP\" \/>\n\t<meta name=\"twitter:label2\" content=\"Tiempo de lectura\" \/>\n\t<meta name=\"twitter:data2\" content=\"2 minutos\" \/>\n<script type=\"application\/ld+json\" class=\"yoast-schema-graph\">{\"@context\":\"https:\\\/\\\/schema.org\",\"@graph\":[{\"@type\":\"Article\",\"@id\":\"https:\\\/\\\/quehacerpolitico.mx\\\/?p=109848#article\",\"isPartOf\":{\"@id\":\"https:\\\/\\\/quehacerpolitico.mx\\\/?p=109848\"},\"author\":{\"name\":\"Redacci\u00f3n QP\",\"@id\":\"https:\\\/\\\/quehacerpolitico.mx\\\/#\\\/schema\\\/person\\\/496d8ad2d1d3f8036101dca7ee39e585\"},\"headline\":\"El 30 y 31 de mayo no habr\u00e1 ma\u00f1anera de AMLO por la veda electoral Del 13 al 29 de mayo recorrer\u00e1 el pa\u00eds para revisar temas de salud\",\"datePublished\":\"2024-05-08T18:22:37+00:00\",\"dateModified\":\"2024-05-08T18:22:39+00:00\",\"mainEntityOfPage\":{\"@id\":\"https:\\\/\\\/quehacerpolitico.mx\\\/?p=109848\"},\"wordCount\":460,\"commentCount\":0,\"image\":{\"@id\":\"https:\\\/\\\/quehacerpolitico.mx\\\/?p=109848#primaryimage\"},\"thumbnailUrl\":\"https:\\\/\\\/quehacerpolitico.mx\\\/wp-content\\\/uploads\\\/2024\\\/05\\\/IMG_5482.jpeg\",\"articleSection\":[\"Noticias\"],\"inLanguage\":\"es\",\"potentialAction\":[{\"@type\":\"CommentAction\",\"name\":\"Comment\",\"target\":[\"https:\\\/\\\/quehacerpolitico.mx\\\/?p=109848#respond\"]}]},{\"@type\":\"WebPage\",\"@id\":\"https:\\\/\\\/quehacerpolitico.mx\\\/?p=109848\",\"url\":\"https:\\\/\\\/quehacerpolitico.mx\\\/?p=109848\",\"name\":\"El 30 y 31 de mayo no habr\u00e1 ma\u00f1anera de AMLO por la veda electoral Del 13 al 29 de mayo recorrer\u00e1 el pa\u00eds para revisar temas de salud -\",\"isPartOf\":{\"@id\":\"https:\\\/\\\/quehacerpolitico.mx\\\/#website\"},\"primaryImageOfPage\":{\"@id\":\"https:\\\/\\\/quehacerpolitico.mx\\\/?p=109848#primaryimage\"},\"image\":{\"@id\":\"https:\\\/\\\/quehacerpolitico.mx\\\/?p=109848#primaryimage\"},\"thumbnailUrl\":\"https:\\\/\\\/quehacerpolitico.mx\\\/wp-content\\\/uploads\\\/2024\\\/05\\\/IMG_5482.jpeg\",\"datePublished\":\"2024-05-08T18:22:37+00:00\",\"dateModified\":\"2024-05-08T18:22:39+00:00\",\"author\":{\"@id\":\"https:\\\/\\\/quehacerpolitico.mx\\\/#\\\/schema\\\/person\\\/496d8ad2d1d3f8036101dca7ee39e585\"},\"breadcrumb\":{\"@id\":\"https:\\\/\\\/quehacerpolitico.mx\\\/?p=109848#breadcrumb\"},\"inLanguage\":\"es\",\"potentialAction\":[{\"@type\":\"ReadAction\",\"target\":[\"https:\\\/\\\/quehacerpolitico.mx\\\/?p=109848\"]}]},{\"@type\":\"ImageObject\",\"inLanguage\":\"es\",\"@id\":\"https:\\\/\\\/quehacerpolitico.mx\\\/?p=109848#primaryimage\",\"url\":\"https:\\\/\\\/quehacerpolitico.mx\\\/wp-content\\\/uploads\\\/2024\\\/05\\\/IMG_5482.jpeg\",\"contentUrl\":\"https:\\\/\\\/quehacerpolitico.mx\\\/wp-content\\\/uploads\\\/2024\\\/05\\\/IMG_5482.jpeg\",\"width\":1284,\"height\":710,\"caption\":\"Screenshot\"},{\"@type\":\"BreadcrumbList\",\"@id\":\"https:\\\/\\\/quehacerpolitico.mx\\\/?p=109848#breadcrumb\",\"itemListElement\":[{\"@type\":\"ListItem\",\"position\":1,\"name\":\"Inicio\",\"item\":\"https:\\\/\\\/quehacerpolitico.mx\\\/\"},{\"@type\":\"ListItem\",\"position\":2,\"name\":\"El 30 y 31 de mayo no habr\u00e1 ma\u00f1anera de AMLO por la veda electoral Del 13 al 29 de mayo recorrer\u00e1 el pa\u00eds para revisar temas de salud\"}]},{\"@type\":\"WebSite\",\"@id\":\"https:\\\/\\\/quehacerpolitico.mx\\\/#website\",\"url\":\"https:\\\/\\\/quehacerpolitico.mx\\\/\",\"name\":\"\",\"description\":\"\",\"potentialAction\":[{\"@type\":\"SearchAction\",\"target\":{\"@type\":\"EntryPoint\",\"urlTemplate\":\"https:\\\/\\\/quehacerpolitico.mx\\\/?s={search_term_string}\"},\"query-input\":{\"@type\":\"PropertyValueSpecification\",\"valueRequired\":true,\"valueName\":\"search_term_string\"}}],\"inLanguage\":\"es\"},{\"@type\":\"Person\",\"@id\":\"https:\\\/\\\/quehacerpolitico.mx\\\/#\\\/schema\\\/person\\\/496d8ad2d1d3f8036101dca7ee39e585\",\"name\":\"Redacci\u00f3n QP\",\"image\":{\"@type\":\"ImageObject\",\"inLanguage\":\"es\",\"@id\":\"https:\\\/\\\/secure.gravatar.com\\\/avatar\\\/c7164ed6fdec453195284ad24a5ae5b6e1eed2b848477fa2a4787ba9adf39a41?s=96&d=mm&r=g\",\"url\":\"https:\\\/\\\/secure.gravatar.com\\\/avatar\\\/c7164ed6fdec453195284ad24a5ae5b6e1eed2b848477fa2a4787ba9adf39a41?s=96&d=mm&r=g\",\"contentUrl\":\"https:\\\/\\\/secure.gravatar.com\\\/avatar\\\/c7164ed6fdec453195284ad24a5ae5b6e1eed2b848477fa2a4787ba9adf39a41?s=96&d=mm&r=g\",\"caption\":\"Redacci\u00f3n QP\"},\"url\":\"https:\\\/\\\/quehacerpolitico.mx\\\/?author=2\"}]}<\/script>\n<!-- \/ Yoast SEO plugin. -->","yoast_head_json":{"title":"El 30 y 31 de mayo no habr\u00e1 ma\u00f1anera de AMLO por la veda electoral Del 13 al 29 de mayo recorrer\u00e1 el pa\u00eds para revisar temas de salud -","robots":{"index":"index","follow":"follow","max-snippet":"max-snippet:-1","max-image-preview":"max-image-preview:large","max-video-preview":"max-video-preview:-1"},"canonical":"https:\/\/quehacerpolitico.mx\/?p=109848","og_locale":"es_MX","og_type":"article","og_title":"El 30 y 31 de mayo no habr\u00e1 ma\u00f1anera de AMLO por la veda electoral Del 13 al 29 de mayo recorrer\u00e1 el pa\u00eds para revisar temas de salud -","og_description":"Por Redacci\u00f3n QP El presidente de M\u00e9xico,&nbsp;Andr\u00e9s Manuel L\u00f3pez Obrador,&nbsp;inform\u00f3 este mi\u00e9rcoles que suspender\u00e1 sus&nbsp;conferencias&nbsp;matutinas&nbsp;de...","og_url":"https:\/\/quehacerpolitico.mx\/?p=109848","article_published_time":"2024-05-08T18:22:37+00:00","article_modified_time":"2024-05-08T18:22:39+00:00","og_image":[{"width":1284,"height":710,"url":"https:\/\/quehacerpolitico.mx\/wp-content\/uploads\/2024\/05\/IMG_5482.jpeg","type":"image\/jpeg"}],"author":"Redacci\u00f3n QP","twitter_card":"summary_large_image","twitter_misc":{"Escrito por":"Redacci\u00f3n QP","Tiempo de lectura":"2 minutos"},"schema":{"@context":"https:\/\/schema.org","@graph":[{"@type":"Article","@id":"https:\/\/quehacerpolitico.mx\/?p=109848#article","isPartOf":{"@id":"https:\/\/quehacerpolitico.mx\/?p=109848"},"author":{"name":"Redacci\u00f3n QP","@id":"https:\/\/quehacerpolitico.mx\/#\/schema\/person\/496d8ad2d1d3f8036101dca7ee39e585"},"headline":"El 30 y 31 de mayo no habr\u00e1 ma\u00f1anera de AMLO por la veda electoral Del 13 al 29 de mayo recorrer\u00e1 el pa\u00eds para revisar temas de salud","datePublished":"2024-05-08T18:22:37+00:00","dateModified":"2024-05-08T18:22:39+00:00","mainEntityOfPage":{"@id":"https:\/\/quehacerpolitico.mx\/?p=109848"},"wordCount":460,"commentCount":0,"image":{"@id":"https:\/\/quehacerpolitico.mx\/?p=109848#primaryimage"},"thumbnailUrl":"https:\/\/quehacerpolitico.mx\/wp-content\/uploads\/2024\/05\/IMG_5482.jpeg","articleSection":["Noticias"],"inLanguage":"es","potentialAction":[{"@type":"CommentAction","name":"Comment","target":["https:\/\/quehacerpolitico.mx\/?p=109848#respond"]}]},{"@type":"WebPage","@id":"https:\/\/quehacerpolitico.mx\/?p=109848","url":"https:\/\/quehacerpolitico.mx\/?p=109848","name":"El 30 y 31 de mayo no habr\u00e1 ma\u00f1anera de AMLO por la veda electoral Del 13 al 29 de mayo recorrer\u00e1 el pa\u00eds para revisar temas de salud -","isPartOf":{"@id":"https:\/\/quehacerpolitico.mx\/#website"},"primaryImageOfPage":{"@id":"https:\/\/quehacerpolitico.mx\/?p=109848#primaryimage"},"image":{"@id":"https:\/\/quehacerpolitico.mx\/?p=109848#primaryimage"},"thumbnailUrl":"https:\/\/quehacerpolitico.mx\/wp-content\/uploads\/2024\/05\/IMG_5482.jpeg","datePublished":"2024-05-08T18:22:37+00:00","dateModified":"2024-05-08T18:22:39+00:00","author":{"@id":"https:\/\/quehacerpolitico.mx\/#\/schema\/person\/496d8ad2d1d3f8036101dca7ee39e585"},"breadcrumb":{"@id":"https:\/\/quehacerpolitico.mx\/?p=109848#breadcrumb"},"inLanguage":"es","potentialAction":[{"@type":"ReadAction","target":["https:\/\/quehacerpolitico.mx\/?p=109848"]}]},{"@type":"ImageObject","inLanguage":"es","@id":"https:\/\/quehacerpolitico.mx\/?p=109848#primaryimage","url":"https:\/\/quehacerpolitico.mx\/wp-content\/uploads\/2024\/05\/IMG_5482.jpeg","contentUrl":"https:\/\/quehacerpolitico.mx\/wp-content\/uploads\/2024\/05\/IMG_5482.jpeg","width":1284,"height":710,"caption":"Screenshot"},{"@type":"BreadcrumbList","@id":"https:\/\/quehacerpolitico.mx\/?p=109848#breadcrumb","itemListElement":[{"@type":"ListItem","position":1,"name":"Inicio","item":"https:\/\/quehacerpolitico.mx\/"},{"@type":"ListItem","position":2,"name":"El 30 y 31 de mayo no habr\u00e1 ma\u00f1anera de AMLO por la veda electoral Del 13 al 29 de mayo recorrer\u00e1 el pa\u00eds para revisar temas de salud"}]},{"@type":"WebSite","@id":"https:\/\/quehacerpolitico.mx\/#website","url":"https:\/\/quehacerpolitico.mx\/","name":"","description":"","potentialAction":[{"@type":"SearchAction","target":{"@type":"EntryPoint","urlTemplate":"https:\/\/quehacerpolitico.mx\/?s={search_term_string}"},"query-input":{"@type":"PropertyValueSpecification","valueRequired":true,"valueName":"search_term_string"}}],"inLanguage":"es"},{"@type":"Person","@id":"https:\/\/quehacerpolitico.mx\/#\/schema\/person\/496d8ad2d1d3f8036101dca7ee39e585","name":"Redacci\u00f3n QP","image":{"@type":"ImageObject","inLanguage":"es","@id":"https:\/\/secure.gravatar.com\/avatar\/c7164ed6fdec453195284ad24a5ae5b6e1eed2b848477fa2a4787ba9adf39a41?s=96&d=mm&r=g","url":"https:\/\/secure.gravatar.com\/avatar\/c7164ed6fdec453195284ad24a5ae5b6e1eed2b848477fa2a4787ba9adf39a41?s=96&d=mm&r=g","contentUrl":"https:\/\/secure.gravatar.com\/avatar\/c7164ed6fdec453195284ad24a5ae5b6e1eed2b848477fa2a4787ba9adf39a41?s=96&d=mm&r=g","caption":"Redacci\u00f3n QP"},"url":"https:\/\/quehacerpolitico.mx\/?author=2"}]}},"featured_image_urls":{"full":["https:\/\/quehacerpolitico.mx\/wp-content\/uploads\/2024\/05\/IMG_5482.jpeg",1284,710,false],"thumbnail":["https:\/\/quehacerpolitico.mx\/wp-content\/uploads\/2024\/05\/IMG_5482-150x150.jpeg",150,150,true],"medium":["https:\/\/quehacerpolitico.mx\/wp-content\/uploads\/2024\/05\/IMG_5482-300x166.jpeg",300,166,true],"medium_large":["https:\/\/quehacerpolitico.mx\/wp-content\/uploads\/2024\/05\/IMG_5482-768x425.jpeg",640,354,true],"large":["https:\/\/quehacerpolitico.mx\/wp-content\/uploads\/2024\/05\/IMG_5482-1024x566.jpeg",640,354,true],"1536x1536":["https:\/\/quehacerpolitico.mx\/wp-content\/uploads\/2024\/05\/IMG_5482.jpeg",1284,710,false],"2048x2048":["https:\/\/quehacerpolitico.mx\/wp-content\/uploads\/2024\/05\/IMG_5482.jpeg",1284,710,false],"covernews-featured":["https:\/\/quehacerpolitico.mx\/wp-content\/uploads\/2024\/05\/IMG_5482.jpeg",1024,566,false],"covernews-medium":["https:\/\/quehacerpolitico.mx\/wp-content\/uploads\/2024\/05\/IMG_5482.jpeg",540,299,false]},"author_info":{"display_name":"Redacci\u00f3n QP","author_link":"https:\/\/quehacerpolitico.mx\/?author=2"},"category_info":"<a href=\"https:\/\/quehacerpolitico.mx\/?cat=2\" rel=\"category\">Noticias<\/a>","tag_info":"Noticias","comment_count":"0","_links":{"self":[{"href":"https:\/\/quehacerpolitico.mx\/index.php?rest_route=\/wp\/v2\/posts\/109848","targetHints":{"allow":["GET"]}}],"collection":[{"href":"https:\/\/quehacerpolitico.mx\/index.php?rest_route=\/wp\/v2\/posts"}],"about":[{"href":"https:\/\/quehacerpolitico.mx\/index.php?rest_route=\/wp\/v2\/types\/post"}],"author":[{"embeddable":true,"href":"https:\/\/quehacerpolitico.mx\/index.php?rest_route=\/wp\/v2\/users\/2"}],"replies":[{"embeddable":true,"href":"https:\/\/quehacerpolitico.mx\/index.php?rest_route=%2Fwp%2Fv2%2Fcomments&post=109848"}],"version-history":[{"count":1,"href":"https:\/\/quehacerpolitico.mx\/index.php?rest_route=\/wp\/v2\/posts\/109848\/revisions"}],"predecessor-version":[{"id":109850,"href":"https:\/\/quehacerpolitico.mx\/index.php?rest_route=\/wp\/v2\/posts\/109848\/revisions\/109850"}],"wp:featuredmedia":[{"embeddable":true,"href":"https:\/\/quehacerpolitico.mx\/index.php?rest_route=\/wp\/v2\/media\/109849"}],"wp:attachment":[{"href":"https:\/\/quehacerpolitico.mx\/index.php?rest_route=%2Fwp%2Fv2%2Fmedia&parent=109848"}],"wp:term":[{"taxonomy":"category","embeddable":true,"href":"https:\/\/quehacerpolitico.mx\/index.php?rest_route=%2Fwp%2Fv2%2Fcategories&post=109848"},{"taxonomy":"post_tag","embeddable":true,"href":"https:\/\/quehacerpolitico.mx\/index.php?rest_route=%2Fwp%2Fv2%2Ftags&post=109848"}],"curies":[{"name":"wp","href":"https:\/\/api.w.org\/{rel}","templated":true}]}}