{"id":109813,"date":"2024-05-07T17:45:49","date_gmt":"2024-05-07T17:45:49","guid":{"rendered":"https:\/\/quehacerpolitico.mx\/?p=109813"},"modified":"2024-05-07T17:45:54","modified_gmt":"2024-05-07T17:45:54","slug":"amlo-revelo-este-martes-durante-su-conferencia-matutina-que-propuso-en-una-reunion-a-nasa-que-la-astronauta-mexicana-katya-echazarreta-vaya-a-la-luna","status":"publish","type":"post","link":"https:\/\/quehacerpolitico.mx\/?p=109813","title":{"rendered":"AMLO revel\u00f3 este\u00a0martes durante su conferencia matutina que propuso en una reuni\u00f3n a (NASA) que la astronauta mexicana\u00a0Katya\u00a0Echazarreta vaya a la Luna"},"content":{"rendered":"\n<p>Por Redacci\u00f3n QP<\/p>\n\n\n\n<p>El presidente de M\u00e9xico,\u00a0<strong>Andr\u00e9s Manuel L\u00f3pez Obrador<\/strong>, revel\u00f3 este\u00a0martes durante su conferencia matutina que propuso en una reuni\u00f3n a directivos de la Administraci\u00f3n Nacional de Aeron\u00e1utica y el Espacio (<strong>NASA<\/strong>) que la astronauta mexicana\u00a0<strong>Katya<\/strong>\u00a0<strong>Echazarreta<\/strong> sea tomada en cuenta para una misi\u00f3n al espacio o a la Luna.<\/p>\n\n\n\n<p>\u201cQued\u00f3 que sea un\u00a0<strong>mexicano<\/strong>, ellos lo propusieron y\u00a0nosotros estuvimos de\u00a0<strong>acuerdo<\/strong>, y estamos proponiendo a Katya, pero ellos lo van a decidir, nada m\u00e1s que Katya se ha\u00a0<strong>destacado<\/strong>mucho y ellos lo saben, pero al final van a decidirlo\u201d, coment\u00f3 el mandatario federal desde<strong>Palacio Nacional<\/strong>.<\/p>\n\n\n\n<figure class=\"wp-block-embed is-type-video is-provider-youtube wp-block-embed-youtube wp-embed-aspect-16-9 wp-has-aspect-ratio\"><div class=\"wp-block-embed__wrapper\">\n<iframe loading=\"lazy\" title=\"La NASA voltea a ver a Katya Echazarreta para misi\u00f3n espacial\" width=\"640\" height=\"360\" src=\"https:\/\/www.youtube.com\/embed\/XIrKbjM4svc?feature=oembed\" frameborder=\"0\" allow=\"accelerometer; autoplay; clipboard-write; encrypted-media; gyroscope; picture-in-picture; web-share\" referrerpolicy=\"strict-origin-when-cross-origin\" allowfullscreen><\/iframe>\n<\/div><\/figure>\n\n\n\n<p>\u201cEllos est\u00e1n muy interesados en que participe&nbsp;<strong>M\u00e9xico<\/strong>, en que participen los mexicanos, en un plan de&nbsp;<strong>amistad<\/strong>&nbsp;sincera, ya ven que cuando se habla de&nbsp;<strong>sat\u00e9lite<\/strong>, siempre se piensa en sat\u00e9lite esp\u00eda. Cuando \u00e9ramos ni\u00f1os all\u00e1 en&nbsp;<strong>Tepetit\u00e1n<\/strong>, sal\u00edamos en la noche a ver los sat\u00e9lites\u201d.&nbsp;<\/p>\n\n\n\n<p><strong>Echazarreta<\/strong>&nbsp;se convirti\u00f3 en la primera mujer mexicana en ir al espacio como parte de la misi\u00f3n&nbsp;<strong>NS-21 de Blue Origin<\/strong>, tras viajar a bordo de la nave espacial&nbsp;<strong>New Shepard<\/strong>&nbsp;en 2022. Naci\u00f3 en&nbsp;<strong>Guadalajara<\/strong>&nbsp;y se mud\u00f3 a&nbsp;<strong>Estados Unido<\/strong>s cuando ten\u00eda 7 a\u00f1os.<\/p>\n\n\n\n<p>La ingeniera asisti\u00f3 a un colegio comunitario en&nbsp;<strong>San Diego<\/strong>, California, para despu\u00e9s asistir Universidad de California Los \u00c1ngeles (<strong>UCLA<\/strong>), donde se gradu\u00f3 como ingeniera el\u00e9ctrica.<\/p>\n\n\n\n<p>Logr\u00f3 ser una pasante en los Laboratorios de Propulsi\u00f3n de la\u00a0<strong>NASA<\/strong>\u00a0(JPL, por su siglas en ingl\u00e9s), y trabaj\u00f3 en cinco misiones de la<strong>\u00a0NASA<\/strong>, incluidas\u00a0<strong>Perseverance<\/strong>\u00a0y\u00a0<strong>Europa Clipper<\/strong>.<\/p>\n","protected":false},"excerpt":{"rendered":"<p>Por Redacci\u00f3n QP El presidente de M\u00e9xico,\u00a0Andr\u00e9s Manuel L\u00f3pez Obrador, revel\u00f3 este\u00a0martes durante su conferencia&#8230;<\/p>\n","protected":false},"author":2,"featured_media":109814,"comment_status":"open","ping_status":"open","sticky":false,"template":"","format":"standard","meta":{"_monsterinsights_skip_tracking":false,"_monsterinsights_sitenote_active":false,"_monsterinsights_sitenote_note":"","_monsterinsights_sitenote_category":0,"footnotes":""},"categories":[2],"tags":[],"class_list":["post-109813","post","type-post","status-publish","format-standard","has-post-thumbnail","hentry","category-noticias"],"yoast_head":"<!-- This site is optimized with the Yoast SEO plugin v27.3 - https:\/\/yoast.com\/product\/yoast-seo-wordpress\/ -->\n<title>AMLO revel\u00f3 este\u00a0martes durante su conferencia matutina que propuso en una reuni\u00f3n a (NASA) que la astronauta mexicana\u00a0Katya\u00a0Echazarreta vaya a la Luna -<\/title>\n<meta name=\"robots\" content=\"index, follow, max-snippet:-1, max-image-preview:large, max-video-preview:-1\" \/>\n<link rel=\"canonical\" href=\"https:\/\/quehacerpolitico.mx\/?p=109813\" \/>\n<meta property=\"og:locale\" content=\"es_MX\" \/>\n<meta property=\"og:type\" content=\"article\" \/>\n<meta property=\"og:title\" content=\"AMLO revel\u00f3 este\u00a0martes durante su conferencia matutina que propuso en una reuni\u00f3n a (NASA) que la astronauta mexicana\u00a0Katya\u00a0Echazarreta vaya a la Luna -\" \/>\n<meta property=\"og:description\" content=\"Por Redacci\u00f3n QP El presidente de M\u00e9xico,\u00a0Andr\u00e9s Manuel L\u00f3pez Obrador, revel\u00f3 este\u00a0martes durante su conferencia...\" \/>\n<meta property=\"og:url\" content=\"https:\/\/quehacerpolitico.mx\/?p=109813\" \/>\n<meta property=\"article:published_time\" content=\"2024-05-07T17:45:49+00:00\" \/>\n<meta property=\"article:modified_time\" content=\"2024-05-07T17:45:54+00:00\" \/>\n<meta property=\"og:image\" content=\"https:\/\/quehacerpolitico.mx\/wp-content\/uploads\/2024\/05\/IMG_5452.jpeg\" \/>\n\t<meta property=\"og:image:width\" content=\"739\" \/>\n\t<meta property=\"og:image:height\" content=\"415\" \/>\n\t<meta property=\"og:image:type\" content=\"image\/jpeg\" \/>\n<meta name=\"author\" content=\"Redacci\u00f3n QP\" \/>\n<meta name=\"twitter:card\" content=\"summary_large_image\" \/>\n<meta name=\"twitter:label1\" content=\"Escrito por\" \/>\n\t<meta name=\"twitter:data1\" content=\"Redacci\u00f3n QP\" \/>\n\t<meta name=\"twitter:label2\" content=\"Tiempo de lectura\" \/>\n\t<meta name=\"twitter:data2\" content=\"1 minuto\" \/>\n<script type=\"application\/ld+json\" class=\"yoast-schema-graph\">{\"@context\":\"https:\\\/\\\/schema.org\",\"@graph\":[{\"@type\":\"Article\",\"@id\":\"https:\\\/\\\/quehacerpolitico.mx\\\/?p=109813#article\",\"isPartOf\":{\"@id\":\"https:\\\/\\\/quehacerpolitico.mx\\\/?p=109813\"},\"author\":{\"name\":\"Redacci\u00f3n QP\",\"@id\":\"https:\\\/\\\/quehacerpolitico.mx\\\/#\\\/schema\\\/person\\\/496d8ad2d1d3f8036101dca7ee39e585\"},\"headline\":\"AMLO revel\u00f3 este\u00a0martes durante su conferencia matutina que propuso en una reuni\u00f3n a (NASA) que la astronauta mexicana\u00a0Katya\u00a0Echazarreta vaya a la Luna\",\"datePublished\":\"2024-05-07T17:45:49+00:00\",\"dateModified\":\"2024-05-07T17:45:54+00:00\",\"mainEntityOfPage\":{\"@id\":\"https:\\\/\\\/quehacerpolitico.mx\\\/?p=109813\"},\"wordCount\":322,\"commentCount\":0,\"image\":{\"@id\":\"https:\\\/\\\/quehacerpolitico.mx\\\/?p=109813#primaryimage\"},\"thumbnailUrl\":\"https:\\\/\\\/quehacerpolitico.mx\\\/wp-content\\\/uploads\\\/2024\\\/05\\\/IMG_5452.jpeg\",\"articleSection\":[\"Noticias\"],\"inLanguage\":\"es\",\"potentialAction\":[{\"@type\":\"CommentAction\",\"name\":\"Comment\",\"target\":[\"https:\\\/\\\/quehacerpolitico.mx\\\/?p=109813#respond\"]}]},{\"@type\":\"WebPage\",\"@id\":\"https:\\\/\\\/quehacerpolitico.mx\\\/?p=109813\",\"url\":\"https:\\\/\\\/quehacerpolitico.mx\\\/?p=109813\",\"name\":\"AMLO revel\u00f3 este\u00a0martes durante su conferencia matutina que propuso en una reuni\u00f3n a (NASA) que la astronauta mexicana\u00a0Katya\u00a0Echazarreta vaya a la Luna -\",\"isPartOf\":{\"@id\":\"https:\\\/\\\/quehacerpolitico.mx\\\/#website\"},\"primaryImageOfPage\":{\"@id\":\"https:\\\/\\\/quehacerpolitico.mx\\\/?p=109813#primaryimage\"},\"image\":{\"@id\":\"https:\\\/\\\/quehacerpolitico.mx\\\/?p=109813#primaryimage\"},\"thumbnailUrl\":\"https:\\\/\\\/quehacerpolitico.mx\\\/wp-content\\\/uploads\\\/2024\\\/05\\\/IMG_5452.jpeg\",\"datePublished\":\"2024-05-07T17:45:49+00:00\",\"dateModified\":\"2024-05-07T17:45:54+00:00\",\"author\":{\"@id\":\"https:\\\/\\\/quehacerpolitico.mx\\\/#\\\/schema\\\/person\\\/496d8ad2d1d3f8036101dca7ee39e585\"},\"breadcrumb\":{\"@id\":\"https:\\\/\\\/quehacerpolitico.mx\\\/?p=109813#breadcrumb\"},\"inLanguage\":\"es\",\"potentialAction\":[{\"@type\":\"ReadAction\",\"target\":[\"https:\\\/\\\/quehacerpolitico.mx\\\/?p=109813\"]}]},{\"@type\":\"ImageObject\",\"inLanguage\":\"es\",\"@id\":\"https:\\\/\\\/quehacerpolitico.mx\\\/?p=109813#primaryimage\",\"url\":\"https:\\\/\\\/quehacerpolitico.mx\\\/wp-content\\\/uploads\\\/2024\\\/05\\\/IMG_5452.jpeg\",\"contentUrl\":\"https:\\\/\\\/quehacerpolitico.mx\\\/wp-content\\\/uploads\\\/2024\\\/05\\\/IMG_5452.jpeg\",\"width\":739,\"height\":415},{\"@type\":\"BreadcrumbList\",\"@id\":\"https:\\\/\\\/quehacerpolitico.mx\\\/?p=109813#breadcrumb\",\"itemListElement\":[{\"@type\":\"ListItem\",\"position\":1,\"name\":\"Inicio\",\"item\":\"https:\\\/\\\/quehacerpolitico.mx\\\/\"},{\"@type\":\"ListItem\",\"position\":2,\"name\":\"AMLO revel\u00f3 este\u00a0martes durante su conferencia matutina que propuso en una reuni\u00f3n a (NASA) que la astronauta mexicana\u00a0Katya\u00a0Echazarreta vaya a la Luna\"}]},{\"@type\":\"WebSite\",\"@id\":\"https:\\\/\\\/quehacerpolitico.mx\\\/#website\",\"url\":\"https:\\\/\\\/quehacerpolitico.mx\\\/\",\"name\":\"\",\"description\":\"\",\"potentialAction\":[{\"@type\":\"SearchAction\",\"target\":{\"@type\":\"EntryPoint\",\"urlTemplate\":\"https:\\\/\\\/quehacerpolitico.mx\\\/?s={search_term_string}\"},\"query-input\":{\"@type\":\"PropertyValueSpecification\",\"valueRequired\":true,\"valueName\":\"search_term_string\"}}],\"inLanguage\":\"es\"},{\"@type\":\"Person\",\"@id\":\"https:\\\/\\\/quehacerpolitico.mx\\\/#\\\/schema\\\/person\\\/496d8ad2d1d3f8036101dca7ee39e585\",\"name\":\"Redacci\u00f3n QP\",\"image\":{\"@type\":\"ImageObject\",\"inLanguage\":\"es\",\"@id\":\"https:\\\/\\\/secure.gravatar.com\\\/avatar\\\/c7164ed6fdec453195284ad24a5ae5b6e1eed2b848477fa2a4787ba9adf39a41?s=96&d=mm&r=g\",\"url\":\"https:\\\/\\\/secure.gravatar.com\\\/avatar\\\/c7164ed6fdec453195284ad24a5ae5b6e1eed2b848477fa2a4787ba9adf39a41?s=96&d=mm&r=g\",\"contentUrl\":\"https:\\\/\\\/secure.gravatar.com\\\/avatar\\\/c7164ed6fdec453195284ad24a5ae5b6e1eed2b848477fa2a4787ba9adf39a41?s=96&d=mm&r=g\",\"caption\":\"Redacci\u00f3n QP\"},\"url\":\"https:\\\/\\\/quehacerpolitico.mx\\\/?author=2\"}]}<\/script>\n<!-- \/ Yoast SEO plugin. -->","yoast_head_json":{"title":"AMLO revel\u00f3 este\u00a0martes durante su conferencia matutina que propuso en una reuni\u00f3n a (NASA) que la astronauta mexicana\u00a0Katya\u00a0Echazarreta vaya a la Luna -","robots":{"index":"index","follow":"follow","max-snippet":"max-snippet:-1","max-image-preview":"max-image-preview:large","max-video-preview":"max-video-preview:-1"},"canonical":"https:\/\/quehacerpolitico.mx\/?p=109813","og_locale":"es_MX","og_type":"article","og_title":"AMLO revel\u00f3 este\u00a0martes durante su conferencia matutina que propuso en una reuni\u00f3n a (NASA) que la astronauta mexicana\u00a0Katya\u00a0Echazarreta vaya a la Luna -","og_description":"Por Redacci\u00f3n QP El presidente de M\u00e9xico,\u00a0Andr\u00e9s Manuel L\u00f3pez Obrador, revel\u00f3 este\u00a0martes durante su conferencia...","og_url":"https:\/\/quehacerpolitico.mx\/?p=109813","article_published_time":"2024-05-07T17:45:49+00:00","article_modified_time":"2024-05-07T17:45:54+00:00","og_image":[{"width":739,"height":415,"url":"https:\/\/quehacerpolitico.mx\/wp-content\/uploads\/2024\/05\/IMG_5452.jpeg","type":"image\/jpeg"}],"author":"Redacci\u00f3n QP","twitter_card":"summary_large_image","twitter_misc":{"Escrito por":"Redacci\u00f3n QP","Tiempo de lectura":"1 minuto"},"schema":{"@context":"https:\/\/schema.org","@graph":[{"@type":"Article","@id":"https:\/\/quehacerpolitico.mx\/?p=109813#article","isPartOf":{"@id":"https:\/\/quehacerpolitico.mx\/?p=109813"},"author":{"name":"Redacci\u00f3n QP","@id":"https:\/\/quehacerpolitico.mx\/#\/schema\/person\/496d8ad2d1d3f8036101dca7ee39e585"},"headline":"AMLO revel\u00f3 este\u00a0martes durante su conferencia matutina que propuso en una reuni\u00f3n a (NASA) que la astronauta mexicana\u00a0Katya\u00a0Echazarreta vaya a la Luna","datePublished":"2024-05-07T17:45:49+00:00","dateModified":"2024-05-07T17:45:54+00:00","mainEntityOfPage":{"@id":"https:\/\/quehacerpolitico.mx\/?p=109813"},"wordCount":322,"commentCount":0,"image":{"@id":"https:\/\/quehacerpolitico.mx\/?p=109813#primaryimage"},"thumbnailUrl":"https:\/\/quehacerpolitico.mx\/wp-content\/uploads\/2024\/05\/IMG_5452.jpeg","articleSection":["Noticias"],"inLanguage":"es","potentialAction":[{"@type":"CommentAction","name":"Comment","target":["https:\/\/quehacerpolitico.mx\/?p=109813#respond"]}]},{"@type":"WebPage","@id":"https:\/\/quehacerpolitico.mx\/?p=109813","url":"https:\/\/quehacerpolitico.mx\/?p=109813","name":"AMLO revel\u00f3 este\u00a0martes durante su conferencia matutina que propuso en una reuni\u00f3n a (NASA) que la astronauta mexicana\u00a0Katya\u00a0Echazarreta vaya a la Luna -","isPartOf":{"@id":"https:\/\/quehacerpolitico.mx\/#website"},"primaryImageOfPage":{"@id":"https:\/\/quehacerpolitico.mx\/?p=109813#primaryimage"},"image":{"@id":"https:\/\/quehacerpolitico.mx\/?p=109813#primaryimage"},"thumbnailUrl":"https:\/\/quehacerpolitico.mx\/wp-content\/uploads\/2024\/05\/IMG_5452.jpeg","datePublished":"2024-05-07T17:45:49+00:00","dateModified":"2024-05-07T17:45:54+00:00","author":{"@id":"https:\/\/quehacerpolitico.mx\/#\/schema\/person\/496d8ad2d1d3f8036101dca7ee39e585"},"breadcrumb":{"@id":"https:\/\/quehacerpolitico.mx\/?p=109813#breadcrumb"},"inLanguage":"es","potentialAction":[{"@type":"ReadAction","target":["https:\/\/quehacerpolitico.mx\/?p=109813"]}]},{"@type":"ImageObject","inLanguage":"es","@id":"https:\/\/quehacerpolitico.mx\/?p=109813#primaryimage","url":"https:\/\/quehacerpolitico.mx\/wp-content\/uploads\/2024\/05\/IMG_5452.jpeg","contentUrl":"https:\/\/quehacerpolitico.mx\/wp-content\/uploads\/2024\/05\/IMG_5452.jpeg","width":739,"height":415},{"@type":"BreadcrumbList","@id":"https:\/\/quehacerpolitico.mx\/?p=109813#breadcrumb","itemListElement":[{"@type":"ListItem","position":1,"name":"Inicio","item":"https:\/\/quehacerpolitico.mx\/"},{"@type":"ListItem","position":2,"name":"AMLO revel\u00f3 este\u00a0martes durante su conferencia matutina que propuso en una reuni\u00f3n a (NASA) que la astronauta mexicana\u00a0Katya\u00a0Echazarreta vaya a la Luna"}]},{"@type":"WebSite","@id":"https:\/\/quehacerpolitico.mx\/#website","url":"https:\/\/quehacerpolitico.mx\/","name":"","description":"","potentialAction":[{"@type":"SearchAction","target":{"@type":"EntryPoint","urlTemplate":"https:\/\/quehacerpolitico.mx\/?s={search_term_string}"},"query-input":{"@type":"PropertyValueSpecification","valueRequired":true,"valueName":"search_term_string"}}],"inLanguage":"es"},{"@type":"Person","@id":"https:\/\/quehacerpolitico.mx\/#\/schema\/person\/496d8ad2d1d3f8036101dca7ee39e585","name":"Redacci\u00f3n QP","image":{"@type":"ImageObject","inLanguage":"es","@id":"https:\/\/secure.gravatar.com\/avatar\/c7164ed6fdec453195284ad24a5ae5b6e1eed2b848477fa2a4787ba9adf39a41?s=96&d=mm&r=g","url":"https:\/\/secure.gravatar.com\/avatar\/c7164ed6fdec453195284ad24a5ae5b6e1eed2b848477fa2a4787ba9adf39a41?s=96&d=mm&r=g","contentUrl":"https:\/\/secure.gravatar.com\/avatar\/c7164ed6fdec453195284ad24a5ae5b6e1eed2b848477fa2a4787ba9adf39a41?s=96&d=mm&r=g","caption":"Redacci\u00f3n QP"},"url":"https:\/\/quehacerpolitico.mx\/?author=2"}]}},"featured_image_urls":{"full":["https:\/\/quehacerpolitico.mx\/wp-content\/uploads\/2024\/05\/IMG_5452.jpeg",739,415,false],"thumbnail":["https:\/\/quehacerpolitico.mx\/wp-content\/uploads\/2024\/05\/IMG_5452-150x150.jpeg",150,150,true],"medium":["https:\/\/quehacerpolitico.mx\/wp-content\/uploads\/2024\/05\/IMG_5452-300x168.jpeg",300,168,true],"medium_large":["https:\/\/quehacerpolitico.mx\/wp-content\/uploads\/2024\/05\/IMG_5452.jpeg",640,359,false],"large":["https:\/\/quehacerpolitico.mx\/wp-content\/uploads\/2024\/05\/IMG_5452.jpeg",640,359,false],"1536x1536":["https:\/\/quehacerpolitico.mx\/wp-content\/uploads\/2024\/05\/IMG_5452.jpeg",739,415,false],"2048x2048":["https:\/\/quehacerpolitico.mx\/wp-content\/uploads\/2024\/05\/IMG_5452.jpeg",739,415,false],"covernews-featured":["https:\/\/quehacerpolitico.mx\/wp-content\/uploads\/2024\/05\/IMG_5452.jpeg",739,415,false],"covernews-medium":["https:\/\/quehacerpolitico.mx\/wp-content\/uploads\/2024\/05\/IMG_5452.jpeg",540,303,false]},"author_info":{"display_name":"Redacci\u00f3n QP","author_link":"https:\/\/quehacerpolitico.mx\/?author=2"},"category_info":"<a href=\"https:\/\/quehacerpolitico.mx\/?cat=2\" rel=\"category\">Noticias<\/a>","tag_info":"Noticias","comment_count":"0","_links":{"self":[{"href":"https:\/\/quehacerpolitico.mx\/index.php?rest_route=\/wp\/v2\/posts\/109813","targetHints":{"allow":["GET"]}}],"collection":[{"href":"https:\/\/quehacerpolitico.mx\/index.php?rest_route=\/wp\/v2\/posts"}],"about":[{"href":"https:\/\/quehacerpolitico.mx\/index.php?rest_route=\/wp\/v2\/types\/post"}],"author":[{"embeddable":true,"href":"https:\/\/quehacerpolitico.mx\/index.php?rest_route=\/wp\/v2\/users\/2"}],"replies":[{"embeddable":true,"href":"https:\/\/quehacerpolitico.mx\/index.php?rest_route=%2Fwp%2Fv2%2Fcomments&post=109813"}],"version-history":[{"count":1,"href":"https:\/\/quehacerpolitico.mx\/index.php?rest_route=\/wp\/v2\/posts\/109813\/revisions"}],"predecessor-version":[{"id":109815,"href":"https:\/\/quehacerpolitico.mx\/index.php?rest_route=\/wp\/v2\/posts\/109813\/revisions\/109815"}],"wp:featuredmedia":[{"embeddable":true,"href":"https:\/\/quehacerpolitico.mx\/index.php?rest_route=\/wp\/v2\/media\/109814"}],"wp:attachment":[{"href":"https:\/\/quehacerpolitico.mx\/index.php?rest_route=%2Fwp%2Fv2%2Fmedia&parent=109813"}],"wp:term":[{"taxonomy":"category","embeddable":true,"href":"https:\/\/quehacerpolitico.mx\/index.php?rest_route=%2Fwp%2Fv2%2Fcategories&post=109813"},{"taxonomy":"post_tag","embeddable":true,"href":"https:\/\/quehacerpolitico.mx\/index.php?rest_route=%2Fwp%2Fv2%2Ftags&post=109813"}],"curies":[{"name":"wp","href":"https:\/\/api.w.org\/{rel}","templated":true}]}}