{"id":10981,"date":"2018-12-05T04:12:41","date_gmt":"2018-12-05T04:12:41","guid":{"rendered":"http:\/\/quehacerpolitico.mx\/kiko-deja-de-pagar-salarios-el-culpa-al-gobierno-federal-pero-en-bc-se-habla-de-corrupcion\/"},"modified":"2018-12-05T04:12:41","modified_gmt":"2018-12-05T04:12:41","slug":"kiko-deja-de-pagar-salarios-el-culpa-al-gobierno-federal-pero-en-bc-se-habla-de-corrupcion","status":"publish","type":"post","link":"https:\/\/quehacerpolitico.mx\/?p=10981","title":{"rendered":"\u201cKiko\u201d deja de pagar salarios; \u00e9l culpa al Gobierno federal, pero en BC se habla de corrupci\u00f3n"},"content":{"rendered":"<h1>\u201cKiko\u201d deja de pagar salarios; \u00e9l culpa al Gobierno federal, pero en BC se habla de corrupci\u00f3n<\/h1>\n<p>Por Redacci\u00f3n QP<\/p>\n<p>Nunca en 30 a\u00f1os del <strong>Tribunal de Justicia Alternativa<\/strong> se hab\u00eda dejado de entregar el recurso por parte del <strong>Gobierno del Estado de Baja California. <\/strong>Hoy d\u00eda dicen, los tienen hasta el cuello al no pagarles tres catorcenas. Lo mismo sucede en el Tribunal Superior de Justicia, la Comisi\u00f3n Estatal de los Derechos Humanos, el Instituto de Transparencia, el Instituto Estatal Electoral, el Cecyte, el Cobach, entre otros. A<strong> \u201cKiko\u201d Vega<\/strong> lo denuncian ante PGR por corrupci\u00f3n.<\/p>\n<blockquote>\n<p>\u201cEl no pago de n\u00f3mina por parte Francisco Vega de Lamadrid m\u00e1s que un Gobierno en quiebra denota corrupci\u00f3n, indisciplina financiera e ineficacia en ejercicio del gasto, por lo que debe ser denunciado e investigado por las v\u00edas legales\u201d, consider\u00f3 el abogado fiscalista Adolfo Sol\u00eds Far\u00edas.<\/p>\n<p>La falta de liquidez es responsabilidad de quien transfiere los fondos previamente calculados, \u201cno se puede hablar de quiebra o falta de fondos, hay indisciplina en el manejo del gasto p\u00fablico, es una indebida aplicaci\u00f3n y control del presupuesto, es ah\u00ed donde se tiene que investigar\u201d.<\/p>\n<p>Respecto al argumento del Gobierno del estado de que la falta de fondos federales lo llev\u00f3 a esta crisis que le impide depositar la n\u00f3mina de diversos \u00f3rganos estatales, Sol\u00eds Far\u00edas expuso que entonces el Gobernador \u201cKiko\u201d Vega \u201ctendr\u00eda que sumarse a las demandas de los afectados, haciendo un llamado en\u00e9rgico al Gobierno federal\u201d.<\/p>\n<p>No obstante, advirti\u00f3 que los gobiernos deber\u00edan contar con un fondo de emergencia para atender este tipo de contingencias.<\/p>\n<p>La \u00faltima catorcena de octubre y la primera de noviembre de 2018, el Gobierno del Estado dej\u00f3 de enviar los recursos para la administraci\u00f3n y operaci\u00f3n de seis dependencias y un poder del Estado: Cobach. Cecyte, Instituto estatal Electoral, Instituto de Transparencia, Comisi\u00f3n Estatal de los Derechos Humanos, Tribunal de Justicia Alternativa al Poder Judicial.<\/p>\n<blockquote>\n<p>Desde pagos por 300 mil pesos hasta por 20 millones de pesos, se dejaron de suministrar con el argumento, por parte de la Secretar\u00eda de Finanzas hacia los titulares de las dependencias, que no hab\u00eda dinero porque se utiliz\u00f3 para el pago a maestros \u2013que van a un nuevo paro por las mismas razones-, y porque los recursos extraordinarios por parte del Gobierno federal no hab\u00edan llegado a las arcas estatales.<\/p>\n<p>Lo cual indica que los recursos ordinarios, etiquetados por el Congreso del Estado para ser ejercidos por el Gobierno del Estado y entregados a las dependencias y poderes, fueron desviados de su prop\u00f3sito original para el pago de otros servicios o productos.<\/p>\n<p>La falta de pago, que no hab\u00eda sucedido en los gobiernos panistas de Baja California y mucho menos en la cantidad econ\u00f3mica y de instituciones que se deja de recursos, hizo crisis la \u00faltima semana de noviembre, cuando en las instancias no tuvieron dinero suficiente para pagar los sueldos de los trabajadores.<\/p>\n<p>De hecho, en dependencias como el ITAIP, el IEE, la CEDH, y en el Poder Judicial, temen que en diciembre no tengan para pagar aguinaldos. Las cifras del recurso mensual a entregar durante el \u00faltimo mes del a\u00f1o, incrementan debido a esa prestaci\u00f3n. El secretario de Finanzas, Bladimiro Hern\u00e1ndez, no les ha garantizado que el pago llegar\u00e1, y algunas instituciones sobreviven con ahorros o de la solidaridad de los empleados a quienes no paga, aunque ha sido conocido que muchos de estos trabajadores est\u00e1n buscando abogados para demandar al Gobierno del Estado.<\/p>\n<p>V\u00eda telef\u00f3nica primera, y por mensajer\u00eda de celular despu\u00e9s, el secretario de finanzas Bladimiro Hern\u00e1ndez fue contactado por ZETA, pero no dio respuesta a las preguntas para conocer el porqu\u00e9 de la falta de recurso ordinario y el n\u00famero de entidades a las cuales dejaron sin dinero, entre otras cuestiones.<\/p>\n<p><strong>ANTE PGR DENUNCIARON POR CORRUPCI\u00d3N A VEGA\u00a0<\/strong><\/p>\n<p>\u201cEstamos en una crisis financiera motivada a partir de la negligente y corrupta utilizaci\u00f3n de los recursos p\u00fablicos por parte del Gobierno del Estado\u201d, se\u00f1al\u00f3 Carlos Atilano Pe\u00f1a, representante del Consejo de Organizaciones Ciudadanas Independientes (COCI), organismo que interpuso el mediod\u00eda del jueves 29 de noviembre una denuncia penal en contra del Gobernador Francisco Vega de Lamadrid, por el delito de corrupci\u00f3n.<\/p>\n<blockquote>\n<p>No es posible que estas alturas siga habiendo adeudos con algunas instituciones del estado y se diga que es por falta de fondos no entregados por la federaci\u00f3n, cuando un estudio que de la Auditor\u00eda Superior de la Federaci\u00f3n (ASF) detect\u00f3 \u201cdesfalcos, desv\u00edos y ausencia de recursos de la federaci\u00f3n que fueron entregados al Estado y que deber\u00e1n ser motivo de una investigaci\u00f3n muy profunda para determinar el monto y, sobre todo acreditar la comisi\u00f3n de estos delitos\u201d.<\/p>\n<\/blockquote>\n<p>La querella integrada bajo el n\u00famero de expediente FED\/BC\/TIJ\/0005116\/2018 ante la Procuradur\u00eda General de la Rep\u00fablica (PGR) \u201ces para que se investigue esta situaci\u00f3n que contrasta con el enriquecimiento que Francisco Vega de Lamadrid ha logrado siendo servidor p\u00fablico\u201d, dijo.<\/p>\n<p>En la investigaci\u00f3n se demand\u00f3 incluir a Carlos Bonfante, secretario de Desarrollo Econ\u00f3mico; Loreto Quintero, Oficial Mayor; as\u00ed como a los ex secretarios de Finanzas y Desarrollo Urbano y Ecolog\u00eda, Antonio Valladolid y Manuel Guevara, respectivamente; adem\u00e1s del ex Gobernador Osuna Mill\u00e1n y el ex director del Seguro Popular, Alejandro Monraz Sustaita.<\/p>\n<p>La denuncia fue integrada con m\u00e1s de 144 fojas en las que se incluyeron documentos de al menos 40 propiedades que \u201cKiko\u201d Vega tiene registradas a su nombre, as\u00ed como en las que aparece como socio o son propiedad de su familia, inform\u00f3 el representante de COCI, Carlos Atilano.<\/p>\n<p>Tambi\u00e9n se incluyeron informes, dict\u00e1menes, asignaciones de obras, como las entregadas a V\u00edctor Hermosillo y el contrato de las v\u00edas de tren concesionado a Fernando Beltr\u00e1n.<\/p>\n<p><strong>\u201cNOS TIENEN HASTA EL CUELLO\u201d: MAGISTRADO MONTERO<\/strong><\/p>\n<p>La ma\u00f1ana del viernes 23 de noviembre se acumul\u00f3 el no pago de la tercera catorcena a los 110 empleados que conforman el Tribunal Estatal de Justicia Alternativa del Estado de Baja California, inform\u00f3 el presidente del organismo, Carlos Rodolfo Montero V\u00e1zquez, situaci\u00f3n que gener\u00f3 incertidumbre.<\/p>\n<p>El monto de la n\u00f3mina catorcenal del Tribunal asciende a un mill\u00f3n de pesos, gasto previamente programado en el presupuesto autorizado de 42 millones de pesos para el actual ejercicio fiscal.<\/p>\n<blockquote>\n<p>Al retraso en el pago de n\u00f3mina se suma la falta de dep\u00f3sito, tambi\u00e9n por tres catorcenas, del gasto operativo. \u201cEsta administraci\u00f3n nos tiene hasta el cuello\u201d, dijo al referir que en los 30 a\u00f1os que tiene el Tribunal \u201cno hab\u00eda pasado que se demoraran con el pago de los sueldos por m\u00e1s de un d\u00eda\u201d.<\/p>\n<\/blockquote>\n<p>Fue hasta la tarde del pasado viernes cuando el Gobierno del estado logr\u00f3 depositarle una de las tres catorcenas pendientes, pero la incertidumbre prevalece ya que para el pr\u00f3ximo 7 de diciembre no s\u00f3lo se acumular\u00e1 una catorcena m\u00e1s, sino que en esa fecha deber\u00e1 quedar cubierta la primera parte del aguinaldo, pagos que de no ser cubiertos en tiempo y forma podr\u00edan afectar la operatividad del Tribunal y \u201csi los juicios se atrasan a la larga a qui\u00e9n le cuesta es al Estado\u201d, advirti\u00f3.<\/p>\n<p><strong>CECYTE SIN CLASES\u00a0<\/strong><\/p>\n<p>El Colegio de Estudios Cient\u00edficos y Tecnol\u00f3gicos del Estado de Baja California (Cecyte BC) se qued\u00f3 sin recursos para pagar lo correspondiente a la catorcena n\u00famero 24 de este a\u00f1o, por lo que alrededor de 2 mil 300 empleados, entre trabajadores y administradores, no recibieron su sueldo el pasado viernes 23 de noviembre.<\/p>\n<blockquote>\n<p>A trav\u00e9s de un correo la direcci\u00f3n estatal de Cecyte BC avis\u00f3 el viernes por la tarde que no ser\u00eda posible hacer el pago porque la federaci\u00f3n no hab\u00eda \u201ctransferido\u201d su subsidio y el mismo Colegio no cuenta con recursos propios para cubrir la deuda, desde ese mismo d\u00eda el Sindicato \u201cPoder Obrero de Trabajadores de BC\u201d (Sinpot BC) convoc\u00f3 a un paro de labores a nivel estatal, el cual se efectu\u00f3 a partir del mi\u00e9rcoles 28, luego de haber realizado una manifestaci\u00f3n el martes 27.<\/p>\n<\/blockquote>\n<p>Tadeo Hern\u00e1ndez Perales, coordinador Zona Costa del Sinpot BC amenaz\u00f3 con un \u201cestallamiento a huelga\u201d si el pr\u00f3ximo martes 4 de diciembre no se hace efectivo el pago de la catorcena faltante.<\/p>\n<p>Una semana antes de que se presentara la problem\u00e1tica de la falta de pago del salario al personal de Cecyte, cuatro integrantes del plantel Playas \u2013 Santa Fe en Tijuana fueron despedidos el viernes 16 de noviembre, luego de formar parte de una manifestaci\u00f3n \u201cbrazos ca\u00eddos\u201d un mes antes, tambi\u00e9n por la falta del pago de sus prestaciones.<\/p>\n<p>El coordinador del Cecyte BC en la Zona Costa, Jos\u00e9 de Jes\u00fas Ibarra Estrada, inform\u00f3 que la rescisi\u00f3n fue porque se comprob\u00f3 que los cuatro afectados \u201cintervinieron\u201d en la educaci\u00f3n de los alumnos, al regresarlos de la puerta de la escuela para continuar con la manifestaci\u00f3n a pesar de que el Colegio ya hab\u00eda cumplido con el pago de las prestaciones que exigieron.<\/p>\n<p><strong>TOMA SNTE OFICINAS DE ISSTECALI POR FALTA DE PAGO<\/strong><\/p>\n<p>A las 08:00 horas del jueves 29 de noviembre, m\u00e1s de 200 profesores de la Secci\u00f3n 37 del Sindicato Nacional de Trabajadores de la Educaci\u00f3n (SNTE) tomaron las oficinas de ISSSTECALI, plant\u00e1ndose en el Centro C\u00edvico de Mexicali, exigiendo as\u00ed al Gobierno del Estado el pago correspondiente al mes de noviembre.<\/p>\n<p>Por segundo mes consecutivo, el Poder Ejecutivo incumpli\u00f3 con el pago a los m\u00e1s de 7 mil maestros jubilados en Baja California, sumando un adeudo de m\u00e1s de 280 millones de pesos a este sector, inform\u00f3 Mar\u00eda Luisa Guti\u00e9rrez Santoyo, l\u00edder del sector magisterial, qui\u00e9n convoc\u00f3 a la suspensi\u00f3n de labores y toma de oficinas.<\/p>\n<p>Advirti\u00f3 que debido a la crisis que enfrenta el Estado, \u201cexiste la posibilidad que los mismos docentes activos sufran esta problem\u00e1tica para fin de a\u00f1o, por lo que es necesario presionar al Gobierno para que realice las gestiones correspondientes\u201d.<\/p>\n<p>A la protesta se unieron profesores de Cecyte y del SETE, quienes sufren el mismo incumplimiento en los pagos, por lo que el d\u00eda de hoy, viernes 30 de noviembre, se unir\u00e1n a la toma de instalaciones del Poder Ejecutivo, sin descartar el cierre de otros edificios p\u00fablicos.<\/p>\n<p><strong>\u201cIMPOSIBILITADO DE PAGAR\u201d: \u201cKIKO\u201d<\/strong><\/p>\n<p>El Gobernador del estado de Baja California, Francisco Vega de Lamadrid, declar\u00f3 que esta situaci\u00f3n la ven\u00eda previendo desde dos meses atr\u00e1s, pero \u201cestamos esperando que nos lleguen los recursos federales para ponerle remedio a esto\u201d.<\/p>\n<p>Despu\u00e9s de hacer esta declaraci\u00f3n el mi\u00e9rcoles 28 de noviembre, \u201cKiko\u201d Vega emiti\u00f3 un posicionamiento p\u00fablico, indicando en ocho puntos que si el gobierno del Estado no ha depositado la n\u00f3mina a los diferentes poderes, organismos descentralizados y aut\u00f3nomos, ha sido porque \u201cno se deposit\u00f3 por parte de la federaci\u00f3n el total de apoyos extraordinarios irreductibles a la educaci\u00f3n, ni del Fondo de Fortalecimiento Financiero que se ten\u00eda estimado recibir\u201d, tanto en 2017 como 2018.<\/p>\n<p>Subray\u00f3 que su gobierno \u201chizo frente a este d\u00e9ficit financiero con recurso propio, mismo que se deb\u00eda haber destinado para programas estatales\u201d.<\/p>\n<p>Por ese motivo, agreg\u00f3, \u201cen este momento el estado no cuenta ya con recurso propio para seguir sacando adelante los compromisos de flujo de efectivo y es necesario que por parte del Gobierno Federal se atienda a Baja California\u201d.<\/p>\n<p>Ante ese escenario, continu\u00f3, \u201cen convenio con los representantes de los diferentes Poderes, Organismos Descentralizados y Aut\u00f3nomos, el Gobierno del Estado ha depositado un porcentaje del subsidio que les corresponde, en medida de las restricciones financieras que se viven en la actualidad\u201d.<\/p>\n<p>Y puntualiz\u00f3: \u201chacemos la precisi\u00f3n que el gobierno no es el responsable de administrar los recursos de cada Poder, Organismo Descentralizado y Aut\u00f3nomos\u201d, desmarc\u00e1ndose as\u00ed de la responsabilidad del no pago de la n\u00f3mina.<\/p>\n<p><strong>DIPUTADOS DEMANDAN ACREDITAR CRISIS FINANCIERA\u00a0<\/strong><\/p>\n<p>El grupo parlamentario del Partido Revolucionario Institucional (PRI) emiti\u00f3 un posicionamiento en el que demandan al gobierno de \u201cKiko\u201d Vega acreditar con elementos los se\u00f1alamientos p\u00fablicos en los que responsabiliza al gobierno federal de la crisis financiera estatal.<\/p>\n<p>\u201cAdicional a la situaci\u00f3n, tampoco ha habido una postura por parte de la federaci\u00f3n sobre el tema, que permita confirmar o desvirtuar las aseveraciones del titular del ejecutivo estatal, lo que solamente genera que crezca la incertidumbre y especulaci\u00f3n sobre los compromisos presentes y futuros por parte del Gobierno del Estado en diferentes rubros\u201d, a\u00f1adi\u00f3 el diputado Benjam\u00edn G\u00f3mez Mac\u00edas, Coordinador de los legisladores priistas en el Congreso del Estado.<\/p>\n<p>Ante ello, demandaron tanto al gobierno federal como estatal \u201cque de cara a los ciudadano definan de manera clara y aporten los elementos suficientes que acrediten sus respectivas posturas, a efecto de que no se siga generando incertidumbre, inestabilidad y politizaci\u00f3n de un tema tan importante como lo es la viabilidad financiera\u201d.<\/p>\n<p>Con Informaci\u00f3n de Zeta<\/p>\n<\/blockquote>\n<\/blockquote>\n","protected":false},"excerpt":{"rendered":"<p>\u201cKiko\u201d deja de pagar salarios; \u00e9l culpa al Gobierno federal, pero en BC se habla de corrupci\u00f3n<br \/>\nPor Redacci\u00f3n QP<\/p>\n","protected":false},"author":2,"featured_media":10980,"comment_status":"open","ping_status":"open","sticky":false,"template":"","format":"standard","meta":{"_monsterinsights_skip_tracking":false,"_monsterinsights_sitenote_active":false,"_monsterinsights_sitenote_note":"","_monsterinsights_sitenote_category":0,"footnotes":""},"categories":[2],"tags":[],"class_list":["post-10981","post","type-post","status-publish","format-standard","has-post-thumbnail","hentry","category-noticias"],"yoast_head":"<!-- This site is optimized with the Yoast SEO plugin v27.3 - https:\/\/yoast.com\/product\/yoast-seo-wordpress\/ -->\n<title>\u201cKiko\u201d deja de pagar salarios; \u00e9l culpa al Gobierno federal, pero en BC se habla de corrupci\u00f3n -<\/title>\n<meta name=\"robots\" content=\"index, follow, max-snippet:-1, max-image-preview:large, max-video-preview:-1\" \/>\n<link rel=\"canonical\" href=\"https:\/\/quehacerpolitico.mx\/?p=10981\" \/>\n<meta property=\"og:locale\" content=\"es_MX\" \/>\n<meta property=\"og:type\" content=\"article\" \/>\n<meta property=\"og:title\" content=\"\u201cKiko\u201d deja de pagar salarios; \u00e9l culpa al Gobierno federal, pero en BC se habla de corrupci\u00f3n -\" \/>\n<meta property=\"og:description\" content=\"\u201cKiko\u201d deja de pagar salarios; \u00e9l culpa al Gobierno federal, pero en BC se habla de corrupci\u00f3n Por Redacci\u00f3n QP\" \/>\n<meta property=\"og:url\" content=\"https:\/\/quehacerpolitico.mx\/?p=10981\" \/>\n<meta property=\"article:published_time\" content=\"2018-12-05T04:12:41+00:00\" \/>\n<meta name=\"author\" content=\"Redacci\u00f3n QP\" \/>\n<meta name=\"twitter:card\" content=\"summary_large_image\" \/>\n<meta name=\"twitter:label1\" content=\"Escrito por\" \/>\n\t<meta name=\"twitter:data1\" content=\"Redacci\u00f3n QP\" \/>\n\t<meta name=\"twitter:label2\" content=\"Tiempo de lectura\" \/>\n\t<meta name=\"twitter:data2\" content=\"11 minutos\" \/>\n<script type=\"application\/ld+json\" class=\"yoast-schema-graph\">{\"@context\":\"https:\\\/\\\/schema.org\",\"@graph\":[{\"@type\":\"Article\",\"@id\":\"https:\\\/\\\/quehacerpolitico.mx\\\/?p=10981#article\",\"isPartOf\":{\"@id\":\"https:\\\/\\\/quehacerpolitico.mx\\\/?p=10981\"},\"author\":{\"name\":\"Redacci\u00f3n QP\",\"@id\":\"https:\\\/\\\/quehacerpolitico.mx\\\/#\\\/schema\\\/person\\\/496d8ad2d1d3f8036101dca7ee39e585\"},\"headline\":\"\u201cKiko\u201d deja de pagar salarios; \u00e9l culpa al Gobierno federal, pero en BC se habla de corrupci\u00f3n\",\"datePublished\":\"2018-12-05T04:12:41+00:00\",\"mainEntityOfPage\":{\"@id\":\"https:\\\/\\\/quehacerpolitico.mx\\\/?p=10981\"},\"wordCount\":2229,\"commentCount\":0,\"image\":{\"@id\":\"https:\\\/\\\/quehacerpolitico.mx\\\/?p=10981#primaryimage\"},\"thumbnailUrl\":\"\",\"articleSection\":[\"Noticias\"],\"inLanguage\":\"es\",\"potentialAction\":[{\"@type\":\"CommentAction\",\"name\":\"Comment\",\"target\":[\"https:\\\/\\\/quehacerpolitico.mx\\\/?p=10981#respond\"]}]},{\"@type\":\"WebPage\",\"@id\":\"https:\\\/\\\/quehacerpolitico.mx\\\/?p=10981\",\"url\":\"https:\\\/\\\/quehacerpolitico.mx\\\/?p=10981\",\"name\":\"\u201cKiko\u201d deja de pagar salarios; \u00e9l culpa al Gobierno federal, pero en BC se habla de corrupci\u00f3n -\",\"isPartOf\":{\"@id\":\"https:\\\/\\\/quehacerpolitico.mx\\\/#website\"},\"primaryImageOfPage\":{\"@id\":\"https:\\\/\\\/quehacerpolitico.mx\\\/?p=10981#primaryimage\"},\"image\":{\"@id\":\"https:\\\/\\\/quehacerpolitico.mx\\\/?p=10981#primaryimage\"},\"thumbnailUrl\":\"\",\"datePublished\":\"2018-12-05T04:12:41+00:00\",\"author\":{\"@id\":\"https:\\\/\\\/quehacerpolitico.mx\\\/#\\\/schema\\\/person\\\/496d8ad2d1d3f8036101dca7ee39e585\"},\"breadcrumb\":{\"@id\":\"https:\\\/\\\/quehacerpolitico.mx\\\/?p=10981#breadcrumb\"},\"inLanguage\":\"es\",\"potentialAction\":[{\"@type\":\"ReadAction\",\"target\":[\"https:\\\/\\\/quehacerpolitico.mx\\\/?p=10981\"]}]},{\"@type\":\"ImageObject\",\"inLanguage\":\"es\",\"@id\":\"https:\\\/\\\/quehacerpolitico.mx\\\/?p=10981#primaryimage\",\"url\":\"\",\"contentUrl\":\"\"},{\"@type\":\"BreadcrumbList\",\"@id\":\"https:\\\/\\\/quehacerpolitico.mx\\\/?p=10981#breadcrumb\",\"itemListElement\":[{\"@type\":\"ListItem\",\"position\":1,\"name\":\"Inicio\",\"item\":\"https:\\\/\\\/quehacerpolitico.mx\\\/\"},{\"@type\":\"ListItem\",\"position\":2,\"name\":\"\u201cKiko\u201d deja de pagar salarios; \u00e9l culpa al Gobierno federal, pero en BC se habla de corrupci\u00f3n\"}]},{\"@type\":\"WebSite\",\"@id\":\"https:\\\/\\\/quehacerpolitico.mx\\\/#website\",\"url\":\"https:\\\/\\\/quehacerpolitico.mx\\\/\",\"name\":\"\",\"description\":\"\",\"potentialAction\":[{\"@type\":\"SearchAction\",\"target\":{\"@type\":\"EntryPoint\",\"urlTemplate\":\"https:\\\/\\\/quehacerpolitico.mx\\\/?s={search_term_string}\"},\"query-input\":{\"@type\":\"PropertyValueSpecification\",\"valueRequired\":true,\"valueName\":\"search_term_string\"}}],\"inLanguage\":\"es\"},{\"@type\":\"Person\",\"@id\":\"https:\\\/\\\/quehacerpolitico.mx\\\/#\\\/schema\\\/person\\\/496d8ad2d1d3f8036101dca7ee39e585\",\"name\":\"Redacci\u00f3n QP\",\"image\":{\"@type\":\"ImageObject\",\"inLanguage\":\"es\",\"@id\":\"https:\\\/\\\/secure.gravatar.com\\\/avatar\\\/c7164ed6fdec453195284ad24a5ae5b6e1eed2b848477fa2a4787ba9adf39a41?s=96&d=mm&r=g\",\"url\":\"https:\\\/\\\/secure.gravatar.com\\\/avatar\\\/c7164ed6fdec453195284ad24a5ae5b6e1eed2b848477fa2a4787ba9adf39a41?s=96&d=mm&r=g\",\"contentUrl\":\"https:\\\/\\\/secure.gravatar.com\\\/avatar\\\/c7164ed6fdec453195284ad24a5ae5b6e1eed2b848477fa2a4787ba9adf39a41?s=96&d=mm&r=g\",\"caption\":\"Redacci\u00f3n QP\"},\"url\":\"https:\\\/\\\/quehacerpolitico.mx\\\/?author=2\"}]}<\/script>\n<!-- \/ Yoast SEO plugin. -->","yoast_head_json":{"title":"\u201cKiko\u201d deja de pagar salarios; \u00e9l culpa al Gobierno federal, pero en BC se habla de corrupci\u00f3n -","robots":{"index":"index","follow":"follow","max-snippet":"max-snippet:-1","max-image-preview":"max-image-preview:large","max-video-preview":"max-video-preview:-1"},"canonical":"https:\/\/quehacerpolitico.mx\/?p=10981","og_locale":"es_MX","og_type":"article","og_title":"\u201cKiko\u201d deja de pagar salarios; \u00e9l culpa al Gobierno federal, pero en BC se habla de corrupci\u00f3n -","og_description":"\u201cKiko\u201d deja de pagar salarios; \u00e9l culpa al Gobierno federal, pero en BC se habla de corrupci\u00f3n Por Redacci\u00f3n QP","og_url":"https:\/\/quehacerpolitico.mx\/?p=10981","article_published_time":"2018-12-05T04:12:41+00:00","author":"Redacci\u00f3n QP","twitter_card":"summary_large_image","twitter_misc":{"Escrito por":"Redacci\u00f3n QP","Tiempo de lectura":"11 minutos"},"schema":{"@context":"https:\/\/schema.org","@graph":[{"@type":"Article","@id":"https:\/\/quehacerpolitico.mx\/?p=10981#article","isPartOf":{"@id":"https:\/\/quehacerpolitico.mx\/?p=10981"},"author":{"name":"Redacci\u00f3n QP","@id":"https:\/\/quehacerpolitico.mx\/#\/schema\/person\/496d8ad2d1d3f8036101dca7ee39e585"},"headline":"\u201cKiko\u201d deja de pagar salarios; \u00e9l culpa al Gobierno federal, pero en BC se habla de corrupci\u00f3n","datePublished":"2018-12-05T04:12:41+00:00","mainEntityOfPage":{"@id":"https:\/\/quehacerpolitico.mx\/?p=10981"},"wordCount":2229,"commentCount":0,"image":{"@id":"https:\/\/quehacerpolitico.mx\/?p=10981#primaryimage"},"thumbnailUrl":"","articleSection":["Noticias"],"inLanguage":"es","potentialAction":[{"@type":"CommentAction","name":"Comment","target":["https:\/\/quehacerpolitico.mx\/?p=10981#respond"]}]},{"@type":"WebPage","@id":"https:\/\/quehacerpolitico.mx\/?p=10981","url":"https:\/\/quehacerpolitico.mx\/?p=10981","name":"\u201cKiko\u201d deja de pagar salarios; \u00e9l culpa al Gobierno federal, pero en BC se habla de corrupci\u00f3n -","isPartOf":{"@id":"https:\/\/quehacerpolitico.mx\/#website"},"primaryImageOfPage":{"@id":"https:\/\/quehacerpolitico.mx\/?p=10981#primaryimage"},"image":{"@id":"https:\/\/quehacerpolitico.mx\/?p=10981#primaryimage"},"thumbnailUrl":"","datePublished":"2018-12-05T04:12:41+00:00","author":{"@id":"https:\/\/quehacerpolitico.mx\/#\/schema\/person\/496d8ad2d1d3f8036101dca7ee39e585"},"breadcrumb":{"@id":"https:\/\/quehacerpolitico.mx\/?p=10981#breadcrumb"},"inLanguage":"es","potentialAction":[{"@type":"ReadAction","target":["https:\/\/quehacerpolitico.mx\/?p=10981"]}]},{"@type":"ImageObject","inLanguage":"es","@id":"https:\/\/quehacerpolitico.mx\/?p=10981#primaryimage","url":"","contentUrl":""},{"@type":"BreadcrumbList","@id":"https:\/\/quehacerpolitico.mx\/?p=10981#breadcrumb","itemListElement":[{"@type":"ListItem","position":1,"name":"Inicio","item":"https:\/\/quehacerpolitico.mx\/"},{"@type":"ListItem","position":2,"name":"\u201cKiko\u201d deja de pagar salarios; \u00e9l culpa al Gobierno federal, pero en BC se habla de corrupci\u00f3n"}]},{"@type":"WebSite","@id":"https:\/\/quehacerpolitico.mx\/#website","url":"https:\/\/quehacerpolitico.mx\/","name":"","description":"","potentialAction":[{"@type":"SearchAction","target":{"@type":"EntryPoint","urlTemplate":"https:\/\/quehacerpolitico.mx\/?s={search_term_string}"},"query-input":{"@type":"PropertyValueSpecification","valueRequired":true,"valueName":"search_term_string"}}],"inLanguage":"es"},{"@type":"Person","@id":"https:\/\/quehacerpolitico.mx\/#\/schema\/person\/496d8ad2d1d3f8036101dca7ee39e585","name":"Redacci\u00f3n QP","image":{"@type":"ImageObject","inLanguage":"es","@id":"https:\/\/secure.gravatar.com\/avatar\/c7164ed6fdec453195284ad24a5ae5b6e1eed2b848477fa2a4787ba9adf39a41?s=96&d=mm&r=g","url":"https:\/\/secure.gravatar.com\/avatar\/c7164ed6fdec453195284ad24a5ae5b6e1eed2b848477fa2a4787ba9adf39a41?s=96&d=mm&r=g","contentUrl":"https:\/\/secure.gravatar.com\/avatar\/c7164ed6fdec453195284ad24a5ae5b6e1eed2b848477fa2a4787ba9adf39a41?s=96&d=mm&r=g","caption":"Redacci\u00f3n QP"},"url":"https:\/\/quehacerpolitico.mx\/?author=2"}]}},"featured_image_urls":{"full":"","thumbnail":"","medium":"","medium_large":"","large":"","1536x1536":"","2048x2048":"","covernews-featured":"","covernews-medium":""},"author_info":{"display_name":"Redacci\u00f3n QP","author_link":"https:\/\/quehacerpolitico.mx\/?author=2"},"category_info":"<a href=\"https:\/\/quehacerpolitico.mx\/?cat=2\" rel=\"category\">Noticias<\/a>","tag_info":"Noticias","comment_count":"0","_links":{"self":[{"href":"https:\/\/quehacerpolitico.mx\/index.php?rest_route=\/wp\/v2\/posts\/10981","targetHints":{"allow":["GET"]}}],"collection":[{"href":"https:\/\/quehacerpolitico.mx\/index.php?rest_route=\/wp\/v2\/posts"}],"about":[{"href":"https:\/\/quehacerpolitico.mx\/index.php?rest_route=\/wp\/v2\/types\/post"}],"author":[{"embeddable":true,"href":"https:\/\/quehacerpolitico.mx\/index.php?rest_route=\/wp\/v2\/users\/2"}],"replies":[{"embeddable":true,"href":"https:\/\/quehacerpolitico.mx\/index.php?rest_route=%2Fwp%2Fv2%2Fcomments&post=10981"}],"version-history":[{"count":0,"href":"https:\/\/quehacerpolitico.mx\/index.php?rest_route=\/wp\/v2\/posts\/10981\/revisions"}],"wp:featuredmedia":[{"embeddable":true,"href":"https:\/\/quehacerpolitico.mx\/index.php?rest_route=\/"}],"wp:attachment":[{"href":"https:\/\/quehacerpolitico.mx\/index.php?rest_route=%2Fwp%2Fv2%2Fmedia&parent=10981"}],"wp:term":[{"taxonomy":"category","embeddable":true,"href":"https:\/\/quehacerpolitico.mx\/index.php?rest_route=%2Fwp%2Fv2%2Fcategories&post=10981"},{"taxonomy":"post_tag","embeddable":true,"href":"https:\/\/quehacerpolitico.mx\/index.php?rest_route=%2Fwp%2Fv2%2Ftags&post=10981"}],"curies":[{"name":"wp","href":"https:\/\/api.w.org\/{rel}","templated":true}]}}