{"id":109809,"date":"2024-05-07T17:17:16","date_gmt":"2024-05-07T17:17:16","guid":{"rendered":"https:\/\/quehacerpolitico.mx\/?p=109809"},"modified":"2024-05-07T17:17:18","modified_gmt":"2024-05-07T17:17:18","slug":"que-nos-orienten-amlo-enviara-carta-al-tribunal-electoral-para-que-le-digan-como-editar-las-mananeras-es-imposible-asegura","status":"publish","type":"post","link":"https:\/\/quehacerpolitico.mx\/?p=109809","title":{"rendered":"&#8220;Que nos orienten&#8221;, AMLO enviar\u00e1 carta al Tribunal Electoral para que le digan c\u00f3mo editar las ma\u00f1aneras &#8220;Es imposible&#8221;, asegura"},"content":{"rendered":"\n<p>Por Redacci\u00f3n QP<\/p>\n\n\n\n<p>El presidente de M\u00e9xico,&nbsp;<strong>Andr\u00e9s Manuel Lopez Obrador<\/strong>, asegur\u00f3 este martes que cumplir\u00e1 con la resoluci\u00f3n del&nbsp;<strong>Tribunal Electoral del Poder Judicial de la Federaci\u00f3n&nbsp;<\/strong>de editar algunas de sus conferencias matutinas en las que&nbsp;<strong>incumple<\/strong>la&nbsp;<strong>ley<\/strong>&nbsp;<strong>electoral<\/strong>, pero pidi\u00f3 al organismo orientaci\u00f3n para hacerlo.<\/p>\n\n\n\n<p>\u201cRecibimos ya la confirmaci\u00f3n del\u00a0<strong>Tribunal Electoral<\/strong>\u00a0para que se editen las conferencias \u2018ma\u00f1aneras\u2019, el caso es que vamos a enviar una carta el d\u00eda de hoy, porque es imposible editarlas, c\u00f3mo las editamos, nos tendr\u00edan ellos que orientar, porque no est\u00e1n hablando de censura, ellos mismos ya resolvieron que\u00a0 es parte de nuestra libertad de expresi\u00f3n (\u2026) pero el\u00a0<strong>Instituto Electoral,<\/strong>\u00a0los consejeros resolvieron que hab\u00eda que editarlas\u201d, dijo el mandatario.<\/p>\n\n\n\n<figure class=\"wp-block-embed is-type-rich is-provider-twitter wp-block-embed-twitter\"><div class=\"wp-block-embed__wrapper\">\n<blockquote class=\"twitter-tweet\" data-width=\"550\" data-dnt=\"true\"><p lang=\"es\" dir=\"ltr\">&quot;Que nos orienten&quot;, AMLO enviar\u00e1 carta al Tribunal Electoral para que le digan c\u00f3mo editar las ma\u00f1aneras.<br><br>&quot;Es imposible&quot;, asegura.<a href=\"https:\/\/t.co\/N0HigvGzF3\">pic.twitter.com\/N0HigvGzF3<\/a><\/p>&mdash; Manuel Lopez San Martin (@MLopezSanMartin) <a href=\"https:\/\/twitter.com\/MLopezSanMartin\/status\/1787864849936195891?ref_src=twsrc%5Etfw\">May 7, 2024<\/a><\/blockquote><script async src=\"https:\/\/platform.twitter.com\/widgets.js\" charset=\"utf-8\"><\/script>\n<\/div><\/figure>\n\n\n\n<p>\u201cSe acudi\u00f3 al&nbsp;<strong>Tribunal<\/strong>&nbsp;y \u00e9l sostuvo que s\u00ed, que hab\u00eda que editarlas, entonces le vamos a pedir hoy a los del Tribunal que nos ayuden a interpretar qu\u00e9 es lo que resolvieron, c\u00f3mo editamos las conferencias porque queremos cumplir, siempre hemos cumplido con sus resoluciones, nada m\u00e1s que nos digan c\u00f3mo\u201d, asegur\u00f3 el presidente<a href=\"http:\/\/lopezobrador_\/\">.<\/a><\/p>\n\n\n\n<p>El presidente dijo que la notificaci\u00f3n no tiene mucha&nbsp;<strong>precisi\u00f3n<\/strong>&nbsp;y cuestion\u00f3 c\u00f3mo editar un evento que se transmite en vivo a trav\u00e9s de redes sociales y&nbsp;<strong>canales de noticias.<\/strong><\/p>\n\n\n\n<p><strong>L\u00f3pez Obrador\u00a0<\/strong>sugiri\u00f3 que el\u00a0<strong>Tribunal<\/strong>\u00a0informe de manera r\u00e1pida cuando en alguna conferencia matutina se infrinjan los procedimientos, leyes y normas del proceso electoral, para que al d\u00eda siguiente puedan\u00a0<strong>bajarla por completo.<\/strong><\/p>\n\n\n\n<p>Dijo que en el&nbsp;<strong>Tribunal<\/strong>&nbsp;deber\u00edan realizar una&nbsp;<strong>reuni\u00f3n<\/strong>&nbsp;<strong>extraordinaria<\/strong>&nbsp;para que avisen a su gobierno y puedan bajar la transmisi\u00f3n.&nbsp;&nbsp;<\/p>\n\n\n\n<p>\u201cOtra cuesti\u00f3n que podr\u00eda suceder, si ellos as\u00ed lo consideran, es que nosotros mismos terminando la\u00a0<strong>conferencia<\/strong>\u00a0dejarla 24 horas y despu\u00e9s la bajamos, o sea al d\u00eda dos y luego las volvemos a recuperar pasando las\u00a0<strong>elecciones<\/strong>\u201d, explic\u00f3.<\/p>\n\n\n\n<p>El 24 de abril, el Tribunal Electoral confirm\u00f3 el acuerdo del\u00a0<strong>INE<\/strong>\u00a0de no suspender las\u00a0<strong>conferencias matutinas<\/strong>\u00a0del presidente\u00a0<strong>L\u00f3pez Obrador<\/strong>\u00a0en el marco del actual proceso electoral; la magistrada Janine Ot\u00e1lora Malassis mencion\u00f3 que no son un ejercicio il\u00edcito, adem\u00e1s de que constituyen un medio de comunicaci\u00f3n, informaci\u00f3n y rendici\u00f3n de cuentas del mandatario federal.<\/p>\n","protected":false},"excerpt":{"rendered":"<p>Por Redacci\u00f3n QP El presidente de M\u00e9xico,&nbsp;Andr\u00e9s Manuel Lopez Obrador, asegur\u00f3 este martes que cumplir\u00e1&#8230;<\/p>\n","protected":false},"author":2,"featured_media":109810,"comment_status":"open","ping_status":"open","sticky":false,"template":"","format":"standard","meta":{"_monsterinsights_skip_tracking":false,"_monsterinsights_sitenote_active":false,"_monsterinsights_sitenote_note":"","_monsterinsights_sitenote_category":0,"footnotes":""},"categories":[2],"tags":[],"class_list":["post-109809","post","type-post","status-publish","format-standard","has-post-thumbnail","hentry","category-noticias"],"yoast_head":"<!-- This site is optimized with the Yoast SEO plugin v27.3 - https:\/\/yoast.com\/product\/yoast-seo-wordpress\/ -->\n<title>&quot;Que nos orienten&quot;, AMLO enviar\u00e1 carta al Tribunal Electoral para que le digan c\u00f3mo editar las ma\u00f1aneras &quot;Es imposible&quot;, asegura -<\/title>\n<meta name=\"robots\" content=\"index, follow, max-snippet:-1, max-image-preview:large, max-video-preview:-1\" \/>\n<link rel=\"canonical\" href=\"https:\/\/quehacerpolitico.mx\/?p=109809\" \/>\n<meta property=\"og:locale\" content=\"es_MX\" \/>\n<meta property=\"og:type\" content=\"article\" \/>\n<meta property=\"og:title\" content=\"&quot;Que nos orienten&quot;, AMLO enviar\u00e1 carta al Tribunal Electoral para que le digan c\u00f3mo editar las ma\u00f1aneras &quot;Es imposible&quot;, asegura -\" \/>\n<meta property=\"og:description\" content=\"Por Redacci\u00f3n QP El presidente de M\u00e9xico,&nbsp;Andr\u00e9s Manuel Lopez Obrador, asegur\u00f3 este martes que cumplir\u00e1...\" \/>\n<meta property=\"og:url\" content=\"https:\/\/quehacerpolitico.mx\/?p=109809\" \/>\n<meta property=\"article:published_time\" content=\"2024-05-07T17:17:16+00:00\" \/>\n<meta property=\"article:modified_time\" content=\"2024-05-07T17:17:18+00:00\" \/>\n<meta property=\"og:image\" content=\"https:\/\/quehacerpolitico.mx\/wp-content\/uploads\/2024\/05\/IMG_5450.jpeg\" \/>\n\t<meta property=\"og:image:width\" content=\"1284\" \/>\n\t<meta property=\"og:image:height\" content=\"698\" \/>\n\t<meta property=\"og:image:type\" content=\"image\/jpeg\" \/>\n<meta name=\"author\" content=\"Redacci\u00f3n QP\" \/>\n<meta name=\"twitter:card\" content=\"summary_large_image\" \/>\n<meta name=\"twitter:label1\" content=\"Escrito por\" \/>\n\t<meta name=\"twitter:data1\" content=\"Redacci\u00f3n QP\" \/>\n\t<meta name=\"twitter:label2\" content=\"Tiempo de lectura\" \/>\n\t<meta name=\"twitter:data2\" content=\"2 minutos\" \/>\n<script type=\"application\/ld+json\" class=\"yoast-schema-graph\">{\"@context\":\"https:\\\/\\\/schema.org\",\"@graph\":[{\"@type\":\"Article\",\"@id\":\"https:\\\/\\\/quehacerpolitico.mx\\\/?p=109809#article\",\"isPartOf\":{\"@id\":\"https:\\\/\\\/quehacerpolitico.mx\\\/?p=109809\"},\"author\":{\"name\":\"Redacci\u00f3n QP\",\"@id\":\"https:\\\/\\\/quehacerpolitico.mx\\\/#\\\/schema\\\/person\\\/496d8ad2d1d3f8036101dca7ee39e585\"},\"headline\":\"&#8220;Que nos orienten&#8221;, AMLO enviar\u00e1 carta al Tribunal Electoral para que le digan c\u00f3mo editar las ma\u00f1aneras &#8220;Es imposible&#8221;, asegura\",\"datePublished\":\"2024-05-07T17:17:16+00:00\",\"dateModified\":\"2024-05-07T17:17:18+00:00\",\"mainEntityOfPage\":{\"@id\":\"https:\\\/\\\/quehacerpolitico.mx\\\/?p=109809\"},\"wordCount\":443,\"commentCount\":0,\"image\":{\"@id\":\"https:\\\/\\\/quehacerpolitico.mx\\\/?p=109809#primaryimage\"},\"thumbnailUrl\":\"https:\\\/\\\/quehacerpolitico.mx\\\/wp-content\\\/uploads\\\/2024\\\/05\\\/IMG_5450.jpeg\",\"articleSection\":[\"Noticias\"],\"inLanguage\":\"es\",\"potentialAction\":[{\"@type\":\"CommentAction\",\"name\":\"Comment\",\"target\":[\"https:\\\/\\\/quehacerpolitico.mx\\\/?p=109809#respond\"]}]},{\"@type\":\"WebPage\",\"@id\":\"https:\\\/\\\/quehacerpolitico.mx\\\/?p=109809\",\"url\":\"https:\\\/\\\/quehacerpolitico.mx\\\/?p=109809\",\"name\":\"\\\"Que nos orienten\\\", AMLO enviar\u00e1 carta al Tribunal Electoral para que le digan c\u00f3mo editar las ma\u00f1aneras \\\"Es imposible\\\", asegura -\",\"isPartOf\":{\"@id\":\"https:\\\/\\\/quehacerpolitico.mx\\\/#website\"},\"primaryImageOfPage\":{\"@id\":\"https:\\\/\\\/quehacerpolitico.mx\\\/?p=109809#primaryimage\"},\"image\":{\"@id\":\"https:\\\/\\\/quehacerpolitico.mx\\\/?p=109809#primaryimage\"},\"thumbnailUrl\":\"https:\\\/\\\/quehacerpolitico.mx\\\/wp-content\\\/uploads\\\/2024\\\/05\\\/IMG_5450.jpeg\",\"datePublished\":\"2024-05-07T17:17:16+00:00\",\"dateModified\":\"2024-05-07T17:17:18+00:00\",\"author\":{\"@id\":\"https:\\\/\\\/quehacerpolitico.mx\\\/#\\\/schema\\\/person\\\/496d8ad2d1d3f8036101dca7ee39e585\"},\"breadcrumb\":{\"@id\":\"https:\\\/\\\/quehacerpolitico.mx\\\/?p=109809#breadcrumb\"},\"inLanguage\":\"es\",\"potentialAction\":[{\"@type\":\"ReadAction\",\"target\":[\"https:\\\/\\\/quehacerpolitico.mx\\\/?p=109809\"]}]},{\"@type\":\"ImageObject\",\"inLanguage\":\"es\",\"@id\":\"https:\\\/\\\/quehacerpolitico.mx\\\/?p=109809#primaryimage\",\"url\":\"https:\\\/\\\/quehacerpolitico.mx\\\/wp-content\\\/uploads\\\/2024\\\/05\\\/IMG_5450.jpeg\",\"contentUrl\":\"https:\\\/\\\/quehacerpolitico.mx\\\/wp-content\\\/uploads\\\/2024\\\/05\\\/IMG_5450.jpeg\",\"width\":1284,\"height\":698,\"caption\":\"Screenshot\"},{\"@type\":\"BreadcrumbList\",\"@id\":\"https:\\\/\\\/quehacerpolitico.mx\\\/?p=109809#breadcrumb\",\"itemListElement\":[{\"@type\":\"ListItem\",\"position\":1,\"name\":\"Inicio\",\"item\":\"https:\\\/\\\/quehacerpolitico.mx\\\/\"},{\"@type\":\"ListItem\",\"position\":2,\"name\":\"&#8220;Que nos orienten&#8221;, AMLO enviar\u00e1 carta al Tribunal Electoral para que le digan c\u00f3mo editar las ma\u00f1aneras &#8220;Es imposible&#8221;, asegura\"}]},{\"@type\":\"WebSite\",\"@id\":\"https:\\\/\\\/quehacerpolitico.mx\\\/#website\",\"url\":\"https:\\\/\\\/quehacerpolitico.mx\\\/\",\"name\":\"\",\"description\":\"\",\"potentialAction\":[{\"@type\":\"SearchAction\",\"target\":{\"@type\":\"EntryPoint\",\"urlTemplate\":\"https:\\\/\\\/quehacerpolitico.mx\\\/?s={search_term_string}\"},\"query-input\":{\"@type\":\"PropertyValueSpecification\",\"valueRequired\":true,\"valueName\":\"search_term_string\"}}],\"inLanguage\":\"es\"},{\"@type\":\"Person\",\"@id\":\"https:\\\/\\\/quehacerpolitico.mx\\\/#\\\/schema\\\/person\\\/496d8ad2d1d3f8036101dca7ee39e585\",\"name\":\"Redacci\u00f3n QP\",\"image\":{\"@type\":\"ImageObject\",\"inLanguage\":\"es\",\"@id\":\"https:\\\/\\\/secure.gravatar.com\\\/avatar\\\/c7164ed6fdec453195284ad24a5ae5b6e1eed2b848477fa2a4787ba9adf39a41?s=96&d=mm&r=g\",\"url\":\"https:\\\/\\\/secure.gravatar.com\\\/avatar\\\/c7164ed6fdec453195284ad24a5ae5b6e1eed2b848477fa2a4787ba9adf39a41?s=96&d=mm&r=g\",\"contentUrl\":\"https:\\\/\\\/secure.gravatar.com\\\/avatar\\\/c7164ed6fdec453195284ad24a5ae5b6e1eed2b848477fa2a4787ba9adf39a41?s=96&d=mm&r=g\",\"caption\":\"Redacci\u00f3n QP\"},\"url\":\"https:\\\/\\\/quehacerpolitico.mx\\\/?author=2\"}]}<\/script>\n<!-- \/ Yoast SEO plugin. -->","yoast_head_json":{"title":"\"Que nos orienten\", AMLO enviar\u00e1 carta al Tribunal Electoral para que le digan c\u00f3mo editar las ma\u00f1aneras \"Es imposible\", asegura -","robots":{"index":"index","follow":"follow","max-snippet":"max-snippet:-1","max-image-preview":"max-image-preview:large","max-video-preview":"max-video-preview:-1"},"canonical":"https:\/\/quehacerpolitico.mx\/?p=109809","og_locale":"es_MX","og_type":"article","og_title":"\"Que nos orienten\", AMLO enviar\u00e1 carta al Tribunal Electoral para que le digan c\u00f3mo editar las ma\u00f1aneras \"Es imposible\", asegura -","og_description":"Por Redacci\u00f3n QP El presidente de M\u00e9xico,&nbsp;Andr\u00e9s Manuel Lopez Obrador, asegur\u00f3 este martes que cumplir\u00e1...","og_url":"https:\/\/quehacerpolitico.mx\/?p=109809","article_published_time":"2024-05-07T17:17:16+00:00","article_modified_time":"2024-05-07T17:17:18+00:00","og_image":[{"width":1284,"height":698,"url":"https:\/\/quehacerpolitico.mx\/wp-content\/uploads\/2024\/05\/IMG_5450.jpeg","type":"image\/jpeg"}],"author":"Redacci\u00f3n QP","twitter_card":"summary_large_image","twitter_misc":{"Escrito por":"Redacci\u00f3n QP","Tiempo de lectura":"2 minutos"},"schema":{"@context":"https:\/\/schema.org","@graph":[{"@type":"Article","@id":"https:\/\/quehacerpolitico.mx\/?p=109809#article","isPartOf":{"@id":"https:\/\/quehacerpolitico.mx\/?p=109809"},"author":{"name":"Redacci\u00f3n QP","@id":"https:\/\/quehacerpolitico.mx\/#\/schema\/person\/496d8ad2d1d3f8036101dca7ee39e585"},"headline":"&#8220;Que nos orienten&#8221;, AMLO enviar\u00e1 carta al Tribunal Electoral para que le digan c\u00f3mo editar las ma\u00f1aneras &#8220;Es imposible&#8221;, asegura","datePublished":"2024-05-07T17:17:16+00:00","dateModified":"2024-05-07T17:17:18+00:00","mainEntityOfPage":{"@id":"https:\/\/quehacerpolitico.mx\/?p=109809"},"wordCount":443,"commentCount":0,"image":{"@id":"https:\/\/quehacerpolitico.mx\/?p=109809#primaryimage"},"thumbnailUrl":"https:\/\/quehacerpolitico.mx\/wp-content\/uploads\/2024\/05\/IMG_5450.jpeg","articleSection":["Noticias"],"inLanguage":"es","potentialAction":[{"@type":"CommentAction","name":"Comment","target":["https:\/\/quehacerpolitico.mx\/?p=109809#respond"]}]},{"@type":"WebPage","@id":"https:\/\/quehacerpolitico.mx\/?p=109809","url":"https:\/\/quehacerpolitico.mx\/?p=109809","name":"\"Que nos orienten\", AMLO enviar\u00e1 carta al Tribunal Electoral para que le digan c\u00f3mo editar las ma\u00f1aneras \"Es imposible\", asegura -","isPartOf":{"@id":"https:\/\/quehacerpolitico.mx\/#website"},"primaryImageOfPage":{"@id":"https:\/\/quehacerpolitico.mx\/?p=109809#primaryimage"},"image":{"@id":"https:\/\/quehacerpolitico.mx\/?p=109809#primaryimage"},"thumbnailUrl":"https:\/\/quehacerpolitico.mx\/wp-content\/uploads\/2024\/05\/IMG_5450.jpeg","datePublished":"2024-05-07T17:17:16+00:00","dateModified":"2024-05-07T17:17:18+00:00","author":{"@id":"https:\/\/quehacerpolitico.mx\/#\/schema\/person\/496d8ad2d1d3f8036101dca7ee39e585"},"breadcrumb":{"@id":"https:\/\/quehacerpolitico.mx\/?p=109809#breadcrumb"},"inLanguage":"es","potentialAction":[{"@type":"ReadAction","target":["https:\/\/quehacerpolitico.mx\/?p=109809"]}]},{"@type":"ImageObject","inLanguage":"es","@id":"https:\/\/quehacerpolitico.mx\/?p=109809#primaryimage","url":"https:\/\/quehacerpolitico.mx\/wp-content\/uploads\/2024\/05\/IMG_5450.jpeg","contentUrl":"https:\/\/quehacerpolitico.mx\/wp-content\/uploads\/2024\/05\/IMG_5450.jpeg","width":1284,"height":698,"caption":"Screenshot"},{"@type":"BreadcrumbList","@id":"https:\/\/quehacerpolitico.mx\/?p=109809#breadcrumb","itemListElement":[{"@type":"ListItem","position":1,"name":"Inicio","item":"https:\/\/quehacerpolitico.mx\/"},{"@type":"ListItem","position":2,"name":"&#8220;Que nos orienten&#8221;, AMLO enviar\u00e1 carta al Tribunal Electoral para que le digan c\u00f3mo editar las ma\u00f1aneras &#8220;Es imposible&#8221;, asegura"}]},{"@type":"WebSite","@id":"https:\/\/quehacerpolitico.mx\/#website","url":"https:\/\/quehacerpolitico.mx\/","name":"","description":"","potentialAction":[{"@type":"SearchAction","target":{"@type":"EntryPoint","urlTemplate":"https:\/\/quehacerpolitico.mx\/?s={search_term_string}"},"query-input":{"@type":"PropertyValueSpecification","valueRequired":true,"valueName":"search_term_string"}}],"inLanguage":"es"},{"@type":"Person","@id":"https:\/\/quehacerpolitico.mx\/#\/schema\/person\/496d8ad2d1d3f8036101dca7ee39e585","name":"Redacci\u00f3n QP","image":{"@type":"ImageObject","inLanguage":"es","@id":"https:\/\/secure.gravatar.com\/avatar\/c7164ed6fdec453195284ad24a5ae5b6e1eed2b848477fa2a4787ba9adf39a41?s=96&d=mm&r=g","url":"https:\/\/secure.gravatar.com\/avatar\/c7164ed6fdec453195284ad24a5ae5b6e1eed2b848477fa2a4787ba9adf39a41?s=96&d=mm&r=g","contentUrl":"https:\/\/secure.gravatar.com\/avatar\/c7164ed6fdec453195284ad24a5ae5b6e1eed2b848477fa2a4787ba9adf39a41?s=96&d=mm&r=g","caption":"Redacci\u00f3n QP"},"url":"https:\/\/quehacerpolitico.mx\/?author=2"}]}},"featured_image_urls":{"full":["https:\/\/quehacerpolitico.mx\/wp-content\/uploads\/2024\/05\/IMG_5450.jpeg",1284,698,false],"thumbnail":["https:\/\/quehacerpolitico.mx\/wp-content\/uploads\/2024\/05\/IMG_5450-150x150.jpeg",150,150,true],"medium":["https:\/\/quehacerpolitico.mx\/wp-content\/uploads\/2024\/05\/IMG_5450-300x163.jpeg",300,163,true],"medium_large":["https:\/\/quehacerpolitico.mx\/wp-content\/uploads\/2024\/05\/IMG_5450-768x417.jpeg",640,348,true],"large":["https:\/\/quehacerpolitico.mx\/wp-content\/uploads\/2024\/05\/IMG_5450-1024x557.jpeg",640,348,true],"1536x1536":["https:\/\/quehacerpolitico.mx\/wp-content\/uploads\/2024\/05\/IMG_5450.jpeg",1284,698,false],"2048x2048":["https:\/\/quehacerpolitico.mx\/wp-content\/uploads\/2024\/05\/IMG_5450.jpeg",1284,698,false],"covernews-featured":["https:\/\/quehacerpolitico.mx\/wp-content\/uploads\/2024\/05\/IMG_5450.jpeg",1024,557,false],"covernews-medium":["https:\/\/quehacerpolitico.mx\/wp-content\/uploads\/2024\/05\/IMG_5450.jpeg",540,294,false]},"author_info":{"display_name":"Redacci\u00f3n QP","author_link":"https:\/\/quehacerpolitico.mx\/?author=2"},"category_info":"<a href=\"https:\/\/quehacerpolitico.mx\/?cat=2\" rel=\"category\">Noticias<\/a>","tag_info":"Noticias","comment_count":"0","_links":{"self":[{"href":"https:\/\/quehacerpolitico.mx\/index.php?rest_route=\/wp\/v2\/posts\/109809","targetHints":{"allow":["GET"]}}],"collection":[{"href":"https:\/\/quehacerpolitico.mx\/index.php?rest_route=\/wp\/v2\/posts"}],"about":[{"href":"https:\/\/quehacerpolitico.mx\/index.php?rest_route=\/wp\/v2\/types\/post"}],"author":[{"embeddable":true,"href":"https:\/\/quehacerpolitico.mx\/index.php?rest_route=\/wp\/v2\/users\/2"}],"replies":[{"embeddable":true,"href":"https:\/\/quehacerpolitico.mx\/index.php?rest_route=%2Fwp%2Fv2%2Fcomments&post=109809"}],"version-history":[{"count":1,"href":"https:\/\/quehacerpolitico.mx\/index.php?rest_route=\/wp\/v2\/posts\/109809\/revisions"}],"predecessor-version":[{"id":109811,"href":"https:\/\/quehacerpolitico.mx\/index.php?rest_route=\/wp\/v2\/posts\/109809\/revisions\/109811"}],"wp:featuredmedia":[{"embeddable":true,"href":"https:\/\/quehacerpolitico.mx\/index.php?rest_route=\/wp\/v2\/media\/109810"}],"wp:attachment":[{"href":"https:\/\/quehacerpolitico.mx\/index.php?rest_route=%2Fwp%2Fv2%2Fmedia&parent=109809"}],"wp:term":[{"taxonomy":"category","embeddable":true,"href":"https:\/\/quehacerpolitico.mx\/index.php?rest_route=%2Fwp%2Fv2%2Fcategories&post=109809"},{"taxonomy":"post_tag","embeddable":true,"href":"https:\/\/quehacerpolitico.mx\/index.php?rest_route=%2Fwp%2Fv2%2Ftags&post=109809"}],"curies":[{"name":"wp","href":"https:\/\/api.w.org\/{rel}","templated":true}]}}