{"id":109787,"date":"2024-05-06T19:22:56","date_gmt":"2024-05-06T19:22:56","guid":{"rendered":"https:\/\/quehacerpolitico.mx\/?p=109787"},"modified":"2024-05-06T19:22:59","modified_gmt":"2024-05-06T19:22:59","slug":"el-quehacer-politico-internacional-carolina-alonso-romei-estados-unidos-y-su-veto-a-palestina-en-la-onu-un-obstaculo-mas-para-la-paz","status":"publish","type":"post","link":"https:\/\/quehacerpolitico.mx\/?p=109787","title":{"rendered":"El Quehacer Pol\u00edtico Internacional\/\/\/Carolina Alonso Romei\/\/\/Estados Unidos y su veto a Palestina en la ONU:\u00a0\u00bfUn\u00a0obst\u00e1culo m\u00e1s para la paz?"},"content":{"rendered":"\n<p>Por Carolina Alonso Romei<\/p>\n\n\n\n<p>Internacionalista <\/p>\n\n\n\n<p>En un rev\u00e9s para las aspiraciones palestinas de alcanzar la estatalidad plena, Estados Unidos vet\u00f3 una vez m\u00e1s la resoluci\u00f3n del Consejo de Seguridad de la Organizaci\u00f3n de las&nbsp;Naciones&nbsp;Unidas&nbsp;que buscaba otorgar la membres\u00eda a Palestina. La votaci\u00f3n, celebrada&nbsp;el pasado mi\u00e9rcoles 17 de abril, termin\u00f3 con 12 votos a favor, 2 abstenciones&nbsp;(Reino Unido y Suiza) y&nbsp;1 en contra, lo que significa que la resoluci\u00f3n no alcanz\u00f3 la mayor\u00eda necesaria de 15 votos para su aprobaci\u00f3n.<\/p>\n\n\n\n<p>Para que el proyecto de resoluci\u00f3n fuera aprobado, deb\u00eda contar con al menos nueve votos a favor y ning\u00fan veto de sus miembros permanentes (China, Francia, Rusia, Reino Unido y Estados Unidos).&nbsp;Este veto marca la segunda vez que Estados Unidos bloquea la entrada de un pa\u00eds en la ONU desde 1976, cuando impidi\u00f3 el ingreso de Vietnam.<\/p>\n\n\n\n<p>El veto estadounidense, que ya se hab\u00eda utilizado en 2011 para bloquear una solicitud similar, se basa en la postura de Washington de que la membres\u00eda palestina debe ser el resultado de un acuerdo negociado con Israel, en lugar de una decisi\u00f3n unilateral de la ONU. Los funcionarios estadounidenses tambi\u00e9n han argumentado que una ley estadounidense podr\u00eda obligarlos a recortar fondos a la ONU si Palestina se une sin un acuerdo previo.<\/p>\n\n\n\n<p>La decisi\u00f3n de Estados Unidos ha sido duramente criticada por los partidarios del estado palestino, quienes la ven como un obst\u00e1culo m\u00e1s para la paz y la soluci\u00f3n de dos estados. El presidente palestino, Mahmoud Abbas, calific\u00f3 el veto como &#8220;un acto de agresi\u00f3n contra el pueblo palestino y una violaci\u00f3n flagrante del derecho internacional&#8221;.&nbsp;Por su parte, el secretario general de la ONU, Ant\u00f3nio Guterres, lament\u00f3 la decisi\u00f3n y pidi\u00f3 a las partes que reanuden las negociaciones de paz.&nbsp;La Uni\u00f3n Europea expres\u00f3 su &#8220;profunda decepci\u00f3n&#8221; por el veto y reiter\u00f3 su apoyo a la soluci\u00f3n de dos Estados.<\/p>\n\n\n\n<p>Por otro lado, Israel ha expresado su apoyo a la decisi\u00f3n de Estados Unidos, argumentando que la membres\u00eda palestina en la ONU socavar\u00eda las perspectivas de paz en la regi\u00f3n. El Primer Ministro israel\u00ed, Benjamin Netanyahu, afirm\u00f3 que &#8220;la \u00fanica forma de lograr una paz duradera y justa es a trav\u00e9s de negociaciones directas entre Israel y los palestinos&#8221;.&nbsp;El veto de Estados Unidos ha generado un debate acalorado en la comunidad internacional.&nbsp;Algunos pa\u00edses han expresado su decepci\u00f3n por la decisi\u00f3n, mientras que otros han instado a la reanudaci\u00f3n de las negociaciones de paz entre Israel y los palestinos.<\/p>\n\n\n\n<p>Es l\u00f3gico revisar y entender las consecuencias tanto para Palestina sin lograr consolidarse como un Estado,&nbsp;<a><\/a>como para Estados Unidos al emitir esta resoluci\u00f3n en contra.&nbsp;Dentro de las repercusiones inmediatas para Palestina podemos ver que se ahonda el sentimiento de frustraci\u00f3n y desaliento entre su&nbsp;poblaci\u00f3n, que ve obstaculizado su derecho a la autodeterminaci\u00f3n y al establecimiento de un Estado independiente. Aunado a esto, la Autoridad Palestina se ha debilitado a\u00fan m\u00e1s con esta decisi\u00f3n, lo que se traduce en que la gesti\u00f3n del territorio y la prestaci\u00f3n de servicios b\u00e1sicos a la poblaci\u00f3n se vuelven una tarea tit\u00e1nicamente imposible. Y obviamente, la consecuencia m\u00e1s terrible es que probablemente, se recrudezca la violencia en la regi\u00f3n, con posibles represalias e inestabilidad para toda la sociedad civil.&nbsp;<\/p>\n\n\n\n<p>Estados Unidos, por su parte,&nbsp;ha justificado su veto argumentando que la creaci\u00f3n de un Estado palestino debe ser el resultado de un acuerdo negociado entre ambas partes&nbsp;involucradas, Israel y Palestina, y no de una imposici\u00f3n unilateral por parte del Consejo de Seguridad.&nbsp;La embajadora estadounidense ante la ONU, Linda Thomas-Greenfield, afirm\u00f3 que &#8220;la resoluci\u00f3n de hoy no acerca las partes a un acuerdo de paz duradero y viable. De hecho, lo aleja&#8221;.Asimismo, el pa\u00eds americano argumenta que las condiciones actuales no son propicias para la creaci\u00f3n de un Estado palestino viable y que&nbsp;su&nbsp;establecimiento podr\u00eda conducir a m\u00e1s violencia e inestabilidad en la regi\u00f3n.&nbsp;El gobierno de Joe Biden sostuvo que el veto era necesario para proteger la seguridad de Israel y evitar as\u00ed, que el Consejo de&nbsp;Seguridad tomaramedidas que lo puedan perjudicar.&nbsp;<\/p>\n\n\n\n<p>El veto de Estados Unidos ha puesto en duda el compromiso de Washington con una soluci\u00f3n de dos estados. Tambi\u00e9n ha debilitado la confianza de los palestinos en el proceso de paz mediado por la ONU. Sin una visi\u00f3n clara del camino a seguir, es probable que el conflicto israel\u00ed-palestino se prolongue y se&nbsp;intensifique. Sin&nbsp;duda alguna,&nbsp;el futuro de la causa palestina en la ONU sigue siendo incierto.&nbsp;Es posible que la Asamblea General de la ONU, donde no hay poder de veto, vote sobre la membres\u00eda de Palestina&nbsp;durante los pr\u00f3ximos meses. Sin embargo, esta votaci\u00f3n no tendr\u00eda car\u00e1cter vinculante y es poco probable&nbsp;(pr\u00e1cticamente imposible)&nbsp;que cambie la postura de Estados Unidos.<\/p>\n\n\n\n<p>La comunidad internacional se encuentra ahora ante la dif\u00edcil tarea de reanudar las negociaciones de paz entre israel\u00edes y palestinos, un proceso que parece estancado desde hace a\u00f1os, y que, al parecer seguir\u00e1 as\u00ed.&nbsp;La&nbsp;sociedad global, las partes involucradas y la sociedad civil tienen la responsabilidad de trabajar de manera conjunta para encontrar una soluci\u00f3n justa y duradera al conflicto, que garantice&nbsp;tanto&nbsp;el derecho a la autodeterminaci\u00f3n del pueblo palestino como&nbsp;la seguridad de Israel.<\/p>\n\n\n\n<p>La decisi\u00f3n de Estados Unidos, quien podr\u00eda ser considerado uno de los jugadores clave dentro de este conflicto,&nbsp;ha a\u00f1adido un nuevo obst\u00e1culo al probable proceso de paz en Medio Oriente, y&nbsp;ser\u00e1&nbsp;solo el tiempo&nbsp;el que nos&nbsp;dir\u00e1 si se podr\u00e1 superar y alcanzar una soluci\u00f3n justa y duradera al conflicto, cambiando as\u00ed el final de la historia que lleva a\u00f1os teniendo como protagonistas al terror, el conflicto y la guerra.<\/p>\n","protected":false},"excerpt":{"rendered":"<p>Por Carolina Alonso Romei Internacionalista En un rev\u00e9s para las aspiraciones palestinas de alcanzar la&#8230;<\/p>\n","protected":false},"author":2,"featured_media":109788,"comment_status":"open","ping_status":"open","sticky":false,"template":"","format":"standard","meta":{"_monsterinsights_skip_tracking":false,"_monsterinsights_sitenote_active":false,"_monsterinsights_sitenote_note":"","_monsterinsights_sitenote_category":0,"footnotes":""},"categories":[1],"tags":[],"class_list":["post-109787","post","type-post","status-publish","format-standard","has-post-thumbnail","hentry","category-sin-categoria"],"yoast_head":"<!-- This site is optimized with the Yoast SEO plugin v27.3 - https:\/\/yoast.com\/product\/yoast-seo-wordpress\/ -->\n<title>El Quehacer Pol\u00edtico Internacional\/\/\/Carolina Alonso Romei\/\/\/Estados Unidos y su veto a Palestina en la ONU:\u00a0\u00bfUn\u00a0obst\u00e1culo m\u00e1s para la paz? -<\/title>\n<meta name=\"robots\" content=\"index, follow, max-snippet:-1, max-image-preview:large, max-video-preview:-1\" \/>\n<link rel=\"canonical\" href=\"https:\/\/quehacerpolitico.mx\/?p=109787\" \/>\n<meta property=\"og:locale\" content=\"es_MX\" \/>\n<meta property=\"og:type\" content=\"article\" \/>\n<meta property=\"og:title\" content=\"El Quehacer Pol\u00edtico Internacional\/\/\/Carolina Alonso Romei\/\/\/Estados Unidos y su veto a Palestina en la ONU:\u00a0\u00bfUn\u00a0obst\u00e1culo m\u00e1s para la paz? -\" \/>\n<meta property=\"og:description\" content=\"Por Carolina Alonso Romei Internacionalista En un rev\u00e9s para las aspiraciones palestinas de alcanzar la...\" \/>\n<meta property=\"og:url\" content=\"https:\/\/quehacerpolitico.mx\/?p=109787\" \/>\n<meta property=\"article:published_time\" content=\"2024-05-06T19:22:56+00:00\" \/>\n<meta property=\"article:modified_time\" content=\"2024-05-06T19:22:59+00:00\" \/>\n<meta property=\"og:image\" content=\"https:\/\/quehacerpolitico.mx\/wp-content\/uploads\/2024\/05\/73e1444e-4b17-4ee5-aa11-c102ecdb7153-3.jpeg\" \/>\n\t<meta property=\"og:image:width\" content=\"963\" \/>\n\t<meta property=\"og:image:height\" content=\"493\" \/>\n\t<meta property=\"og:image:type\" content=\"image\/jpeg\" \/>\n<meta name=\"author\" content=\"Redacci\u00f3n QP\" \/>\n<meta name=\"twitter:card\" content=\"summary_large_image\" \/>\n<meta name=\"twitter:label1\" content=\"Escrito por\" \/>\n\t<meta name=\"twitter:data1\" content=\"Redacci\u00f3n QP\" \/>\n\t<meta name=\"twitter:label2\" content=\"Tiempo de lectura\" \/>\n\t<meta name=\"twitter:data2\" content=\"5 minutos\" \/>\n<script type=\"application\/ld+json\" class=\"yoast-schema-graph\">{\"@context\":\"https:\\\/\\\/schema.org\",\"@graph\":[{\"@type\":\"Article\",\"@id\":\"https:\\\/\\\/quehacerpolitico.mx\\\/?p=109787#article\",\"isPartOf\":{\"@id\":\"https:\\\/\\\/quehacerpolitico.mx\\\/?p=109787\"},\"author\":{\"name\":\"Redacci\u00f3n QP\",\"@id\":\"https:\\\/\\\/quehacerpolitico.mx\\\/#\\\/schema\\\/person\\\/496d8ad2d1d3f8036101dca7ee39e585\"},\"headline\":\"El Quehacer Pol\u00edtico Internacional\\\/\\\/\\\/Carolina Alonso Romei\\\/\\\/\\\/Estados Unidos y su veto a Palestina en la ONU:\u00a0\u00bfUn\u00a0obst\u00e1culo m\u00e1s para la paz?\",\"datePublished\":\"2024-05-06T19:22:56+00:00\",\"dateModified\":\"2024-05-06T19:22:59+00:00\",\"mainEntityOfPage\":{\"@id\":\"https:\\\/\\\/quehacerpolitico.mx\\\/?p=109787\"},\"wordCount\":1088,\"commentCount\":0,\"image\":{\"@id\":\"https:\\\/\\\/quehacerpolitico.mx\\\/?p=109787#primaryimage\"},\"thumbnailUrl\":\"https:\\\/\\\/quehacerpolitico.mx\\\/wp-content\\\/uploads\\\/2024\\\/05\\\/73e1444e-4b17-4ee5-aa11-c102ecdb7153-3.jpeg\",\"articleSection\":[\"Internacionales\"],\"inLanguage\":\"es\",\"potentialAction\":[{\"@type\":\"CommentAction\",\"name\":\"Comment\",\"target\":[\"https:\\\/\\\/quehacerpolitico.mx\\\/?p=109787#respond\"]}]},{\"@type\":\"WebPage\",\"@id\":\"https:\\\/\\\/quehacerpolitico.mx\\\/?p=109787\",\"url\":\"https:\\\/\\\/quehacerpolitico.mx\\\/?p=109787\",\"name\":\"El Quehacer Pol\u00edtico Internacional\\\/\\\/\\\/Carolina Alonso Romei\\\/\\\/\\\/Estados Unidos y su veto a Palestina en la ONU:\u00a0\u00bfUn\u00a0obst\u00e1culo m\u00e1s para la paz? -\",\"isPartOf\":{\"@id\":\"https:\\\/\\\/quehacerpolitico.mx\\\/#website\"},\"primaryImageOfPage\":{\"@id\":\"https:\\\/\\\/quehacerpolitico.mx\\\/?p=109787#primaryimage\"},\"image\":{\"@id\":\"https:\\\/\\\/quehacerpolitico.mx\\\/?p=109787#primaryimage\"},\"thumbnailUrl\":\"https:\\\/\\\/quehacerpolitico.mx\\\/wp-content\\\/uploads\\\/2024\\\/05\\\/73e1444e-4b17-4ee5-aa11-c102ecdb7153-3.jpeg\",\"datePublished\":\"2024-05-06T19:22:56+00:00\",\"dateModified\":\"2024-05-06T19:22:59+00:00\",\"author\":{\"@id\":\"https:\\\/\\\/quehacerpolitico.mx\\\/#\\\/schema\\\/person\\\/496d8ad2d1d3f8036101dca7ee39e585\"},\"breadcrumb\":{\"@id\":\"https:\\\/\\\/quehacerpolitico.mx\\\/?p=109787#breadcrumb\"},\"inLanguage\":\"es\",\"potentialAction\":[{\"@type\":\"ReadAction\",\"target\":[\"https:\\\/\\\/quehacerpolitico.mx\\\/?p=109787\"]}]},{\"@type\":\"ImageObject\",\"inLanguage\":\"es\",\"@id\":\"https:\\\/\\\/quehacerpolitico.mx\\\/?p=109787#primaryimage\",\"url\":\"https:\\\/\\\/quehacerpolitico.mx\\\/wp-content\\\/uploads\\\/2024\\\/05\\\/73e1444e-4b17-4ee5-aa11-c102ecdb7153-3.jpeg\",\"contentUrl\":\"https:\\\/\\\/quehacerpolitico.mx\\\/wp-content\\\/uploads\\\/2024\\\/05\\\/73e1444e-4b17-4ee5-aa11-c102ecdb7153-3.jpeg\",\"width\":963,\"height\":493},{\"@type\":\"BreadcrumbList\",\"@id\":\"https:\\\/\\\/quehacerpolitico.mx\\\/?p=109787#breadcrumb\",\"itemListElement\":[{\"@type\":\"ListItem\",\"position\":1,\"name\":\"Inicio\",\"item\":\"https:\\\/\\\/quehacerpolitico.mx\\\/\"},{\"@type\":\"ListItem\",\"position\":2,\"name\":\"El Quehacer Pol\u00edtico Internacional\\\/\\\/\\\/Carolina Alonso Romei\\\/\\\/\\\/Estados Unidos y su veto a Palestina en la ONU:\u00a0\u00bfUn\u00a0obst\u00e1culo m\u00e1s para la paz?\"}]},{\"@type\":\"WebSite\",\"@id\":\"https:\\\/\\\/quehacerpolitico.mx\\\/#website\",\"url\":\"https:\\\/\\\/quehacerpolitico.mx\\\/\",\"name\":\"\",\"description\":\"\",\"potentialAction\":[{\"@type\":\"SearchAction\",\"target\":{\"@type\":\"EntryPoint\",\"urlTemplate\":\"https:\\\/\\\/quehacerpolitico.mx\\\/?s={search_term_string}\"},\"query-input\":{\"@type\":\"PropertyValueSpecification\",\"valueRequired\":true,\"valueName\":\"search_term_string\"}}],\"inLanguage\":\"es\"},{\"@type\":\"Person\",\"@id\":\"https:\\\/\\\/quehacerpolitico.mx\\\/#\\\/schema\\\/person\\\/496d8ad2d1d3f8036101dca7ee39e585\",\"name\":\"Redacci\u00f3n QP\",\"image\":{\"@type\":\"ImageObject\",\"inLanguage\":\"es\",\"@id\":\"https:\\\/\\\/secure.gravatar.com\\\/avatar\\\/c7164ed6fdec453195284ad24a5ae5b6e1eed2b848477fa2a4787ba9adf39a41?s=96&d=mm&r=g\",\"url\":\"https:\\\/\\\/secure.gravatar.com\\\/avatar\\\/c7164ed6fdec453195284ad24a5ae5b6e1eed2b848477fa2a4787ba9adf39a41?s=96&d=mm&r=g\",\"contentUrl\":\"https:\\\/\\\/secure.gravatar.com\\\/avatar\\\/c7164ed6fdec453195284ad24a5ae5b6e1eed2b848477fa2a4787ba9adf39a41?s=96&d=mm&r=g\",\"caption\":\"Redacci\u00f3n QP\"},\"url\":\"https:\\\/\\\/quehacerpolitico.mx\\\/?author=2\"}]}<\/script>\n<!-- \/ Yoast SEO plugin. -->","yoast_head_json":{"title":"El Quehacer Pol\u00edtico Internacional\/\/\/Carolina Alonso Romei\/\/\/Estados Unidos y su veto a Palestina en la ONU:\u00a0\u00bfUn\u00a0obst\u00e1culo m\u00e1s para la paz? -","robots":{"index":"index","follow":"follow","max-snippet":"max-snippet:-1","max-image-preview":"max-image-preview:large","max-video-preview":"max-video-preview:-1"},"canonical":"https:\/\/quehacerpolitico.mx\/?p=109787","og_locale":"es_MX","og_type":"article","og_title":"El Quehacer Pol\u00edtico Internacional\/\/\/Carolina Alonso Romei\/\/\/Estados Unidos y su veto a Palestina en la ONU:\u00a0\u00bfUn\u00a0obst\u00e1culo m\u00e1s para la paz? -","og_description":"Por Carolina Alonso Romei Internacionalista En un rev\u00e9s para las aspiraciones palestinas de alcanzar la...","og_url":"https:\/\/quehacerpolitico.mx\/?p=109787","article_published_time":"2024-05-06T19:22:56+00:00","article_modified_time":"2024-05-06T19:22:59+00:00","og_image":[{"width":963,"height":493,"url":"https:\/\/quehacerpolitico.mx\/wp-content\/uploads\/2024\/05\/73e1444e-4b17-4ee5-aa11-c102ecdb7153-3.jpeg","type":"image\/jpeg"}],"author":"Redacci\u00f3n QP","twitter_card":"summary_large_image","twitter_misc":{"Escrito por":"Redacci\u00f3n QP","Tiempo de lectura":"5 minutos"},"schema":{"@context":"https:\/\/schema.org","@graph":[{"@type":"Article","@id":"https:\/\/quehacerpolitico.mx\/?p=109787#article","isPartOf":{"@id":"https:\/\/quehacerpolitico.mx\/?p=109787"},"author":{"name":"Redacci\u00f3n QP","@id":"https:\/\/quehacerpolitico.mx\/#\/schema\/person\/496d8ad2d1d3f8036101dca7ee39e585"},"headline":"El Quehacer Pol\u00edtico Internacional\/\/\/Carolina Alonso Romei\/\/\/Estados Unidos y su veto a Palestina en la ONU:\u00a0\u00bfUn\u00a0obst\u00e1culo m\u00e1s para la paz?","datePublished":"2024-05-06T19:22:56+00:00","dateModified":"2024-05-06T19:22:59+00:00","mainEntityOfPage":{"@id":"https:\/\/quehacerpolitico.mx\/?p=109787"},"wordCount":1088,"commentCount":0,"image":{"@id":"https:\/\/quehacerpolitico.mx\/?p=109787#primaryimage"},"thumbnailUrl":"https:\/\/quehacerpolitico.mx\/wp-content\/uploads\/2024\/05\/73e1444e-4b17-4ee5-aa11-c102ecdb7153-3.jpeg","articleSection":["Internacionales"],"inLanguage":"es","potentialAction":[{"@type":"CommentAction","name":"Comment","target":["https:\/\/quehacerpolitico.mx\/?p=109787#respond"]}]},{"@type":"WebPage","@id":"https:\/\/quehacerpolitico.mx\/?p=109787","url":"https:\/\/quehacerpolitico.mx\/?p=109787","name":"El Quehacer Pol\u00edtico Internacional\/\/\/Carolina Alonso Romei\/\/\/Estados Unidos y su veto a Palestina en la ONU:\u00a0\u00bfUn\u00a0obst\u00e1culo m\u00e1s para la paz? -","isPartOf":{"@id":"https:\/\/quehacerpolitico.mx\/#website"},"primaryImageOfPage":{"@id":"https:\/\/quehacerpolitico.mx\/?p=109787#primaryimage"},"image":{"@id":"https:\/\/quehacerpolitico.mx\/?p=109787#primaryimage"},"thumbnailUrl":"https:\/\/quehacerpolitico.mx\/wp-content\/uploads\/2024\/05\/73e1444e-4b17-4ee5-aa11-c102ecdb7153-3.jpeg","datePublished":"2024-05-06T19:22:56+00:00","dateModified":"2024-05-06T19:22:59+00:00","author":{"@id":"https:\/\/quehacerpolitico.mx\/#\/schema\/person\/496d8ad2d1d3f8036101dca7ee39e585"},"breadcrumb":{"@id":"https:\/\/quehacerpolitico.mx\/?p=109787#breadcrumb"},"inLanguage":"es","potentialAction":[{"@type":"ReadAction","target":["https:\/\/quehacerpolitico.mx\/?p=109787"]}]},{"@type":"ImageObject","inLanguage":"es","@id":"https:\/\/quehacerpolitico.mx\/?p=109787#primaryimage","url":"https:\/\/quehacerpolitico.mx\/wp-content\/uploads\/2024\/05\/73e1444e-4b17-4ee5-aa11-c102ecdb7153-3.jpeg","contentUrl":"https:\/\/quehacerpolitico.mx\/wp-content\/uploads\/2024\/05\/73e1444e-4b17-4ee5-aa11-c102ecdb7153-3.jpeg","width":963,"height":493},{"@type":"BreadcrumbList","@id":"https:\/\/quehacerpolitico.mx\/?p=109787#breadcrumb","itemListElement":[{"@type":"ListItem","position":1,"name":"Inicio","item":"https:\/\/quehacerpolitico.mx\/"},{"@type":"ListItem","position":2,"name":"El Quehacer Pol\u00edtico Internacional\/\/\/Carolina Alonso Romei\/\/\/Estados Unidos y su veto a Palestina en la ONU:\u00a0\u00bfUn\u00a0obst\u00e1culo m\u00e1s para la paz?"}]},{"@type":"WebSite","@id":"https:\/\/quehacerpolitico.mx\/#website","url":"https:\/\/quehacerpolitico.mx\/","name":"","description":"","potentialAction":[{"@type":"SearchAction","target":{"@type":"EntryPoint","urlTemplate":"https:\/\/quehacerpolitico.mx\/?s={search_term_string}"},"query-input":{"@type":"PropertyValueSpecification","valueRequired":true,"valueName":"search_term_string"}}],"inLanguage":"es"},{"@type":"Person","@id":"https:\/\/quehacerpolitico.mx\/#\/schema\/person\/496d8ad2d1d3f8036101dca7ee39e585","name":"Redacci\u00f3n QP","image":{"@type":"ImageObject","inLanguage":"es","@id":"https:\/\/secure.gravatar.com\/avatar\/c7164ed6fdec453195284ad24a5ae5b6e1eed2b848477fa2a4787ba9adf39a41?s=96&d=mm&r=g","url":"https:\/\/secure.gravatar.com\/avatar\/c7164ed6fdec453195284ad24a5ae5b6e1eed2b848477fa2a4787ba9adf39a41?s=96&d=mm&r=g","contentUrl":"https:\/\/secure.gravatar.com\/avatar\/c7164ed6fdec453195284ad24a5ae5b6e1eed2b848477fa2a4787ba9adf39a41?s=96&d=mm&r=g","caption":"Redacci\u00f3n QP"},"url":"https:\/\/quehacerpolitico.mx\/?author=2"}]}},"featured_image_urls":{"full":["https:\/\/quehacerpolitico.mx\/wp-content\/uploads\/2024\/05\/73e1444e-4b17-4ee5-aa11-c102ecdb7153-3.jpeg",963,493,false],"thumbnail":["https:\/\/quehacerpolitico.mx\/wp-content\/uploads\/2024\/05\/73e1444e-4b17-4ee5-aa11-c102ecdb7153-3-150x150.jpeg",150,150,true],"medium":["https:\/\/quehacerpolitico.mx\/wp-content\/uploads\/2024\/05\/73e1444e-4b17-4ee5-aa11-c102ecdb7153-3-300x154.jpeg",300,154,true],"medium_large":["https:\/\/quehacerpolitico.mx\/wp-content\/uploads\/2024\/05\/73e1444e-4b17-4ee5-aa11-c102ecdb7153-3-768x393.jpeg",640,328,true],"large":["https:\/\/quehacerpolitico.mx\/wp-content\/uploads\/2024\/05\/73e1444e-4b17-4ee5-aa11-c102ecdb7153-3.jpeg",640,328,false],"1536x1536":["https:\/\/quehacerpolitico.mx\/wp-content\/uploads\/2024\/05\/73e1444e-4b17-4ee5-aa11-c102ecdb7153-3.jpeg",963,493,false],"2048x2048":["https:\/\/quehacerpolitico.mx\/wp-content\/uploads\/2024\/05\/73e1444e-4b17-4ee5-aa11-c102ecdb7153-3.jpeg",963,493,false],"covernews-featured":["https:\/\/quehacerpolitico.mx\/wp-content\/uploads\/2024\/05\/73e1444e-4b17-4ee5-aa11-c102ecdb7153-3.jpeg",963,493,false],"covernews-medium":["https:\/\/quehacerpolitico.mx\/wp-content\/uploads\/2024\/05\/73e1444e-4b17-4ee5-aa11-c102ecdb7153-3.jpeg",540,276,false]},"author_info":{"display_name":"Redacci\u00f3n QP","author_link":"https:\/\/quehacerpolitico.mx\/?author=2"},"category_info":"<a href=\"https:\/\/quehacerpolitico.mx\/?cat=1\" rel=\"category\">Internacionales<\/a>","tag_info":"Internacionales","comment_count":"0","_links":{"self":[{"href":"https:\/\/quehacerpolitico.mx\/index.php?rest_route=\/wp\/v2\/posts\/109787","targetHints":{"allow":["GET"]}}],"collection":[{"href":"https:\/\/quehacerpolitico.mx\/index.php?rest_route=\/wp\/v2\/posts"}],"about":[{"href":"https:\/\/quehacerpolitico.mx\/index.php?rest_route=\/wp\/v2\/types\/post"}],"author":[{"embeddable":true,"href":"https:\/\/quehacerpolitico.mx\/index.php?rest_route=\/wp\/v2\/users\/2"}],"replies":[{"embeddable":true,"href":"https:\/\/quehacerpolitico.mx\/index.php?rest_route=%2Fwp%2Fv2%2Fcomments&post=109787"}],"version-history":[{"count":1,"href":"https:\/\/quehacerpolitico.mx\/index.php?rest_route=\/wp\/v2\/posts\/109787\/revisions"}],"predecessor-version":[{"id":109789,"href":"https:\/\/quehacerpolitico.mx\/index.php?rest_route=\/wp\/v2\/posts\/109787\/revisions\/109789"}],"wp:featuredmedia":[{"embeddable":true,"href":"https:\/\/quehacerpolitico.mx\/index.php?rest_route=\/wp\/v2\/media\/109788"}],"wp:attachment":[{"href":"https:\/\/quehacerpolitico.mx\/index.php?rest_route=%2Fwp%2Fv2%2Fmedia&parent=109787"}],"wp:term":[{"taxonomy":"category","embeddable":true,"href":"https:\/\/quehacerpolitico.mx\/index.php?rest_route=%2Fwp%2Fv2%2Fcategories&post=109787"},{"taxonomy":"post_tag","embeddable":true,"href":"https:\/\/quehacerpolitico.mx\/index.php?rest_route=%2Fwp%2Fv2%2Ftags&post=109787"}],"curies":[{"name":"wp","href":"https:\/\/api.w.org\/{rel}","templated":true}]}}