{"id":109784,"date":"2024-05-06T18:21:35","date_gmt":"2024-05-06T18:21:35","guid":{"rendered":"https:\/\/quehacerpolitico.mx\/?p=109784"},"modified":"2024-05-06T18:21:38","modified_gmt":"2024-05-06T18:21:38","slug":"el-quehacer-politico-internacional-carolina-alonso-romei-putin-asumira-este-martes-su-quinto-mandato-al-frente-del-kremlin-con-la-asignatura-pendiente-de-ganar-la-guerra-en-ucrania","status":"publish","type":"post","link":"https:\/\/quehacerpolitico.mx\/?p=109784","title":{"rendered":"El Quehacer Pol\u00edtico Internacional\/\/\/Carolina Alonso Romei\/\/\/Putin asumir\u00e1 este martes su\u00a0quinto mandato\u00a0al frente del Kremlin con la asignatura pendiente de ganar la guerra en Ucrania"},"content":{"rendered":"\n<p>Por Carolina Alonso Romei<\/p>\n\n\n\n<p>Internacionalista <\/p>\n\n\n\n<p>Putin, que lleva en el poder desde el a\u00f1o 2000, gan\u00f3 las elecciones presidenciales de marzo pasado para mantenerse como presidente hasta 2030<\/p>\n\n\n\n<p>El presidente ruso,&nbsp;<strong>Vladimir Putin<\/strong>, asumir\u00e1 este martes su&nbsp;<strong>quinto mandato<\/strong>&nbsp;al frente del Kremlin con la asignatura pendiente de ganar la guerra en Ucrania, reprimir cualquier atisbo de descontento popular y resistir las presiones de la OTAN y Occidente.<\/p>\n\n\n\n<p>La ceremonia oficial de inicio de mandato tendr\u00e1 lugar al mediod\u00eda en el Sal\u00f3n de San Andr\u00e9s del Kremlin, que fue construido a mediados del siglo XIX como sala del trono del zar Nicol\u00e1s I.<\/p>\n\n\n\n<p>La controvertida reforma constitucional de 2020 permiti\u00f3 a Putin, de 71 a\u00f1os, eliminar el obst\u00e1culo legal que le imped\u00eda seguir en el Kremlin hasta 2030.<\/p>\n\n\n\n<h3 class=\"wp-block-heading\">Nueva era, viejos problemas<\/h3>\n\n\n\n<p>Putin, que lleva en el poder desde el a\u00f1o 2000, gan\u00f3 las elecciones presidenciales del pasado\u00a017 de marzo con m\u00e1s del 87 por ciento de los votos, resultado sin precedentes condenado por las canciller\u00edas occidentales.<\/p>\n\n\n\n<p>Eso s\u00ed, pese a la muerte\u00a0un mes antes en prisi\u00f3n del l\u00edder opositor, Alex\u00e9i Navalni, Estados Unidos y la Uni\u00f3n Europea hicieron o\u00eddos sordos al llamamiento a no reconocer a Putin como leg\u00edtimo presidente.<\/p>\n\n\n\n<p>Sea como sea, el principal problema del Kremlin sigue sin resolverse. Todo, desde la salud de la econom\u00eda nacional al reparto de los recursos del Estado, depende de la suerte de la contienda.<\/p>\n\n\n\n<p>La victoria en la campa\u00f1a militar en Ucrania est\u00e1 lejos de hacerse realidad, aunque la ofensiva rusa de octubre ha permitido a Mosc\u00fa conquistar varios bastiones en el Donb\u00e1s y en la regi\u00f3n nororiental de J\u00e1rkov.<\/p>\n\n\n\n<p>En cuanto a unas posibles negociaciones de paz con Kiev, a d\u00eda de hoy parece algo imposible. Si el l\u00edder ucraniano, Volodimir Zelenski, descart\u00f3 por decreto sentarse en la misma mesa que Putin, ahora Mosc\u00fa le ha declarado en busca y captura.<\/p>\n\n\n\n<p>Adem\u00e1s, Mosc\u00fa ha repetido hasta la saciedad en los \u00faltimos meses que desde el 20 de mayo, cuando expira el actual mandato de Zelenski, el l\u00edder ucraniano carecer\u00e1 de toda legitimidad.<\/p>\n\n\n\n<h3 class=\"wp-block-heading\">&nbsp;\u00d3rdago nuclear<\/h3>\n\n\n\n<p>La mejor demostraci\u00f3n de que la reelecci\u00f3n de Putin \u00fanicamente ha exacerbado las tensiones con Occidente es la orden de que las Fuerzas Armadas realicen \u201cen breve\u201d\u00a0maniobras con armas nucleares t\u00e1cticas.<\/p>\n\n\n\n<p>Esos ejercicios, en los que participar\u00e1 la aviaci\u00f3n y la Armada, podr\u00edan ocurrir en territorio ucraniano, ya que el Distrito Militar Sur incluye a las cuatro regiones ucranianas ocupadas (Donetsk, Lugansk, Jers\u00f3n y Zaporiyia).<\/p>\n\n\n\n<p>El Kremlin explic\u00f3 que las maniobras son la respuesta a las declaraciones amenazantes, entre otras, del presidente franc\u00e9s, Emmanuel Macron, quien volvi\u00f3 a insistir en \u201cThe Economist\u201d en que no descarta el env\u00edo de tropas de la OTAN a territorio ucraniano.<\/p>\n\n\n\n<p>\u201cEllos hablaron sobre la disposici\u00f3n e incluso intenci\u00f3n de enviar contingentes militares a Ucrania, es decir, poner a los soldados de la OTAN frente a los militares rusos. Esa es una nueva espiral de escalada de la tensi\u00f3n. No tiene precedentes y exige una especial atenci\u00f3n y medidas especiales\u201d, dijo Dmitri Peskov, portavoz presidencial, en rueda de prensa.<\/p>\n\n\n\n<p>A esto hay que sumar la llamada a consultas por parte de Alemania de su embajador en Mosc\u00fa y la citaci\u00f3n de los embajadores franc\u00e9s y brit\u00e1nico, en este \u00faltimo caso tras las afirmaciones de su ministro de Exteriores, David Cameron, sobre el derecho de Kiev a atacar objetivos en territorio ruso con armamento occidental.<\/p>\n\n\n\n<h3 class=\"wp-block-heading\">&nbsp;Terrorismo yihadista, la vieja amenaza<\/h3>\n\n\n\n<p>La hist\u00f3rica victoria electoral de Putin se vio mancillada pocos d\u00edas despu\u00e9s por el mayor atentado terrorista perpetrado en territorio ruso desde la matanza de Besl\u00e1n (2004).<\/p>\n\n\n\n<p>Cuatro hombres armados atacaron con fusiles y explosivos una sala de conciertos a las afueras de Mosc\u00fa (Crocus City Hall), atentado en el que murieron 145 personas.<\/p>\n\n\n\n<p>La masacre dej\u00f3 en evidencia a Putin, que fue aupado al poder hace casi un cuarto de siglo con la lucha contra el terrorismo cauc\u00e1sico como lema, y a las fuerzas de seguridad, que no pudieron proteger uno de los lugares de ocio m\u00e1s populares de la capital rusa.<\/p>\n\n\n\n<p>Putin intent\u00f3 escurrir el bulto negando que los islamistas cometieran el ataque con el argumento de que la actual pol\u00edtica exterior rusa de amistad con el mundo musulm\u00e1n (Ir\u00e1n, Arabia Saud\u00ed, Afganist\u00e1n y los palestinos) lo hace imposible.<\/p>\n\n\n\n<p>Y, sin presentar prueba alguna, responsabiliz\u00f3 directamente del ataque a Ucrania y a sus patrocinadores occidentales, pese a que EE.UU, advirti\u00f3 al Kremlin sobre un posible atentado yihadista.<\/p>\n\n\n\n<p>En cambio, la disidencia acus\u00f3 al Kremlin de equivocarse de enemigo del pueblo al centrar toda la fuerza de su m\u00e1quina represora en perseguir a los propios rusos, desde opositores a pacifistas y minor\u00edas sexuales.<\/p>\n\n\n\n<p>Con informaci\u00f3n de EFE<\/p>\n","protected":false},"excerpt":{"rendered":"<p>Por Carolina Alonso Romei Internacionalista Putin, que lleva en el poder desde el a\u00f1o 2000,&#8230;<\/p>\n","protected":false},"author":2,"featured_media":109785,"comment_status":"open","ping_status":"open","sticky":false,"template":"","format":"standard","meta":{"_monsterinsights_skip_tracking":false,"_monsterinsights_sitenote_active":false,"_monsterinsights_sitenote_note":"","_monsterinsights_sitenote_category":0,"footnotes":""},"categories":[1],"tags":[],"class_list":["post-109784","post","type-post","status-publish","format-standard","has-post-thumbnail","hentry","category-sin-categoria"],"yoast_head":"<!-- This site is optimized with the Yoast SEO plugin v27.3 - https:\/\/yoast.com\/product\/yoast-seo-wordpress\/ -->\n<title>El Quehacer Pol\u00edtico Internacional\/\/\/Carolina Alonso Romei\/\/\/Putin asumir\u00e1 este martes su\u00a0quinto mandato\u00a0al frente del Kremlin con la asignatura pendiente de ganar la guerra en Ucrania -<\/title>\n<meta name=\"robots\" content=\"index, follow, max-snippet:-1, max-image-preview:large, max-video-preview:-1\" \/>\n<link rel=\"canonical\" href=\"https:\/\/quehacerpolitico.mx\/?p=109784\" \/>\n<meta property=\"og:locale\" content=\"es_MX\" \/>\n<meta property=\"og:type\" content=\"article\" \/>\n<meta property=\"og:title\" content=\"El Quehacer Pol\u00edtico Internacional\/\/\/Carolina Alonso Romei\/\/\/Putin asumir\u00e1 este martes su\u00a0quinto mandato\u00a0al frente del Kremlin con la asignatura pendiente de ganar la guerra en Ucrania -\" \/>\n<meta property=\"og:description\" content=\"Por Carolina Alonso Romei Internacionalista Putin, que lleva en el poder desde el a\u00f1o 2000,...\" \/>\n<meta property=\"og:url\" content=\"https:\/\/quehacerpolitico.mx\/?p=109784\" \/>\n<meta property=\"article:published_time\" content=\"2024-05-06T18:21:35+00:00\" \/>\n<meta property=\"article:modified_time\" content=\"2024-05-06T18:21:38+00:00\" \/>\n<meta property=\"og:image\" content=\"https:\/\/quehacerpolitico.mx\/wp-content\/uploads\/2024\/05\/73e1444e-4b17-4ee5-aa11-c102ecdb7153-2.jpeg\" \/>\n\t<meta property=\"og:image:width\" content=\"963\" \/>\n\t<meta property=\"og:image:height\" content=\"493\" \/>\n\t<meta property=\"og:image:type\" content=\"image\/jpeg\" \/>\n<meta name=\"author\" content=\"Redacci\u00f3n QP\" \/>\n<meta name=\"twitter:card\" content=\"summary_large_image\" \/>\n<meta name=\"twitter:label1\" content=\"Escrito por\" \/>\n\t<meta name=\"twitter:data1\" content=\"Redacci\u00f3n QP\" \/>\n\t<meta name=\"twitter:label2\" content=\"Tiempo de lectura\" \/>\n\t<meta name=\"twitter:data2\" content=\"4 minutos\" \/>\n<script type=\"application\/ld+json\" class=\"yoast-schema-graph\">{\"@context\":\"https:\\\/\\\/schema.org\",\"@graph\":[{\"@type\":\"Article\",\"@id\":\"https:\\\/\\\/quehacerpolitico.mx\\\/?p=109784#article\",\"isPartOf\":{\"@id\":\"https:\\\/\\\/quehacerpolitico.mx\\\/?p=109784\"},\"author\":{\"name\":\"Redacci\u00f3n QP\",\"@id\":\"https:\\\/\\\/quehacerpolitico.mx\\\/#\\\/schema\\\/person\\\/496d8ad2d1d3f8036101dca7ee39e585\"},\"headline\":\"El Quehacer Pol\u00edtico Internacional\\\/\\\/\\\/Carolina Alonso Romei\\\/\\\/\\\/Putin asumir\u00e1 este martes su\u00a0quinto mandato\u00a0al frente del Kremlin con la asignatura pendiente de ganar la guerra en Ucrania\",\"datePublished\":\"2024-05-06T18:21:35+00:00\",\"dateModified\":\"2024-05-06T18:21:38+00:00\",\"mainEntityOfPage\":{\"@id\":\"https:\\\/\\\/quehacerpolitico.mx\\\/?p=109784\"},\"wordCount\":858,\"commentCount\":0,\"image\":{\"@id\":\"https:\\\/\\\/quehacerpolitico.mx\\\/?p=109784#primaryimage\"},\"thumbnailUrl\":\"https:\\\/\\\/quehacerpolitico.mx\\\/wp-content\\\/uploads\\\/2024\\\/05\\\/73e1444e-4b17-4ee5-aa11-c102ecdb7153-2.jpeg\",\"articleSection\":[\"Internacionales\"],\"inLanguage\":\"es\",\"potentialAction\":[{\"@type\":\"CommentAction\",\"name\":\"Comment\",\"target\":[\"https:\\\/\\\/quehacerpolitico.mx\\\/?p=109784#respond\"]}]},{\"@type\":\"WebPage\",\"@id\":\"https:\\\/\\\/quehacerpolitico.mx\\\/?p=109784\",\"url\":\"https:\\\/\\\/quehacerpolitico.mx\\\/?p=109784\",\"name\":\"El Quehacer Pol\u00edtico Internacional\\\/\\\/\\\/Carolina Alonso Romei\\\/\\\/\\\/Putin asumir\u00e1 este martes su\u00a0quinto mandato\u00a0al frente del Kremlin con la asignatura pendiente de ganar la guerra en Ucrania -\",\"isPartOf\":{\"@id\":\"https:\\\/\\\/quehacerpolitico.mx\\\/#website\"},\"primaryImageOfPage\":{\"@id\":\"https:\\\/\\\/quehacerpolitico.mx\\\/?p=109784#primaryimage\"},\"image\":{\"@id\":\"https:\\\/\\\/quehacerpolitico.mx\\\/?p=109784#primaryimage\"},\"thumbnailUrl\":\"https:\\\/\\\/quehacerpolitico.mx\\\/wp-content\\\/uploads\\\/2024\\\/05\\\/73e1444e-4b17-4ee5-aa11-c102ecdb7153-2.jpeg\",\"datePublished\":\"2024-05-06T18:21:35+00:00\",\"dateModified\":\"2024-05-06T18:21:38+00:00\",\"author\":{\"@id\":\"https:\\\/\\\/quehacerpolitico.mx\\\/#\\\/schema\\\/person\\\/496d8ad2d1d3f8036101dca7ee39e585\"},\"breadcrumb\":{\"@id\":\"https:\\\/\\\/quehacerpolitico.mx\\\/?p=109784#breadcrumb\"},\"inLanguage\":\"es\",\"potentialAction\":[{\"@type\":\"ReadAction\",\"target\":[\"https:\\\/\\\/quehacerpolitico.mx\\\/?p=109784\"]}]},{\"@type\":\"ImageObject\",\"inLanguage\":\"es\",\"@id\":\"https:\\\/\\\/quehacerpolitico.mx\\\/?p=109784#primaryimage\",\"url\":\"https:\\\/\\\/quehacerpolitico.mx\\\/wp-content\\\/uploads\\\/2024\\\/05\\\/73e1444e-4b17-4ee5-aa11-c102ecdb7153-2.jpeg\",\"contentUrl\":\"https:\\\/\\\/quehacerpolitico.mx\\\/wp-content\\\/uploads\\\/2024\\\/05\\\/73e1444e-4b17-4ee5-aa11-c102ecdb7153-2.jpeg\",\"width\":963,\"height\":493},{\"@type\":\"BreadcrumbList\",\"@id\":\"https:\\\/\\\/quehacerpolitico.mx\\\/?p=109784#breadcrumb\",\"itemListElement\":[{\"@type\":\"ListItem\",\"position\":1,\"name\":\"Inicio\",\"item\":\"https:\\\/\\\/quehacerpolitico.mx\\\/\"},{\"@type\":\"ListItem\",\"position\":2,\"name\":\"El Quehacer Pol\u00edtico Internacional\\\/\\\/\\\/Carolina Alonso Romei\\\/\\\/\\\/Putin asumir\u00e1 este martes su\u00a0quinto mandato\u00a0al frente del Kremlin con la asignatura pendiente de ganar la guerra en Ucrania\"}]},{\"@type\":\"WebSite\",\"@id\":\"https:\\\/\\\/quehacerpolitico.mx\\\/#website\",\"url\":\"https:\\\/\\\/quehacerpolitico.mx\\\/\",\"name\":\"\",\"description\":\"\",\"potentialAction\":[{\"@type\":\"SearchAction\",\"target\":{\"@type\":\"EntryPoint\",\"urlTemplate\":\"https:\\\/\\\/quehacerpolitico.mx\\\/?s={search_term_string}\"},\"query-input\":{\"@type\":\"PropertyValueSpecification\",\"valueRequired\":true,\"valueName\":\"search_term_string\"}}],\"inLanguage\":\"es\"},{\"@type\":\"Person\",\"@id\":\"https:\\\/\\\/quehacerpolitico.mx\\\/#\\\/schema\\\/person\\\/496d8ad2d1d3f8036101dca7ee39e585\",\"name\":\"Redacci\u00f3n QP\",\"image\":{\"@type\":\"ImageObject\",\"inLanguage\":\"es\",\"@id\":\"https:\\\/\\\/secure.gravatar.com\\\/avatar\\\/c7164ed6fdec453195284ad24a5ae5b6e1eed2b848477fa2a4787ba9adf39a41?s=96&d=mm&r=g\",\"url\":\"https:\\\/\\\/secure.gravatar.com\\\/avatar\\\/c7164ed6fdec453195284ad24a5ae5b6e1eed2b848477fa2a4787ba9adf39a41?s=96&d=mm&r=g\",\"contentUrl\":\"https:\\\/\\\/secure.gravatar.com\\\/avatar\\\/c7164ed6fdec453195284ad24a5ae5b6e1eed2b848477fa2a4787ba9adf39a41?s=96&d=mm&r=g\",\"caption\":\"Redacci\u00f3n QP\"},\"url\":\"https:\\\/\\\/quehacerpolitico.mx\\\/?author=2\"}]}<\/script>\n<!-- \/ Yoast SEO plugin. -->","yoast_head_json":{"title":"El Quehacer Pol\u00edtico Internacional\/\/\/Carolina Alonso Romei\/\/\/Putin asumir\u00e1 este martes su\u00a0quinto mandato\u00a0al frente del Kremlin con la asignatura pendiente de ganar la guerra en Ucrania -","robots":{"index":"index","follow":"follow","max-snippet":"max-snippet:-1","max-image-preview":"max-image-preview:large","max-video-preview":"max-video-preview:-1"},"canonical":"https:\/\/quehacerpolitico.mx\/?p=109784","og_locale":"es_MX","og_type":"article","og_title":"El Quehacer Pol\u00edtico Internacional\/\/\/Carolina Alonso Romei\/\/\/Putin asumir\u00e1 este martes su\u00a0quinto mandato\u00a0al frente del Kremlin con la asignatura pendiente de ganar la guerra en Ucrania -","og_description":"Por Carolina Alonso Romei Internacionalista Putin, que lleva en el poder desde el a\u00f1o 2000,...","og_url":"https:\/\/quehacerpolitico.mx\/?p=109784","article_published_time":"2024-05-06T18:21:35+00:00","article_modified_time":"2024-05-06T18:21:38+00:00","og_image":[{"width":963,"height":493,"url":"https:\/\/quehacerpolitico.mx\/wp-content\/uploads\/2024\/05\/73e1444e-4b17-4ee5-aa11-c102ecdb7153-2.jpeg","type":"image\/jpeg"}],"author":"Redacci\u00f3n QP","twitter_card":"summary_large_image","twitter_misc":{"Escrito por":"Redacci\u00f3n QP","Tiempo de lectura":"4 minutos"},"schema":{"@context":"https:\/\/schema.org","@graph":[{"@type":"Article","@id":"https:\/\/quehacerpolitico.mx\/?p=109784#article","isPartOf":{"@id":"https:\/\/quehacerpolitico.mx\/?p=109784"},"author":{"name":"Redacci\u00f3n QP","@id":"https:\/\/quehacerpolitico.mx\/#\/schema\/person\/496d8ad2d1d3f8036101dca7ee39e585"},"headline":"El Quehacer Pol\u00edtico Internacional\/\/\/Carolina Alonso Romei\/\/\/Putin asumir\u00e1 este martes su\u00a0quinto mandato\u00a0al frente del Kremlin con la asignatura pendiente de ganar la guerra en Ucrania","datePublished":"2024-05-06T18:21:35+00:00","dateModified":"2024-05-06T18:21:38+00:00","mainEntityOfPage":{"@id":"https:\/\/quehacerpolitico.mx\/?p=109784"},"wordCount":858,"commentCount":0,"image":{"@id":"https:\/\/quehacerpolitico.mx\/?p=109784#primaryimage"},"thumbnailUrl":"https:\/\/quehacerpolitico.mx\/wp-content\/uploads\/2024\/05\/73e1444e-4b17-4ee5-aa11-c102ecdb7153-2.jpeg","articleSection":["Internacionales"],"inLanguage":"es","potentialAction":[{"@type":"CommentAction","name":"Comment","target":["https:\/\/quehacerpolitico.mx\/?p=109784#respond"]}]},{"@type":"WebPage","@id":"https:\/\/quehacerpolitico.mx\/?p=109784","url":"https:\/\/quehacerpolitico.mx\/?p=109784","name":"El Quehacer Pol\u00edtico Internacional\/\/\/Carolina Alonso Romei\/\/\/Putin asumir\u00e1 este martes su\u00a0quinto mandato\u00a0al frente del Kremlin con la asignatura pendiente de ganar la guerra en Ucrania -","isPartOf":{"@id":"https:\/\/quehacerpolitico.mx\/#website"},"primaryImageOfPage":{"@id":"https:\/\/quehacerpolitico.mx\/?p=109784#primaryimage"},"image":{"@id":"https:\/\/quehacerpolitico.mx\/?p=109784#primaryimage"},"thumbnailUrl":"https:\/\/quehacerpolitico.mx\/wp-content\/uploads\/2024\/05\/73e1444e-4b17-4ee5-aa11-c102ecdb7153-2.jpeg","datePublished":"2024-05-06T18:21:35+00:00","dateModified":"2024-05-06T18:21:38+00:00","author":{"@id":"https:\/\/quehacerpolitico.mx\/#\/schema\/person\/496d8ad2d1d3f8036101dca7ee39e585"},"breadcrumb":{"@id":"https:\/\/quehacerpolitico.mx\/?p=109784#breadcrumb"},"inLanguage":"es","potentialAction":[{"@type":"ReadAction","target":["https:\/\/quehacerpolitico.mx\/?p=109784"]}]},{"@type":"ImageObject","inLanguage":"es","@id":"https:\/\/quehacerpolitico.mx\/?p=109784#primaryimage","url":"https:\/\/quehacerpolitico.mx\/wp-content\/uploads\/2024\/05\/73e1444e-4b17-4ee5-aa11-c102ecdb7153-2.jpeg","contentUrl":"https:\/\/quehacerpolitico.mx\/wp-content\/uploads\/2024\/05\/73e1444e-4b17-4ee5-aa11-c102ecdb7153-2.jpeg","width":963,"height":493},{"@type":"BreadcrumbList","@id":"https:\/\/quehacerpolitico.mx\/?p=109784#breadcrumb","itemListElement":[{"@type":"ListItem","position":1,"name":"Inicio","item":"https:\/\/quehacerpolitico.mx\/"},{"@type":"ListItem","position":2,"name":"El Quehacer Pol\u00edtico Internacional\/\/\/Carolina Alonso Romei\/\/\/Putin asumir\u00e1 este martes su\u00a0quinto mandato\u00a0al frente del Kremlin con la asignatura pendiente de ganar la guerra en Ucrania"}]},{"@type":"WebSite","@id":"https:\/\/quehacerpolitico.mx\/#website","url":"https:\/\/quehacerpolitico.mx\/","name":"","description":"","potentialAction":[{"@type":"SearchAction","target":{"@type":"EntryPoint","urlTemplate":"https:\/\/quehacerpolitico.mx\/?s={search_term_string}"},"query-input":{"@type":"PropertyValueSpecification","valueRequired":true,"valueName":"search_term_string"}}],"inLanguage":"es"},{"@type":"Person","@id":"https:\/\/quehacerpolitico.mx\/#\/schema\/person\/496d8ad2d1d3f8036101dca7ee39e585","name":"Redacci\u00f3n QP","image":{"@type":"ImageObject","inLanguage":"es","@id":"https:\/\/secure.gravatar.com\/avatar\/c7164ed6fdec453195284ad24a5ae5b6e1eed2b848477fa2a4787ba9adf39a41?s=96&d=mm&r=g","url":"https:\/\/secure.gravatar.com\/avatar\/c7164ed6fdec453195284ad24a5ae5b6e1eed2b848477fa2a4787ba9adf39a41?s=96&d=mm&r=g","contentUrl":"https:\/\/secure.gravatar.com\/avatar\/c7164ed6fdec453195284ad24a5ae5b6e1eed2b848477fa2a4787ba9adf39a41?s=96&d=mm&r=g","caption":"Redacci\u00f3n QP"},"url":"https:\/\/quehacerpolitico.mx\/?author=2"}]}},"featured_image_urls":{"full":["https:\/\/quehacerpolitico.mx\/wp-content\/uploads\/2024\/05\/73e1444e-4b17-4ee5-aa11-c102ecdb7153-2.jpeg",963,493,false],"thumbnail":["https:\/\/quehacerpolitico.mx\/wp-content\/uploads\/2024\/05\/73e1444e-4b17-4ee5-aa11-c102ecdb7153-2-150x150.jpeg",150,150,true],"medium":["https:\/\/quehacerpolitico.mx\/wp-content\/uploads\/2024\/05\/73e1444e-4b17-4ee5-aa11-c102ecdb7153-2-300x154.jpeg",300,154,true],"medium_large":["https:\/\/quehacerpolitico.mx\/wp-content\/uploads\/2024\/05\/73e1444e-4b17-4ee5-aa11-c102ecdb7153-2-768x393.jpeg",640,328,true],"large":["https:\/\/quehacerpolitico.mx\/wp-content\/uploads\/2024\/05\/73e1444e-4b17-4ee5-aa11-c102ecdb7153-2.jpeg",640,328,false],"1536x1536":["https:\/\/quehacerpolitico.mx\/wp-content\/uploads\/2024\/05\/73e1444e-4b17-4ee5-aa11-c102ecdb7153-2.jpeg",963,493,false],"2048x2048":["https:\/\/quehacerpolitico.mx\/wp-content\/uploads\/2024\/05\/73e1444e-4b17-4ee5-aa11-c102ecdb7153-2.jpeg",963,493,false],"covernews-featured":["https:\/\/quehacerpolitico.mx\/wp-content\/uploads\/2024\/05\/73e1444e-4b17-4ee5-aa11-c102ecdb7153-2.jpeg",963,493,false],"covernews-medium":["https:\/\/quehacerpolitico.mx\/wp-content\/uploads\/2024\/05\/73e1444e-4b17-4ee5-aa11-c102ecdb7153-2.jpeg",540,276,false]},"author_info":{"display_name":"Redacci\u00f3n QP","author_link":"https:\/\/quehacerpolitico.mx\/?author=2"},"category_info":"<a href=\"https:\/\/quehacerpolitico.mx\/?cat=1\" rel=\"category\">Internacionales<\/a>","tag_info":"Internacionales","comment_count":"0","_links":{"self":[{"href":"https:\/\/quehacerpolitico.mx\/index.php?rest_route=\/wp\/v2\/posts\/109784","targetHints":{"allow":["GET"]}}],"collection":[{"href":"https:\/\/quehacerpolitico.mx\/index.php?rest_route=\/wp\/v2\/posts"}],"about":[{"href":"https:\/\/quehacerpolitico.mx\/index.php?rest_route=\/wp\/v2\/types\/post"}],"author":[{"embeddable":true,"href":"https:\/\/quehacerpolitico.mx\/index.php?rest_route=\/wp\/v2\/users\/2"}],"replies":[{"embeddable":true,"href":"https:\/\/quehacerpolitico.mx\/index.php?rest_route=%2Fwp%2Fv2%2Fcomments&post=109784"}],"version-history":[{"count":1,"href":"https:\/\/quehacerpolitico.mx\/index.php?rest_route=\/wp\/v2\/posts\/109784\/revisions"}],"predecessor-version":[{"id":109786,"href":"https:\/\/quehacerpolitico.mx\/index.php?rest_route=\/wp\/v2\/posts\/109784\/revisions\/109786"}],"wp:featuredmedia":[{"embeddable":true,"href":"https:\/\/quehacerpolitico.mx\/index.php?rest_route=\/wp\/v2\/media\/109785"}],"wp:attachment":[{"href":"https:\/\/quehacerpolitico.mx\/index.php?rest_route=%2Fwp%2Fv2%2Fmedia&parent=109784"}],"wp:term":[{"taxonomy":"category","embeddable":true,"href":"https:\/\/quehacerpolitico.mx\/index.php?rest_route=%2Fwp%2Fv2%2Fcategories&post=109784"},{"taxonomy":"post_tag","embeddable":true,"href":"https:\/\/quehacerpolitico.mx\/index.php?rest_route=%2Fwp%2Fv2%2Ftags&post=109784"}],"curies":[{"name":"wp","href":"https:\/\/api.w.org\/{rel}","templated":true}]}}