{"id":109751,"date":"2024-05-02T20:30:18","date_gmt":"2024-05-02T20:30:18","guid":{"rendered":"https:\/\/quehacerpolitico.mx\/?p=109751"},"modified":"2024-05-02T20:30:20","modified_gmt":"2024-05-02T20:30:20","slug":"canelo-alvarez-presume-carisimo-reloj-previo-a-su-pelea-contra-jaime-munguia","status":"publish","type":"post","link":"https:\/\/quehacerpolitico.mx\/?p=109751","title":{"rendered":"Canelo \u00c1lvarez presume car\u00edsimo reloj previo a su pelea contra Jaime Mungu\u00eda"},"content":{"rendered":"\n<p>Por Redacci\u00f3n QP<\/p>\n\n\n\n<p>El boxeador mexicano adelant\u00f3 que a lo largo de la semana se le ver\u00e1 con diferentes dise\u00f1os, dependiendo de su vestimenta<\/p>\n\n\n\n<p><strong>Las Vegas<\/strong>\u00a0es la ciudad donde el glamour, los diamantes y las extravagancias predominan. Consciente de eso, el boxeador mexicano\u00a0Saul \u201cCanelo\u201d Alvarez aprovech\u00f3 el lugar donde se llevar\u00e1 a cabo este fin de semana la pelea contra Jaime Mungu\u00eda para presumir &#8220;unos juguetitos&#8221;.<\/p>\n\n\n\n<p>Adem\u00e1s, del lujoso auto deportivo en el cual lleg\u00f3 al MGM Grand de Las Vegas,\u00a0<strong>el jalisciense present\u00f3 un reloj car\u00edsimo, con valor de 1.5 millones de d\u00f3lares, es decir, m\u00e1s de 25 millones de pesos porque est\u00e1 hecho en oro rosa de 18 quilates.<\/strong><\/p>\n\n\n\n<p><mark><strong>&#8220;Este es la edici\u00f3n Evil Eye Richard Mille, lo compr\u00e9 hace casi siete a\u00f1os, ya en septiembre cumplo siete a\u00f1os, ahora yo creo que cuesta 1.5 millones de d\u00f3lares&#8221;<\/strong><\/mark>, expres\u00f3 en una entrevista a TV Azteca.<\/p>\n\n\n\n<figure class=\"wp-block-image size-large\"><img loading=\"lazy\" decoding=\"async\" width=\"796\" height=\"1024\" src=\"https:\/\/quehacerpolitico.mx\/wp-content\/uploads\/2024\/05\/image-4-796x1024.jpeg\" alt=\"\" class=\"wp-image-109752\" srcset=\"https:\/\/quehacerpolitico.mx\/wp-content\/uploads\/2024\/05\/image-4-796x1024.jpeg 796w, https:\/\/quehacerpolitico.mx\/wp-content\/uploads\/2024\/05\/image-4-233x300.jpeg 233w, https:\/\/quehacerpolitico.mx\/wp-content\/uploads\/2024\/05\/image-4-768x988.jpeg 768w, https:\/\/quehacerpolitico.mx\/wp-content\/uploads\/2024\/05\/image-4-1195x1536.jpeg 1195w, https:\/\/quehacerpolitico.mx\/wp-content\/uploads\/2024\/05\/image-4-114x146.jpeg 114w, https:\/\/quehacerpolitico.mx\/wp-content\/uploads\/2024\/05\/image-4-39x50.jpeg 39w, https:\/\/quehacerpolitico.mx\/wp-content\/uploads\/2024\/05\/image-4-58x75.jpeg 58w, https:\/\/quehacerpolitico.mx\/wp-content\/uploads\/2024\/05\/image-4.jpeg 1284w\" sizes=\"auto, (max-width: 796px) 100vw, 796px\" \/><figcaption class=\"wp-element-caption\">Screenshot<\/figcaption><\/figure>\n\n\n\n<p>Con la informaci\u00f3n que brind\u00f3 Canelo \u00c1lvarez quiere decir que el reloj lo compr\u00f3 en 2017, a\u00f1o en el que pel\u00f3 ante Julio C\u00e9sar Ch\u00e1vez Jr. y Gennady Golovkin.<\/p>\n\n\n\n<p><strong>\u00c1lvarez Barrag\u00e1n adelant\u00f3 que a lo largo de la semana se le ver\u00e1 con distintos relojes, dependiendo de su vestimenta.<\/strong><\/p>\n\n\n\n<p><mark><strong>&#8220;Traigo mi colecci\u00f3n, traigo uno para color&#8221;<\/strong><\/mark>, asegur\u00f3 Sa\u00fal.<\/p>\n\n\n\n<p>El siguiente evento del Canelo \u00c1lvarez en Las Vegas, es la ceremonia de pesaje, donde se ver\u00e1 por \u00faltima vez ante Jaime Mungu\u00eda, este 3 de mayo.<\/p>\n\n\n\n<p>La pelea entre los mexicanos est\u00e1 pactada en las 168 libras, porque Sa\u00fal expone los cuatro t\u00edtulos de los supermedianos de todos los organismos de boxeo (CMB, OMB, AMB y FIB).<\/p>\n\n\n\n<p>Con informaci\u00f3n de SUN<\/p>\n","protected":false},"excerpt":{"rendered":"<p>Por Redacci\u00f3n QP El boxeador mexicano adelant\u00f3 que a lo largo de la semana se&#8230;<\/p>\n","protected":false},"author":2,"featured_media":109753,"comment_status":"open","ping_status":"open","sticky":false,"template":"","format":"standard","meta":{"_monsterinsights_skip_tracking":false,"_monsterinsights_sitenote_active":false,"_monsterinsights_sitenote_note":"","_monsterinsights_sitenote_category":0,"footnotes":""},"categories":[54],"tags":[],"class_list":["post-109751","post","type-post","status-publish","format-standard","has-post-thumbnail","hentry","category-deportes"],"yoast_head":"<!-- This site is optimized with the Yoast SEO plugin v27.3 - https:\/\/yoast.com\/product\/yoast-seo-wordpress\/ -->\n<title>Canelo \u00c1lvarez presume car\u00edsimo reloj previo a su pelea contra Jaime Mungu\u00eda -<\/title>\n<meta name=\"robots\" content=\"index, follow, max-snippet:-1, max-image-preview:large, max-video-preview:-1\" \/>\n<link rel=\"canonical\" href=\"https:\/\/quehacerpolitico.mx\/?p=109751\" \/>\n<meta property=\"og:locale\" content=\"es_MX\" \/>\n<meta property=\"og:type\" content=\"article\" \/>\n<meta property=\"og:title\" content=\"Canelo \u00c1lvarez presume car\u00edsimo reloj previo a su pelea contra Jaime Mungu\u00eda -\" \/>\n<meta property=\"og:description\" content=\"Por Redacci\u00f3n QP El boxeador mexicano adelant\u00f3 que a lo largo de la semana se...\" \/>\n<meta property=\"og:url\" content=\"https:\/\/quehacerpolitico.mx\/?p=109751\" \/>\n<meta property=\"article:published_time\" content=\"2024-05-02T20:30:18+00:00\" \/>\n<meta property=\"article:modified_time\" content=\"2024-05-02T20:30:20+00:00\" \/>\n<meta property=\"og:image\" content=\"https:\/\/quehacerpolitico.mx\/wp-content\/uploads\/2024\/05\/IMG_5357.jpeg\" \/>\n\t<meta property=\"og:image:width\" content=\"600\" \/>\n\t<meta property=\"og:image:height\" content=\"315\" \/>\n\t<meta property=\"og:image:type\" content=\"image\/jpeg\" \/>\n<meta name=\"author\" content=\"Redacci\u00f3n QP\" \/>\n<meta name=\"twitter:card\" content=\"summary_large_image\" \/>\n<meta name=\"twitter:label1\" content=\"Escrito por\" \/>\n\t<meta name=\"twitter:data1\" content=\"Redacci\u00f3n QP\" \/>\n\t<meta name=\"twitter:label2\" content=\"Tiempo de lectura\" \/>\n\t<meta name=\"twitter:data2\" content=\"1 minuto\" \/>\n<script type=\"application\/ld+json\" class=\"yoast-schema-graph\">{\"@context\":\"https:\\\/\\\/schema.org\",\"@graph\":[{\"@type\":\"Article\",\"@id\":\"https:\\\/\\\/quehacerpolitico.mx\\\/?p=109751#article\",\"isPartOf\":{\"@id\":\"https:\\\/\\\/quehacerpolitico.mx\\\/?p=109751\"},\"author\":{\"name\":\"Redacci\u00f3n QP\",\"@id\":\"https:\\\/\\\/quehacerpolitico.mx\\\/#\\\/schema\\\/person\\\/496d8ad2d1d3f8036101dca7ee39e585\"},\"headline\":\"Canelo \u00c1lvarez presume car\u00edsimo reloj previo a su pelea contra Jaime Mungu\u00eda\",\"datePublished\":\"2024-05-02T20:30:18+00:00\",\"dateModified\":\"2024-05-02T20:30:20+00:00\",\"mainEntityOfPage\":{\"@id\":\"https:\\\/\\\/quehacerpolitico.mx\\\/?p=109751\"},\"wordCount\":299,\"commentCount\":0,\"image\":{\"@id\":\"https:\\\/\\\/quehacerpolitico.mx\\\/?p=109751#primaryimage\"},\"thumbnailUrl\":\"https:\\\/\\\/quehacerpolitico.mx\\\/wp-content\\\/uploads\\\/2024\\\/05\\\/IMG_5357.jpeg\",\"articleSection\":[\"Deportes\"],\"inLanguage\":\"es\",\"potentialAction\":[{\"@type\":\"CommentAction\",\"name\":\"Comment\",\"target\":[\"https:\\\/\\\/quehacerpolitico.mx\\\/?p=109751#respond\"]}]},{\"@type\":\"WebPage\",\"@id\":\"https:\\\/\\\/quehacerpolitico.mx\\\/?p=109751\",\"url\":\"https:\\\/\\\/quehacerpolitico.mx\\\/?p=109751\",\"name\":\"Canelo \u00c1lvarez presume car\u00edsimo reloj previo a su pelea contra Jaime Mungu\u00eda -\",\"isPartOf\":{\"@id\":\"https:\\\/\\\/quehacerpolitico.mx\\\/#website\"},\"primaryImageOfPage\":{\"@id\":\"https:\\\/\\\/quehacerpolitico.mx\\\/?p=109751#primaryimage\"},\"image\":{\"@id\":\"https:\\\/\\\/quehacerpolitico.mx\\\/?p=109751#primaryimage\"},\"thumbnailUrl\":\"https:\\\/\\\/quehacerpolitico.mx\\\/wp-content\\\/uploads\\\/2024\\\/05\\\/IMG_5357.jpeg\",\"datePublished\":\"2024-05-02T20:30:18+00:00\",\"dateModified\":\"2024-05-02T20:30:20+00:00\",\"author\":{\"@id\":\"https:\\\/\\\/quehacerpolitico.mx\\\/#\\\/schema\\\/person\\\/496d8ad2d1d3f8036101dca7ee39e585\"},\"breadcrumb\":{\"@id\":\"https:\\\/\\\/quehacerpolitico.mx\\\/?p=109751#breadcrumb\"},\"inLanguage\":\"es\",\"potentialAction\":[{\"@type\":\"ReadAction\",\"target\":[\"https:\\\/\\\/quehacerpolitico.mx\\\/?p=109751\"]}]},{\"@type\":\"ImageObject\",\"inLanguage\":\"es\",\"@id\":\"https:\\\/\\\/quehacerpolitico.mx\\\/?p=109751#primaryimage\",\"url\":\"https:\\\/\\\/quehacerpolitico.mx\\\/wp-content\\\/uploads\\\/2024\\\/05\\\/IMG_5357.jpeg\",\"contentUrl\":\"https:\\\/\\\/quehacerpolitico.mx\\\/wp-content\\\/uploads\\\/2024\\\/05\\\/IMG_5357.jpeg\",\"width\":600,\"height\":315},{\"@type\":\"BreadcrumbList\",\"@id\":\"https:\\\/\\\/quehacerpolitico.mx\\\/?p=109751#breadcrumb\",\"itemListElement\":[{\"@type\":\"ListItem\",\"position\":1,\"name\":\"Inicio\",\"item\":\"https:\\\/\\\/quehacerpolitico.mx\\\/\"},{\"@type\":\"ListItem\",\"position\":2,\"name\":\"Canelo \u00c1lvarez presume car\u00edsimo reloj previo a su pelea contra Jaime Mungu\u00eda\"}]},{\"@type\":\"WebSite\",\"@id\":\"https:\\\/\\\/quehacerpolitico.mx\\\/#website\",\"url\":\"https:\\\/\\\/quehacerpolitico.mx\\\/\",\"name\":\"\",\"description\":\"\",\"potentialAction\":[{\"@type\":\"SearchAction\",\"target\":{\"@type\":\"EntryPoint\",\"urlTemplate\":\"https:\\\/\\\/quehacerpolitico.mx\\\/?s={search_term_string}\"},\"query-input\":{\"@type\":\"PropertyValueSpecification\",\"valueRequired\":true,\"valueName\":\"search_term_string\"}}],\"inLanguage\":\"es\"},{\"@type\":\"Person\",\"@id\":\"https:\\\/\\\/quehacerpolitico.mx\\\/#\\\/schema\\\/person\\\/496d8ad2d1d3f8036101dca7ee39e585\",\"name\":\"Redacci\u00f3n QP\",\"image\":{\"@type\":\"ImageObject\",\"inLanguage\":\"es\",\"@id\":\"https:\\\/\\\/secure.gravatar.com\\\/avatar\\\/c7164ed6fdec453195284ad24a5ae5b6e1eed2b848477fa2a4787ba9adf39a41?s=96&d=mm&r=g\",\"url\":\"https:\\\/\\\/secure.gravatar.com\\\/avatar\\\/c7164ed6fdec453195284ad24a5ae5b6e1eed2b848477fa2a4787ba9adf39a41?s=96&d=mm&r=g\",\"contentUrl\":\"https:\\\/\\\/secure.gravatar.com\\\/avatar\\\/c7164ed6fdec453195284ad24a5ae5b6e1eed2b848477fa2a4787ba9adf39a41?s=96&d=mm&r=g\",\"caption\":\"Redacci\u00f3n QP\"},\"url\":\"https:\\\/\\\/quehacerpolitico.mx\\\/?author=2\"}]}<\/script>\n<!-- \/ Yoast SEO plugin. -->","yoast_head_json":{"title":"Canelo \u00c1lvarez presume car\u00edsimo reloj previo a su pelea contra Jaime Mungu\u00eda -","robots":{"index":"index","follow":"follow","max-snippet":"max-snippet:-1","max-image-preview":"max-image-preview:large","max-video-preview":"max-video-preview:-1"},"canonical":"https:\/\/quehacerpolitico.mx\/?p=109751","og_locale":"es_MX","og_type":"article","og_title":"Canelo \u00c1lvarez presume car\u00edsimo reloj previo a su pelea contra Jaime Mungu\u00eda -","og_description":"Por Redacci\u00f3n QP El boxeador mexicano adelant\u00f3 que a lo largo de la semana se...","og_url":"https:\/\/quehacerpolitico.mx\/?p=109751","article_published_time":"2024-05-02T20:30:18+00:00","article_modified_time":"2024-05-02T20:30:20+00:00","og_image":[{"width":600,"height":315,"url":"https:\/\/quehacerpolitico.mx\/wp-content\/uploads\/2024\/05\/IMG_5357.jpeg","type":"image\/jpeg"}],"author":"Redacci\u00f3n QP","twitter_card":"summary_large_image","twitter_misc":{"Escrito por":"Redacci\u00f3n QP","Tiempo de lectura":"1 minuto"},"schema":{"@context":"https:\/\/schema.org","@graph":[{"@type":"Article","@id":"https:\/\/quehacerpolitico.mx\/?p=109751#article","isPartOf":{"@id":"https:\/\/quehacerpolitico.mx\/?p=109751"},"author":{"name":"Redacci\u00f3n QP","@id":"https:\/\/quehacerpolitico.mx\/#\/schema\/person\/496d8ad2d1d3f8036101dca7ee39e585"},"headline":"Canelo \u00c1lvarez presume car\u00edsimo reloj previo a su pelea contra Jaime Mungu\u00eda","datePublished":"2024-05-02T20:30:18+00:00","dateModified":"2024-05-02T20:30:20+00:00","mainEntityOfPage":{"@id":"https:\/\/quehacerpolitico.mx\/?p=109751"},"wordCount":299,"commentCount":0,"image":{"@id":"https:\/\/quehacerpolitico.mx\/?p=109751#primaryimage"},"thumbnailUrl":"https:\/\/quehacerpolitico.mx\/wp-content\/uploads\/2024\/05\/IMG_5357.jpeg","articleSection":["Deportes"],"inLanguage":"es","potentialAction":[{"@type":"CommentAction","name":"Comment","target":["https:\/\/quehacerpolitico.mx\/?p=109751#respond"]}]},{"@type":"WebPage","@id":"https:\/\/quehacerpolitico.mx\/?p=109751","url":"https:\/\/quehacerpolitico.mx\/?p=109751","name":"Canelo \u00c1lvarez presume car\u00edsimo reloj previo a su pelea contra Jaime Mungu\u00eda -","isPartOf":{"@id":"https:\/\/quehacerpolitico.mx\/#website"},"primaryImageOfPage":{"@id":"https:\/\/quehacerpolitico.mx\/?p=109751#primaryimage"},"image":{"@id":"https:\/\/quehacerpolitico.mx\/?p=109751#primaryimage"},"thumbnailUrl":"https:\/\/quehacerpolitico.mx\/wp-content\/uploads\/2024\/05\/IMG_5357.jpeg","datePublished":"2024-05-02T20:30:18+00:00","dateModified":"2024-05-02T20:30:20+00:00","author":{"@id":"https:\/\/quehacerpolitico.mx\/#\/schema\/person\/496d8ad2d1d3f8036101dca7ee39e585"},"breadcrumb":{"@id":"https:\/\/quehacerpolitico.mx\/?p=109751#breadcrumb"},"inLanguage":"es","potentialAction":[{"@type":"ReadAction","target":["https:\/\/quehacerpolitico.mx\/?p=109751"]}]},{"@type":"ImageObject","inLanguage":"es","@id":"https:\/\/quehacerpolitico.mx\/?p=109751#primaryimage","url":"https:\/\/quehacerpolitico.mx\/wp-content\/uploads\/2024\/05\/IMG_5357.jpeg","contentUrl":"https:\/\/quehacerpolitico.mx\/wp-content\/uploads\/2024\/05\/IMG_5357.jpeg","width":600,"height":315},{"@type":"BreadcrumbList","@id":"https:\/\/quehacerpolitico.mx\/?p=109751#breadcrumb","itemListElement":[{"@type":"ListItem","position":1,"name":"Inicio","item":"https:\/\/quehacerpolitico.mx\/"},{"@type":"ListItem","position":2,"name":"Canelo \u00c1lvarez presume car\u00edsimo reloj previo a su pelea contra Jaime Mungu\u00eda"}]},{"@type":"WebSite","@id":"https:\/\/quehacerpolitico.mx\/#website","url":"https:\/\/quehacerpolitico.mx\/","name":"","description":"","potentialAction":[{"@type":"SearchAction","target":{"@type":"EntryPoint","urlTemplate":"https:\/\/quehacerpolitico.mx\/?s={search_term_string}"},"query-input":{"@type":"PropertyValueSpecification","valueRequired":true,"valueName":"search_term_string"}}],"inLanguage":"es"},{"@type":"Person","@id":"https:\/\/quehacerpolitico.mx\/#\/schema\/person\/496d8ad2d1d3f8036101dca7ee39e585","name":"Redacci\u00f3n QP","image":{"@type":"ImageObject","inLanguage":"es","@id":"https:\/\/secure.gravatar.com\/avatar\/c7164ed6fdec453195284ad24a5ae5b6e1eed2b848477fa2a4787ba9adf39a41?s=96&d=mm&r=g","url":"https:\/\/secure.gravatar.com\/avatar\/c7164ed6fdec453195284ad24a5ae5b6e1eed2b848477fa2a4787ba9adf39a41?s=96&d=mm&r=g","contentUrl":"https:\/\/secure.gravatar.com\/avatar\/c7164ed6fdec453195284ad24a5ae5b6e1eed2b848477fa2a4787ba9adf39a41?s=96&d=mm&r=g","caption":"Redacci\u00f3n QP"},"url":"https:\/\/quehacerpolitico.mx\/?author=2"}]}},"featured_image_urls":{"full":["https:\/\/quehacerpolitico.mx\/wp-content\/uploads\/2024\/05\/IMG_5357.jpeg",600,315,false],"thumbnail":["https:\/\/quehacerpolitico.mx\/wp-content\/uploads\/2024\/05\/IMG_5357-150x150.jpeg",150,150,true],"medium":["https:\/\/quehacerpolitico.mx\/wp-content\/uploads\/2024\/05\/IMG_5357-300x158.jpeg",300,158,true],"medium_large":["https:\/\/quehacerpolitico.mx\/wp-content\/uploads\/2024\/05\/IMG_5357.jpeg",600,315,false],"large":["https:\/\/quehacerpolitico.mx\/wp-content\/uploads\/2024\/05\/IMG_5357.jpeg",600,315,false],"1536x1536":["https:\/\/quehacerpolitico.mx\/wp-content\/uploads\/2024\/05\/IMG_5357.jpeg",600,315,false],"2048x2048":["https:\/\/quehacerpolitico.mx\/wp-content\/uploads\/2024\/05\/IMG_5357.jpeg",600,315,false],"covernews-featured":["https:\/\/quehacerpolitico.mx\/wp-content\/uploads\/2024\/05\/IMG_5357.jpeg",600,315,false],"covernews-medium":["https:\/\/quehacerpolitico.mx\/wp-content\/uploads\/2024\/05\/IMG_5357.jpeg",540,284,false]},"author_info":{"display_name":"Redacci\u00f3n QP","author_link":"https:\/\/quehacerpolitico.mx\/?author=2"},"category_info":"<a href=\"https:\/\/quehacerpolitico.mx\/?cat=54\" rel=\"category\">Deportes<\/a>","tag_info":"Deportes","comment_count":"0","_links":{"self":[{"href":"https:\/\/quehacerpolitico.mx\/index.php?rest_route=\/wp\/v2\/posts\/109751","targetHints":{"allow":["GET"]}}],"collection":[{"href":"https:\/\/quehacerpolitico.mx\/index.php?rest_route=\/wp\/v2\/posts"}],"about":[{"href":"https:\/\/quehacerpolitico.mx\/index.php?rest_route=\/wp\/v2\/types\/post"}],"author":[{"embeddable":true,"href":"https:\/\/quehacerpolitico.mx\/index.php?rest_route=\/wp\/v2\/users\/2"}],"replies":[{"embeddable":true,"href":"https:\/\/quehacerpolitico.mx\/index.php?rest_route=%2Fwp%2Fv2%2Fcomments&post=109751"}],"version-history":[{"count":1,"href":"https:\/\/quehacerpolitico.mx\/index.php?rest_route=\/wp\/v2\/posts\/109751\/revisions"}],"predecessor-version":[{"id":109754,"href":"https:\/\/quehacerpolitico.mx\/index.php?rest_route=\/wp\/v2\/posts\/109751\/revisions\/109754"}],"wp:featuredmedia":[{"embeddable":true,"href":"https:\/\/quehacerpolitico.mx\/index.php?rest_route=\/wp\/v2\/media\/109753"}],"wp:attachment":[{"href":"https:\/\/quehacerpolitico.mx\/index.php?rest_route=%2Fwp%2Fv2%2Fmedia&parent=109751"}],"wp:term":[{"taxonomy":"category","embeddable":true,"href":"https:\/\/quehacerpolitico.mx\/index.php?rest_route=%2Fwp%2Fv2%2Fcategories&post=109751"},{"taxonomy":"post_tag","embeddable":true,"href":"https:\/\/quehacerpolitico.mx\/index.php?rest_route=%2Fwp%2Fv2%2Ftags&post=109751"}],"curies":[{"name":"wp","href":"https:\/\/api.w.org\/{rel}","templated":true}]}}