{"id":10975,"date":"2018-12-05T03:45:23","date_gmt":"2018-12-05T03:45:23","guid":{"rendered":"http:\/\/quehacerpolitico.mx\/durante-la-conago-gobernadores-pediran-que-superdelegados-no-intervengan-en-seguridad\/"},"modified":"2018-12-05T03:45:23","modified_gmt":"2018-12-05T03:45:23","slug":"durante-la-conago-gobernadores-pediran-que-superdelegados-no-intervengan-en-seguridad","status":"publish","type":"post","link":"https:\/\/quehacerpolitico.mx\/?p=10975","title":{"rendered":"Durante la Conago, gobernadores pedir\u00e1n que s\u00faperdelegados no intervengan en seguridad"},"content":{"rendered":"<h1>Durante la Conago, gobernadores pedir\u00e1n que s\u00faperdelegados no intervengan en seguridad<\/h1>\n<p>Por Redacci\u00f3n QP<\/p>\n<p>Los<strong> s\u00faperdelegados<\/strong> no deben intervenir en <strong>temas de seguridad<\/strong>, plantear\u00e1n esta tarde <strong>integrantes de la\u00a0Conferencia Nacional de Gobernadores (Conago)<\/strong> a Andr\u00e9s Manuel L\u00f3pez Obrador.<\/p>\n<p>Lo anterior fue confirmado por los <strong>gobernadores Javier Corral Jurado,\u00a0Silvano Aureoles y Enrique Alfaro<\/strong>, de acuerdo con el diario <em>Reforma.<\/em><\/p>\n<blockquote>\n<p>Corral Jurado aseguro que hay consenso en que dicha figura, la de los s\u00faperdelegados, no debe interferir en los temas de seguridad.<\/p>\n<\/blockquote>\n<div id=\"attachment_3506730\" class=\"wp-caption alignnone\"><img loading=\"lazy\" decoding=\"async\" class=\"wp-image-3506730 size-full\" src=\"https:\/\/www.sinembargo.mx\/wp-content\/uploads\/2018\/12\/71e66eca-2df8-460f-97b3-30787203e285.jpg\" sizes=\"auto, (max-width: 700px) 100vw, 700px\" srcset=\"https:\/\/www.sinembargo.mx\/wp-content\/uploads\/2018\/12\/71e66eca-2df8-460f-97b3-30787203e285.jpg 700w, https:\/\/www.sinembargo.mx\/wp-content\/uploads\/2018\/12\/71e66eca-2df8-460f-97b3-30787203e285-300x200.jpg 300w\" alt=\"\" width=\"700\" height=\"467\" \/><\/p>\n<p class=\"wp-caption-text\">La LV Conferencia Nacional de Gobernadores se reuni\u00f3 con el presidente Andr\u00e9s Manuel L\u00f3pez Obrador en Palacio Nacional. Foto: Cuartoscuro.<\/p>\n<\/div>\n<div id=\"attachment_3506731\" class=\"wp-caption alignnone\"><img loading=\"lazy\" decoding=\"async\" class=\"wp-image-3506731 size-full\" src=\"https:\/\/www.sinembargo.mx\/wp-content\/uploads\/2018\/12\/4a1f08ad-cb08-48e8-9e37-3e7b172f8219.jpg\" sizes=\"auto, (max-width: 700px) 100vw, 700px\" srcset=\"https:\/\/www.sinembargo.mx\/wp-content\/uploads\/2018\/12\/4a1f08ad-cb08-48e8-9e37-3e7b172f8219.jpg 700w, https:\/\/www.sinembargo.mx\/wp-content\/uploads\/2018\/12\/4a1f08ad-cb08-48e8-9e37-3e7b172f8219-300x200.jpg 300w\" alt=\"\" width=\"700\" height=\"467\" \/><\/p>\n<p class=\"wp-caption-text\">Javier Corral llega a Palacio Nacional. Foto: Cuartoscuro.<\/p>\n<\/div>\n<div id=\"attachment_3506732\" class=\"wp-caption alignnone\"><img loading=\"lazy\" decoding=\"async\" class=\"wp-image-3506732 size-full\" src=\"https:\/\/www.sinembargo.mx\/wp-content\/uploads\/2018\/12\/a0ddb31c-e1a3-41ad-a8aa-5db6a75cba9e.jpg\" sizes=\"auto, (max-width: 700px) 100vw, 700px\" srcset=\"https:\/\/www.sinembargo.mx\/wp-content\/uploads\/2018\/12\/a0ddb31c-e1a3-41ad-a8aa-5db6a75cba9e.jpg 700w, https:\/\/www.sinembargo.mx\/wp-content\/uploads\/2018\/12\/a0ddb31c-e1a3-41ad-a8aa-5db6a75cba9e-200x300.jpg 200w\" alt=\"\" width=\"700\" height=\"1050\" \/><\/p>\n<p class=\"wp-caption-text\">Francisco Dom\u00ednguez, Gobernador de Quer\u00e9taro, y Miguel Riquelme, Gobernador de Coahuila. Foto: Cuartoscuro.<\/p>\n<\/div>\n<p>El Gobernador de Michoac\u00e1n, Silvano Aureoles, inform\u00f3 ayer que interpondr\u00e1 una controversia constitucional para eliminar la figura de los \u201csuperdelegados\u201d porque \u201cviolenta la Constituci\u00f3n\u201d e interfiere con el desempe\u00f1o de los poderes estatales.<\/p>\n<p>El mandatario interpondr\u00e1 el recurso por la reforma realizada a la Ley Org\u00e1nica de la Administraci\u00f3n P\u00fablica Federal, aprobada el pasado 23 de noviembre, luego de considerar que esta crea una figura paralela a la de los gobernadores y que invade las competencias de los mismos por lo que esto genera, seg\u00fan dijo, una violaci\u00f3n al pacto federal.<\/p>\n","protected":false},"excerpt":{"rendered":"<p>Durante la Conago, gobernadores pedir\u00e1n que s\u00faperdelegados no intervengan en seguridad<br \/>\nPor Redacci\u00f3n QP<\/p>\n","protected":false},"author":2,"featured_media":10974,"comment_status":"open","ping_status":"open","sticky":false,"template":"","format":"standard","meta":{"_monsterinsights_skip_tracking":false,"_monsterinsights_sitenote_active":false,"_monsterinsights_sitenote_note":"","_monsterinsights_sitenote_category":0,"footnotes":""},"categories":[2],"tags":[],"class_list":["post-10975","post","type-post","status-publish","format-standard","has-post-thumbnail","hentry","category-noticias"],"yoast_head":"<!-- This site is optimized with the Yoast SEO plugin v27.3 - https:\/\/yoast.com\/product\/yoast-seo-wordpress\/ -->\n<title>Durante la Conago, gobernadores pedir\u00e1n que s\u00faperdelegados no intervengan en seguridad -<\/title>\n<meta name=\"robots\" content=\"index, follow, max-snippet:-1, max-image-preview:large, max-video-preview:-1\" \/>\n<link rel=\"canonical\" href=\"https:\/\/quehacerpolitico.mx\/?p=10975\" \/>\n<meta property=\"og:locale\" content=\"es_MX\" \/>\n<meta property=\"og:type\" content=\"article\" \/>\n<meta property=\"og:title\" content=\"Durante la Conago, gobernadores pedir\u00e1n que s\u00faperdelegados no intervengan en seguridad -\" \/>\n<meta property=\"og:description\" content=\"Durante la Conago, gobernadores pedir\u00e1n que s\u00faperdelegados no intervengan en seguridad Por Redacci\u00f3n QP\" \/>\n<meta property=\"og:url\" content=\"https:\/\/quehacerpolitico.mx\/?p=10975\" \/>\n<meta property=\"article:published_time\" content=\"2018-12-05T03:45:23+00:00\" \/>\n<meta name=\"author\" content=\"Redacci\u00f3n QP\" \/>\n<meta name=\"twitter:card\" content=\"summary_large_image\" \/>\n<meta name=\"twitter:label1\" content=\"Escrito por\" \/>\n\t<meta name=\"twitter:data1\" content=\"Redacci\u00f3n QP\" \/>\n\t<meta name=\"twitter:label2\" content=\"Tiempo de lectura\" \/>\n\t<meta name=\"twitter:data2\" content=\"1 minuto\" \/>\n<script type=\"application\/ld+json\" class=\"yoast-schema-graph\">{\"@context\":\"https:\\\/\\\/schema.org\",\"@graph\":[{\"@type\":\"Article\",\"@id\":\"https:\\\/\\\/quehacerpolitico.mx\\\/?p=10975#article\",\"isPartOf\":{\"@id\":\"https:\\\/\\\/quehacerpolitico.mx\\\/?p=10975\"},\"author\":{\"name\":\"Redacci\u00f3n QP\",\"@id\":\"https:\\\/\\\/quehacerpolitico.mx\\\/#\\\/schema\\\/person\\\/496d8ad2d1d3f8036101dca7ee39e585\"},\"headline\":\"Durante la Conago, gobernadores pedir\u00e1n que s\u00faperdelegados no intervengan en seguridad\",\"datePublished\":\"2018-12-05T03:45:23+00:00\",\"mainEntityOfPage\":{\"@id\":\"https:\\\/\\\/quehacerpolitico.mx\\\/?p=10975\"},\"wordCount\":246,\"commentCount\":0,\"image\":{\"@id\":\"https:\\\/\\\/quehacerpolitico.mx\\\/?p=10975#primaryimage\"},\"thumbnailUrl\":\"\",\"articleSection\":[\"Noticias\"],\"inLanguage\":\"es\",\"potentialAction\":[{\"@type\":\"CommentAction\",\"name\":\"Comment\",\"target\":[\"https:\\\/\\\/quehacerpolitico.mx\\\/?p=10975#respond\"]}]},{\"@type\":\"WebPage\",\"@id\":\"https:\\\/\\\/quehacerpolitico.mx\\\/?p=10975\",\"url\":\"https:\\\/\\\/quehacerpolitico.mx\\\/?p=10975\",\"name\":\"Durante la Conago, gobernadores pedir\u00e1n que s\u00faperdelegados no intervengan en seguridad -\",\"isPartOf\":{\"@id\":\"https:\\\/\\\/quehacerpolitico.mx\\\/#website\"},\"primaryImageOfPage\":{\"@id\":\"https:\\\/\\\/quehacerpolitico.mx\\\/?p=10975#primaryimage\"},\"image\":{\"@id\":\"https:\\\/\\\/quehacerpolitico.mx\\\/?p=10975#primaryimage\"},\"thumbnailUrl\":\"\",\"datePublished\":\"2018-12-05T03:45:23+00:00\",\"author\":{\"@id\":\"https:\\\/\\\/quehacerpolitico.mx\\\/#\\\/schema\\\/person\\\/496d8ad2d1d3f8036101dca7ee39e585\"},\"breadcrumb\":{\"@id\":\"https:\\\/\\\/quehacerpolitico.mx\\\/?p=10975#breadcrumb\"},\"inLanguage\":\"es\",\"potentialAction\":[{\"@type\":\"ReadAction\",\"target\":[\"https:\\\/\\\/quehacerpolitico.mx\\\/?p=10975\"]}]},{\"@type\":\"ImageObject\",\"inLanguage\":\"es\",\"@id\":\"https:\\\/\\\/quehacerpolitico.mx\\\/?p=10975#primaryimage\",\"url\":\"\",\"contentUrl\":\"\"},{\"@type\":\"BreadcrumbList\",\"@id\":\"https:\\\/\\\/quehacerpolitico.mx\\\/?p=10975#breadcrumb\",\"itemListElement\":[{\"@type\":\"ListItem\",\"position\":1,\"name\":\"Inicio\",\"item\":\"https:\\\/\\\/quehacerpolitico.mx\\\/\"},{\"@type\":\"ListItem\",\"position\":2,\"name\":\"Durante la Conago, gobernadores pedir\u00e1n que s\u00faperdelegados no intervengan en seguridad\"}]},{\"@type\":\"WebSite\",\"@id\":\"https:\\\/\\\/quehacerpolitico.mx\\\/#website\",\"url\":\"https:\\\/\\\/quehacerpolitico.mx\\\/\",\"name\":\"\",\"description\":\"\",\"potentialAction\":[{\"@type\":\"SearchAction\",\"target\":{\"@type\":\"EntryPoint\",\"urlTemplate\":\"https:\\\/\\\/quehacerpolitico.mx\\\/?s={search_term_string}\"},\"query-input\":{\"@type\":\"PropertyValueSpecification\",\"valueRequired\":true,\"valueName\":\"search_term_string\"}}],\"inLanguage\":\"es\"},{\"@type\":\"Person\",\"@id\":\"https:\\\/\\\/quehacerpolitico.mx\\\/#\\\/schema\\\/person\\\/496d8ad2d1d3f8036101dca7ee39e585\",\"name\":\"Redacci\u00f3n QP\",\"image\":{\"@type\":\"ImageObject\",\"inLanguage\":\"es\",\"@id\":\"https:\\\/\\\/secure.gravatar.com\\\/avatar\\\/c7164ed6fdec453195284ad24a5ae5b6e1eed2b848477fa2a4787ba9adf39a41?s=96&d=mm&r=g\",\"url\":\"https:\\\/\\\/secure.gravatar.com\\\/avatar\\\/c7164ed6fdec453195284ad24a5ae5b6e1eed2b848477fa2a4787ba9adf39a41?s=96&d=mm&r=g\",\"contentUrl\":\"https:\\\/\\\/secure.gravatar.com\\\/avatar\\\/c7164ed6fdec453195284ad24a5ae5b6e1eed2b848477fa2a4787ba9adf39a41?s=96&d=mm&r=g\",\"caption\":\"Redacci\u00f3n QP\"},\"url\":\"https:\\\/\\\/quehacerpolitico.mx\\\/?author=2\"}]}<\/script>\n<!-- \/ Yoast SEO plugin. -->","yoast_head_json":{"title":"Durante la Conago, gobernadores pedir\u00e1n que s\u00faperdelegados no intervengan en seguridad -","robots":{"index":"index","follow":"follow","max-snippet":"max-snippet:-1","max-image-preview":"max-image-preview:large","max-video-preview":"max-video-preview:-1"},"canonical":"https:\/\/quehacerpolitico.mx\/?p=10975","og_locale":"es_MX","og_type":"article","og_title":"Durante la Conago, gobernadores pedir\u00e1n que s\u00faperdelegados no intervengan en seguridad -","og_description":"Durante la Conago, gobernadores pedir\u00e1n que s\u00faperdelegados no intervengan en seguridad Por Redacci\u00f3n QP","og_url":"https:\/\/quehacerpolitico.mx\/?p=10975","article_published_time":"2018-12-05T03:45:23+00:00","author":"Redacci\u00f3n QP","twitter_card":"summary_large_image","twitter_misc":{"Escrito por":"Redacci\u00f3n QP","Tiempo de lectura":"1 minuto"},"schema":{"@context":"https:\/\/schema.org","@graph":[{"@type":"Article","@id":"https:\/\/quehacerpolitico.mx\/?p=10975#article","isPartOf":{"@id":"https:\/\/quehacerpolitico.mx\/?p=10975"},"author":{"name":"Redacci\u00f3n QP","@id":"https:\/\/quehacerpolitico.mx\/#\/schema\/person\/496d8ad2d1d3f8036101dca7ee39e585"},"headline":"Durante la Conago, gobernadores pedir\u00e1n que s\u00faperdelegados no intervengan en seguridad","datePublished":"2018-12-05T03:45:23+00:00","mainEntityOfPage":{"@id":"https:\/\/quehacerpolitico.mx\/?p=10975"},"wordCount":246,"commentCount":0,"image":{"@id":"https:\/\/quehacerpolitico.mx\/?p=10975#primaryimage"},"thumbnailUrl":"","articleSection":["Noticias"],"inLanguage":"es","potentialAction":[{"@type":"CommentAction","name":"Comment","target":["https:\/\/quehacerpolitico.mx\/?p=10975#respond"]}]},{"@type":"WebPage","@id":"https:\/\/quehacerpolitico.mx\/?p=10975","url":"https:\/\/quehacerpolitico.mx\/?p=10975","name":"Durante la Conago, gobernadores pedir\u00e1n que s\u00faperdelegados no intervengan en seguridad -","isPartOf":{"@id":"https:\/\/quehacerpolitico.mx\/#website"},"primaryImageOfPage":{"@id":"https:\/\/quehacerpolitico.mx\/?p=10975#primaryimage"},"image":{"@id":"https:\/\/quehacerpolitico.mx\/?p=10975#primaryimage"},"thumbnailUrl":"","datePublished":"2018-12-05T03:45:23+00:00","author":{"@id":"https:\/\/quehacerpolitico.mx\/#\/schema\/person\/496d8ad2d1d3f8036101dca7ee39e585"},"breadcrumb":{"@id":"https:\/\/quehacerpolitico.mx\/?p=10975#breadcrumb"},"inLanguage":"es","potentialAction":[{"@type":"ReadAction","target":["https:\/\/quehacerpolitico.mx\/?p=10975"]}]},{"@type":"ImageObject","inLanguage":"es","@id":"https:\/\/quehacerpolitico.mx\/?p=10975#primaryimage","url":"","contentUrl":""},{"@type":"BreadcrumbList","@id":"https:\/\/quehacerpolitico.mx\/?p=10975#breadcrumb","itemListElement":[{"@type":"ListItem","position":1,"name":"Inicio","item":"https:\/\/quehacerpolitico.mx\/"},{"@type":"ListItem","position":2,"name":"Durante la Conago, gobernadores pedir\u00e1n que s\u00faperdelegados no intervengan en seguridad"}]},{"@type":"WebSite","@id":"https:\/\/quehacerpolitico.mx\/#website","url":"https:\/\/quehacerpolitico.mx\/","name":"","description":"","potentialAction":[{"@type":"SearchAction","target":{"@type":"EntryPoint","urlTemplate":"https:\/\/quehacerpolitico.mx\/?s={search_term_string}"},"query-input":{"@type":"PropertyValueSpecification","valueRequired":true,"valueName":"search_term_string"}}],"inLanguage":"es"},{"@type":"Person","@id":"https:\/\/quehacerpolitico.mx\/#\/schema\/person\/496d8ad2d1d3f8036101dca7ee39e585","name":"Redacci\u00f3n QP","image":{"@type":"ImageObject","inLanguage":"es","@id":"https:\/\/secure.gravatar.com\/avatar\/c7164ed6fdec453195284ad24a5ae5b6e1eed2b848477fa2a4787ba9adf39a41?s=96&d=mm&r=g","url":"https:\/\/secure.gravatar.com\/avatar\/c7164ed6fdec453195284ad24a5ae5b6e1eed2b848477fa2a4787ba9adf39a41?s=96&d=mm&r=g","contentUrl":"https:\/\/secure.gravatar.com\/avatar\/c7164ed6fdec453195284ad24a5ae5b6e1eed2b848477fa2a4787ba9adf39a41?s=96&d=mm&r=g","caption":"Redacci\u00f3n QP"},"url":"https:\/\/quehacerpolitico.mx\/?author=2"}]}},"featured_image_urls":{"full":"","thumbnail":"","medium":"","medium_large":"","large":"","1536x1536":"","2048x2048":"","covernews-featured":"","covernews-medium":""},"author_info":{"display_name":"Redacci\u00f3n QP","author_link":"https:\/\/quehacerpolitico.mx\/?author=2"},"category_info":"<a href=\"https:\/\/quehacerpolitico.mx\/?cat=2\" rel=\"category\">Noticias<\/a>","tag_info":"Noticias","comment_count":"0","_links":{"self":[{"href":"https:\/\/quehacerpolitico.mx\/index.php?rest_route=\/wp\/v2\/posts\/10975","targetHints":{"allow":["GET"]}}],"collection":[{"href":"https:\/\/quehacerpolitico.mx\/index.php?rest_route=\/wp\/v2\/posts"}],"about":[{"href":"https:\/\/quehacerpolitico.mx\/index.php?rest_route=\/wp\/v2\/types\/post"}],"author":[{"embeddable":true,"href":"https:\/\/quehacerpolitico.mx\/index.php?rest_route=\/wp\/v2\/users\/2"}],"replies":[{"embeddable":true,"href":"https:\/\/quehacerpolitico.mx\/index.php?rest_route=%2Fwp%2Fv2%2Fcomments&post=10975"}],"version-history":[{"count":0,"href":"https:\/\/quehacerpolitico.mx\/index.php?rest_route=\/wp\/v2\/posts\/10975\/revisions"}],"wp:featuredmedia":[{"embeddable":true,"href":"https:\/\/quehacerpolitico.mx\/index.php?rest_route=\/"}],"wp:attachment":[{"href":"https:\/\/quehacerpolitico.mx\/index.php?rest_route=%2Fwp%2Fv2%2Fmedia&parent=10975"}],"wp:term":[{"taxonomy":"category","embeddable":true,"href":"https:\/\/quehacerpolitico.mx\/index.php?rest_route=%2Fwp%2Fv2%2Fcategories&post=10975"},{"taxonomy":"post_tag","embeddable":true,"href":"https:\/\/quehacerpolitico.mx\/index.php?rest_route=%2Fwp%2Fv2%2Ftags&post=10975"}],"curies":[{"name":"wp","href":"https:\/\/api.w.org\/{rel}","templated":true}]}}