{"id":109745,"date":"2024-05-02T18:36:22","date_gmt":"2024-05-02T18:36:22","guid":{"rendered":"https:\/\/quehacerpolitico.mx\/?p=109745"},"modified":"2024-05-02T18:36:24","modified_gmt":"2024-05-02T18:36:24","slug":"el-quehacer-politico-internacional-carolina-alonso-romei-biden-condena-la-violencia-en-las-protestas-universitarias-en-eu-contra-la-guerra-en-gaza","status":"publish","type":"post","link":"https:\/\/quehacerpolitico.mx\/?p=109745","title":{"rendered":"El Quehacer Pol\u00edtico Internacional\/\/\/Carolina Alonso Romei\/\/\/Biden condena la violencia en las protestas universitarias en EU contra la guerra en Gaza"},"content":{"rendered":"\n<p>Por Carolina Alonso Romei<\/p>\n\n\n\n<p>Internacionalista <\/p>\n\n\n\n<p>El presidente de&nbsp;<strong>Estados Unidos<\/strong>, Joe&nbsp;<strong>Biden<\/strong>, conden\u00f3 este jueves la&nbsp;<strong>violencia<\/strong>&nbsp;en las protestas universitarias contra la guerra en&nbsp;<strong>Gaza<\/strong>&nbsp;y afirm\u00f3: \u201cLa protesta violenta no est\u00e1 protegida, la protesta pac\u00edfica s\u00ed\u201d.<\/p>\n\n\n\n<p><strong>Biden<\/strong>\u00a0hizo esas declaraciones durante un discurso en la\u00a0<strong>Casa Blanca<\/strong>\u00a0convocado de urgencia y que no aparec\u00eda en la\u00a0<strong>agenda oficial\u00a0<\/strong>que envi\u00f3 la noche del mi\u00e9rcoles a los medios la oficina de prensa.<\/p>\n\n\n\n<p>En unas declaraciones de apenas tres minutos, el mandatario defendi\u00f3 el derecho de los estudiantes a&nbsp;<strong>manifestarse<\/strong>, pero insisti\u00f3 en que \u201cdebe prevalecer el orden\u201d ante los&nbsp;<strong>disturbios<\/strong>&nbsp;que se registraron en los \u00faltimos d\u00edas en campus universitarios de todo el pa\u00eds con centenares de&nbsp;<strong>arrestos<\/strong>.<\/p>\n\n\n\n<p>\u201cLa protesta\u00a0<strong>violenta<\/strong>\u00a0no est\u00e1 protegida, la protesta\u00a0<strong>pac\u00edfica<\/strong>\u00a0s\u00ed. Es ilegal cuando se produce violencia. Destruir propiedades no es una protesta pac\u00edfica, es ilegal. El vandalismo, los allanamientos, romper ventanas, paralizar los campus, forzar la cancelaci\u00f3n de clases y graduaciones. Nada de esto es una protesta pac\u00edfica\u201d, enfatiz\u00f3.<\/p>\n\n\n\n<figure class=\"wp-block-embed is-type-video is-provider-youtube wp-block-embed-youtube wp-embed-aspect-16-9 wp-has-aspect-ratio\"><div class=\"wp-block-embed__wrapper\">\n<iframe loading=\"lazy\" title=\"Biden habla tras las intervenciones policiales contra las protestas en universidades\" width=\"640\" height=\"360\" src=\"https:\/\/www.youtube.com\/embed\/Wy4RYz-9zF0?feature=oembed\" frameborder=\"0\" allow=\"accelerometer; autoplay; clipboard-write; encrypted-media; gyroscope; picture-in-picture; web-share\" referrerpolicy=\"strict-origin-when-cross-origin\" allowfullscreen><\/iframe>\n<\/div><\/figure>\n\n\n\n<p>\u201c<strong>Amenazar<\/strong>&nbsp;a personas, intimidarlas, infundirles miedo no es una protesta pac\u00edfica. Es&nbsp;<strong>ilegal<\/strong>\u201c, subray\u00f3.<\/p>\n\n\n\n<p><strong>Biden<\/strong>&nbsp;afirm\u00f3 que \u201cla disidencia es esencial para la democracia\u201d, pero la disidencia \u201cnunca debe derivar en el desorden y nunca debe resultar en que se niegan los derechos que tienen otros&nbsp;<strong>estudiantes<\/strong>&nbsp;para terminar el semestre y su educaci\u00f3n universitaria\u201d.<\/p>\n\n\n\n<p>El presidente, que se hab\u00eda mantenido en silencio en los \u00faltimos d\u00edas sobre la extensi\u00f3n de las protestas por todo el pa\u00eds, afirm\u00f3 que en los campus universitarios \u201cno hay lugar para el\u00a0<strong>discurso<\/strong>\u00a0de\u00a0<strong>odio<\/strong>\u00a0o la violencia de ning\u00fan tipo\u201d, ya sea \u201cantisemitismo, islamofobia\u201d o discriminaci\u00f3n contra los estudiantes de origen\u00a0<strong>\u00e1rabe<\/strong>\u00a0o\u00a0<strong>palestino<\/strong>.<\/p>\n\n\n\n<p>Al t\u00e9rmino de su discurso,&nbsp;<strong>Biden<\/strong>&nbsp;respondi\u00f3 con un seco \u201cno\u201d cuando un periodista le pregunt\u00f3 si las protestas universitarias le hab\u00edan hecho&nbsp;<strong>reconsiderar<\/strong>&nbsp;sus pol\u00edticas hacia&nbsp;<strong>Israel<\/strong>.<\/p>\n\n\n\n<p>Tambi\u00e9n contest\u00f3 negativamente cuando le preguntaron si los reservistas de la Guardia Nacional deber\u00edan intervenir en estas&nbsp;<strong>protestas<\/strong>, algo a lo que recurri\u00f3 el gobernador de&nbsp;<strong>Texas<\/strong>, el republicano&nbsp;<strong>Greg Abbott<\/strong>, para reprimir a los&nbsp;<strong>manifestantes<\/strong>&nbsp;de la Universidad de Texas en&nbsp;<strong>Austin<\/strong>.<\/p>\n\n\n\n<p>La \u00faltima vez que&nbsp;<strong>Biden<\/strong>&nbsp;se pronunci\u00f3 sobre las manifestaciones fue el 22 de abril, cuando, en respuesta a preguntas de los periodistas, dijo que condenaba las \u201c<strong>protestas<\/strong>&nbsp;<strong>antisemitas<\/strong>\u201d y a \u201caquellos que no entienden lo que est\u00e1 ocurriendo con los palestinos\u201d.<\/p>\n\n\n\n<p>Centenares de estudiantes fueron\u00a0<strong>detenidos<\/strong> en protestas, acampadas y ocupaciones de edificios en protestas propalestinas en todo el pa\u00eds, despu\u00e9s de duras intervenciones de polic\u00eda antidisturbios en acciones que fueron por lo general\u00a0<strong>pac\u00edficas<\/strong>, pero que sus cr\u00edticos tacharon de antisemitas y organizadas por agentes externos.<\/p>\n\n\n\n<p>Con informaci\u00f3n de EFE<\/p>\n","protected":false},"excerpt":{"rendered":"<p>Por Carolina Alonso Romei Internacionalista El presidente de&nbsp;Estados Unidos, Joe&nbsp;Biden, conden\u00f3 este jueves la&nbsp;violencia&nbsp;en las&#8230;<\/p>\n","protected":false},"author":2,"featured_media":109746,"comment_status":"open","ping_status":"open","sticky":false,"template":"","format":"standard","meta":{"_monsterinsights_skip_tracking":false,"_monsterinsights_sitenote_active":false,"_monsterinsights_sitenote_note":"","_monsterinsights_sitenote_category":0,"footnotes":""},"categories":[1],"tags":[],"class_list":["post-109745","post","type-post","status-publish","format-standard","has-post-thumbnail","hentry","category-sin-categoria"],"yoast_head":"<!-- This site is optimized with the Yoast SEO plugin v27.3 - https:\/\/yoast.com\/product\/yoast-seo-wordpress\/ -->\n<title>El Quehacer Pol\u00edtico Internacional\/\/\/Carolina Alonso Romei\/\/\/Biden condena la violencia en las protestas universitarias en EU contra la guerra en Gaza -<\/title>\n<meta name=\"robots\" content=\"index, follow, max-snippet:-1, max-image-preview:large, max-video-preview:-1\" \/>\n<link rel=\"canonical\" href=\"https:\/\/quehacerpolitico.mx\/?p=109745\" \/>\n<meta property=\"og:locale\" content=\"es_MX\" \/>\n<meta property=\"og:type\" content=\"article\" \/>\n<meta property=\"og:title\" content=\"El Quehacer Pol\u00edtico Internacional\/\/\/Carolina Alonso Romei\/\/\/Biden condena la violencia en las protestas universitarias en EU contra la guerra en Gaza -\" \/>\n<meta property=\"og:description\" content=\"Por Carolina Alonso Romei Internacionalista El presidente de&nbsp;Estados Unidos, Joe&nbsp;Biden, conden\u00f3 este jueves la&nbsp;violencia&nbsp;en las...\" \/>\n<meta property=\"og:url\" content=\"https:\/\/quehacerpolitico.mx\/?p=109745\" \/>\n<meta property=\"article:published_time\" content=\"2024-05-02T18:36:22+00:00\" \/>\n<meta property=\"article:modified_time\" content=\"2024-05-02T18:36:24+00:00\" \/>\n<meta property=\"og:image\" content=\"https:\/\/quehacerpolitico.mx\/wp-content\/uploads\/2024\/05\/73e1444e-4b17-4ee5-aa11-c102ecdb7153-1.jpeg\" \/>\n\t<meta property=\"og:image:width\" content=\"963\" \/>\n\t<meta property=\"og:image:height\" content=\"493\" \/>\n\t<meta property=\"og:image:type\" content=\"image\/jpeg\" \/>\n<meta name=\"author\" content=\"Redacci\u00f3n QP\" \/>\n<meta name=\"twitter:card\" content=\"summary_large_image\" \/>\n<meta name=\"twitter:label1\" content=\"Escrito por\" \/>\n\t<meta name=\"twitter:data1\" content=\"Redacci\u00f3n QP\" \/>\n\t<meta name=\"twitter:label2\" content=\"Tiempo de lectura\" \/>\n\t<meta name=\"twitter:data2\" content=\"3 minutos\" \/>\n<script type=\"application\/ld+json\" class=\"yoast-schema-graph\">{\"@context\":\"https:\\\/\\\/schema.org\",\"@graph\":[{\"@type\":\"Article\",\"@id\":\"https:\\\/\\\/quehacerpolitico.mx\\\/?p=109745#article\",\"isPartOf\":{\"@id\":\"https:\\\/\\\/quehacerpolitico.mx\\\/?p=109745\"},\"author\":{\"name\":\"Redacci\u00f3n QP\",\"@id\":\"https:\\\/\\\/quehacerpolitico.mx\\\/#\\\/schema\\\/person\\\/496d8ad2d1d3f8036101dca7ee39e585\"},\"headline\":\"El Quehacer Pol\u00edtico Internacional\\\/\\\/\\\/Carolina Alonso Romei\\\/\\\/\\\/Biden condena la violencia en las protestas universitarias en EU contra la guerra en Gaza\",\"datePublished\":\"2024-05-02T18:36:22+00:00\",\"dateModified\":\"2024-05-02T18:36:24+00:00\",\"mainEntityOfPage\":{\"@id\":\"https:\\\/\\\/quehacerpolitico.mx\\\/?p=109745\"},\"wordCount\":533,\"commentCount\":0,\"image\":{\"@id\":\"https:\\\/\\\/quehacerpolitico.mx\\\/?p=109745#primaryimage\"},\"thumbnailUrl\":\"https:\\\/\\\/quehacerpolitico.mx\\\/wp-content\\\/uploads\\\/2024\\\/05\\\/73e1444e-4b17-4ee5-aa11-c102ecdb7153-1.jpeg\",\"articleSection\":[\"Internacionales\"],\"inLanguage\":\"es\",\"potentialAction\":[{\"@type\":\"CommentAction\",\"name\":\"Comment\",\"target\":[\"https:\\\/\\\/quehacerpolitico.mx\\\/?p=109745#respond\"]}]},{\"@type\":\"WebPage\",\"@id\":\"https:\\\/\\\/quehacerpolitico.mx\\\/?p=109745\",\"url\":\"https:\\\/\\\/quehacerpolitico.mx\\\/?p=109745\",\"name\":\"El Quehacer Pol\u00edtico Internacional\\\/\\\/\\\/Carolina Alonso Romei\\\/\\\/\\\/Biden condena la violencia en las protestas universitarias en EU contra la guerra en Gaza -\",\"isPartOf\":{\"@id\":\"https:\\\/\\\/quehacerpolitico.mx\\\/#website\"},\"primaryImageOfPage\":{\"@id\":\"https:\\\/\\\/quehacerpolitico.mx\\\/?p=109745#primaryimage\"},\"image\":{\"@id\":\"https:\\\/\\\/quehacerpolitico.mx\\\/?p=109745#primaryimage\"},\"thumbnailUrl\":\"https:\\\/\\\/quehacerpolitico.mx\\\/wp-content\\\/uploads\\\/2024\\\/05\\\/73e1444e-4b17-4ee5-aa11-c102ecdb7153-1.jpeg\",\"datePublished\":\"2024-05-02T18:36:22+00:00\",\"dateModified\":\"2024-05-02T18:36:24+00:00\",\"author\":{\"@id\":\"https:\\\/\\\/quehacerpolitico.mx\\\/#\\\/schema\\\/person\\\/496d8ad2d1d3f8036101dca7ee39e585\"},\"breadcrumb\":{\"@id\":\"https:\\\/\\\/quehacerpolitico.mx\\\/?p=109745#breadcrumb\"},\"inLanguage\":\"es\",\"potentialAction\":[{\"@type\":\"ReadAction\",\"target\":[\"https:\\\/\\\/quehacerpolitico.mx\\\/?p=109745\"]}]},{\"@type\":\"ImageObject\",\"inLanguage\":\"es\",\"@id\":\"https:\\\/\\\/quehacerpolitico.mx\\\/?p=109745#primaryimage\",\"url\":\"https:\\\/\\\/quehacerpolitico.mx\\\/wp-content\\\/uploads\\\/2024\\\/05\\\/73e1444e-4b17-4ee5-aa11-c102ecdb7153-1.jpeg\",\"contentUrl\":\"https:\\\/\\\/quehacerpolitico.mx\\\/wp-content\\\/uploads\\\/2024\\\/05\\\/73e1444e-4b17-4ee5-aa11-c102ecdb7153-1.jpeg\",\"width\":963,\"height\":493},{\"@type\":\"BreadcrumbList\",\"@id\":\"https:\\\/\\\/quehacerpolitico.mx\\\/?p=109745#breadcrumb\",\"itemListElement\":[{\"@type\":\"ListItem\",\"position\":1,\"name\":\"Inicio\",\"item\":\"https:\\\/\\\/quehacerpolitico.mx\\\/\"},{\"@type\":\"ListItem\",\"position\":2,\"name\":\"El Quehacer Pol\u00edtico Internacional\\\/\\\/\\\/Carolina Alonso Romei\\\/\\\/\\\/Biden condena la violencia en las protestas universitarias en EU contra la guerra en Gaza\"}]},{\"@type\":\"WebSite\",\"@id\":\"https:\\\/\\\/quehacerpolitico.mx\\\/#website\",\"url\":\"https:\\\/\\\/quehacerpolitico.mx\\\/\",\"name\":\"\",\"description\":\"\",\"potentialAction\":[{\"@type\":\"SearchAction\",\"target\":{\"@type\":\"EntryPoint\",\"urlTemplate\":\"https:\\\/\\\/quehacerpolitico.mx\\\/?s={search_term_string}\"},\"query-input\":{\"@type\":\"PropertyValueSpecification\",\"valueRequired\":true,\"valueName\":\"search_term_string\"}}],\"inLanguage\":\"es\"},{\"@type\":\"Person\",\"@id\":\"https:\\\/\\\/quehacerpolitico.mx\\\/#\\\/schema\\\/person\\\/496d8ad2d1d3f8036101dca7ee39e585\",\"name\":\"Redacci\u00f3n QP\",\"image\":{\"@type\":\"ImageObject\",\"inLanguage\":\"es\",\"@id\":\"https:\\\/\\\/secure.gravatar.com\\\/avatar\\\/c7164ed6fdec453195284ad24a5ae5b6e1eed2b848477fa2a4787ba9adf39a41?s=96&d=mm&r=g\",\"url\":\"https:\\\/\\\/secure.gravatar.com\\\/avatar\\\/c7164ed6fdec453195284ad24a5ae5b6e1eed2b848477fa2a4787ba9adf39a41?s=96&d=mm&r=g\",\"contentUrl\":\"https:\\\/\\\/secure.gravatar.com\\\/avatar\\\/c7164ed6fdec453195284ad24a5ae5b6e1eed2b848477fa2a4787ba9adf39a41?s=96&d=mm&r=g\",\"caption\":\"Redacci\u00f3n QP\"},\"url\":\"https:\\\/\\\/quehacerpolitico.mx\\\/?author=2\"}]}<\/script>\n<!-- \/ Yoast SEO plugin. -->","yoast_head_json":{"title":"El Quehacer Pol\u00edtico Internacional\/\/\/Carolina Alonso Romei\/\/\/Biden condena la violencia en las protestas universitarias en EU contra la guerra en Gaza -","robots":{"index":"index","follow":"follow","max-snippet":"max-snippet:-1","max-image-preview":"max-image-preview:large","max-video-preview":"max-video-preview:-1"},"canonical":"https:\/\/quehacerpolitico.mx\/?p=109745","og_locale":"es_MX","og_type":"article","og_title":"El Quehacer Pol\u00edtico Internacional\/\/\/Carolina Alonso Romei\/\/\/Biden condena la violencia en las protestas universitarias en EU contra la guerra en Gaza -","og_description":"Por Carolina Alonso Romei Internacionalista El presidente de&nbsp;Estados Unidos, Joe&nbsp;Biden, conden\u00f3 este jueves la&nbsp;violencia&nbsp;en las...","og_url":"https:\/\/quehacerpolitico.mx\/?p=109745","article_published_time":"2024-05-02T18:36:22+00:00","article_modified_time":"2024-05-02T18:36:24+00:00","og_image":[{"width":963,"height":493,"url":"https:\/\/quehacerpolitico.mx\/wp-content\/uploads\/2024\/05\/73e1444e-4b17-4ee5-aa11-c102ecdb7153-1.jpeg","type":"image\/jpeg"}],"author":"Redacci\u00f3n QP","twitter_card":"summary_large_image","twitter_misc":{"Escrito por":"Redacci\u00f3n QP","Tiempo de lectura":"3 minutos"},"schema":{"@context":"https:\/\/schema.org","@graph":[{"@type":"Article","@id":"https:\/\/quehacerpolitico.mx\/?p=109745#article","isPartOf":{"@id":"https:\/\/quehacerpolitico.mx\/?p=109745"},"author":{"name":"Redacci\u00f3n QP","@id":"https:\/\/quehacerpolitico.mx\/#\/schema\/person\/496d8ad2d1d3f8036101dca7ee39e585"},"headline":"El Quehacer Pol\u00edtico Internacional\/\/\/Carolina Alonso Romei\/\/\/Biden condena la violencia en las protestas universitarias en EU contra la guerra en Gaza","datePublished":"2024-05-02T18:36:22+00:00","dateModified":"2024-05-02T18:36:24+00:00","mainEntityOfPage":{"@id":"https:\/\/quehacerpolitico.mx\/?p=109745"},"wordCount":533,"commentCount":0,"image":{"@id":"https:\/\/quehacerpolitico.mx\/?p=109745#primaryimage"},"thumbnailUrl":"https:\/\/quehacerpolitico.mx\/wp-content\/uploads\/2024\/05\/73e1444e-4b17-4ee5-aa11-c102ecdb7153-1.jpeg","articleSection":["Internacionales"],"inLanguage":"es","potentialAction":[{"@type":"CommentAction","name":"Comment","target":["https:\/\/quehacerpolitico.mx\/?p=109745#respond"]}]},{"@type":"WebPage","@id":"https:\/\/quehacerpolitico.mx\/?p=109745","url":"https:\/\/quehacerpolitico.mx\/?p=109745","name":"El Quehacer Pol\u00edtico Internacional\/\/\/Carolina Alonso Romei\/\/\/Biden condena la violencia en las protestas universitarias en EU contra la guerra en Gaza -","isPartOf":{"@id":"https:\/\/quehacerpolitico.mx\/#website"},"primaryImageOfPage":{"@id":"https:\/\/quehacerpolitico.mx\/?p=109745#primaryimage"},"image":{"@id":"https:\/\/quehacerpolitico.mx\/?p=109745#primaryimage"},"thumbnailUrl":"https:\/\/quehacerpolitico.mx\/wp-content\/uploads\/2024\/05\/73e1444e-4b17-4ee5-aa11-c102ecdb7153-1.jpeg","datePublished":"2024-05-02T18:36:22+00:00","dateModified":"2024-05-02T18:36:24+00:00","author":{"@id":"https:\/\/quehacerpolitico.mx\/#\/schema\/person\/496d8ad2d1d3f8036101dca7ee39e585"},"breadcrumb":{"@id":"https:\/\/quehacerpolitico.mx\/?p=109745#breadcrumb"},"inLanguage":"es","potentialAction":[{"@type":"ReadAction","target":["https:\/\/quehacerpolitico.mx\/?p=109745"]}]},{"@type":"ImageObject","inLanguage":"es","@id":"https:\/\/quehacerpolitico.mx\/?p=109745#primaryimage","url":"https:\/\/quehacerpolitico.mx\/wp-content\/uploads\/2024\/05\/73e1444e-4b17-4ee5-aa11-c102ecdb7153-1.jpeg","contentUrl":"https:\/\/quehacerpolitico.mx\/wp-content\/uploads\/2024\/05\/73e1444e-4b17-4ee5-aa11-c102ecdb7153-1.jpeg","width":963,"height":493},{"@type":"BreadcrumbList","@id":"https:\/\/quehacerpolitico.mx\/?p=109745#breadcrumb","itemListElement":[{"@type":"ListItem","position":1,"name":"Inicio","item":"https:\/\/quehacerpolitico.mx\/"},{"@type":"ListItem","position":2,"name":"El Quehacer Pol\u00edtico Internacional\/\/\/Carolina Alonso Romei\/\/\/Biden condena la violencia en las protestas universitarias en EU contra la guerra en Gaza"}]},{"@type":"WebSite","@id":"https:\/\/quehacerpolitico.mx\/#website","url":"https:\/\/quehacerpolitico.mx\/","name":"","description":"","potentialAction":[{"@type":"SearchAction","target":{"@type":"EntryPoint","urlTemplate":"https:\/\/quehacerpolitico.mx\/?s={search_term_string}"},"query-input":{"@type":"PropertyValueSpecification","valueRequired":true,"valueName":"search_term_string"}}],"inLanguage":"es"},{"@type":"Person","@id":"https:\/\/quehacerpolitico.mx\/#\/schema\/person\/496d8ad2d1d3f8036101dca7ee39e585","name":"Redacci\u00f3n QP","image":{"@type":"ImageObject","inLanguage":"es","@id":"https:\/\/secure.gravatar.com\/avatar\/c7164ed6fdec453195284ad24a5ae5b6e1eed2b848477fa2a4787ba9adf39a41?s=96&d=mm&r=g","url":"https:\/\/secure.gravatar.com\/avatar\/c7164ed6fdec453195284ad24a5ae5b6e1eed2b848477fa2a4787ba9adf39a41?s=96&d=mm&r=g","contentUrl":"https:\/\/secure.gravatar.com\/avatar\/c7164ed6fdec453195284ad24a5ae5b6e1eed2b848477fa2a4787ba9adf39a41?s=96&d=mm&r=g","caption":"Redacci\u00f3n QP"},"url":"https:\/\/quehacerpolitico.mx\/?author=2"}]}},"featured_image_urls":{"full":["https:\/\/quehacerpolitico.mx\/wp-content\/uploads\/2024\/05\/73e1444e-4b17-4ee5-aa11-c102ecdb7153-1.jpeg",963,493,false],"thumbnail":["https:\/\/quehacerpolitico.mx\/wp-content\/uploads\/2024\/05\/73e1444e-4b17-4ee5-aa11-c102ecdb7153-1-150x150.jpeg",150,150,true],"medium":["https:\/\/quehacerpolitico.mx\/wp-content\/uploads\/2024\/05\/73e1444e-4b17-4ee5-aa11-c102ecdb7153-1-300x154.jpeg",300,154,true],"medium_large":["https:\/\/quehacerpolitico.mx\/wp-content\/uploads\/2024\/05\/73e1444e-4b17-4ee5-aa11-c102ecdb7153-1-768x393.jpeg",640,328,true],"large":["https:\/\/quehacerpolitico.mx\/wp-content\/uploads\/2024\/05\/73e1444e-4b17-4ee5-aa11-c102ecdb7153-1.jpeg",640,328,false],"1536x1536":["https:\/\/quehacerpolitico.mx\/wp-content\/uploads\/2024\/05\/73e1444e-4b17-4ee5-aa11-c102ecdb7153-1.jpeg",963,493,false],"2048x2048":["https:\/\/quehacerpolitico.mx\/wp-content\/uploads\/2024\/05\/73e1444e-4b17-4ee5-aa11-c102ecdb7153-1.jpeg",963,493,false],"covernews-featured":["https:\/\/quehacerpolitico.mx\/wp-content\/uploads\/2024\/05\/73e1444e-4b17-4ee5-aa11-c102ecdb7153-1.jpeg",963,493,false],"covernews-medium":["https:\/\/quehacerpolitico.mx\/wp-content\/uploads\/2024\/05\/73e1444e-4b17-4ee5-aa11-c102ecdb7153-1.jpeg",540,276,false]},"author_info":{"display_name":"Redacci\u00f3n QP","author_link":"https:\/\/quehacerpolitico.mx\/?author=2"},"category_info":"<a href=\"https:\/\/quehacerpolitico.mx\/?cat=1\" rel=\"category\">Internacionales<\/a>","tag_info":"Internacionales","comment_count":"0","_links":{"self":[{"href":"https:\/\/quehacerpolitico.mx\/index.php?rest_route=\/wp\/v2\/posts\/109745","targetHints":{"allow":["GET"]}}],"collection":[{"href":"https:\/\/quehacerpolitico.mx\/index.php?rest_route=\/wp\/v2\/posts"}],"about":[{"href":"https:\/\/quehacerpolitico.mx\/index.php?rest_route=\/wp\/v2\/types\/post"}],"author":[{"embeddable":true,"href":"https:\/\/quehacerpolitico.mx\/index.php?rest_route=\/wp\/v2\/users\/2"}],"replies":[{"embeddable":true,"href":"https:\/\/quehacerpolitico.mx\/index.php?rest_route=%2Fwp%2Fv2%2Fcomments&post=109745"}],"version-history":[{"count":1,"href":"https:\/\/quehacerpolitico.mx\/index.php?rest_route=\/wp\/v2\/posts\/109745\/revisions"}],"predecessor-version":[{"id":109747,"href":"https:\/\/quehacerpolitico.mx\/index.php?rest_route=\/wp\/v2\/posts\/109745\/revisions\/109747"}],"wp:featuredmedia":[{"embeddable":true,"href":"https:\/\/quehacerpolitico.mx\/index.php?rest_route=\/wp\/v2\/media\/109746"}],"wp:attachment":[{"href":"https:\/\/quehacerpolitico.mx\/index.php?rest_route=%2Fwp%2Fv2%2Fmedia&parent=109745"}],"wp:term":[{"taxonomy":"category","embeddable":true,"href":"https:\/\/quehacerpolitico.mx\/index.php?rest_route=%2Fwp%2Fv2%2Fcategories&post=109745"},{"taxonomy":"post_tag","embeddable":true,"href":"https:\/\/quehacerpolitico.mx\/index.php?rest_route=%2Fwp%2Fv2%2Ftags&post=109745"}],"curies":[{"name":"wp","href":"https:\/\/api.w.org\/{rel}","templated":true}]}}