{"id":10973,"date":"2018-12-05T03:40:10","date_gmt":"2018-12-05T03:40:10","guid":{"rendered":"http:\/\/quehacerpolitico.mx\/casi-100-mil-personas-visitaron-en-dos-dias-los-pinos-la-residencia-que-fue-inaccesible-durante-80-anos\/"},"modified":"2018-12-05T03:40:10","modified_gmt":"2018-12-05T03:40:10","slug":"casi-100-mil-personas-visitaron-en-dos-dias-los-pinos-la-residencia-que-fue-inaccesible-durante-80-anos","status":"publish","type":"post","link":"https:\/\/quehacerpolitico.mx\/?p=10973","title":{"rendered":"Casi 100 mil personas visitaron en dos d\u00edas Los Pinos, la residencia que fue inaccesible durante 80 a\u00f1os"},"content":{"rendered":"<h1>Casi 100 mil personas visitaron en dos d\u00edas Los Pinos, la residencia que fue inaccesible durante 80 a\u00f1os<\/h1>\n<p>Por Redacci\u00f3n QP<\/p>\n<p><strong>En pocos d\u00edas<\/strong>, casi 100 mil personas <strong>han visitado Los Pinos<\/strong>,\u00a0la residencia de los<strong> presidentes de M\u00e9xico<\/strong> durante 80 a\u00f1os que era inaccesible hasta su<strong> apertura como un centro cultural<\/strong>.<\/p>\n<p>De acuerdo con informaci\u00f3n de <em>Reforma,<\/em> 30 mil personas <strong>visitaron el nuevo museo el s\u00e1bado<\/strong>, fecha en la que Andr\u00e9s Manuel L\u00f3pez Obrador tom\u00f3 protesta como<strong> Presidente de M\u00e9xico<\/strong>.\u00a0Unas 60 mil personas ingresaron una jornada despu\u00e9s, <strong>el domingo<\/strong>.<\/p>\n<blockquote>\n<p>\u201cPara m\u00ed, Los Pinos eran un lugar inaccesible, prohibido, donde se acumulaba el poder, completamente restringido\u201d coment\u00f3 a <em>Efe<\/em> Adriana Mu\u00f1oz, economista de la Universidad Nacional Aut\u00f3noma de M\u00e9xico (UNAM), la m\u00e1xima casa de estudios de M\u00e9xico.<\/p>\n<p>Las puertas del ahora flamante centro cultural fueron abiertas una hora antes de la toma de posesi\u00f3n del nuevo Presidente, el izquierdista Andr\u00e9s Manuel L\u00f3pez Obrador, quien en su discurso inaugural reiter\u00f3 que no pisar\u00eda Los Pinos y que vivir\u00e1 en Palacio Nacional, sede del Poder Ejecutivo de M\u00e9xico.<\/p>\n<div id=\"attachment_3505419\" class=\"wp-caption alignnone\"><img loading=\"lazy\" decoding=\"async\" class=\"wp-image-3505419 size-full\" src=\"https:\/\/www.sinembargo.mx\/wp-content\/uploads\/2018\/12\/los-pinos-18-1.jpg\" sizes=\"auto, (max-width: 700px) 100vw, 700px\" srcset=\"https:\/\/www.sinembargo.mx\/wp-content\/uploads\/2018\/12\/los-pinos-18-1.jpg 700w, https:\/\/www.sinembargo.mx\/wp-content\/uploads\/2018\/12\/los-pinos-18-1-225x300.jpg 225w\" alt=\"\" width=\"700\" height=\"933\" \/><\/p>\n<p class=\"wp-caption-text\">Miles de mexicanos conocieron hoy el lujo y opulencia de Los Pinos, la residencia de los presidentes de M\u00e9xico durante 80 a\u00f1os que era inaccesible hasta su apertura hoy como un centro cultural. Foto: SinEmbargo.<\/p>\n<\/div>\n<div id=\"attachment_3505420\" class=\"wp-caption alignnone\"><img loading=\"lazy\" decoding=\"async\" class=\"wp-image-3505420 size-full\" src=\"https:\/\/www.sinembargo.mx\/wp-content\/uploads\/2018\/12\/los-pinos-9-1.jpg\" sizes=\"auto, (max-width: 700px) 100vw, 700px\" srcset=\"https:\/\/www.sinembargo.mx\/wp-content\/uploads\/2018\/12\/los-pinos-9-1.jpg 700w, https:\/\/www.sinembargo.mx\/wp-content\/uploads\/2018\/12\/los-pinos-9-1-300x225.jpg 300w\" alt=\"\" width=\"700\" height=\"525\" \/><\/p>\n<p class=\"wp-caption-text\">Las puertas del ahora flamante centro cultural fueron abiertas una hora antes de la toma de posesi\u00f3n del nuevo Presidente, el izquierdista Andr\u00e9s Manuel L\u00f3pez Obrador. Foto: SinEmbargo.<\/p>\n<\/div>\n<div id=\"attachment_3505421\" class=\"wp-caption alignnone\"><img loading=\"lazy\" decoding=\"async\" class=\"wp-image-3505421 size-full\" src=\"https:\/\/www.sinembargo.mx\/wp-content\/uploads\/2018\/12\/los-pinos-8-1.jpg\" sizes=\"auto, (max-width: 700px) 100vw, 700px\" srcset=\"https:\/\/www.sinembargo.mx\/wp-content\/uploads\/2018\/12\/los-pinos-8-1.jpg 700w, https:\/\/www.sinembargo.mx\/wp-content\/uploads\/2018\/12\/los-pinos-8-1-225x300.jpg 225w\" alt=\"\" width=\"700\" height=\"933\" \/><\/p>\n<p class=\"wp-caption-text\">Miles de mexicanos conocieron hoy el lujo y opulencia de Los Pinos, la residencia de los presidentes de M\u00e9xico durante 80 a\u00f1os que era inaccesible hasta su apertura hoy como un centro cultural. Foto: SinEmbargo.<\/p>\n<\/div>\n<div id=\"attachment_3505422\" class=\"wp-caption alignnone\"><img loading=\"lazy\" decoding=\"async\" class=\"wp-image-3505422 size-full\" src=\"https:\/\/www.sinembargo.mx\/wp-content\/uploads\/2018\/12\/los-pinos-15-1.jpg\" sizes=\"auto, (max-width: 700px) 100vw, 700px\" srcset=\"https:\/\/www.sinembargo.mx\/wp-content\/uploads\/2018\/12\/los-pinos-15-1.jpg 700w, https:\/\/www.sinembargo.mx\/wp-content\/uploads\/2018\/12\/los-pinos-15-1-300x225.jpg 300w\" alt=\"\" width=\"700\" height=\"525\" \/><\/p>\n<p class=\"wp-caption-text\">Las puertas del ahora flamante centro cultural fueron abiertas una hora antes de la toma de posesi\u00f3n del nuevo Presidente, el izquierdista Andr\u00e9s Manuel L\u00f3pez Obrador. Foto: SinEmbargo.<\/p>\n<\/div>\n<p>\u201cMe parece fascinante que pueda entregar (L\u00f3pez Obrador) al pueblo un lugar donde seguramente se tejieron mil historias e intrigas pol\u00edticas\u201d, apunt\u00f3 Alberto, un psic\u00f3logo que acudi\u00f3 a la ex residencia presidencial.<\/p>\n<p>Amira, administradora y esposa de Alberto, dijo que le gustaba que Los Pinos sea ahora \u201cun lugar cultural para la gente\u201d y tambi\u00e9n el hecho de que un Presidente \u201cpueda vivir en una casa peque\u00f1a\u201d, en alusi\u00f3n a la decisi\u00f3n de L\u00f3pez Obrador de no ocupar este complejo de 56 mil metros cuadrados.<\/p>\n<blockquote>\n<p>El \u00faltimo acto oficial celebrado en Los Pinos fue la recepci\u00f3n del Presidente Enrique Pe\u00f1a Nieto al rey Felipe VI de Espa\u00f1a, la noche del 30 de noviembre.<\/p>\n<\/blockquote>\n<p>\u201cBienvenido pueblo de M\u00e9xico a Los Pinos\u201d, se\u00f1alaba el letrero blanco sobre setos verdes que las autoridades culturales colocaron en la rotonda de Francisco I. Madero, en cuyos l\u00edmites tocaba m\u00fasica una orquesta infantil.<\/p>\n<p>Dos pantallas gigantes de televisi\u00f3n fueron instaladas en Los Pinos para la transmisi\u00f3n de la toma de posesi\u00f3n este s\u00e1bado de L\u00f3pez Obrador, cuyas frases de discurso fueron apoyadas incondicionalmente por los visitantes.<\/p>\n<p>Gu\u00edas con camisetas que mostraban la imagen del ahora centro cultural explicaban las instrucciones para entrar y conocer las residencias, los jardines y el llamado paseo de los presidentes, que tiene estatuas de todos los mandatarios que la usaron como residencia.<\/p>\n<p>Pisos de m\u00e1rmol, escalinatas lujosas, museos militares, salas de juntas, cajeros de banco, una sala de cine y un \u201ccuarto de guerra\u201d de la \u00e9poca del Presidente Felipe Calder\u00f3n, fueron recorridos por los primeros visitantes.<\/p>\n<blockquote>\n<p>Los exteriores estaban libres de la f\u00e9rrea vigilancia militar y sin las vallas met\u00e1licas que controlaban los accesos; adem\u00e1s se abri\u00f3 un paso peatonal en la avenida Parque Lira y se colocaron decenas de flores de nochebuena en las rejas met\u00e1licas.<\/p>\n<\/blockquote>\n<p>Los interiores todav\u00eda son custodiados por miembros de la antigua guardia presidencial, que antes de abrir las puertas retiraron un letrero que dec\u00eda \u201cProhibido el paso\u201d.<\/p>\n<p>\u201cEs una oportunidad que se abra este espacio a los ciudadanos y que se dedique a la cultura y el esparcimiento de la sociedad mexicana\u201d, dijo Mario Alberto Ceja, estudiante de UNAM y que como centenares de visitantes lleg\u00f3 a conocer la intimidad presidencial.<\/p>\n<div id=\"attachment_3505423\" class=\"wp-caption alignnone\"><img loading=\"lazy\" decoding=\"async\" class=\"wp-image-3505423 size-full\" src=\"https:\/\/www.sinembargo.mx\/wp-content\/uploads\/2018\/12\/los-pinos-13-1.jpg\" sizes=\"auto, (max-width: 700px) 100vw, 700px\" srcset=\"https:\/\/www.sinembargo.mx\/wp-content\/uploads\/2018\/12\/los-pinos-13-1.jpg 700w, https:\/\/www.sinembargo.mx\/wp-content\/uploads\/2018\/12\/los-pinos-13-1-225x300.jpg 225w\" alt=\"\" width=\"700\" height=\"933\" \/><\/p>\n<p class=\"wp-caption-text\">Miles de mexicanos conocieron hoy el lujo y opulencia de Los Pinos, la residencia de los presidentes de M\u00e9xico durante 80 a\u00f1os que era inaccesible hasta su apertura hoy como un centro cultural. Foto: SinEmbargo.<\/p>\n<\/div>\n<div id=\"attachment_3505424\" class=\"wp-caption alignnone\"><img loading=\"lazy\" decoding=\"async\" class=\"wp-image-3505424 size-full\" src=\"https:\/\/www.sinembargo.mx\/wp-content\/uploads\/2018\/12\/los-pinos-19-1.jpg\" sizes=\"auto, (max-width: 700px) 100vw, 700px\" srcset=\"https:\/\/www.sinembargo.mx\/wp-content\/uploads\/2018\/12\/los-pinos-19-1.jpg 700w, https:\/\/www.sinembargo.mx\/wp-content\/uploads\/2018\/12\/los-pinos-19-1-300x225.jpg 300w\" alt=\"\" width=\"700\" height=\"525\" \/><\/p>\n<p class=\"wp-caption-text\">Las puertas del ahora flamante centro cultural fueron abiertas una hora antes de la toma de posesi\u00f3n del nuevo Presidente, el izquierdista Andr\u00e9s Manuel L\u00f3pez Obrador. Foto: SinEmbargo.<\/p>\n<\/div>\n<div id=\"attachment_3505425\" class=\"wp-caption alignnone\"><img loading=\"lazy\" decoding=\"async\" class=\"wp-image-3505425 size-full\" src=\"https:\/\/www.sinembargo.mx\/wp-content\/uploads\/2018\/12\/los-pinos-20-1.jpg\" sizes=\"auto, (max-width: 700px) 100vw, 700px\" srcset=\"https:\/\/www.sinembargo.mx\/wp-content\/uploads\/2018\/12\/los-pinos-20-1.jpg 700w, https:\/\/www.sinembargo.mx\/wp-content\/uploads\/2018\/12\/los-pinos-20-1-300x225.jpg 300w\" alt=\"\" width=\"700\" height=\"525\" \/><\/p>\n<p class=\"wp-caption-text\">Miles de mexicanos conocieron hoy el lujo y opulencia de Los Pinos, la residencia de los presidentes de M\u00e9xico durante 80 a\u00f1os que era inaccesible hasta su apertura hoy como un centro cultural. Foto: SinEmbargo.<\/p>\n<\/div>\n<div id=\"attachment_3505427\" class=\"wp-caption alignnone\"><img loading=\"lazy\" decoding=\"async\" class=\"wp-image-3505427 size-full\" src=\"https:\/\/www.sinembargo.mx\/wp-content\/uploads\/2018\/12\/los-pinos-5-1.jpg\" sizes=\"auto, (max-width: 700px) 100vw, 700px\" srcset=\"https:\/\/www.sinembargo.mx\/wp-content\/uploads\/2018\/12\/los-pinos-5-1.jpg 700w, https:\/\/www.sinembargo.mx\/wp-content\/uploads\/2018\/12\/los-pinos-5-1-300x225.jpg 300w\" alt=\"\" width=\"700\" height=\"525\" \/><\/p>\n<p class=\"wp-caption-text\">Miles de mexicanos conocieron hoy el lujo y opulencia de Los Pinos, la residencia de los presidentes de M\u00e9xico durante 80 a\u00f1os que era inaccesible hasta su apertura hoy como un centro cultural. Foto: SinEmbargo.<\/p>\n<\/div>\n<p>\u201cPara m\u00ed, representa historia, una larga historia y una larga tradici\u00f3n; c\u00f3mo se fue formando el pa\u00eds y las instituciones de M\u00e9xico, conocer y recorrer los bustos de presidentes y personajes hist\u00f3ricos\u201d, consider\u00f3.<\/p>\n<p>El Presidente L\u00e1zaro C\u00e1rdenas (1934-1940) estableci\u00f3 el rancho de la Hormida como residencia oficial y la nombr\u00f3 Los Pinos en recuerdo de una finca con ese nombre que ten\u00eda en el estado occidental de Michoac\u00e1n en donde conoci\u00f3 a su esposa Amalia Sol\u00f3rzano.<\/p>\n<p>C\u00e1rdenas rehus\u00f3 vivir por ostentoso en El Castillo de Chapultepec, que sirvi\u00f3 de residencia de los gobernantes de M\u00e9xico tras el triunfo del bando liberal en la guerra contra los conservadores y el imperio franc\u00e9s.<\/p>\n<p>La apertura de Los Pinos al p\u00fablico en M\u00e9xico solo puede ser comparado con la situaci\u00f3n de la Revoluci\u00f3n de 1910, cuando los campesinos tomaron las haciendas y conocieron el boato de los terratenientes y que se reproduce en muchas pel\u00edculas sobre esta \u00e9poca.<\/p>\n<p>El complejo de Los Pinos, en el hist\u00f3rico Bosque de Chapultepec, comprende una superficie de 56 mil metros cuadrados y es catorce veces m\u00e1s grande que la Casa Blanca, residencia del Presidente de Estados Unidos.<\/p>\n<p><em>Con informaci\u00f3n de Jos\u00e9 Antonio Torres, de EFE.<\/em><\/p>\n<\/blockquote>\n","protected":false},"excerpt":{"rendered":"<p>Casi 100 mil personas visitaron en dos d\u00edas Los Pinos, la residencia que fue inaccesible durante 80 a\u00f1os<br \/>\nPor Redacci\u00f3n QP<\/p>\n","protected":false},"author":2,"featured_media":10972,"comment_status":"open","ping_status":"open","sticky":false,"template":"","format":"standard","meta":{"_monsterinsights_skip_tracking":false,"_monsterinsights_sitenote_active":false,"_monsterinsights_sitenote_note":"","_monsterinsights_sitenote_category":0,"footnotes":""},"categories":[2],"tags":[],"class_list":["post-10973","post","type-post","status-publish","format-standard","has-post-thumbnail","hentry","category-noticias"],"yoast_head":"<!-- This site is optimized with the Yoast SEO plugin v27.3 - https:\/\/yoast.com\/product\/yoast-seo-wordpress\/ -->\n<title>Casi 100 mil personas visitaron en dos d\u00edas Los Pinos, la residencia que fue inaccesible durante 80 a\u00f1os -<\/title>\n<meta name=\"robots\" content=\"index, follow, max-snippet:-1, max-image-preview:large, max-video-preview:-1\" \/>\n<link rel=\"canonical\" href=\"https:\/\/quehacerpolitico.mx\/?p=10973\" \/>\n<meta property=\"og:locale\" content=\"es_MX\" \/>\n<meta property=\"og:type\" content=\"article\" \/>\n<meta property=\"og:title\" content=\"Casi 100 mil personas visitaron en dos d\u00edas Los Pinos, la residencia que fue inaccesible durante 80 a\u00f1os -\" \/>\n<meta property=\"og:description\" content=\"Casi 100 mil personas visitaron en dos d\u00edas Los Pinos, la residencia que fue inaccesible durante 80 a\u00f1os Por Redacci\u00f3n QP\" \/>\n<meta property=\"og:url\" content=\"https:\/\/quehacerpolitico.mx\/?p=10973\" \/>\n<meta property=\"article:published_time\" content=\"2018-12-05T03:40:10+00:00\" \/>\n<meta name=\"author\" content=\"Redacci\u00f3n QP\" \/>\n<meta name=\"twitter:card\" content=\"summary_large_image\" \/>\n<meta name=\"twitter:label1\" content=\"Escrito por\" \/>\n\t<meta name=\"twitter:data1\" content=\"Redacci\u00f3n QP\" \/>\n\t<meta name=\"twitter:label2\" content=\"Tiempo de lectura\" \/>\n\t<meta name=\"twitter:data2\" content=\"5 minutos\" \/>\n<script type=\"application\/ld+json\" class=\"yoast-schema-graph\">{\"@context\":\"https:\\\/\\\/schema.org\",\"@graph\":[{\"@type\":\"Article\",\"@id\":\"https:\\\/\\\/quehacerpolitico.mx\\\/?p=10973#article\",\"isPartOf\":{\"@id\":\"https:\\\/\\\/quehacerpolitico.mx\\\/?p=10973\"},\"author\":{\"name\":\"Redacci\u00f3n QP\",\"@id\":\"https:\\\/\\\/quehacerpolitico.mx\\\/#\\\/schema\\\/person\\\/496d8ad2d1d3f8036101dca7ee39e585\"},\"headline\":\"Casi 100 mil personas visitaron en dos d\u00edas Los Pinos, la residencia que fue inaccesible durante 80 a\u00f1os\",\"datePublished\":\"2018-12-05T03:40:10+00:00\",\"mainEntityOfPage\":{\"@id\":\"https:\\\/\\\/quehacerpolitico.mx\\\/?p=10973\"},\"wordCount\":1095,\"commentCount\":0,\"image\":{\"@id\":\"https:\\\/\\\/quehacerpolitico.mx\\\/?p=10973#primaryimage\"},\"thumbnailUrl\":\"\",\"articleSection\":[\"Noticias\"],\"inLanguage\":\"es\",\"potentialAction\":[{\"@type\":\"CommentAction\",\"name\":\"Comment\",\"target\":[\"https:\\\/\\\/quehacerpolitico.mx\\\/?p=10973#respond\"]}]},{\"@type\":\"WebPage\",\"@id\":\"https:\\\/\\\/quehacerpolitico.mx\\\/?p=10973\",\"url\":\"https:\\\/\\\/quehacerpolitico.mx\\\/?p=10973\",\"name\":\"Casi 100 mil personas visitaron en dos d\u00edas Los Pinos, la residencia que fue inaccesible durante 80 a\u00f1os -\",\"isPartOf\":{\"@id\":\"https:\\\/\\\/quehacerpolitico.mx\\\/#website\"},\"primaryImageOfPage\":{\"@id\":\"https:\\\/\\\/quehacerpolitico.mx\\\/?p=10973#primaryimage\"},\"image\":{\"@id\":\"https:\\\/\\\/quehacerpolitico.mx\\\/?p=10973#primaryimage\"},\"thumbnailUrl\":\"\",\"datePublished\":\"2018-12-05T03:40:10+00:00\",\"author\":{\"@id\":\"https:\\\/\\\/quehacerpolitico.mx\\\/#\\\/schema\\\/person\\\/496d8ad2d1d3f8036101dca7ee39e585\"},\"breadcrumb\":{\"@id\":\"https:\\\/\\\/quehacerpolitico.mx\\\/?p=10973#breadcrumb\"},\"inLanguage\":\"es\",\"potentialAction\":[{\"@type\":\"ReadAction\",\"target\":[\"https:\\\/\\\/quehacerpolitico.mx\\\/?p=10973\"]}]},{\"@type\":\"ImageObject\",\"inLanguage\":\"es\",\"@id\":\"https:\\\/\\\/quehacerpolitico.mx\\\/?p=10973#primaryimage\",\"url\":\"\",\"contentUrl\":\"\"},{\"@type\":\"BreadcrumbList\",\"@id\":\"https:\\\/\\\/quehacerpolitico.mx\\\/?p=10973#breadcrumb\",\"itemListElement\":[{\"@type\":\"ListItem\",\"position\":1,\"name\":\"Inicio\",\"item\":\"https:\\\/\\\/quehacerpolitico.mx\\\/\"},{\"@type\":\"ListItem\",\"position\":2,\"name\":\"Casi 100 mil personas visitaron en dos d\u00edas Los Pinos, la residencia que fue inaccesible durante 80 a\u00f1os\"}]},{\"@type\":\"WebSite\",\"@id\":\"https:\\\/\\\/quehacerpolitico.mx\\\/#website\",\"url\":\"https:\\\/\\\/quehacerpolitico.mx\\\/\",\"name\":\"\",\"description\":\"\",\"potentialAction\":[{\"@type\":\"SearchAction\",\"target\":{\"@type\":\"EntryPoint\",\"urlTemplate\":\"https:\\\/\\\/quehacerpolitico.mx\\\/?s={search_term_string}\"},\"query-input\":{\"@type\":\"PropertyValueSpecification\",\"valueRequired\":true,\"valueName\":\"search_term_string\"}}],\"inLanguage\":\"es\"},{\"@type\":\"Person\",\"@id\":\"https:\\\/\\\/quehacerpolitico.mx\\\/#\\\/schema\\\/person\\\/496d8ad2d1d3f8036101dca7ee39e585\",\"name\":\"Redacci\u00f3n QP\",\"image\":{\"@type\":\"ImageObject\",\"inLanguage\":\"es\",\"@id\":\"https:\\\/\\\/secure.gravatar.com\\\/avatar\\\/c7164ed6fdec453195284ad24a5ae5b6e1eed2b848477fa2a4787ba9adf39a41?s=96&d=mm&r=g\",\"url\":\"https:\\\/\\\/secure.gravatar.com\\\/avatar\\\/c7164ed6fdec453195284ad24a5ae5b6e1eed2b848477fa2a4787ba9adf39a41?s=96&d=mm&r=g\",\"contentUrl\":\"https:\\\/\\\/secure.gravatar.com\\\/avatar\\\/c7164ed6fdec453195284ad24a5ae5b6e1eed2b848477fa2a4787ba9adf39a41?s=96&d=mm&r=g\",\"caption\":\"Redacci\u00f3n QP\"},\"url\":\"https:\\\/\\\/quehacerpolitico.mx\\\/?author=2\"}]}<\/script>\n<!-- \/ Yoast SEO plugin. -->","yoast_head_json":{"title":"Casi 100 mil personas visitaron en dos d\u00edas Los Pinos, la residencia que fue inaccesible durante 80 a\u00f1os -","robots":{"index":"index","follow":"follow","max-snippet":"max-snippet:-1","max-image-preview":"max-image-preview:large","max-video-preview":"max-video-preview:-1"},"canonical":"https:\/\/quehacerpolitico.mx\/?p=10973","og_locale":"es_MX","og_type":"article","og_title":"Casi 100 mil personas visitaron en dos d\u00edas Los Pinos, la residencia que fue inaccesible durante 80 a\u00f1os -","og_description":"Casi 100 mil personas visitaron en dos d\u00edas Los Pinos, la residencia que fue inaccesible durante 80 a\u00f1os Por Redacci\u00f3n QP","og_url":"https:\/\/quehacerpolitico.mx\/?p=10973","article_published_time":"2018-12-05T03:40:10+00:00","author":"Redacci\u00f3n QP","twitter_card":"summary_large_image","twitter_misc":{"Escrito por":"Redacci\u00f3n QP","Tiempo de lectura":"5 minutos"},"schema":{"@context":"https:\/\/schema.org","@graph":[{"@type":"Article","@id":"https:\/\/quehacerpolitico.mx\/?p=10973#article","isPartOf":{"@id":"https:\/\/quehacerpolitico.mx\/?p=10973"},"author":{"name":"Redacci\u00f3n QP","@id":"https:\/\/quehacerpolitico.mx\/#\/schema\/person\/496d8ad2d1d3f8036101dca7ee39e585"},"headline":"Casi 100 mil personas visitaron en dos d\u00edas Los Pinos, la residencia que fue inaccesible durante 80 a\u00f1os","datePublished":"2018-12-05T03:40:10+00:00","mainEntityOfPage":{"@id":"https:\/\/quehacerpolitico.mx\/?p=10973"},"wordCount":1095,"commentCount":0,"image":{"@id":"https:\/\/quehacerpolitico.mx\/?p=10973#primaryimage"},"thumbnailUrl":"","articleSection":["Noticias"],"inLanguage":"es","potentialAction":[{"@type":"CommentAction","name":"Comment","target":["https:\/\/quehacerpolitico.mx\/?p=10973#respond"]}]},{"@type":"WebPage","@id":"https:\/\/quehacerpolitico.mx\/?p=10973","url":"https:\/\/quehacerpolitico.mx\/?p=10973","name":"Casi 100 mil personas visitaron en dos d\u00edas Los Pinos, la residencia que fue inaccesible durante 80 a\u00f1os -","isPartOf":{"@id":"https:\/\/quehacerpolitico.mx\/#website"},"primaryImageOfPage":{"@id":"https:\/\/quehacerpolitico.mx\/?p=10973#primaryimage"},"image":{"@id":"https:\/\/quehacerpolitico.mx\/?p=10973#primaryimage"},"thumbnailUrl":"","datePublished":"2018-12-05T03:40:10+00:00","author":{"@id":"https:\/\/quehacerpolitico.mx\/#\/schema\/person\/496d8ad2d1d3f8036101dca7ee39e585"},"breadcrumb":{"@id":"https:\/\/quehacerpolitico.mx\/?p=10973#breadcrumb"},"inLanguage":"es","potentialAction":[{"@type":"ReadAction","target":["https:\/\/quehacerpolitico.mx\/?p=10973"]}]},{"@type":"ImageObject","inLanguage":"es","@id":"https:\/\/quehacerpolitico.mx\/?p=10973#primaryimage","url":"","contentUrl":""},{"@type":"BreadcrumbList","@id":"https:\/\/quehacerpolitico.mx\/?p=10973#breadcrumb","itemListElement":[{"@type":"ListItem","position":1,"name":"Inicio","item":"https:\/\/quehacerpolitico.mx\/"},{"@type":"ListItem","position":2,"name":"Casi 100 mil personas visitaron en dos d\u00edas Los Pinos, la residencia que fue inaccesible durante 80 a\u00f1os"}]},{"@type":"WebSite","@id":"https:\/\/quehacerpolitico.mx\/#website","url":"https:\/\/quehacerpolitico.mx\/","name":"","description":"","potentialAction":[{"@type":"SearchAction","target":{"@type":"EntryPoint","urlTemplate":"https:\/\/quehacerpolitico.mx\/?s={search_term_string}"},"query-input":{"@type":"PropertyValueSpecification","valueRequired":true,"valueName":"search_term_string"}}],"inLanguage":"es"},{"@type":"Person","@id":"https:\/\/quehacerpolitico.mx\/#\/schema\/person\/496d8ad2d1d3f8036101dca7ee39e585","name":"Redacci\u00f3n QP","image":{"@type":"ImageObject","inLanguage":"es","@id":"https:\/\/secure.gravatar.com\/avatar\/c7164ed6fdec453195284ad24a5ae5b6e1eed2b848477fa2a4787ba9adf39a41?s=96&d=mm&r=g","url":"https:\/\/secure.gravatar.com\/avatar\/c7164ed6fdec453195284ad24a5ae5b6e1eed2b848477fa2a4787ba9adf39a41?s=96&d=mm&r=g","contentUrl":"https:\/\/secure.gravatar.com\/avatar\/c7164ed6fdec453195284ad24a5ae5b6e1eed2b848477fa2a4787ba9adf39a41?s=96&d=mm&r=g","caption":"Redacci\u00f3n QP"},"url":"https:\/\/quehacerpolitico.mx\/?author=2"}]}},"featured_image_urls":{"full":"","thumbnail":"","medium":"","medium_large":"","large":"","1536x1536":"","2048x2048":"","covernews-featured":"","covernews-medium":""},"author_info":{"display_name":"Redacci\u00f3n QP","author_link":"https:\/\/quehacerpolitico.mx\/?author=2"},"category_info":"<a href=\"https:\/\/quehacerpolitico.mx\/?cat=2\" rel=\"category\">Noticias<\/a>","tag_info":"Noticias","comment_count":"0","_links":{"self":[{"href":"https:\/\/quehacerpolitico.mx\/index.php?rest_route=\/wp\/v2\/posts\/10973","targetHints":{"allow":["GET"]}}],"collection":[{"href":"https:\/\/quehacerpolitico.mx\/index.php?rest_route=\/wp\/v2\/posts"}],"about":[{"href":"https:\/\/quehacerpolitico.mx\/index.php?rest_route=\/wp\/v2\/types\/post"}],"author":[{"embeddable":true,"href":"https:\/\/quehacerpolitico.mx\/index.php?rest_route=\/wp\/v2\/users\/2"}],"replies":[{"embeddable":true,"href":"https:\/\/quehacerpolitico.mx\/index.php?rest_route=%2Fwp%2Fv2%2Fcomments&post=10973"}],"version-history":[{"count":0,"href":"https:\/\/quehacerpolitico.mx\/index.php?rest_route=\/wp\/v2\/posts\/10973\/revisions"}],"wp:featuredmedia":[{"embeddable":true,"href":"https:\/\/quehacerpolitico.mx\/index.php?rest_route=\/"}],"wp:attachment":[{"href":"https:\/\/quehacerpolitico.mx\/index.php?rest_route=%2Fwp%2Fv2%2Fmedia&parent=10973"}],"wp:term":[{"taxonomy":"category","embeddable":true,"href":"https:\/\/quehacerpolitico.mx\/index.php?rest_route=%2Fwp%2Fv2%2Fcategories&post=10973"},{"taxonomy":"post_tag","embeddable":true,"href":"https:\/\/quehacerpolitico.mx\/index.php?rest_route=%2Fwp%2Fv2%2Ftags&post=10973"}],"curies":[{"name":"wp","href":"https:\/\/api.w.org\/{rel}","templated":true}]}}