{"id":109716,"date":"2024-05-01T21:23:24","date_gmt":"2024-05-01T21:23:24","guid":{"rendered":"https:\/\/quehacerpolitico.mx\/?p=109716"},"modified":"2024-05-01T21:23:26","modified_gmt":"2024-05-01T21:23:26","slug":"el-quehacer-politico-carolina-alonso-romei-arizona-el-peso-latino-en-el-electorado-de-preferencia-democrata","status":"publish","type":"post","link":"https:\/\/quehacerpolitico.mx\/?p=109716","title":{"rendered":"El Quehacer Pol\u00edtico\/\/\/Carolina Alonso Romei\/\/\/Arizona el peso latino en el electorado de preferencia dem\u00f3crata"},"content":{"rendered":"\n<p>Por Carolina Alonso Romei<\/p>\n\n\n\n<p>Internacionalista <\/p>\n\n\n\n<p>En Arizona el 20 por ciento de los votantes registrados son de origen latino, un electorado tradicionalmente dem\u00f3crata<\/p>\n\n\n\n<p><strong>Arizona<\/strong>&nbsp;es un importante&nbsp;<strong>campo de batalla<\/strong>&nbsp;de las&nbsp;<strong>elecciones<\/strong>, con los republicanos invirtiendo grandes cantidades en propaganda pol\u00edtica en espa\u00f1ol y los dem\u00f3cratas enfocados en atraer el voto de este estado clave, en el que concurren grandes temas que preocupan al electorado como la&nbsp;<strong>econom\u00eda<\/strong>, el derecho al&nbsp;<strong>aborto<\/strong>&nbsp;y la&nbsp;<strong>pol\u00edtica<\/strong>&nbsp;<strong>migratoria<\/strong>.<\/p>\n\n\n\n<p>A medida que se aproximan las\u00a0elecciones de noviembre se intensifican los esfuerzos de ambos partidos quienes invierten cantidades millonarias por ganar el voto latino, que podr\u00eda definir contiendas muy cerradas en este estado fronterizo, con una pujante econom\u00eda que ha crecido m\u00e1s de 50 por ciento en seis a\u00f1os.<\/p>\n\n\n\n<p>Un tercio de la\u00a0<strong>poblaci\u00f3n<\/strong>\u00a0del estado es\u00a0<strong>hispana<\/strong>\u00a0y sus votos electorales para las elecciones de noviembre est\u00e1n en liza, con una ligera ventaja del expresidente republicano Donald Trump (43 por ciento) sobre el presidente dem\u00f3crata Joe Biden (39.8 por ciento), seg\u00fan proyecciones de\u00a0Five Thirty Eight, que hace un promedio de las encuestas m\u00e1s recientes.<\/p>\n\n\n\n<h3 class=\"wp-block-heading\">Inversi\u00f3n millonaria conservadora<\/h3>\n\n\n\n<p>Esta semana, La Iniciativa Libre, parte de la red pol\u00edtica republicana creada por los industriales multimillonarios hermanos Koch, presentaron la campa\u00f1a \u2018Diga No a Bidenomics\u2019, con la que quieren hacer mella en uno de los puntos d\u00e9biles del presidente Biden, seg\u00fan las encuestas de opini\u00f3n.<\/p>\n\n\n\n<p>Este esfuerzo, aseguran, pretende resaltar lo que llaman las&nbsp;\u201c<strong>pol\u00edticas econ\u00f3micas punitivas<\/strong>\u201d de Biden y sus aliados en el Congreso que impactan negativamente a la comunidad latina no solo en Arizona sino en todo el pa\u00eds.<\/p>\n\n\n\n<p>\u201cCon esta campa\u00f1a queremos dar la informaci\u00f3n y presentar una perspectiva clara de lo que est\u00e1 viviendo nuestra comunidad latina. La Administraci\u00f3n Biden nos viene diciendo que la econom\u00eda est\u00e1 bien, que hay m\u00e1s trabajos. Sin embargo, es algo que nuestra comunidad latina no est\u00e1 viendo reflejado en su econom\u00eda personal\u201d, dijo a Efe, Jonathan Soto, director de operaciones de Iniciativa Libre en Arizona.<\/p>\n\n\n\n<p>La campa\u00f1a de este grupo de acci\u00f3n pol\u00edtica, que se define de centroderecha, invertir\u00e1 millones de d\u00f3lares en anuncios digitales, eventos p\u00fablicos en supermercados y restaurantes latinos.<\/p>\n\n\n\n<p>Soto indic\u00f3 que una de las principales quejas de la&nbsp;<strong>comunidad latina<\/strong>&nbsp;en&nbsp;<strong>Arizona<\/strong>&nbsp;son los altos costos de la vivienda, la gasolina y los alimentos b\u00e1sicos.<\/p>\n\n\n\n<p>Como parte de este esfuerzo, el grupo lanz\u00f3 un sitio biling\u00fce donde se presentan respuestas a lo que llaman la \u201cret\u00f3rica\u201d del presidente Biden.<\/p>\n\n\n\n<p>\u201cEl sue\u00f1o americano est\u00e1 escapando de las manos de nuestra comunidad\u201d, valor\u00f3 Soto.<\/p>\n\n\n\n<h3 class=\"wp-block-heading\">&nbsp;Aborto entra en la escena<\/h3>\n\n\n\n<p>Pero no solo la econom\u00eda ha calentado la elecci\u00f3n en el estado fronterizo, el reciente restablecimiento por parte de la Corte Suprema de Arizona de una ley estatal de 1864 que&nbsp;<strong>proh\u00edbe<\/strong>pr\u00e1cticamente el&nbsp;<strong>aborto<\/strong>&nbsp;en el estado caus\u00f3 un sismo pol\u00edtico en ambos partidos pol\u00edticos.<\/p>\n\n\n\n<p>El partido dem\u00f3crata ha lanzado ataques en contra de Trump y sus seguidores republicanos&nbsp;responsabiliz\u00e1ndolos de lo que consideran un fuerte golpe a los derechos reproductivos de la mujer.<\/p>\n\n\n\n<p>\u201cDebido a Donald Trump, millones de mujeres perdieron la libertad fundamental de controlar sus propios cuerpos, la vida de las mujeres est\u00e1 en peligro debido a esto\u201d, dice Biden en una campa\u00f1a de anuncios televisivos dirigida a las mujeres y los votantes latinos.<\/p>\n\n\n\n<h3 class=\"wp-block-heading\">&nbsp;Arizona, estado crucial<\/h3>\n\n\n\n<p>En las elecciones de 2020, Arizona sorprendi\u00f3 al pa\u00eds favoreciendo en las urnas a Biden, pese haber sido considerado tradicionalmente como un estado \u201crojo\u201d o que favorece a los republicanos con sus 11 votos electorales, de los 270 necesarios para alzarse con la presidencia.<\/p>\n\n\n\n<p>La victoria de Biden se debi\u00f3, en gran parte, al trabajo de los activistas que promovieron un voto de castigo contra a\u00f1os de pol\u00edticas antiinmigrantes, que se enfrentan a los mensajes de la candidata al Senado Keri Lake, que ha hecho de su cr\u00edtica a la inmigraci\u00f3n irregular su caballo de batalla y tiene solo una ligera desventaja en las encuestas del congresista Rub\u00e9n Gallego, la apuesta dem\u00f3crata para retener la mayor\u00eda en la C\u00e1mara Alta.<\/p>\n\n\n\n<p>En Arizona el 20 por ciento de los votantes registrados son de origen latino, un electorado tradicionalmente dem\u00f3crata, que en muchas partes del pa\u00eds est\u00e1 movi\u00e9ndose en simpat\u00eda hacia Trump, por lo que este laboratorio electoral puede ser esencial para entender el sentido del voto de un grupo cada vez m\u00e1s importante para ambos partidos.<\/p>\n\n\n\n<p>Con informaci\u00f3n de EFE<\/p>\n","protected":false},"excerpt":{"rendered":"<p>Por Carolina Alonso Romei Internacionalista En Arizona el 20 por ciento de los votantes registrados&#8230;<\/p>\n","protected":false},"author":2,"featured_media":109717,"comment_status":"open","ping_status":"open","sticky":false,"template":"","format":"standard","meta":{"_monsterinsights_skip_tracking":false,"_monsterinsights_sitenote_active":false,"_monsterinsights_sitenote_note":"","_monsterinsights_sitenote_category":0,"footnotes":""},"categories":[1],"tags":[],"class_list":["post-109716","post","type-post","status-publish","format-standard","has-post-thumbnail","hentry","category-sin-categoria"],"yoast_head":"<!-- This site is optimized with the Yoast SEO plugin v27.3 - https:\/\/yoast.com\/product\/yoast-seo-wordpress\/ -->\n<title>El Quehacer Pol\u00edtico\/\/\/Carolina Alonso Romei\/\/\/Arizona el peso latino en el electorado de preferencia dem\u00f3crata -<\/title>\n<meta name=\"robots\" content=\"index, follow, max-snippet:-1, max-image-preview:large, max-video-preview:-1\" \/>\n<link rel=\"canonical\" href=\"https:\/\/quehacerpolitico.mx\/?p=109716\" \/>\n<meta property=\"og:locale\" content=\"es_MX\" \/>\n<meta property=\"og:type\" content=\"article\" \/>\n<meta property=\"og:title\" content=\"El Quehacer Pol\u00edtico\/\/\/Carolina Alonso Romei\/\/\/Arizona el peso latino en el electorado de preferencia dem\u00f3crata -\" \/>\n<meta property=\"og:description\" content=\"Por Carolina Alonso Romei Internacionalista En Arizona el 20 por ciento de los votantes registrados...\" \/>\n<meta property=\"og:url\" content=\"https:\/\/quehacerpolitico.mx\/?p=109716\" \/>\n<meta property=\"article:published_time\" content=\"2024-05-01T21:23:24+00:00\" \/>\n<meta property=\"article:modified_time\" content=\"2024-05-01T21:23:26+00:00\" \/>\n<meta property=\"og:image\" content=\"https:\/\/quehacerpolitico.mx\/wp-content\/uploads\/2024\/05\/73e1444e-4b17-4ee5-aa11-c102ecdb7153.jpeg\" \/>\n\t<meta property=\"og:image:width\" content=\"963\" \/>\n\t<meta property=\"og:image:height\" content=\"493\" \/>\n\t<meta property=\"og:image:type\" content=\"image\/jpeg\" \/>\n<meta name=\"author\" content=\"Redacci\u00f3n QP\" \/>\n<meta name=\"twitter:card\" content=\"summary_large_image\" \/>\n<meta name=\"twitter:label1\" content=\"Escrito por\" \/>\n\t<meta name=\"twitter:data1\" content=\"Redacci\u00f3n QP\" \/>\n\t<meta name=\"twitter:label2\" content=\"Tiempo de lectura\" \/>\n\t<meta name=\"twitter:data2\" content=\"4 minutos\" \/>\n<script type=\"application\/ld+json\" class=\"yoast-schema-graph\">{\"@context\":\"https:\\\/\\\/schema.org\",\"@graph\":[{\"@type\":\"Article\",\"@id\":\"https:\\\/\\\/quehacerpolitico.mx\\\/?p=109716#article\",\"isPartOf\":{\"@id\":\"https:\\\/\\\/quehacerpolitico.mx\\\/?p=109716\"},\"author\":{\"name\":\"Redacci\u00f3n QP\",\"@id\":\"https:\\\/\\\/quehacerpolitico.mx\\\/#\\\/schema\\\/person\\\/496d8ad2d1d3f8036101dca7ee39e585\"},\"headline\":\"El Quehacer Pol\u00edtico\\\/\\\/\\\/Carolina Alonso Romei\\\/\\\/\\\/Arizona el peso latino en el electorado de preferencia dem\u00f3crata\",\"datePublished\":\"2024-05-01T21:23:24+00:00\",\"dateModified\":\"2024-05-01T21:23:26+00:00\",\"mainEntityOfPage\":{\"@id\":\"https:\\\/\\\/quehacerpolitico.mx\\\/?p=109716\"},\"wordCount\":819,\"commentCount\":0,\"image\":{\"@id\":\"https:\\\/\\\/quehacerpolitico.mx\\\/?p=109716#primaryimage\"},\"thumbnailUrl\":\"https:\\\/\\\/quehacerpolitico.mx\\\/wp-content\\\/uploads\\\/2024\\\/05\\\/73e1444e-4b17-4ee5-aa11-c102ecdb7153.jpeg\",\"articleSection\":[\"Internacionales\"],\"inLanguage\":\"es\",\"potentialAction\":[{\"@type\":\"CommentAction\",\"name\":\"Comment\",\"target\":[\"https:\\\/\\\/quehacerpolitico.mx\\\/?p=109716#respond\"]}]},{\"@type\":\"WebPage\",\"@id\":\"https:\\\/\\\/quehacerpolitico.mx\\\/?p=109716\",\"url\":\"https:\\\/\\\/quehacerpolitico.mx\\\/?p=109716\",\"name\":\"El Quehacer Pol\u00edtico\\\/\\\/\\\/Carolina Alonso Romei\\\/\\\/\\\/Arizona el peso latino en el electorado de preferencia dem\u00f3crata -\",\"isPartOf\":{\"@id\":\"https:\\\/\\\/quehacerpolitico.mx\\\/#website\"},\"primaryImageOfPage\":{\"@id\":\"https:\\\/\\\/quehacerpolitico.mx\\\/?p=109716#primaryimage\"},\"image\":{\"@id\":\"https:\\\/\\\/quehacerpolitico.mx\\\/?p=109716#primaryimage\"},\"thumbnailUrl\":\"https:\\\/\\\/quehacerpolitico.mx\\\/wp-content\\\/uploads\\\/2024\\\/05\\\/73e1444e-4b17-4ee5-aa11-c102ecdb7153.jpeg\",\"datePublished\":\"2024-05-01T21:23:24+00:00\",\"dateModified\":\"2024-05-01T21:23:26+00:00\",\"author\":{\"@id\":\"https:\\\/\\\/quehacerpolitico.mx\\\/#\\\/schema\\\/person\\\/496d8ad2d1d3f8036101dca7ee39e585\"},\"breadcrumb\":{\"@id\":\"https:\\\/\\\/quehacerpolitico.mx\\\/?p=109716#breadcrumb\"},\"inLanguage\":\"es\",\"potentialAction\":[{\"@type\":\"ReadAction\",\"target\":[\"https:\\\/\\\/quehacerpolitico.mx\\\/?p=109716\"]}]},{\"@type\":\"ImageObject\",\"inLanguage\":\"es\",\"@id\":\"https:\\\/\\\/quehacerpolitico.mx\\\/?p=109716#primaryimage\",\"url\":\"https:\\\/\\\/quehacerpolitico.mx\\\/wp-content\\\/uploads\\\/2024\\\/05\\\/73e1444e-4b17-4ee5-aa11-c102ecdb7153.jpeg\",\"contentUrl\":\"https:\\\/\\\/quehacerpolitico.mx\\\/wp-content\\\/uploads\\\/2024\\\/05\\\/73e1444e-4b17-4ee5-aa11-c102ecdb7153.jpeg\",\"width\":963,\"height\":493},{\"@type\":\"BreadcrumbList\",\"@id\":\"https:\\\/\\\/quehacerpolitico.mx\\\/?p=109716#breadcrumb\",\"itemListElement\":[{\"@type\":\"ListItem\",\"position\":1,\"name\":\"Inicio\",\"item\":\"https:\\\/\\\/quehacerpolitico.mx\\\/\"},{\"@type\":\"ListItem\",\"position\":2,\"name\":\"El Quehacer Pol\u00edtico\\\/\\\/\\\/Carolina Alonso Romei\\\/\\\/\\\/Arizona el peso latino en el electorado de preferencia dem\u00f3crata\"}]},{\"@type\":\"WebSite\",\"@id\":\"https:\\\/\\\/quehacerpolitico.mx\\\/#website\",\"url\":\"https:\\\/\\\/quehacerpolitico.mx\\\/\",\"name\":\"\",\"description\":\"\",\"potentialAction\":[{\"@type\":\"SearchAction\",\"target\":{\"@type\":\"EntryPoint\",\"urlTemplate\":\"https:\\\/\\\/quehacerpolitico.mx\\\/?s={search_term_string}\"},\"query-input\":{\"@type\":\"PropertyValueSpecification\",\"valueRequired\":true,\"valueName\":\"search_term_string\"}}],\"inLanguage\":\"es\"},{\"@type\":\"Person\",\"@id\":\"https:\\\/\\\/quehacerpolitico.mx\\\/#\\\/schema\\\/person\\\/496d8ad2d1d3f8036101dca7ee39e585\",\"name\":\"Redacci\u00f3n QP\",\"image\":{\"@type\":\"ImageObject\",\"inLanguage\":\"es\",\"@id\":\"https:\\\/\\\/secure.gravatar.com\\\/avatar\\\/c7164ed6fdec453195284ad24a5ae5b6e1eed2b848477fa2a4787ba9adf39a41?s=96&d=mm&r=g\",\"url\":\"https:\\\/\\\/secure.gravatar.com\\\/avatar\\\/c7164ed6fdec453195284ad24a5ae5b6e1eed2b848477fa2a4787ba9adf39a41?s=96&d=mm&r=g\",\"contentUrl\":\"https:\\\/\\\/secure.gravatar.com\\\/avatar\\\/c7164ed6fdec453195284ad24a5ae5b6e1eed2b848477fa2a4787ba9adf39a41?s=96&d=mm&r=g\",\"caption\":\"Redacci\u00f3n QP\"},\"url\":\"https:\\\/\\\/quehacerpolitico.mx\\\/?author=2\"}]}<\/script>\n<!-- \/ Yoast SEO plugin. -->","yoast_head_json":{"title":"El Quehacer Pol\u00edtico\/\/\/Carolina Alonso Romei\/\/\/Arizona el peso latino en el electorado de preferencia dem\u00f3crata -","robots":{"index":"index","follow":"follow","max-snippet":"max-snippet:-1","max-image-preview":"max-image-preview:large","max-video-preview":"max-video-preview:-1"},"canonical":"https:\/\/quehacerpolitico.mx\/?p=109716","og_locale":"es_MX","og_type":"article","og_title":"El Quehacer Pol\u00edtico\/\/\/Carolina Alonso Romei\/\/\/Arizona el peso latino en el electorado de preferencia dem\u00f3crata -","og_description":"Por Carolina Alonso Romei Internacionalista En Arizona el 20 por ciento de los votantes registrados...","og_url":"https:\/\/quehacerpolitico.mx\/?p=109716","article_published_time":"2024-05-01T21:23:24+00:00","article_modified_time":"2024-05-01T21:23:26+00:00","og_image":[{"width":963,"height":493,"url":"https:\/\/quehacerpolitico.mx\/wp-content\/uploads\/2024\/05\/73e1444e-4b17-4ee5-aa11-c102ecdb7153.jpeg","type":"image\/jpeg"}],"author":"Redacci\u00f3n QP","twitter_card":"summary_large_image","twitter_misc":{"Escrito por":"Redacci\u00f3n QP","Tiempo de lectura":"4 minutos"},"schema":{"@context":"https:\/\/schema.org","@graph":[{"@type":"Article","@id":"https:\/\/quehacerpolitico.mx\/?p=109716#article","isPartOf":{"@id":"https:\/\/quehacerpolitico.mx\/?p=109716"},"author":{"name":"Redacci\u00f3n QP","@id":"https:\/\/quehacerpolitico.mx\/#\/schema\/person\/496d8ad2d1d3f8036101dca7ee39e585"},"headline":"El Quehacer Pol\u00edtico\/\/\/Carolina Alonso Romei\/\/\/Arizona el peso latino en el electorado de preferencia dem\u00f3crata","datePublished":"2024-05-01T21:23:24+00:00","dateModified":"2024-05-01T21:23:26+00:00","mainEntityOfPage":{"@id":"https:\/\/quehacerpolitico.mx\/?p=109716"},"wordCount":819,"commentCount":0,"image":{"@id":"https:\/\/quehacerpolitico.mx\/?p=109716#primaryimage"},"thumbnailUrl":"https:\/\/quehacerpolitico.mx\/wp-content\/uploads\/2024\/05\/73e1444e-4b17-4ee5-aa11-c102ecdb7153.jpeg","articleSection":["Internacionales"],"inLanguage":"es","potentialAction":[{"@type":"CommentAction","name":"Comment","target":["https:\/\/quehacerpolitico.mx\/?p=109716#respond"]}]},{"@type":"WebPage","@id":"https:\/\/quehacerpolitico.mx\/?p=109716","url":"https:\/\/quehacerpolitico.mx\/?p=109716","name":"El Quehacer Pol\u00edtico\/\/\/Carolina Alonso Romei\/\/\/Arizona el peso latino en el electorado de preferencia dem\u00f3crata -","isPartOf":{"@id":"https:\/\/quehacerpolitico.mx\/#website"},"primaryImageOfPage":{"@id":"https:\/\/quehacerpolitico.mx\/?p=109716#primaryimage"},"image":{"@id":"https:\/\/quehacerpolitico.mx\/?p=109716#primaryimage"},"thumbnailUrl":"https:\/\/quehacerpolitico.mx\/wp-content\/uploads\/2024\/05\/73e1444e-4b17-4ee5-aa11-c102ecdb7153.jpeg","datePublished":"2024-05-01T21:23:24+00:00","dateModified":"2024-05-01T21:23:26+00:00","author":{"@id":"https:\/\/quehacerpolitico.mx\/#\/schema\/person\/496d8ad2d1d3f8036101dca7ee39e585"},"breadcrumb":{"@id":"https:\/\/quehacerpolitico.mx\/?p=109716#breadcrumb"},"inLanguage":"es","potentialAction":[{"@type":"ReadAction","target":["https:\/\/quehacerpolitico.mx\/?p=109716"]}]},{"@type":"ImageObject","inLanguage":"es","@id":"https:\/\/quehacerpolitico.mx\/?p=109716#primaryimage","url":"https:\/\/quehacerpolitico.mx\/wp-content\/uploads\/2024\/05\/73e1444e-4b17-4ee5-aa11-c102ecdb7153.jpeg","contentUrl":"https:\/\/quehacerpolitico.mx\/wp-content\/uploads\/2024\/05\/73e1444e-4b17-4ee5-aa11-c102ecdb7153.jpeg","width":963,"height":493},{"@type":"BreadcrumbList","@id":"https:\/\/quehacerpolitico.mx\/?p=109716#breadcrumb","itemListElement":[{"@type":"ListItem","position":1,"name":"Inicio","item":"https:\/\/quehacerpolitico.mx\/"},{"@type":"ListItem","position":2,"name":"El Quehacer Pol\u00edtico\/\/\/Carolina Alonso Romei\/\/\/Arizona el peso latino en el electorado de preferencia dem\u00f3crata"}]},{"@type":"WebSite","@id":"https:\/\/quehacerpolitico.mx\/#website","url":"https:\/\/quehacerpolitico.mx\/","name":"","description":"","potentialAction":[{"@type":"SearchAction","target":{"@type":"EntryPoint","urlTemplate":"https:\/\/quehacerpolitico.mx\/?s={search_term_string}"},"query-input":{"@type":"PropertyValueSpecification","valueRequired":true,"valueName":"search_term_string"}}],"inLanguage":"es"},{"@type":"Person","@id":"https:\/\/quehacerpolitico.mx\/#\/schema\/person\/496d8ad2d1d3f8036101dca7ee39e585","name":"Redacci\u00f3n QP","image":{"@type":"ImageObject","inLanguage":"es","@id":"https:\/\/secure.gravatar.com\/avatar\/c7164ed6fdec453195284ad24a5ae5b6e1eed2b848477fa2a4787ba9adf39a41?s=96&d=mm&r=g","url":"https:\/\/secure.gravatar.com\/avatar\/c7164ed6fdec453195284ad24a5ae5b6e1eed2b848477fa2a4787ba9adf39a41?s=96&d=mm&r=g","contentUrl":"https:\/\/secure.gravatar.com\/avatar\/c7164ed6fdec453195284ad24a5ae5b6e1eed2b848477fa2a4787ba9adf39a41?s=96&d=mm&r=g","caption":"Redacci\u00f3n QP"},"url":"https:\/\/quehacerpolitico.mx\/?author=2"}]}},"featured_image_urls":{"full":["https:\/\/quehacerpolitico.mx\/wp-content\/uploads\/2024\/05\/73e1444e-4b17-4ee5-aa11-c102ecdb7153.jpeg",963,493,false],"thumbnail":["https:\/\/quehacerpolitico.mx\/wp-content\/uploads\/2024\/05\/73e1444e-4b17-4ee5-aa11-c102ecdb7153-150x150.jpeg",150,150,true],"medium":["https:\/\/quehacerpolitico.mx\/wp-content\/uploads\/2024\/05\/73e1444e-4b17-4ee5-aa11-c102ecdb7153-300x154.jpeg",300,154,true],"medium_large":["https:\/\/quehacerpolitico.mx\/wp-content\/uploads\/2024\/05\/73e1444e-4b17-4ee5-aa11-c102ecdb7153-768x393.jpeg",640,328,true],"large":["https:\/\/quehacerpolitico.mx\/wp-content\/uploads\/2024\/05\/73e1444e-4b17-4ee5-aa11-c102ecdb7153.jpeg",640,328,false],"1536x1536":["https:\/\/quehacerpolitico.mx\/wp-content\/uploads\/2024\/05\/73e1444e-4b17-4ee5-aa11-c102ecdb7153.jpeg",963,493,false],"2048x2048":["https:\/\/quehacerpolitico.mx\/wp-content\/uploads\/2024\/05\/73e1444e-4b17-4ee5-aa11-c102ecdb7153.jpeg",963,493,false],"covernews-featured":["https:\/\/quehacerpolitico.mx\/wp-content\/uploads\/2024\/05\/73e1444e-4b17-4ee5-aa11-c102ecdb7153.jpeg",963,493,false],"covernews-medium":["https:\/\/quehacerpolitico.mx\/wp-content\/uploads\/2024\/05\/73e1444e-4b17-4ee5-aa11-c102ecdb7153.jpeg",540,276,false]},"author_info":{"display_name":"Redacci\u00f3n QP","author_link":"https:\/\/quehacerpolitico.mx\/?author=2"},"category_info":"<a href=\"https:\/\/quehacerpolitico.mx\/?cat=1\" rel=\"category\">Internacionales<\/a>","tag_info":"Internacionales","comment_count":"0","_links":{"self":[{"href":"https:\/\/quehacerpolitico.mx\/index.php?rest_route=\/wp\/v2\/posts\/109716","targetHints":{"allow":["GET"]}}],"collection":[{"href":"https:\/\/quehacerpolitico.mx\/index.php?rest_route=\/wp\/v2\/posts"}],"about":[{"href":"https:\/\/quehacerpolitico.mx\/index.php?rest_route=\/wp\/v2\/types\/post"}],"author":[{"embeddable":true,"href":"https:\/\/quehacerpolitico.mx\/index.php?rest_route=\/wp\/v2\/users\/2"}],"replies":[{"embeddable":true,"href":"https:\/\/quehacerpolitico.mx\/index.php?rest_route=%2Fwp%2Fv2%2Fcomments&post=109716"}],"version-history":[{"count":1,"href":"https:\/\/quehacerpolitico.mx\/index.php?rest_route=\/wp\/v2\/posts\/109716\/revisions"}],"predecessor-version":[{"id":109718,"href":"https:\/\/quehacerpolitico.mx\/index.php?rest_route=\/wp\/v2\/posts\/109716\/revisions\/109718"}],"wp:featuredmedia":[{"embeddable":true,"href":"https:\/\/quehacerpolitico.mx\/index.php?rest_route=\/wp\/v2\/media\/109717"}],"wp:attachment":[{"href":"https:\/\/quehacerpolitico.mx\/index.php?rest_route=%2Fwp%2Fv2%2Fmedia&parent=109716"}],"wp:term":[{"taxonomy":"category","embeddable":true,"href":"https:\/\/quehacerpolitico.mx\/index.php?rest_route=%2Fwp%2Fv2%2Fcategories&post=109716"},{"taxonomy":"post_tag","embeddable":true,"href":"https:\/\/quehacerpolitico.mx\/index.php?rest_route=%2Fwp%2Fv2%2Ftags&post=109716"}],"curies":[{"name":"wp","href":"https:\/\/api.w.org\/{rel}","templated":true}]}}