{"id":10969,"date":"2018-12-05T03:16:43","date_gmt":"2018-12-05T03:16:43","guid":{"rendered":"http:\/\/quehacerpolitico.mx\/martha-erika-acudira-a-la-cidh-si-el-tepjf-ordena-repetir-la-eleccion-el-pan-pide-respetar-la-ley\/"},"modified":"2018-12-05T03:16:43","modified_gmt":"2018-12-05T03:16:43","slug":"martha-erika-acudira-a-la-cidh-si-el-tepjf-ordena-repetir-la-eleccion-el-pan-pide-respetar-la-ley","status":"publish","type":"post","link":"https:\/\/quehacerpolitico.mx\/?p=10969","title":{"rendered":"Martha \u00c9rika acudir\u00e1 a la CIDH si el TEPJF ordena repetir la elecci\u00f3n; el PAN pide \u201crespetar la Ley\u201d"},"content":{"rendered":"<h1>Martha \u00c9rika acudir\u00e1 a la CIDH si el TEPJF ordena repetir la elecci\u00f3n; el PAN pide \u201crespetar la Ley\u201d<\/h1>\n<p>Por Redacci\u00f3n QP<\/p>\n<p>Despu\u00e9s de que un magistrado del<strong> Tribunal Electoral del Poder Judicial de la Federaci\u00f3n (TEPJF)<\/strong> solicitara que se anule le elecci\u00f3n de Puebla, Martha \u00c9rika Alonso Hidalgo y el <strong>Partido Acci\u00f3n Nacional (PAN)<\/strong>anunciaron que acudir\u00e1n ante la<strong> Comisi\u00f3n Interamericana de Derechos Humanos (CIDH)<\/strong>.<\/p>\n<blockquote>\n<p>\u201cEn Acci\u00f3n Nacional siempre acatamos las decisiones, sean o no favorables. Pero esta nos lastima. <strong>Ser\u00e1 Martha la primera Gobernadora<\/strong> de Acci\u00f3n Nacional. Iremos hasta la \u00faltima instancia en la defensa del triunfo\u201d, dijo <strong>Marko Cort\u00e9s<\/strong>, presidente del <strong>partido blanquiazul<\/strong>.<\/p>\n<\/blockquote>\n<p>\u201cEn Acci\u00f3n Nacional pedimos que se respete la ley, la legalidad y la decisi\u00f3n de los ciudadanos. Recientemente se anul\u00f3 la elecci\u00f3n de Monterrey y se le dio al PRI. Esto lastima nuestra democracia\u201d, indic\u00f3.<\/p>\n<blockquote>\n<p>El panista se\u00f1al\u00f3 que\u00a0Alonso Hidalgo no est\u00e1 sola y que ser\u00e1 acompa\u00f1ada durante el proceso.<\/p>\n<\/blockquote>\n<p>\u201cAyer ya hicimos una solicitud para que reciban a una comitiva encabezada por un servidor para poder llevar nuestros argumentos al pleno del tribunal. Decirte Martha que no est\u00e1s sola. Votaron por ti un gran n\u00famero de poblanos\u201d, a\u00f1adi\u00f3.<\/p>\n<p>\u201cConf\u00edo en que el TEPJF actuar\u00e1 con estricto apego a la ley. Acudiremos ante la CIDH para resolver el caso\u201d, dijo Martha \u00c9rika.<\/p>\n<p>El magistrado del Tribunal Electoral del Poder Judicial de la Federaci\u00f3n (<strong>TEPJF<\/strong>), Jos\u00e9 Luis Vargas Vald\u00e9s, encontr\u00f3 <strong>5 irregularidades en la elecci\u00f3n<\/strong> a la gubernatura de <strong>Puebla<\/strong>, por las que consider\u00f3 que se <strong>viol\u00f3 el principio de certeza<\/strong> y en su proyecto solicita la <strong>anulaci\u00f3n<\/strong>del proceso electoral y la revocaci\u00f3n del triunfo de la panista Martha Erika Alonso.<\/p>\n<p>En el proyecto se pide tambi\u00e9n la destituci\u00f3n de los consejeros del Instituto Electoral del Estado (IEE). La propuesta deber\u00e1 ser sometido ante la Sala Superior del Tribunal antes del 15 de diciembre, est\u00e1 integrada por 7 magistrados.<\/p>\n<p>El principal argumento por el que se pide la anulaci\u00f3n de la elecci\u00f3n es la violaci\u00f3n de la cadena de custodia, que debi\u00f3 garantizar el IEE, pues se acusa la apertura de paquetes electorales por parte de los consejeros, y la falta de seguridad adecuada en la bodega en done se resguard\u00f3 el material electoral.<\/p>\n<p>Aunque se acredit\u00f3 violencia en 59 casillas y el robo de 800 boletas, ese no fue un argumento de peso puesto que solo representa el .02% de la votaci\u00f3n.<\/p>\n<p>En el proyecto se pide al Instituto Nacional Electoral (INE) que repita la jornada electoral en 60 d\u00edas, es decir en febrero, por lo que los partidos deber\u00e1n ajustarse a ese tiempo para la selecci\u00f3n de sus candidatos y las campa\u00f1as electorales.<\/p>\n<div id=\"attachment_3506016\" class=\"wp-caption alignnone\"><img loading=\"lazy\" decoding=\"async\" class=\"size-full wp-image-3506016\" src=\"https:\/\/www.sinembargo.mx\/wp-content\/uploads\/2018\/12\/tralado_paqueteria_electoral-6.jpg\" sizes=\"auto, (max-width: 700px) 100vw, 700px\" srcset=\"https:\/\/www.sinembargo.mx\/wp-content\/uploads\/2018\/12\/tralado_paqueteria_electoral-6.jpg 700w, https:\/\/www.sinembargo.mx\/wp-content\/uploads\/2018\/12\/tralado_paqueteria_electoral-6-300x200.jpg 300w\" alt=\"\" width=\"700\" height=\"467\" \/><\/p>\n<p class=\"wp-caption-text\">El principal argumento por el que se pide la anulaci\u00f3n de la elecci\u00f3n es la violaci\u00f3n de la cadena de custodia de los paquetes electorales. Foto: Cuartoscuro<\/p>\n<\/div>\n<p><strong>LAS CINCO IRREGULARIDADES:<\/strong><\/p>\n<blockquote>\n<p>1. Violencia en 59 casillas el d\u00eda de la jornada electoral y robo de 4 urnas y 800 boletas, aunque se resalta que solo representa el .02 por ciento del total de la votaci\u00f3n.<\/p>\n<p>2. El uso de un autom\u00f3vil del ayuntamiento de Cuetzalan para el traslado de documentos legales, por lo que se acredit\u00f3 desv\u00edo de recursos.<\/p>\n<p>3. Los consejeros del Instituto Electoral del Estado abrieron 50 veces la bodega donde se resguardaban los paquetes electorales, pero no existe constancia de que a todas las diligencias se haya invitado a los representantes de los partidos pol\u00edticos, como lo marca la ley.<\/p>\n<p>4. La bodega en donde se resguardaban los paquetes electorales ten\u00eda no uno si no dos accesos, y no hay constancia de que hayan permanecido cerrados, adem\u00e1s las c\u00e1maras de vigilancia solo registraron el 22% del tiempo en que estuvo en uso el recinto.<\/p>\n<p>5. Los consejeros electorales abrieron casillas de 12 distritos electorales, solo cuatro hab\u00edan sido sujetos al proceso de apertura y verificaci\u00f3n.<\/p>\n<\/blockquote>\n<p>En contraste, el magistrado ponente desech\u00f3 otras pruebas como: la parcialidad de las autoridades electorales; se reiter\u00f3 que el centro de operaciones encontrado en el Hotel MM era legal y no se estaban manipulando votos; tambi\u00e9n se\u00f1al\u00f3 que no se pudo acreditar la compra de votos; finalmente se\u00f1al\u00f3 que la camioneta que se accident\u00f3 en Xilotzngo con ladrones de urnas no pertenece al gobierno de Puebla.<\/p>\n<p><em>Con informaci\u00f3n de Peri\u00f3dico Central.<\/em><\/p>\n","protected":false},"excerpt":{"rendered":"<p>Martha \u00c9rika acudir\u00e1 a la CIDH si el TEPJF ordena repetir la elecci\u00f3n; el PAN pide \u201crespetar la Ley\u201d<br \/>\nPor Redacci\u00f3n QP<\/p>\n","protected":false},"author":2,"featured_media":10968,"comment_status":"open","ping_status":"open","sticky":false,"template":"","format":"standard","meta":{"_monsterinsights_skip_tracking":false,"_monsterinsights_sitenote_active":false,"_monsterinsights_sitenote_note":"","_monsterinsights_sitenote_category":0,"footnotes":""},"categories":[2],"tags":[],"class_list":["post-10969","post","type-post","status-publish","format-standard","has-post-thumbnail","hentry","category-noticias"],"yoast_head":"<!-- This site is optimized with the Yoast SEO plugin v27.3 - https:\/\/yoast.com\/product\/yoast-seo-wordpress\/ -->\n<title>Martha \u00c9rika acudir\u00e1 a la CIDH si el TEPJF ordena repetir la elecci\u00f3n; el PAN pide \u201crespetar la Ley\u201d -<\/title>\n<meta name=\"robots\" content=\"index, follow, max-snippet:-1, max-image-preview:large, max-video-preview:-1\" \/>\n<link rel=\"canonical\" href=\"https:\/\/quehacerpolitico.mx\/?p=10969\" \/>\n<meta property=\"og:locale\" content=\"es_MX\" \/>\n<meta property=\"og:type\" content=\"article\" \/>\n<meta property=\"og:title\" content=\"Martha \u00c9rika acudir\u00e1 a la CIDH si el TEPJF ordena repetir la elecci\u00f3n; el PAN pide \u201crespetar la Ley\u201d -\" \/>\n<meta property=\"og:description\" content=\"Martha \u00c9rika acudir\u00e1 a la CIDH si el TEPJF ordena repetir la elecci\u00f3n; el PAN pide \u201crespetar la Ley\u201d Por Redacci\u00f3n QP\" \/>\n<meta property=\"og:url\" content=\"https:\/\/quehacerpolitico.mx\/?p=10969\" \/>\n<meta property=\"article:published_time\" content=\"2018-12-05T03:16:43+00:00\" \/>\n<meta name=\"author\" content=\"Redacci\u00f3n QP\" \/>\n<meta name=\"twitter:card\" content=\"summary_large_image\" \/>\n<meta name=\"twitter:label1\" content=\"Escrito por\" \/>\n\t<meta name=\"twitter:data1\" content=\"Redacci\u00f3n QP\" \/>\n\t<meta name=\"twitter:label2\" content=\"Tiempo de lectura\" \/>\n\t<meta name=\"twitter:data2\" content=\"4 minutos\" \/>\n<script type=\"application\/ld+json\" class=\"yoast-schema-graph\">{\"@context\":\"https:\\\/\\\/schema.org\",\"@graph\":[{\"@type\":\"Article\",\"@id\":\"https:\\\/\\\/quehacerpolitico.mx\\\/?p=10969#article\",\"isPartOf\":{\"@id\":\"https:\\\/\\\/quehacerpolitico.mx\\\/?p=10969\"},\"author\":{\"name\":\"Redacci\u00f3n QP\",\"@id\":\"https:\\\/\\\/quehacerpolitico.mx\\\/#\\\/schema\\\/person\\\/496d8ad2d1d3f8036101dca7ee39e585\"},\"headline\":\"Martha \u00c9rika acudir\u00e1 a la CIDH si el TEPJF ordena repetir la elecci\u00f3n; el PAN pide \u201crespetar la Ley\u201d\",\"datePublished\":\"2018-12-05T03:16:43+00:00\",\"mainEntityOfPage\":{\"@id\":\"https:\\\/\\\/quehacerpolitico.mx\\\/?p=10969\"},\"wordCount\":763,\"commentCount\":0,\"image\":{\"@id\":\"https:\\\/\\\/quehacerpolitico.mx\\\/?p=10969#primaryimage\"},\"thumbnailUrl\":\"\",\"articleSection\":[\"Noticias\"],\"inLanguage\":\"es\",\"potentialAction\":[{\"@type\":\"CommentAction\",\"name\":\"Comment\",\"target\":[\"https:\\\/\\\/quehacerpolitico.mx\\\/?p=10969#respond\"]}]},{\"@type\":\"WebPage\",\"@id\":\"https:\\\/\\\/quehacerpolitico.mx\\\/?p=10969\",\"url\":\"https:\\\/\\\/quehacerpolitico.mx\\\/?p=10969\",\"name\":\"Martha \u00c9rika acudir\u00e1 a la CIDH si el TEPJF ordena repetir la elecci\u00f3n; el PAN pide \u201crespetar la Ley\u201d -\",\"isPartOf\":{\"@id\":\"https:\\\/\\\/quehacerpolitico.mx\\\/#website\"},\"primaryImageOfPage\":{\"@id\":\"https:\\\/\\\/quehacerpolitico.mx\\\/?p=10969#primaryimage\"},\"image\":{\"@id\":\"https:\\\/\\\/quehacerpolitico.mx\\\/?p=10969#primaryimage\"},\"thumbnailUrl\":\"\",\"datePublished\":\"2018-12-05T03:16:43+00:00\",\"author\":{\"@id\":\"https:\\\/\\\/quehacerpolitico.mx\\\/#\\\/schema\\\/person\\\/496d8ad2d1d3f8036101dca7ee39e585\"},\"breadcrumb\":{\"@id\":\"https:\\\/\\\/quehacerpolitico.mx\\\/?p=10969#breadcrumb\"},\"inLanguage\":\"es\",\"potentialAction\":[{\"@type\":\"ReadAction\",\"target\":[\"https:\\\/\\\/quehacerpolitico.mx\\\/?p=10969\"]}]},{\"@type\":\"ImageObject\",\"inLanguage\":\"es\",\"@id\":\"https:\\\/\\\/quehacerpolitico.mx\\\/?p=10969#primaryimage\",\"url\":\"\",\"contentUrl\":\"\"},{\"@type\":\"BreadcrumbList\",\"@id\":\"https:\\\/\\\/quehacerpolitico.mx\\\/?p=10969#breadcrumb\",\"itemListElement\":[{\"@type\":\"ListItem\",\"position\":1,\"name\":\"Inicio\",\"item\":\"https:\\\/\\\/quehacerpolitico.mx\\\/\"},{\"@type\":\"ListItem\",\"position\":2,\"name\":\"Martha \u00c9rika acudir\u00e1 a la CIDH si el TEPJF ordena repetir la elecci\u00f3n; el PAN pide \u201crespetar la Ley\u201d\"}]},{\"@type\":\"WebSite\",\"@id\":\"https:\\\/\\\/quehacerpolitico.mx\\\/#website\",\"url\":\"https:\\\/\\\/quehacerpolitico.mx\\\/\",\"name\":\"\",\"description\":\"\",\"potentialAction\":[{\"@type\":\"SearchAction\",\"target\":{\"@type\":\"EntryPoint\",\"urlTemplate\":\"https:\\\/\\\/quehacerpolitico.mx\\\/?s={search_term_string}\"},\"query-input\":{\"@type\":\"PropertyValueSpecification\",\"valueRequired\":true,\"valueName\":\"search_term_string\"}}],\"inLanguage\":\"es\"},{\"@type\":\"Person\",\"@id\":\"https:\\\/\\\/quehacerpolitico.mx\\\/#\\\/schema\\\/person\\\/496d8ad2d1d3f8036101dca7ee39e585\",\"name\":\"Redacci\u00f3n QP\",\"image\":{\"@type\":\"ImageObject\",\"inLanguage\":\"es\",\"@id\":\"https:\\\/\\\/secure.gravatar.com\\\/avatar\\\/c7164ed6fdec453195284ad24a5ae5b6e1eed2b848477fa2a4787ba9adf39a41?s=96&d=mm&r=g\",\"url\":\"https:\\\/\\\/secure.gravatar.com\\\/avatar\\\/c7164ed6fdec453195284ad24a5ae5b6e1eed2b848477fa2a4787ba9adf39a41?s=96&d=mm&r=g\",\"contentUrl\":\"https:\\\/\\\/secure.gravatar.com\\\/avatar\\\/c7164ed6fdec453195284ad24a5ae5b6e1eed2b848477fa2a4787ba9adf39a41?s=96&d=mm&r=g\",\"caption\":\"Redacci\u00f3n QP\"},\"url\":\"https:\\\/\\\/quehacerpolitico.mx\\\/?author=2\"}]}<\/script>\n<!-- \/ Yoast SEO plugin. -->","yoast_head_json":{"title":"Martha \u00c9rika acudir\u00e1 a la CIDH si el TEPJF ordena repetir la elecci\u00f3n; el PAN pide \u201crespetar la Ley\u201d -","robots":{"index":"index","follow":"follow","max-snippet":"max-snippet:-1","max-image-preview":"max-image-preview:large","max-video-preview":"max-video-preview:-1"},"canonical":"https:\/\/quehacerpolitico.mx\/?p=10969","og_locale":"es_MX","og_type":"article","og_title":"Martha \u00c9rika acudir\u00e1 a la CIDH si el TEPJF ordena repetir la elecci\u00f3n; el PAN pide \u201crespetar la Ley\u201d -","og_description":"Martha \u00c9rika acudir\u00e1 a la CIDH si el TEPJF ordena repetir la elecci\u00f3n; el PAN pide \u201crespetar la Ley\u201d Por Redacci\u00f3n QP","og_url":"https:\/\/quehacerpolitico.mx\/?p=10969","article_published_time":"2018-12-05T03:16:43+00:00","author":"Redacci\u00f3n QP","twitter_card":"summary_large_image","twitter_misc":{"Escrito por":"Redacci\u00f3n QP","Tiempo de lectura":"4 minutos"},"schema":{"@context":"https:\/\/schema.org","@graph":[{"@type":"Article","@id":"https:\/\/quehacerpolitico.mx\/?p=10969#article","isPartOf":{"@id":"https:\/\/quehacerpolitico.mx\/?p=10969"},"author":{"name":"Redacci\u00f3n QP","@id":"https:\/\/quehacerpolitico.mx\/#\/schema\/person\/496d8ad2d1d3f8036101dca7ee39e585"},"headline":"Martha \u00c9rika acudir\u00e1 a la CIDH si el TEPJF ordena repetir la elecci\u00f3n; el PAN pide \u201crespetar la Ley\u201d","datePublished":"2018-12-05T03:16:43+00:00","mainEntityOfPage":{"@id":"https:\/\/quehacerpolitico.mx\/?p=10969"},"wordCount":763,"commentCount":0,"image":{"@id":"https:\/\/quehacerpolitico.mx\/?p=10969#primaryimage"},"thumbnailUrl":"","articleSection":["Noticias"],"inLanguage":"es","potentialAction":[{"@type":"CommentAction","name":"Comment","target":["https:\/\/quehacerpolitico.mx\/?p=10969#respond"]}]},{"@type":"WebPage","@id":"https:\/\/quehacerpolitico.mx\/?p=10969","url":"https:\/\/quehacerpolitico.mx\/?p=10969","name":"Martha \u00c9rika acudir\u00e1 a la CIDH si el TEPJF ordena repetir la elecci\u00f3n; el PAN pide \u201crespetar la Ley\u201d -","isPartOf":{"@id":"https:\/\/quehacerpolitico.mx\/#website"},"primaryImageOfPage":{"@id":"https:\/\/quehacerpolitico.mx\/?p=10969#primaryimage"},"image":{"@id":"https:\/\/quehacerpolitico.mx\/?p=10969#primaryimage"},"thumbnailUrl":"","datePublished":"2018-12-05T03:16:43+00:00","author":{"@id":"https:\/\/quehacerpolitico.mx\/#\/schema\/person\/496d8ad2d1d3f8036101dca7ee39e585"},"breadcrumb":{"@id":"https:\/\/quehacerpolitico.mx\/?p=10969#breadcrumb"},"inLanguage":"es","potentialAction":[{"@type":"ReadAction","target":["https:\/\/quehacerpolitico.mx\/?p=10969"]}]},{"@type":"ImageObject","inLanguage":"es","@id":"https:\/\/quehacerpolitico.mx\/?p=10969#primaryimage","url":"","contentUrl":""},{"@type":"BreadcrumbList","@id":"https:\/\/quehacerpolitico.mx\/?p=10969#breadcrumb","itemListElement":[{"@type":"ListItem","position":1,"name":"Inicio","item":"https:\/\/quehacerpolitico.mx\/"},{"@type":"ListItem","position":2,"name":"Martha \u00c9rika acudir\u00e1 a la CIDH si el TEPJF ordena repetir la elecci\u00f3n; el PAN pide \u201crespetar la Ley\u201d"}]},{"@type":"WebSite","@id":"https:\/\/quehacerpolitico.mx\/#website","url":"https:\/\/quehacerpolitico.mx\/","name":"","description":"","potentialAction":[{"@type":"SearchAction","target":{"@type":"EntryPoint","urlTemplate":"https:\/\/quehacerpolitico.mx\/?s={search_term_string}"},"query-input":{"@type":"PropertyValueSpecification","valueRequired":true,"valueName":"search_term_string"}}],"inLanguage":"es"},{"@type":"Person","@id":"https:\/\/quehacerpolitico.mx\/#\/schema\/person\/496d8ad2d1d3f8036101dca7ee39e585","name":"Redacci\u00f3n QP","image":{"@type":"ImageObject","inLanguage":"es","@id":"https:\/\/secure.gravatar.com\/avatar\/c7164ed6fdec453195284ad24a5ae5b6e1eed2b848477fa2a4787ba9adf39a41?s=96&d=mm&r=g","url":"https:\/\/secure.gravatar.com\/avatar\/c7164ed6fdec453195284ad24a5ae5b6e1eed2b848477fa2a4787ba9adf39a41?s=96&d=mm&r=g","contentUrl":"https:\/\/secure.gravatar.com\/avatar\/c7164ed6fdec453195284ad24a5ae5b6e1eed2b848477fa2a4787ba9adf39a41?s=96&d=mm&r=g","caption":"Redacci\u00f3n QP"},"url":"https:\/\/quehacerpolitico.mx\/?author=2"}]}},"featured_image_urls":{"full":"","thumbnail":"","medium":"","medium_large":"","large":"","1536x1536":"","2048x2048":"","covernews-featured":"","covernews-medium":""},"author_info":{"display_name":"Redacci\u00f3n QP","author_link":"https:\/\/quehacerpolitico.mx\/?author=2"},"category_info":"<a href=\"https:\/\/quehacerpolitico.mx\/?cat=2\" rel=\"category\">Noticias<\/a>","tag_info":"Noticias","comment_count":"0","_links":{"self":[{"href":"https:\/\/quehacerpolitico.mx\/index.php?rest_route=\/wp\/v2\/posts\/10969","targetHints":{"allow":["GET"]}}],"collection":[{"href":"https:\/\/quehacerpolitico.mx\/index.php?rest_route=\/wp\/v2\/posts"}],"about":[{"href":"https:\/\/quehacerpolitico.mx\/index.php?rest_route=\/wp\/v2\/types\/post"}],"author":[{"embeddable":true,"href":"https:\/\/quehacerpolitico.mx\/index.php?rest_route=\/wp\/v2\/users\/2"}],"replies":[{"embeddable":true,"href":"https:\/\/quehacerpolitico.mx\/index.php?rest_route=%2Fwp%2Fv2%2Fcomments&post=10969"}],"version-history":[{"count":0,"href":"https:\/\/quehacerpolitico.mx\/index.php?rest_route=\/wp\/v2\/posts\/10969\/revisions"}],"wp:featuredmedia":[{"embeddable":true,"href":"https:\/\/quehacerpolitico.mx\/index.php?rest_route=\/"}],"wp:attachment":[{"href":"https:\/\/quehacerpolitico.mx\/index.php?rest_route=%2Fwp%2Fv2%2Fmedia&parent=10969"}],"wp:term":[{"taxonomy":"category","embeddable":true,"href":"https:\/\/quehacerpolitico.mx\/index.php?rest_route=%2Fwp%2Fv2%2Fcategories&post=10969"},{"taxonomy":"post_tag","embeddable":true,"href":"https:\/\/quehacerpolitico.mx\/index.php?rest_route=%2Fwp%2Fv2%2Ftags&post=10969"}],"curies":[{"name":"wp","href":"https:\/\/api.w.org\/{rel}","templated":true}]}}