{"id":109577,"date":"2024-04-25T21:47:59","date_gmt":"2024-04-25T21:47:59","guid":{"rendered":"https:\/\/quehacerpolitico.mx\/?p=109577"},"modified":"2024-04-25T21:48:02","modified_gmt":"2024-04-25T21:48:02","slug":"serrat-el-musico-que-conquisto-el-mundo-desde-el-mediterraneo","status":"publish","type":"post","link":"https:\/\/quehacerpolitico.mx\/?p=109577","title":{"rendered":"Serrat, el m\u00fasico que conquist\u00f3 el mundo desde el \u201cMediterr\u00e1neo\u201d"},"content":{"rendered":"\n<p>Por Redacci\u00f3n QP<\/p>\n\n\n\n<p>El\u00a0cantautor\u00a0catal\u00e1n fue reconocido el d\u00eda de hoy con el\u00a0Premio\u00a0Princesa de Asturias en la\u00a0categor\u00eda de las Artes\u00a0de este 2024<\/p>\n\n\n\n<p>Los Premios Princesa de Asturias reconocieron el d\u00eda de hoy&nbsp;el \u201creferente c\u00edvico\u201d del artista catal\u00e1n y cantautor universal, Joan Manuel&nbsp;Serrat, al distinguirlo con galard\u00f3n en la categor\u00eda de las Artes de este 2024.&nbsp;<strong>Tras el anuncio, Serrat mostr\u00f3 gratitud por la distinci\u00f3n, que reconoce un trabajo de decenios.&nbsp;<\/strong><\/p>\n\n\n\n<p><strong>A los 80 a\u00f1os, cree que se trata de un \u201cbuen colof\u00f3n\u201d para su trayectoria y desea que la vida sea \u201cgenerosa\u201d y la pueda seguir disfrutando<\/strong>, seg\u00fan dijo en una rueda de prensa en Barcelona, donde naci\u00f3.<\/p>\n\n\n\n<p>\u201cMe siento bastante contento con mi vida. Procuro distinguir los momentos m\u00e1s claros de los m\u00e1s turbios, los que me han producido m\u00e1s satisfacci\u00f3n de los que no. Me siento bastante a gusto con lo que he hecho y lo que he sido en esta vida. Espero que sea generosa y me permita disfrutarla en el tiempo\u201d, se\u00f1al\u00f3.<\/p>\n\n\n\n<figure class=\"wp-block-embed is-type-video is-provider-youtube wp-block-embed-youtube wp-embed-aspect-16-9 wp-has-aspect-ratio\"><div class=\"wp-block-embed__wrapper\">\n<iframe loading=\"lazy\" title=\"DIRECTO | Rueda de prensa de Joan Manuel Serrat, Premio Princesa de Asturias 2024 | EL PA\u00cdS\" width=\"640\" height=\"360\" src=\"https:\/\/www.youtube.com\/embed\/48MTSgLhGNo?feature=oembed\" frameborder=\"0\" allow=\"accelerometer; autoplay; clipboard-write; encrypted-media; gyroscope; picture-in-picture; web-share\" referrerpolicy=\"strict-origin-when-cross-origin\" allowfullscreen><\/iframe>\n<\/div><\/figure>\n\n\n\n<p>Cuando recibi\u00f3 la llamada telef\u00f3nica para comunicarle el premio, vivi\u00f3 un \u201cmomento muy inesperado y feliz\u201d, seg\u00fan dijo, que no ha impedido que haya continuado con lo que ten\u00eda previsto hacer como renovar el permiso de conducir, ir al notario con su hija y comer, despu\u00e9s, con la familia.&nbsp;<\/p>\n\n\n\n<p><strong>Brome\u00f3, justamente, con que para hoy ten\u00eda otra idea de jornada y tambi\u00e9n que ya ha anotado que el 28 de octubre tendr\u00e1 el d\u00eda ocupado porque es cuando se entrega el premio, que ha recibido con \u201cextraordinaria satisfacci\u00f3n, alegr\u00eda, gratitud, emoci\u00f3n, con sorpresa\u201d.<\/strong><\/p>\n\n\n\n<p>No obvi\u00f3 que han pasado un par de a\u00f1os desde que anunci\u00f3 su retirada, algo que hizo porque quiso, y agreg\u00f3 que sigue escribiendo, aunque no para publicar, tambi\u00e9n algunas canciones, sin ning\u00fan compromiso, porque tampoco ve d\u00f3nde darlas a conocer.<\/p>\n\n\n\n<p>Sinti\u00e9ndose \u201chijo de una cadena\u201d, que espera que contin\u00fae en el futuro, tambi\u00e9n conf\u00eda en tener tiempo para disfrutar con \u201cla serenidad y la distancia que merece\u201d el premio Princesa de Asturias, que en ediciones anteriores ganaron otros cantantes como Bob Dylan y Leonard Cohen.<\/p>\n\n\n\n<h4 class=\"wp-block-heading\"><strong>Un premio \u201csumamente prestigioso\u201d&nbsp;<\/strong><\/h4>\n\n\n\n<p>\u201cEs un premio -destac\u00f3- que, en cualquiera de sus disciplinas, es sumamente prestigioso, no s\u00f3lo en el apartado de las Artes, tambi\u00e9n en el de las Letras, las Ciencias, en cada una de sus modalidades\u201d.<\/p>\n\n\n\n<p>Sin sentirse abanderado de ninguna causa, aunque s\u00ed c\u00f3mplice de todo en lo que se ha implicado, reivindic\u00f3 el catal\u00e1n y espa\u00f1ol con la certeza de que es alguien que tiene estos dos idiomas como una forma de \u201centenderse y existir\u201d, que conviven en \u00e9l con \u201ctoda naturalidad y sin necesidad de utilizar ning\u00fan diccionario para pasar de una a otra lengua\u201d.<\/p>\n\n\n\n<p>Actualmente una de sus m\u00e1ximas preocupaciones es la cuesti\u00f3n ecol\u00f3gica, la relaci\u00f3n del hombre con el planeta, aunque considera que la gente se est\u00e1 \u201cempezando a dar cuenta de que esto se est\u00e1 yendo a pique por el maltrato al medio\u201d.&nbsp;<\/p>\n\n\n\n<p><strong>Cabe se\u00f1alar que Serrat (Barcelona, 1943), con m\u00e1s de 50 a\u00f1os de carrera a sus espaldas, ha grabado m\u00e1s de 500 canciones, m\u00e1s de 40 discos y ha puesto m\u00fasica a los versos de los poetas m\u00e1s grandes en espa\u00f1ol, como Antonio Machado, Miguel Hern\u00e1ndez, Neruda, Benedetti, Alberti, Lorca o Le\u00f3n Felipe.<\/strong><\/p>\n\n\n\n<p>El jurado de los galardones resalt\u00f3 de Serrat, que se trata de un \u201creferente c\u00edvico\u201d, defensor del di\u00e1logo frente a la crispaci\u00f3n y un exponente de su irrenunciable vocaci\u00f3n de tender puentes entre pa\u00edses y generaciones.\u00a0<strong>Es autor de \u00e9xitos como \u201cMediterr\u00e1neo\u201d, \u201cPen\u00e9lope\u201d, \u201cPalabras de amor\u201d o \u201cCada loco con su tema\u201d.<\/strong><\/p>\n\n\n\n<p>Con informaci\u00f3n de Agencias<\/p>\n","protected":false},"excerpt":{"rendered":"<p>Por Redacci\u00f3n QP El\u00a0cantautor\u00a0catal\u00e1n fue reconocido el d\u00eda de hoy con el\u00a0Premio\u00a0Princesa de Asturias en&#8230;<\/p>\n","protected":false},"author":2,"featured_media":109578,"comment_status":"open","ping_status":"open","sticky":false,"template":"","format":"standard","meta":{"_monsterinsights_skip_tracking":false,"_monsterinsights_sitenote_active":false,"_monsterinsights_sitenote_note":"","_monsterinsights_sitenote_category":0,"footnotes":""},"categories":[58],"tags":[],"class_list":["post-109577","post","type-post","status-publish","format-standard","has-post-thumbnail","hentry","category-cultura"],"yoast_head":"<!-- This site is optimized with the Yoast SEO plugin v27.3 - https:\/\/yoast.com\/product\/yoast-seo-wordpress\/ -->\n<title>Serrat, el m\u00fasico que conquist\u00f3 el mundo desde el \u201cMediterr\u00e1neo\u201d -<\/title>\n<meta name=\"robots\" content=\"index, follow, max-snippet:-1, max-image-preview:large, max-video-preview:-1\" \/>\n<link rel=\"canonical\" href=\"https:\/\/quehacerpolitico.mx\/?p=109577\" \/>\n<meta property=\"og:locale\" content=\"es_MX\" \/>\n<meta property=\"og:type\" content=\"article\" \/>\n<meta property=\"og:title\" content=\"Serrat, el m\u00fasico que conquist\u00f3 el mundo desde el \u201cMediterr\u00e1neo\u201d -\" \/>\n<meta property=\"og:description\" content=\"Por Redacci\u00f3n QP El\u00a0cantautor\u00a0catal\u00e1n fue reconocido el d\u00eda de hoy con el\u00a0Premio\u00a0Princesa de Asturias en...\" \/>\n<meta property=\"og:url\" content=\"https:\/\/quehacerpolitico.mx\/?p=109577\" \/>\n<meta property=\"article:published_time\" content=\"2024-04-25T21:47:59+00:00\" \/>\n<meta property=\"article:modified_time\" content=\"2024-04-25T21:48:02+00:00\" \/>\n<meta property=\"og:image\" content=\"https:\/\/quehacerpolitico.mx\/wp-content\/uploads\/2024\/04\/IMG_5166.jpeg\" \/>\n\t<meta property=\"og:image:width\" content=\"1284\" \/>\n\t<meta property=\"og:image:height\" content=\"711\" \/>\n\t<meta property=\"og:image:type\" content=\"image\/jpeg\" \/>\n<meta name=\"author\" content=\"Redacci\u00f3n QP\" \/>\n<meta name=\"twitter:card\" content=\"summary_large_image\" \/>\n<meta name=\"twitter:label1\" content=\"Escrito por\" \/>\n\t<meta name=\"twitter:data1\" content=\"Redacci\u00f3n QP\" \/>\n\t<meta name=\"twitter:label2\" content=\"Tiempo de lectura\" \/>\n\t<meta name=\"twitter:data2\" content=\"3 minutos\" \/>\n<script type=\"application\/ld+json\" class=\"yoast-schema-graph\">{\"@context\":\"https:\\\/\\\/schema.org\",\"@graph\":[{\"@type\":\"Article\",\"@id\":\"https:\\\/\\\/quehacerpolitico.mx\\\/?p=109577#article\",\"isPartOf\":{\"@id\":\"https:\\\/\\\/quehacerpolitico.mx\\\/?p=109577\"},\"author\":{\"name\":\"Redacci\u00f3n QP\",\"@id\":\"https:\\\/\\\/quehacerpolitico.mx\\\/#\\\/schema\\\/person\\\/496d8ad2d1d3f8036101dca7ee39e585\"},\"headline\":\"Serrat, el m\u00fasico que conquist\u00f3 el mundo desde el \u201cMediterr\u00e1neo\u201d\",\"datePublished\":\"2024-04-25T21:47:59+00:00\",\"dateModified\":\"2024-04-25T21:48:02+00:00\",\"mainEntityOfPage\":{\"@id\":\"https:\\\/\\\/quehacerpolitico.mx\\\/?p=109577\"},\"wordCount\":688,\"commentCount\":0,\"image\":{\"@id\":\"https:\\\/\\\/quehacerpolitico.mx\\\/?p=109577#primaryimage\"},\"thumbnailUrl\":\"https:\\\/\\\/quehacerpolitico.mx\\\/wp-content\\\/uploads\\\/2024\\\/04\\\/IMG_5166.jpeg\",\"articleSection\":[\"Cultura y Entretenimiento\"],\"inLanguage\":\"es\",\"potentialAction\":[{\"@type\":\"CommentAction\",\"name\":\"Comment\",\"target\":[\"https:\\\/\\\/quehacerpolitico.mx\\\/?p=109577#respond\"]}]},{\"@type\":\"WebPage\",\"@id\":\"https:\\\/\\\/quehacerpolitico.mx\\\/?p=109577\",\"url\":\"https:\\\/\\\/quehacerpolitico.mx\\\/?p=109577\",\"name\":\"Serrat, el m\u00fasico que conquist\u00f3 el mundo desde el \u201cMediterr\u00e1neo\u201d -\",\"isPartOf\":{\"@id\":\"https:\\\/\\\/quehacerpolitico.mx\\\/#website\"},\"primaryImageOfPage\":{\"@id\":\"https:\\\/\\\/quehacerpolitico.mx\\\/?p=109577#primaryimage\"},\"image\":{\"@id\":\"https:\\\/\\\/quehacerpolitico.mx\\\/?p=109577#primaryimage\"},\"thumbnailUrl\":\"https:\\\/\\\/quehacerpolitico.mx\\\/wp-content\\\/uploads\\\/2024\\\/04\\\/IMG_5166.jpeg\",\"datePublished\":\"2024-04-25T21:47:59+00:00\",\"dateModified\":\"2024-04-25T21:48:02+00:00\",\"author\":{\"@id\":\"https:\\\/\\\/quehacerpolitico.mx\\\/#\\\/schema\\\/person\\\/496d8ad2d1d3f8036101dca7ee39e585\"},\"breadcrumb\":{\"@id\":\"https:\\\/\\\/quehacerpolitico.mx\\\/?p=109577#breadcrumb\"},\"inLanguage\":\"es\",\"potentialAction\":[{\"@type\":\"ReadAction\",\"target\":[\"https:\\\/\\\/quehacerpolitico.mx\\\/?p=109577\"]}]},{\"@type\":\"ImageObject\",\"inLanguage\":\"es\",\"@id\":\"https:\\\/\\\/quehacerpolitico.mx\\\/?p=109577#primaryimage\",\"url\":\"https:\\\/\\\/quehacerpolitico.mx\\\/wp-content\\\/uploads\\\/2024\\\/04\\\/IMG_5166.jpeg\",\"contentUrl\":\"https:\\\/\\\/quehacerpolitico.mx\\\/wp-content\\\/uploads\\\/2024\\\/04\\\/IMG_5166.jpeg\",\"width\":1284,\"height\":711,\"caption\":\"Screenshot\"},{\"@type\":\"BreadcrumbList\",\"@id\":\"https:\\\/\\\/quehacerpolitico.mx\\\/?p=109577#breadcrumb\",\"itemListElement\":[{\"@type\":\"ListItem\",\"position\":1,\"name\":\"Inicio\",\"item\":\"https:\\\/\\\/quehacerpolitico.mx\\\/\"},{\"@type\":\"ListItem\",\"position\":2,\"name\":\"Serrat, el m\u00fasico que conquist\u00f3 el mundo desde el \u201cMediterr\u00e1neo\u201d\"}]},{\"@type\":\"WebSite\",\"@id\":\"https:\\\/\\\/quehacerpolitico.mx\\\/#website\",\"url\":\"https:\\\/\\\/quehacerpolitico.mx\\\/\",\"name\":\"\",\"description\":\"\",\"potentialAction\":[{\"@type\":\"SearchAction\",\"target\":{\"@type\":\"EntryPoint\",\"urlTemplate\":\"https:\\\/\\\/quehacerpolitico.mx\\\/?s={search_term_string}\"},\"query-input\":{\"@type\":\"PropertyValueSpecification\",\"valueRequired\":true,\"valueName\":\"search_term_string\"}}],\"inLanguage\":\"es\"},{\"@type\":\"Person\",\"@id\":\"https:\\\/\\\/quehacerpolitico.mx\\\/#\\\/schema\\\/person\\\/496d8ad2d1d3f8036101dca7ee39e585\",\"name\":\"Redacci\u00f3n QP\",\"image\":{\"@type\":\"ImageObject\",\"inLanguage\":\"es\",\"@id\":\"https:\\\/\\\/secure.gravatar.com\\\/avatar\\\/c7164ed6fdec453195284ad24a5ae5b6e1eed2b848477fa2a4787ba9adf39a41?s=96&d=mm&r=g\",\"url\":\"https:\\\/\\\/secure.gravatar.com\\\/avatar\\\/c7164ed6fdec453195284ad24a5ae5b6e1eed2b848477fa2a4787ba9adf39a41?s=96&d=mm&r=g\",\"contentUrl\":\"https:\\\/\\\/secure.gravatar.com\\\/avatar\\\/c7164ed6fdec453195284ad24a5ae5b6e1eed2b848477fa2a4787ba9adf39a41?s=96&d=mm&r=g\",\"caption\":\"Redacci\u00f3n QP\"},\"url\":\"https:\\\/\\\/quehacerpolitico.mx\\\/?author=2\"}]}<\/script>\n<!-- \/ Yoast SEO plugin. -->","yoast_head_json":{"title":"Serrat, el m\u00fasico que conquist\u00f3 el mundo desde el \u201cMediterr\u00e1neo\u201d -","robots":{"index":"index","follow":"follow","max-snippet":"max-snippet:-1","max-image-preview":"max-image-preview:large","max-video-preview":"max-video-preview:-1"},"canonical":"https:\/\/quehacerpolitico.mx\/?p=109577","og_locale":"es_MX","og_type":"article","og_title":"Serrat, el m\u00fasico que conquist\u00f3 el mundo desde el \u201cMediterr\u00e1neo\u201d -","og_description":"Por Redacci\u00f3n QP El\u00a0cantautor\u00a0catal\u00e1n fue reconocido el d\u00eda de hoy con el\u00a0Premio\u00a0Princesa de Asturias en...","og_url":"https:\/\/quehacerpolitico.mx\/?p=109577","article_published_time":"2024-04-25T21:47:59+00:00","article_modified_time":"2024-04-25T21:48:02+00:00","og_image":[{"width":1284,"height":711,"url":"https:\/\/quehacerpolitico.mx\/wp-content\/uploads\/2024\/04\/IMG_5166.jpeg","type":"image\/jpeg"}],"author":"Redacci\u00f3n QP","twitter_card":"summary_large_image","twitter_misc":{"Escrito por":"Redacci\u00f3n QP","Tiempo de lectura":"3 minutos"},"schema":{"@context":"https:\/\/schema.org","@graph":[{"@type":"Article","@id":"https:\/\/quehacerpolitico.mx\/?p=109577#article","isPartOf":{"@id":"https:\/\/quehacerpolitico.mx\/?p=109577"},"author":{"name":"Redacci\u00f3n QP","@id":"https:\/\/quehacerpolitico.mx\/#\/schema\/person\/496d8ad2d1d3f8036101dca7ee39e585"},"headline":"Serrat, el m\u00fasico que conquist\u00f3 el mundo desde el \u201cMediterr\u00e1neo\u201d","datePublished":"2024-04-25T21:47:59+00:00","dateModified":"2024-04-25T21:48:02+00:00","mainEntityOfPage":{"@id":"https:\/\/quehacerpolitico.mx\/?p=109577"},"wordCount":688,"commentCount":0,"image":{"@id":"https:\/\/quehacerpolitico.mx\/?p=109577#primaryimage"},"thumbnailUrl":"https:\/\/quehacerpolitico.mx\/wp-content\/uploads\/2024\/04\/IMG_5166.jpeg","articleSection":["Cultura y Entretenimiento"],"inLanguage":"es","potentialAction":[{"@type":"CommentAction","name":"Comment","target":["https:\/\/quehacerpolitico.mx\/?p=109577#respond"]}]},{"@type":"WebPage","@id":"https:\/\/quehacerpolitico.mx\/?p=109577","url":"https:\/\/quehacerpolitico.mx\/?p=109577","name":"Serrat, el m\u00fasico que conquist\u00f3 el mundo desde el \u201cMediterr\u00e1neo\u201d -","isPartOf":{"@id":"https:\/\/quehacerpolitico.mx\/#website"},"primaryImageOfPage":{"@id":"https:\/\/quehacerpolitico.mx\/?p=109577#primaryimage"},"image":{"@id":"https:\/\/quehacerpolitico.mx\/?p=109577#primaryimage"},"thumbnailUrl":"https:\/\/quehacerpolitico.mx\/wp-content\/uploads\/2024\/04\/IMG_5166.jpeg","datePublished":"2024-04-25T21:47:59+00:00","dateModified":"2024-04-25T21:48:02+00:00","author":{"@id":"https:\/\/quehacerpolitico.mx\/#\/schema\/person\/496d8ad2d1d3f8036101dca7ee39e585"},"breadcrumb":{"@id":"https:\/\/quehacerpolitico.mx\/?p=109577#breadcrumb"},"inLanguage":"es","potentialAction":[{"@type":"ReadAction","target":["https:\/\/quehacerpolitico.mx\/?p=109577"]}]},{"@type":"ImageObject","inLanguage":"es","@id":"https:\/\/quehacerpolitico.mx\/?p=109577#primaryimage","url":"https:\/\/quehacerpolitico.mx\/wp-content\/uploads\/2024\/04\/IMG_5166.jpeg","contentUrl":"https:\/\/quehacerpolitico.mx\/wp-content\/uploads\/2024\/04\/IMG_5166.jpeg","width":1284,"height":711,"caption":"Screenshot"},{"@type":"BreadcrumbList","@id":"https:\/\/quehacerpolitico.mx\/?p=109577#breadcrumb","itemListElement":[{"@type":"ListItem","position":1,"name":"Inicio","item":"https:\/\/quehacerpolitico.mx\/"},{"@type":"ListItem","position":2,"name":"Serrat, el m\u00fasico que conquist\u00f3 el mundo desde el \u201cMediterr\u00e1neo\u201d"}]},{"@type":"WebSite","@id":"https:\/\/quehacerpolitico.mx\/#website","url":"https:\/\/quehacerpolitico.mx\/","name":"","description":"","potentialAction":[{"@type":"SearchAction","target":{"@type":"EntryPoint","urlTemplate":"https:\/\/quehacerpolitico.mx\/?s={search_term_string}"},"query-input":{"@type":"PropertyValueSpecification","valueRequired":true,"valueName":"search_term_string"}}],"inLanguage":"es"},{"@type":"Person","@id":"https:\/\/quehacerpolitico.mx\/#\/schema\/person\/496d8ad2d1d3f8036101dca7ee39e585","name":"Redacci\u00f3n QP","image":{"@type":"ImageObject","inLanguage":"es","@id":"https:\/\/secure.gravatar.com\/avatar\/c7164ed6fdec453195284ad24a5ae5b6e1eed2b848477fa2a4787ba9adf39a41?s=96&d=mm&r=g","url":"https:\/\/secure.gravatar.com\/avatar\/c7164ed6fdec453195284ad24a5ae5b6e1eed2b848477fa2a4787ba9adf39a41?s=96&d=mm&r=g","contentUrl":"https:\/\/secure.gravatar.com\/avatar\/c7164ed6fdec453195284ad24a5ae5b6e1eed2b848477fa2a4787ba9adf39a41?s=96&d=mm&r=g","caption":"Redacci\u00f3n QP"},"url":"https:\/\/quehacerpolitico.mx\/?author=2"}]}},"featured_image_urls":{"full":["https:\/\/quehacerpolitico.mx\/wp-content\/uploads\/2024\/04\/IMG_5166.jpeg",1284,711,false],"thumbnail":["https:\/\/quehacerpolitico.mx\/wp-content\/uploads\/2024\/04\/IMG_5166-150x150.jpeg",150,150,true],"medium":["https:\/\/quehacerpolitico.mx\/wp-content\/uploads\/2024\/04\/IMG_5166-300x166.jpeg",300,166,true],"medium_large":["https:\/\/quehacerpolitico.mx\/wp-content\/uploads\/2024\/04\/IMG_5166-768x425.jpeg",640,354,true],"large":["https:\/\/quehacerpolitico.mx\/wp-content\/uploads\/2024\/04\/IMG_5166-1024x567.jpeg",640,354,true],"1536x1536":["https:\/\/quehacerpolitico.mx\/wp-content\/uploads\/2024\/04\/IMG_5166.jpeg",1284,711,false],"2048x2048":["https:\/\/quehacerpolitico.mx\/wp-content\/uploads\/2024\/04\/IMG_5166.jpeg",1284,711,false],"covernews-featured":["https:\/\/quehacerpolitico.mx\/wp-content\/uploads\/2024\/04\/IMG_5166.jpeg",1024,567,false],"covernews-medium":["https:\/\/quehacerpolitico.mx\/wp-content\/uploads\/2024\/04\/IMG_5166.jpeg",540,299,false]},"author_info":{"display_name":"Redacci\u00f3n QP","author_link":"https:\/\/quehacerpolitico.mx\/?author=2"},"category_info":"<a href=\"https:\/\/quehacerpolitico.mx\/?cat=58\" rel=\"category\">Cultura y Entretenimiento<\/a>","tag_info":"Cultura y Entretenimiento","comment_count":"0","_links":{"self":[{"href":"https:\/\/quehacerpolitico.mx\/index.php?rest_route=\/wp\/v2\/posts\/109577","targetHints":{"allow":["GET"]}}],"collection":[{"href":"https:\/\/quehacerpolitico.mx\/index.php?rest_route=\/wp\/v2\/posts"}],"about":[{"href":"https:\/\/quehacerpolitico.mx\/index.php?rest_route=\/wp\/v2\/types\/post"}],"author":[{"embeddable":true,"href":"https:\/\/quehacerpolitico.mx\/index.php?rest_route=\/wp\/v2\/users\/2"}],"replies":[{"embeddable":true,"href":"https:\/\/quehacerpolitico.mx\/index.php?rest_route=%2Fwp%2Fv2%2Fcomments&post=109577"}],"version-history":[{"count":1,"href":"https:\/\/quehacerpolitico.mx\/index.php?rest_route=\/wp\/v2\/posts\/109577\/revisions"}],"predecessor-version":[{"id":109579,"href":"https:\/\/quehacerpolitico.mx\/index.php?rest_route=\/wp\/v2\/posts\/109577\/revisions\/109579"}],"wp:featuredmedia":[{"embeddable":true,"href":"https:\/\/quehacerpolitico.mx\/index.php?rest_route=\/wp\/v2\/media\/109578"}],"wp:attachment":[{"href":"https:\/\/quehacerpolitico.mx\/index.php?rest_route=%2Fwp%2Fv2%2Fmedia&parent=109577"}],"wp:term":[{"taxonomy":"category","embeddable":true,"href":"https:\/\/quehacerpolitico.mx\/index.php?rest_route=%2Fwp%2Fv2%2Fcategories&post=109577"},{"taxonomy":"post_tag","embeddable":true,"href":"https:\/\/quehacerpolitico.mx\/index.php?rest_route=%2Fwp%2Fv2%2Ftags&post=109577"}],"curies":[{"name":"wp","href":"https:\/\/api.w.org\/{rel}","templated":true}]}}