{"id":109572,"date":"2024-04-25T21:30:34","date_gmt":"2024-04-25T21:30:34","guid":{"rendered":"https:\/\/quehacerpolitico.mx\/?p=109572"},"modified":"2024-04-25T21:30:38","modified_gmt":"2024-04-25T21:30:38","slug":"los-commanders-retiraran-el-numero-28-del-legendario-darrell-green-dos-veces-ganador-del-super-bowl-con-la-franquicia","status":"publish","type":"post","link":"https:\/\/quehacerpolitico.mx\/?p=109572","title":{"rendered":"Los Commanders retirar\u00e1n el n\u00famero 28 del legendario Darrell Green, dos veces ganador del Super Bowl con la franquicia"},"content":{"rendered":"\n<p>Por Redacci\u00f3n QP<\/p>\n\n\n\n<p>Darrell Green, miembro del Sal\u00f3n  de la Fama que gan\u00f3 dos ediciones del Super Bowl con los Commanders, ver\u00e1 retirado su ic\u00f3nico n\u00famero 28.<\/p>\n\n\n\n<p>Los&nbsp;<strong>Commanders de Washington<\/strong>informaron este jueves que&nbsp;<strong>retirar\u00e1n el n\u00famero 28<\/strong>&nbsp;que luci\u00f3 su&nbsp;<strong>leyenda Darrell Green<\/strong>, miembro del Sal\u00f3n de la Fama que ayud\u00f3 al equipo a&nbsp;<strong>ganar dos ediciones del Super Bowl<\/strong>, las XXII y XXVI.<\/p>\n\n\n\n<p>\u201cLos\u00a0<strong>Washington Commanders<\/strong>\u00a0anunciamos con orgullo que\u00a0<strong>retiraremos<\/strong>\u00a0la camiseta usada por uno de los\u00a0<strong>mejores jugadores en la historia de la NFL<\/strong>, nadie en nuestro equipo volver\u00e1 a usar el\u00a0<strong>n\u00famero 28 de Darrell Green<\/strong>. La decisi\u00f3n es un\u00a0<strong>tributo<\/strong>\u00a0a sus contribuciones a nuestra franquicia y a la liga\u201d,\u00a0afirm\u00f3 Josh Harris, socio director de los Commanders.<\/p>\n\n\n\n<figure class=\"wp-block-image size-large\"><img loading=\"lazy\" decoding=\"async\" width=\"819\" height=\"1024\" src=\"https:\/\/quehacerpolitico.mx\/wp-content\/uploads\/2024\/04\/image-50-819x1024.jpeg\" alt=\"\" class=\"wp-image-109573\" srcset=\"https:\/\/quehacerpolitico.mx\/wp-content\/uploads\/2024\/04\/image-50-819x1024.jpeg 819w, https:\/\/quehacerpolitico.mx\/wp-content\/uploads\/2024\/04\/image-50-240x300.jpeg 240w, https:\/\/quehacerpolitico.mx\/wp-content\/uploads\/2024\/04\/image-50-768x960.jpeg 768w, https:\/\/quehacerpolitico.mx\/wp-content\/uploads\/2024\/04\/image-50-117x146.jpeg 117w, https:\/\/quehacerpolitico.mx\/wp-content\/uploads\/2024\/04\/image-50-40x50.jpeg 40w, https:\/\/quehacerpolitico.mx\/wp-content\/uploads\/2024\/04\/image-50-60x75.jpeg 60w, https:\/\/quehacerpolitico.mx\/wp-content\/uploads\/2024\/04\/image-50.jpeg 1080w\" sizes=\"auto, (max-width: 819px) 100vw, 819px\" \/><\/figure>\n\n\n\n<p>Darrell Green, de&nbsp;<strong>64 a\u00f1os de edad<\/strong>, jug\u00f3 toda su carrera en los entonces llamados&nbsp;<strong>Redskins de Washington<\/strong>, equipo al que arrib\u00f3&nbsp;<strong>seleccionado en la primera ronda del Draft de 1983<\/strong>, cuando ten\u00eda&nbsp;<strong>23 a\u00f1os<\/strong>.<\/p>\n\n\n\n<p>El ex esquinero\u00a0<strong>permaneci\u00f3 en la franquicia hasta su retiro<\/strong>, a los\u00a0<strong>42 a\u00f1os<\/strong>, en el 2002. En dos d\u00e9cadas con el equipo, adem\u00e1s de los dos triunfos en el Super Bowl, tuvo\u00a0<strong>siete selecciones al Pro Bowl<\/strong>\u00a0y la distinci\u00f3n del premio al\u00a0<strong>Hombre del A\u00f1o en 1996<\/strong>.<\/p>\n\n\n\n<h2 class=\"wp-block-heading\" id=\"h-legado\">LEGADO<\/h2>\n\n\n\n<p>\u201cEl\u00a0<strong>legado de Darrell Green trasciende los l\u00edmites del futbol<\/strong>. Green encarn\u00f3 los valores de excelencia, perseverancia y esp\u00edritu deportivo dentro y fuera del campo. Su velocidad, habilidad y dedicaci\u00f3n al juego y a nuestra comunidad durante 20 a\u00f1os le valieron el apodo de \u2018<strong>La maravilla eterna<\/strong>\u2018\u201d, elogi\u00f3 Josh Harris.<\/p>\n\n\n\n<figure class=\"wp-block-embed is-type-rich is-provider-twitter wp-block-embed-twitter\"><div class=\"wp-block-embed__wrapper\">\n<blockquote class=\"twitter-tweet\" data-width=\"550\" data-dnt=\"true\"><p lang=\"en\" dir=\"ltr\">20 seasons<br>7 Pro Bowls<br>2 Super Bowl rings<br>1 Gold Jacket<br> <br>This season, a legend will be immortalized<\/p>&mdash; Washington Commanders (@Commanders) <a href=\"https:\/\/twitter.com\/Commanders\/status\/1783489899594760243?ref_src=twsrc%5Etfw\">April 25, 2024<\/a><\/blockquote><script async src=\"https:\/\/platform.twitter.com\/widgets.js\" charset=\"utf-8\"><\/script>\n<\/div><\/figure>\n\n\n\n<p>El exdefensivo nacido en Houston el&nbsp;<strong>15 de febrero de 1960<\/strong>, ingres\u00f3 en el&nbsp;<strong>Sal\u00f3n de la Fama del F\u00fatbol Americano Profesional en 2008<\/strong>&nbsp;gracias a su destacada carrera en la que acumul\u00f3 1.159 tackleadas, 54 intercepciones y seis anotaciones.<\/p>\n\n\n\n<p>El retiro del n\u00famero 28 de Green de los Commanders suceder\u00e1 en el transcurso de la\u00a0<strong>temporada 2024 de la NFL<\/strong>\u00a0que arrancar\u00e1 en septiembre pr\u00f3ximo.<\/p>\n\n\n\n<figure class=\"wp-block-image size-large\"><img loading=\"lazy\" decoding=\"async\" width=\"1024\" height=\"683\" src=\"https:\/\/quehacerpolitico.mx\/wp-content\/uploads\/2024\/04\/image-51-1024x683.jpeg\" alt=\"\" class=\"wp-image-109574\" srcset=\"https:\/\/quehacerpolitico.mx\/wp-content\/uploads\/2024\/04\/image-51-1024x683.jpeg 1024w, https:\/\/quehacerpolitico.mx\/wp-content\/uploads\/2024\/04\/image-51-300x200.jpeg 300w, https:\/\/quehacerpolitico.mx\/wp-content\/uploads\/2024\/04\/image-51-768x512.jpeg 768w, https:\/\/quehacerpolitico.mx\/wp-content\/uploads\/2024\/04\/image-51-1536x1024.jpeg 1536w, https:\/\/quehacerpolitico.mx\/wp-content\/uploads\/2024\/04\/image-51-219x146.jpeg 219w, https:\/\/quehacerpolitico.mx\/wp-content\/uploads\/2024\/04\/image-51-50x33.jpeg 50w, https:\/\/quehacerpolitico.mx\/wp-content\/uploads\/2024\/04\/image-51-113x75.jpeg 113w, https:\/\/quehacerpolitico.mx\/wp-content\/uploads\/2024\/04\/image-51.jpeg 2048w\" sizes=\"auto, (max-width: 1024px) 100vw, 1024px\" \/><\/figure>\n\n\n\n<p>Un\u00a0<strong>homenaje<\/strong>\u00a0que le permitir\u00e1 unirse a\u00a0<strong>Sonny Jurgensen<\/strong>, quarterback del que Washington retir\u00f3 su n\u00famero 9; el profundo\u00a0<strong>Sean Taylor<\/strong>\u00a0y su n\u00famero 21; y el hist\u00f3rico\u00a0<strong>Sammy Baugh<\/strong>, quien port\u00f3 el n\u00famero 33 entre 1937 y 1952 con el equipo.<\/p>\n\n\n\n<p>\u201cRetirar el n\u00famero de Darrell Green simboliza nuestro\u00a0<strong>compromiso de preservar la rica historia y tradici\u00f3n<\/strong>\u00a0de nuestra franquicia. Su presencia como uno de los mejores jugadores que jam\u00e1s haya usado nuestros colores se sentir\u00e1 para siempre\u201d, concluy\u00f3 Harris.<\/p>\n\n\n\n<p>Con informaci\u00f3n de EFE<\/p>\n","protected":false},"excerpt":{"rendered":"<p>Por Redacci\u00f3n QP Darrell Green, miembro del Sal\u00f3n de la Fama que gan\u00f3 dos ediciones&#8230;<\/p>\n","protected":false},"author":2,"featured_media":109575,"comment_status":"open","ping_status":"open","sticky":false,"template":"","format":"standard","meta":{"_monsterinsights_skip_tracking":false,"_monsterinsights_sitenote_active":false,"_monsterinsights_sitenote_note":"","_monsterinsights_sitenote_category":0,"footnotes":""},"categories":[54],"tags":[],"class_list":["post-109572","post","type-post","status-publish","format-standard","has-post-thumbnail","hentry","category-deportes"],"yoast_head":"<!-- This site is optimized with the Yoast SEO plugin v27.3 - https:\/\/yoast.com\/product\/yoast-seo-wordpress\/ -->\n<title>Los Commanders retirar\u00e1n el n\u00famero 28 del legendario Darrell Green, dos veces ganador del Super Bowl con la franquicia -<\/title>\n<meta name=\"robots\" content=\"index, follow, max-snippet:-1, max-image-preview:large, max-video-preview:-1\" \/>\n<link rel=\"canonical\" href=\"https:\/\/quehacerpolitico.mx\/?p=109572\" \/>\n<meta property=\"og:locale\" content=\"es_MX\" \/>\n<meta property=\"og:type\" content=\"article\" \/>\n<meta property=\"og:title\" content=\"Los Commanders retirar\u00e1n el n\u00famero 28 del legendario Darrell Green, dos veces ganador del Super Bowl con la franquicia -\" \/>\n<meta property=\"og:description\" content=\"Por Redacci\u00f3n QP Darrell Green, miembro del Sal\u00f3n de la Fama que gan\u00f3 dos ediciones...\" \/>\n<meta property=\"og:url\" content=\"https:\/\/quehacerpolitico.mx\/?p=109572\" \/>\n<meta property=\"article:published_time\" content=\"2024-04-25T21:30:34+00:00\" \/>\n<meta property=\"article:modified_time\" content=\"2024-04-25T21:30:38+00:00\" \/>\n<meta property=\"og:image\" content=\"https:\/\/quehacerpolitico.mx\/wp-content\/uploads\/2024\/04\/IMG_5163.jpeg\" \/>\n\t<meta property=\"og:image:width\" content=\"2048\" \/>\n\t<meta property=\"og:image:height\" content=\"1366\" \/>\n\t<meta property=\"og:image:type\" content=\"image\/jpeg\" \/>\n<meta name=\"author\" content=\"Redacci\u00f3n QP\" \/>\n<meta name=\"twitter:card\" content=\"summary_large_image\" \/>\n<meta name=\"twitter:label1\" content=\"Escrito por\" \/>\n\t<meta name=\"twitter:data1\" content=\"Redacci\u00f3n QP\" \/>\n\t<meta name=\"twitter:label2\" content=\"Tiempo de lectura\" \/>\n\t<meta name=\"twitter:data2\" content=\"2 minutos\" \/>\n<script type=\"application\/ld+json\" class=\"yoast-schema-graph\">{\"@context\":\"https:\\\/\\\/schema.org\",\"@graph\":[{\"@type\":\"Article\",\"@id\":\"https:\\\/\\\/quehacerpolitico.mx\\\/?p=109572#article\",\"isPartOf\":{\"@id\":\"https:\\\/\\\/quehacerpolitico.mx\\\/?p=109572\"},\"author\":{\"name\":\"Redacci\u00f3n QP\",\"@id\":\"https:\\\/\\\/quehacerpolitico.mx\\\/#\\\/schema\\\/person\\\/496d8ad2d1d3f8036101dca7ee39e585\"},\"headline\":\"Los Commanders retirar\u00e1n el n\u00famero 28 del legendario Darrell Green, dos veces ganador del Super Bowl con la franquicia\",\"datePublished\":\"2024-04-25T21:30:34+00:00\",\"dateModified\":\"2024-04-25T21:30:38+00:00\",\"mainEntityOfPage\":{\"@id\":\"https:\\\/\\\/quehacerpolitico.mx\\\/?p=109572\"},\"wordCount\":464,\"commentCount\":0,\"image\":{\"@id\":\"https:\\\/\\\/quehacerpolitico.mx\\\/?p=109572#primaryimage\"},\"thumbnailUrl\":\"https:\\\/\\\/quehacerpolitico.mx\\\/wp-content\\\/uploads\\\/2024\\\/04\\\/IMG_5163.jpeg\",\"articleSection\":[\"Deportes\"],\"inLanguage\":\"es\",\"potentialAction\":[{\"@type\":\"CommentAction\",\"name\":\"Comment\",\"target\":[\"https:\\\/\\\/quehacerpolitico.mx\\\/?p=109572#respond\"]}]},{\"@type\":\"WebPage\",\"@id\":\"https:\\\/\\\/quehacerpolitico.mx\\\/?p=109572\",\"url\":\"https:\\\/\\\/quehacerpolitico.mx\\\/?p=109572\",\"name\":\"Los Commanders retirar\u00e1n el n\u00famero 28 del legendario Darrell Green, dos veces ganador del Super Bowl con la franquicia -\",\"isPartOf\":{\"@id\":\"https:\\\/\\\/quehacerpolitico.mx\\\/#website\"},\"primaryImageOfPage\":{\"@id\":\"https:\\\/\\\/quehacerpolitico.mx\\\/?p=109572#primaryimage\"},\"image\":{\"@id\":\"https:\\\/\\\/quehacerpolitico.mx\\\/?p=109572#primaryimage\"},\"thumbnailUrl\":\"https:\\\/\\\/quehacerpolitico.mx\\\/wp-content\\\/uploads\\\/2024\\\/04\\\/IMG_5163.jpeg\",\"datePublished\":\"2024-04-25T21:30:34+00:00\",\"dateModified\":\"2024-04-25T21:30:38+00:00\",\"author\":{\"@id\":\"https:\\\/\\\/quehacerpolitico.mx\\\/#\\\/schema\\\/person\\\/496d8ad2d1d3f8036101dca7ee39e585\"},\"breadcrumb\":{\"@id\":\"https:\\\/\\\/quehacerpolitico.mx\\\/?p=109572#breadcrumb\"},\"inLanguage\":\"es\",\"potentialAction\":[{\"@type\":\"ReadAction\",\"target\":[\"https:\\\/\\\/quehacerpolitico.mx\\\/?p=109572\"]}]},{\"@type\":\"ImageObject\",\"inLanguage\":\"es\",\"@id\":\"https:\\\/\\\/quehacerpolitico.mx\\\/?p=109572#primaryimage\",\"url\":\"https:\\\/\\\/quehacerpolitico.mx\\\/wp-content\\\/uploads\\\/2024\\\/04\\\/IMG_5163.jpeg\",\"contentUrl\":\"https:\\\/\\\/quehacerpolitico.mx\\\/wp-content\\\/uploads\\\/2024\\\/04\\\/IMG_5163.jpeg\",\"width\":2048,\"height\":1366},{\"@type\":\"BreadcrumbList\",\"@id\":\"https:\\\/\\\/quehacerpolitico.mx\\\/?p=109572#breadcrumb\",\"itemListElement\":[{\"@type\":\"ListItem\",\"position\":1,\"name\":\"Inicio\",\"item\":\"https:\\\/\\\/quehacerpolitico.mx\\\/\"},{\"@type\":\"ListItem\",\"position\":2,\"name\":\"Los Commanders retirar\u00e1n el n\u00famero 28 del legendario Darrell Green, dos veces ganador del Super Bowl con la franquicia\"}]},{\"@type\":\"WebSite\",\"@id\":\"https:\\\/\\\/quehacerpolitico.mx\\\/#website\",\"url\":\"https:\\\/\\\/quehacerpolitico.mx\\\/\",\"name\":\"\",\"description\":\"\",\"potentialAction\":[{\"@type\":\"SearchAction\",\"target\":{\"@type\":\"EntryPoint\",\"urlTemplate\":\"https:\\\/\\\/quehacerpolitico.mx\\\/?s={search_term_string}\"},\"query-input\":{\"@type\":\"PropertyValueSpecification\",\"valueRequired\":true,\"valueName\":\"search_term_string\"}}],\"inLanguage\":\"es\"},{\"@type\":\"Person\",\"@id\":\"https:\\\/\\\/quehacerpolitico.mx\\\/#\\\/schema\\\/person\\\/496d8ad2d1d3f8036101dca7ee39e585\",\"name\":\"Redacci\u00f3n QP\",\"image\":{\"@type\":\"ImageObject\",\"inLanguage\":\"es\",\"@id\":\"https:\\\/\\\/secure.gravatar.com\\\/avatar\\\/c7164ed6fdec453195284ad24a5ae5b6e1eed2b848477fa2a4787ba9adf39a41?s=96&d=mm&r=g\",\"url\":\"https:\\\/\\\/secure.gravatar.com\\\/avatar\\\/c7164ed6fdec453195284ad24a5ae5b6e1eed2b848477fa2a4787ba9adf39a41?s=96&d=mm&r=g\",\"contentUrl\":\"https:\\\/\\\/secure.gravatar.com\\\/avatar\\\/c7164ed6fdec453195284ad24a5ae5b6e1eed2b848477fa2a4787ba9adf39a41?s=96&d=mm&r=g\",\"caption\":\"Redacci\u00f3n QP\"},\"url\":\"https:\\\/\\\/quehacerpolitico.mx\\\/?author=2\"}]}<\/script>\n<!-- \/ Yoast SEO plugin. -->","yoast_head_json":{"title":"Los Commanders retirar\u00e1n el n\u00famero 28 del legendario Darrell Green, dos veces ganador del Super Bowl con la franquicia -","robots":{"index":"index","follow":"follow","max-snippet":"max-snippet:-1","max-image-preview":"max-image-preview:large","max-video-preview":"max-video-preview:-1"},"canonical":"https:\/\/quehacerpolitico.mx\/?p=109572","og_locale":"es_MX","og_type":"article","og_title":"Los Commanders retirar\u00e1n el n\u00famero 28 del legendario Darrell Green, dos veces ganador del Super Bowl con la franquicia -","og_description":"Por Redacci\u00f3n QP Darrell Green, miembro del Sal\u00f3n de la Fama que gan\u00f3 dos ediciones...","og_url":"https:\/\/quehacerpolitico.mx\/?p=109572","article_published_time":"2024-04-25T21:30:34+00:00","article_modified_time":"2024-04-25T21:30:38+00:00","og_image":[{"width":2048,"height":1366,"url":"https:\/\/quehacerpolitico.mx\/wp-content\/uploads\/2024\/04\/IMG_5163.jpeg","type":"image\/jpeg"}],"author":"Redacci\u00f3n QP","twitter_card":"summary_large_image","twitter_misc":{"Escrito por":"Redacci\u00f3n QP","Tiempo de lectura":"2 minutos"},"schema":{"@context":"https:\/\/schema.org","@graph":[{"@type":"Article","@id":"https:\/\/quehacerpolitico.mx\/?p=109572#article","isPartOf":{"@id":"https:\/\/quehacerpolitico.mx\/?p=109572"},"author":{"name":"Redacci\u00f3n QP","@id":"https:\/\/quehacerpolitico.mx\/#\/schema\/person\/496d8ad2d1d3f8036101dca7ee39e585"},"headline":"Los Commanders retirar\u00e1n el n\u00famero 28 del legendario Darrell Green, dos veces ganador del Super Bowl con la franquicia","datePublished":"2024-04-25T21:30:34+00:00","dateModified":"2024-04-25T21:30:38+00:00","mainEntityOfPage":{"@id":"https:\/\/quehacerpolitico.mx\/?p=109572"},"wordCount":464,"commentCount":0,"image":{"@id":"https:\/\/quehacerpolitico.mx\/?p=109572#primaryimage"},"thumbnailUrl":"https:\/\/quehacerpolitico.mx\/wp-content\/uploads\/2024\/04\/IMG_5163.jpeg","articleSection":["Deportes"],"inLanguage":"es","potentialAction":[{"@type":"CommentAction","name":"Comment","target":["https:\/\/quehacerpolitico.mx\/?p=109572#respond"]}]},{"@type":"WebPage","@id":"https:\/\/quehacerpolitico.mx\/?p=109572","url":"https:\/\/quehacerpolitico.mx\/?p=109572","name":"Los Commanders retirar\u00e1n el n\u00famero 28 del legendario Darrell Green, dos veces ganador del Super Bowl con la franquicia -","isPartOf":{"@id":"https:\/\/quehacerpolitico.mx\/#website"},"primaryImageOfPage":{"@id":"https:\/\/quehacerpolitico.mx\/?p=109572#primaryimage"},"image":{"@id":"https:\/\/quehacerpolitico.mx\/?p=109572#primaryimage"},"thumbnailUrl":"https:\/\/quehacerpolitico.mx\/wp-content\/uploads\/2024\/04\/IMG_5163.jpeg","datePublished":"2024-04-25T21:30:34+00:00","dateModified":"2024-04-25T21:30:38+00:00","author":{"@id":"https:\/\/quehacerpolitico.mx\/#\/schema\/person\/496d8ad2d1d3f8036101dca7ee39e585"},"breadcrumb":{"@id":"https:\/\/quehacerpolitico.mx\/?p=109572#breadcrumb"},"inLanguage":"es","potentialAction":[{"@type":"ReadAction","target":["https:\/\/quehacerpolitico.mx\/?p=109572"]}]},{"@type":"ImageObject","inLanguage":"es","@id":"https:\/\/quehacerpolitico.mx\/?p=109572#primaryimage","url":"https:\/\/quehacerpolitico.mx\/wp-content\/uploads\/2024\/04\/IMG_5163.jpeg","contentUrl":"https:\/\/quehacerpolitico.mx\/wp-content\/uploads\/2024\/04\/IMG_5163.jpeg","width":2048,"height":1366},{"@type":"BreadcrumbList","@id":"https:\/\/quehacerpolitico.mx\/?p=109572#breadcrumb","itemListElement":[{"@type":"ListItem","position":1,"name":"Inicio","item":"https:\/\/quehacerpolitico.mx\/"},{"@type":"ListItem","position":2,"name":"Los Commanders retirar\u00e1n el n\u00famero 28 del legendario Darrell Green, dos veces ganador del Super Bowl con la franquicia"}]},{"@type":"WebSite","@id":"https:\/\/quehacerpolitico.mx\/#website","url":"https:\/\/quehacerpolitico.mx\/","name":"","description":"","potentialAction":[{"@type":"SearchAction","target":{"@type":"EntryPoint","urlTemplate":"https:\/\/quehacerpolitico.mx\/?s={search_term_string}"},"query-input":{"@type":"PropertyValueSpecification","valueRequired":true,"valueName":"search_term_string"}}],"inLanguage":"es"},{"@type":"Person","@id":"https:\/\/quehacerpolitico.mx\/#\/schema\/person\/496d8ad2d1d3f8036101dca7ee39e585","name":"Redacci\u00f3n QP","image":{"@type":"ImageObject","inLanguage":"es","@id":"https:\/\/secure.gravatar.com\/avatar\/c7164ed6fdec453195284ad24a5ae5b6e1eed2b848477fa2a4787ba9adf39a41?s=96&d=mm&r=g","url":"https:\/\/secure.gravatar.com\/avatar\/c7164ed6fdec453195284ad24a5ae5b6e1eed2b848477fa2a4787ba9adf39a41?s=96&d=mm&r=g","contentUrl":"https:\/\/secure.gravatar.com\/avatar\/c7164ed6fdec453195284ad24a5ae5b6e1eed2b848477fa2a4787ba9adf39a41?s=96&d=mm&r=g","caption":"Redacci\u00f3n QP"},"url":"https:\/\/quehacerpolitico.mx\/?author=2"}]}},"featured_image_urls":{"full":["https:\/\/quehacerpolitico.mx\/wp-content\/uploads\/2024\/04\/IMG_5163.jpeg",2048,1366,false],"thumbnail":["https:\/\/quehacerpolitico.mx\/wp-content\/uploads\/2024\/04\/IMG_5163-150x150.jpeg",150,150,true],"medium":["https:\/\/quehacerpolitico.mx\/wp-content\/uploads\/2024\/04\/IMG_5163-300x200.jpeg",300,200,true],"medium_large":["https:\/\/quehacerpolitico.mx\/wp-content\/uploads\/2024\/04\/IMG_5163-768x512.jpeg",640,427,true],"large":["https:\/\/quehacerpolitico.mx\/wp-content\/uploads\/2024\/04\/IMG_5163-1024x683.jpeg",640,427,true],"1536x1536":["https:\/\/quehacerpolitico.mx\/wp-content\/uploads\/2024\/04\/IMG_5163-1536x1025.jpeg",1536,1025,true],"2048x2048":["https:\/\/quehacerpolitico.mx\/wp-content\/uploads\/2024\/04\/IMG_5163.jpeg",2048,1366,false],"covernews-featured":["https:\/\/quehacerpolitico.mx\/wp-content\/uploads\/2024\/04\/IMG_5163.jpeg",1024,683,false],"covernews-medium":["https:\/\/quehacerpolitico.mx\/wp-content\/uploads\/2024\/04\/IMG_5163.jpeg",510,340,false]},"author_info":{"display_name":"Redacci\u00f3n QP","author_link":"https:\/\/quehacerpolitico.mx\/?author=2"},"category_info":"<a href=\"https:\/\/quehacerpolitico.mx\/?cat=54\" rel=\"category\">Deportes<\/a>","tag_info":"Deportes","comment_count":"0","_links":{"self":[{"href":"https:\/\/quehacerpolitico.mx\/index.php?rest_route=\/wp\/v2\/posts\/109572","targetHints":{"allow":["GET"]}}],"collection":[{"href":"https:\/\/quehacerpolitico.mx\/index.php?rest_route=\/wp\/v2\/posts"}],"about":[{"href":"https:\/\/quehacerpolitico.mx\/index.php?rest_route=\/wp\/v2\/types\/post"}],"author":[{"embeddable":true,"href":"https:\/\/quehacerpolitico.mx\/index.php?rest_route=\/wp\/v2\/users\/2"}],"replies":[{"embeddable":true,"href":"https:\/\/quehacerpolitico.mx\/index.php?rest_route=%2Fwp%2Fv2%2Fcomments&post=109572"}],"version-history":[{"count":1,"href":"https:\/\/quehacerpolitico.mx\/index.php?rest_route=\/wp\/v2\/posts\/109572\/revisions"}],"predecessor-version":[{"id":109576,"href":"https:\/\/quehacerpolitico.mx\/index.php?rest_route=\/wp\/v2\/posts\/109572\/revisions\/109576"}],"wp:featuredmedia":[{"embeddable":true,"href":"https:\/\/quehacerpolitico.mx\/index.php?rest_route=\/wp\/v2\/media\/109575"}],"wp:attachment":[{"href":"https:\/\/quehacerpolitico.mx\/index.php?rest_route=%2Fwp%2Fv2%2Fmedia&parent=109572"}],"wp:term":[{"taxonomy":"category","embeddable":true,"href":"https:\/\/quehacerpolitico.mx\/index.php?rest_route=%2Fwp%2Fv2%2Fcategories&post=109572"},{"taxonomy":"post_tag","embeddable":true,"href":"https:\/\/quehacerpolitico.mx\/index.php?rest_route=%2Fwp%2Fv2%2Ftags&post=109572"}],"curies":[{"name":"wp","href":"https:\/\/api.w.org\/{rel}","templated":true}]}}