{"id":109559,"date":"2024-04-25T19:48:27","date_gmt":"2024-04-25T19:48:27","guid":{"rendered":"https:\/\/quehacerpolitico.mx\/?p=109559"},"modified":"2024-04-25T19:48:30","modified_gmt":"2024-04-25T19:48:30","slug":"la-independencia-judicial-necesaria-para-hacer-efectivas-las-garantias-individuales-ministro-javier-laynez-potisek","status":"publish","type":"post","link":"https:\/\/quehacerpolitico.mx\/?p=109559","title":{"rendered":"LA INDEPENDENCIA JUDICIAL, NECESARIA PARA HACER EFECTIVAS LAS GARANT\u00cdAS INDIVIDUALES: MINISTRO JAVIER LAYNEZ POTISEK"},"content":{"rendered":"\n<p>Por Redacci\u00f3n QP<\/p>\n\n\n\n<ul class=\"wp-block-list\">\n<li><em>El ministro en retiro Jos\u00e9 Ram\u00f3n Coss\u00edo D\u00edaz destac\u00f3 la labor de los integrantes del Poder Judicial para mantener la normalidad frente a la violencia que vive M\u00e9xico<\/em><\/li>\n<\/ul>\n\n\n\n<p>La independencia judicial es necesaria para hacer efectivas las garant\u00edas individuales contra los atentados y excesos de los agentes del poder p\u00fablico, dijo el ministro de la Suprema Corte de Justicia de la Naci\u00f3n (<em>La Corte<\/em>), Javier Laynez Potisek, al citar fragmentos del libro&nbsp;<em>La Suprema Corte en la Revoluci\u00f3n<\/em>, el cual present\u00f3 junto con el ministro en retiro Jos\u00e9 Ram\u00f3n Coss\u00edo D\u00edaz.<\/p>\n\n\n\n<p>En el evento, que fue organizado por el Colegio de Secretarias y Secretarios de&nbsp;<em>La Corte<\/em>, el ministro Laynez Potisek rememor\u00f3 algunos momentos hist\u00f3ricos que vienen plasmados en el libro como el triunfo del constitucionalismo ante la dictadura de Victoriano Huerta, y destac\u00f3 lo que dijo Venustiano Carranza sobre el inter\u00e9s por garantizar la independencia del Poder Judicial: \u201c\u2018Por ser esto uno de los anhelos m\u00e1s ardientes y m\u00e1s honradamente sentidos por el pueblo mexicano\u2019. Apuntando que esa aspiraci\u00f3n era necesaria para hacer efectivas las garant\u00edas individuales contra los atentados y excesos de los agentes del poder p\u00fablico que \u2018protejan el goce quieto y pac\u00edfico de los derechos civiles\u2019\u201d.<\/p>\n\n\n\n<p>El integrante de la Segunda Sala de&nbsp;<em>La Corte<\/em>&nbsp;destac\u00f3 el valor del libro, como un documento que muestra la importancia de la Suprema Corte<em>&nbsp;<\/em>en la historia de M\u00e9xico, principalmente en la \u00e9poca conocida como periodo revolucionario.<\/p>\n\n\n\n<p>\u201cEfectivamente, se lee muy f\u00e1cil, yo creo que tiene dos cosas que a m\u00ed me llamaron mucho la atenci\u00f3n: primero, porque el darnos a conocer toda una serie de cuestiones hist\u00f3ricas de la Suprema Corte en este contexto, pues no es digamos muy accesible, sino te lo digieren en un libro sencillo, y tienes que hacer una amplia investigaci\u00f3n para conocer lo que aqu\u00ed nos dan\u201d, agreg\u00f3.<\/p>\n\n\n\n<p>Por su parte, el ministro en retiro Jos\u00e9 Ram\u00f3n Coss\u00edo D\u00edaz subray\u00f3 la labor que realizan jueces, magistrados y ministros y, en general, todos los integrantes del Poder Judicial para mantener la normalidad a pesar de las condiciones de violencia que vive en la actualidad el pa\u00eds.<\/p>\n\n\n\n<p>\u201cCreo que la capacidad de mantener la normalidad vuelve a todas estas acciones extraordinarias: los jueces que son capaces de hacer investigaciones para encontrar desaparecidos; los jueces que son capaces de suspender leyes generales, o normas generales; y luego, los magistrados que confirman y despu\u00e9s est\u00e1n los ministros que tienen el valor de sostenerse a pesar de todas las barbaridades que se les dicen, yo creo que esto es mantener lo ordinario en condiciones extraordinarias\u201d, sostuvo.<\/p>\n\n\n\n<p>En el evento, realizado en el Auditorio Jos\u00e9 Mar\u00eda Iglesias, del Edificio Sede, tambi\u00e9n participaron como moderador, Manuel Bar\u00e1ibar Tovar, presidente del Colegio de Secretarias y Secretarios de&nbsp;<em>La Corte<\/em>; Daniela Carrasco Berge, Secretaria de Estudio y Cuenta de&nbsp;<em>La Corte<\/em>&nbsp;y Jos\u00e9 Omar Hern\u00e1ndez Salgado, director general de la Coordinaci\u00f3n de Compilaci\u00f3n y Sistematizaci\u00f3n de Tesis, as\u00ed como Mar\u00eda del Refugio Gonz\u00e1lez Dom\u00ednguez, por parte del Centro de Investigaci\u00f3n y Docencia Econ\u00f3micas (CIDE).<\/p>\n","protected":false},"excerpt":{"rendered":"<p>Por Redacci\u00f3n QP La independencia judicial es necesaria para hacer efectivas las garant\u00edas individuales contra&#8230;<\/p>\n","protected":false},"author":2,"featured_media":109560,"comment_status":"open","ping_status":"open","sticky":false,"template":"","format":"standard","meta":{"_monsterinsights_skip_tracking":false,"_monsterinsights_sitenote_active":false,"_monsterinsights_sitenote_note":"","_monsterinsights_sitenote_category":0,"footnotes":""},"categories":[2],"tags":[],"class_list":["post-109559","post","type-post","status-publish","format-standard","has-post-thumbnail","hentry","category-noticias"],"yoast_head":"<!-- This site is optimized with the Yoast SEO plugin v27.3 - https:\/\/yoast.com\/product\/yoast-seo-wordpress\/ -->\n<title>LA INDEPENDENCIA JUDICIAL, NECESARIA PARA HACER EFECTIVAS LAS GARANT\u00cdAS INDIVIDUALES: MINISTRO JAVIER LAYNEZ POTISEK -<\/title>\n<meta name=\"robots\" content=\"index, follow, max-snippet:-1, max-image-preview:large, max-video-preview:-1\" \/>\n<link rel=\"canonical\" href=\"https:\/\/quehacerpolitico.mx\/?p=109559\" \/>\n<meta property=\"og:locale\" content=\"es_MX\" \/>\n<meta property=\"og:type\" content=\"article\" \/>\n<meta property=\"og:title\" content=\"LA INDEPENDENCIA JUDICIAL, NECESARIA PARA HACER EFECTIVAS LAS GARANT\u00cdAS INDIVIDUALES: MINISTRO JAVIER LAYNEZ POTISEK -\" \/>\n<meta property=\"og:description\" content=\"Por Redacci\u00f3n QP La independencia judicial es necesaria para hacer efectivas las garant\u00edas individuales contra...\" \/>\n<meta property=\"og:url\" content=\"https:\/\/quehacerpolitico.mx\/?p=109559\" \/>\n<meta property=\"article:published_time\" content=\"2024-04-25T19:48:27+00:00\" \/>\n<meta property=\"article:modified_time\" content=\"2024-04-25T19:48:30+00:00\" \/>\n<meta property=\"og:image\" content=\"https:\/\/quehacerpolitico.mx\/wp-content\/uploads\/2024\/04\/IMG_5158.jpeg\" \/>\n\t<meta property=\"og:image:width\" content=\"706\" \/>\n\t<meta property=\"og:image:height\" content=\"434\" \/>\n\t<meta property=\"og:image:type\" content=\"image\/jpeg\" \/>\n<meta name=\"author\" content=\"Redacci\u00f3n QP\" \/>\n<meta name=\"twitter:card\" content=\"summary_large_image\" \/>\n<meta name=\"twitter:label1\" content=\"Escrito por\" \/>\n\t<meta name=\"twitter:data1\" content=\"Redacci\u00f3n QP\" \/>\n\t<meta name=\"twitter:label2\" content=\"Tiempo de lectura\" \/>\n\t<meta name=\"twitter:data2\" content=\"3 minutos\" \/>\n<script type=\"application\/ld+json\" class=\"yoast-schema-graph\">{\"@context\":\"https:\\\/\\\/schema.org\",\"@graph\":[{\"@type\":\"Article\",\"@id\":\"https:\\\/\\\/quehacerpolitico.mx\\\/?p=109559#article\",\"isPartOf\":{\"@id\":\"https:\\\/\\\/quehacerpolitico.mx\\\/?p=109559\"},\"author\":{\"name\":\"Redacci\u00f3n QP\",\"@id\":\"https:\\\/\\\/quehacerpolitico.mx\\\/#\\\/schema\\\/person\\\/496d8ad2d1d3f8036101dca7ee39e585\"},\"headline\":\"LA INDEPENDENCIA JUDICIAL, NECESARIA PARA HACER EFECTIVAS LAS GARANT\u00cdAS INDIVIDUALES: MINISTRO JAVIER LAYNEZ POTISEK\",\"datePublished\":\"2024-04-25T19:48:27+00:00\",\"dateModified\":\"2024-04-25T19:48:30+00:00\",\"mainEntityOfPage\":{\"@id\":\"https:\\\/\\\/quehacerpolitico.mx\\\/?p=109559\"},\"wordCount\":571,\"commentCount\":0,\"image\":{\"@id\":\"https:\\\/\\\/quehacerpolitico.mx\\\/?p=109559#primaryimage\"},\"thumbnailUrl\":\"https:\\\/\\\/quehacerpolitico.mx\\\/wp-content\\\/uploads\\\/2024\\\/04\\\/IMG_5158.jpeg\",\"articleSection\":[\"Noticias\"],\"inLanguage\":\"es\",\"potentialAction\":[{\"@type\":\"CommentAction\",\"name\":\"Comment\",\"target\":[\"https:\\\/\\\/quehacerpolitico.mx\\\/?p=109559#respond\"]}]},{\"@type\":\"WebPage\",\"@id\":\"https:\\\/\\\/quehacerpolitico.mx\\\/?p=109559\",\"url\":\"https:\\\/\\\/quehacerpolitico.mx\\\/?p=109559\",\"name\":\"LA INDEPENDENCIA JUDICIAL, NECESARIA PARA HACER EFECTIVAS LAS GARANT\u00cdAS INDIVIDUALES: MINISTRO JAVIER LAYNEZ POTISEK -\",\"isPartOf\":{\"@id\":\"https:\\\/\\\/quehacerpolitico.mx\\\/#website\"},\"primaryImageOfPage\":{\"@id\":\"https:\\\/\\\/quehacerpolitico.mx\\\/?p=109559#primaryimage\"},\"image\":{\"@id\":\"https:\\\/\\\/quehacerpolitico.mx\\\/?p=109559#primaryimage\"},\"thumbnailUrl\":\"https:\\\/\\\/quehacerpolitico.mx\\\/wp-content\\\/uploads\\\/2024\\\/04\\\/IMG_5158.jpeg\",\"datePublished\":\"2024-04-25T19:48:27+00:00\",\"dateModified\":\"2024-04-25T19:48:30+00:00\",\"author\":{\"@id\":\"https:\\\/\\\/quehacerpolitico.mx\\\/#\\\/schema\\\/person\\\/496d8ad2d1d3f8036101dca7ee39e585\"},\"breadcrumb\":{\"@id\":\"https:\\\/\\\/quehacerpolitico.mx\\\/?p=109559#breadcrumb\"},\"inLanguage\":\"es\",\"potentialAction\":[{\"@type\":\"ReadAction\",\"target\":[\"https:\\\/\\\/quehacerpolitico.mx\\\/?p=109559\"]}]},{\"@type\":\"ImageObject\",\"inLanguage\":\"es\",\"@id\":\"https:\\\/\\\/quehacerpolitico.mx\\\/?p=109559#primaryimage\",\"url\":\"https:\\\/\\\/quehacerpolitico.mx\\\/wp-content\\\/uploads\\\/2024\\\/04\\\/IMG_5158.jpeg\",\"contentUrl\":\"https:\\\/\\\/quehacerpolitico.mx\\\/wp-content\\\/uploads\\\/2024\\\/04\\\/IMG_5158.jpeg\",\"width\":706,\"height\":434},{\"@type\":\"BreadcrumbList\",\"@id\":\"https:\\\/\\\/quehacerpolitico.mx\\\/?p=109559#breadcrumb\",\"itemListElement\":[{\"@type\":\"ListItem\",\"position\":1,\"name\":\"Inicio\",\"item\":\"https:\\\/\\\/quehacerpolitico.mx\\\/\"},{\"@type\":\"ListItem\",\"position\":2,\"name\":\"LA INDEPENDENCIA JUDICIAL, NECESARIA PARA HACER EFECTIVAS LAS GARANT\u00cdAS INDIVIDUALES: MINISTRO JAVIER LAYNEZ POTISEK\"}]},{\"@type\":\"WebSite\",\"@id\":\"https:\\\/\\\/quehacerpolitico.mx\\\/#website\",\"url\":\"https:\\\/\\\/quehacerpolitico.mx\\\/\",\"name\":\"\",\"description\":\"\",\"potentialAction\":[{\"@type\":\"SearchAction\",\"target\":{\"@type\":\"EntryPoint\",\"urlTemplate\":\"https:\\\/\\\/quehacerpolitico.mx\\\/?s={search_term_string}\"},\"query-input\":{\"@type\":\"PropertyValueSpecification\",\"valueRequired\":true,\"valueName\":\"search_term_string\"}}],\"inLanguage\":\"es\"},{\"@type\":\"Person\",\"@id\":\"https:\\\/\\\/quehacerpolitico.mx\\\/#\\\/schema\\\/person\\\/496d8ad2d1d3f8036101dca7ee39e585\",\"name\":\"Redacci\u00f3n QP\",\"image\":{\"@type\":\"ImageObject\",\"inLanguage\":\"es\",\"@id\":\"https:\\\/\\\/secure.gravatar.com\\\/avatar\\\/c7164ed6fdec453195284ad24a5ae5b6e1eed2b848477fa2a4787ba9adf39a41?s=96&d=mm&r=g\",\"url\":\"https:\\\/\\\/secure.gravatar.com\\\/avatar\\\/c7164ed6fdec453195284ad24a5ae5b6e1eed2b848477fa2a4787ba9adf39a41?s=96&d=mm&r=g\",\"contentUrl\":\"https:\\\/\\\/secure.gravatar.com\\\/avatar\\\/c7164ed6fdec453195284ad24a5ae5b6e1eed2b848477fa2a4787ba9adf39a41?s=96&d=mm&r=g\",\"caption\":\"Redacci\u00f3n QP\"},\"url\":\"https:\\\/\\\/quehacerpolitico.mx\\\/?author=2\"}]}<\/script>\n<!-- \/ Yoast SEO plugin. -->","yoast_head_json":{"title":"LA INDEPENDENCIA JUDICIAL, NECESARIA PARA HACER EFECTIVAS LAS GARANT\u00cdAS INDIVIDUALES: MINISTRO JAVIER LAYNEZ POTISEK -","robots":{"index":"index","follow":"follow","max-snippet":"max-snippet:-1","max-image-preview":"max-image-preview:large","max-video-preview":"max-video-preview:-1"},"canonical":"https:\/\/quehacerpolitico.mx\/?p=109559","og_locale":"es_MX","og_type":"article","og_title":"LA INDEPENDENCIA JUDICIAL, NECESARIA PARA HACER EFECTIVAS LAS GARANT\u00cdAS INDIVIDUALES: MINISTRO JAVIER LAYNEZ POTISEK -","og_description":"Por Redacci\u00f3n QP La independencia judicial es necesaria para hacer efectivas las garant\u00edas individuales contra...","og_url":"https:\/\/quehacerpolitico.mx\/?p=109559","article_published_time":"2024-04-25T19:48:27+00:00","article_modified_time":"2024-04-25T19:48:30+00:00","og_image":[{"width":706,"height":434,"url":"https:\/\/quehacerpolitico.mx\/wp-content\/uploads\/2024\/04\/IMG_5158.jpeg","type":"image\/jpeg"}],"author":"Redacci\u00f3n QP","twitter_card":"summary_large_image","twitter_misc":{"Escrito por":"Redacci\u00f3n QP","Tiempo de lectura":"3 minutos"},"schema":{"@context":"https:\/\/schema.org","@graph":[{"@type":"Article","@id":"https:\/\/quehacerpolitico.mx\/?p=109559#article","isPartOf":{"@id":"https:\/\/quehacerpolitico.mx\/?p=109559"},"author":{"name":"Redacci\u00f3n QP","@id":"https:\/\/quehacerpolitico.mx\/#\/schema\/person\/496d8ad2d1d3f8036101dca7ee39e585"},"headline":"LA INDEPENDENCIA JUDICIAL, NECESARIA PARA HACER EFECTIVAS LAS GARANT\u00cdAS INDIVIDUALES: MINISTRO JAVIER LAYNEZ POTISEK","datePublished":"2024-04-25T19:48:27+00:00","dateModified":"2024-04-25T19:48:30+00:00","mainEntityOfPage":{"@id":"https:\/\/quehacerpolitico.mx\/?p=109559"},"wordCount":571,"commentCount":0,"image":{"@id":"https:\/\/quehacerpolitico.mx\/?p=109559#primaryimage"},"thumbnailUrl":"https:\/\/quehacerpolitico.mx\/wp-content\/uploads\/2024\/04\/IMG_5158.jpeg","articleSection":["Noticias"],"inLanguage":"es","potentialAction":[{"@type":"CommentAction","name":"Comment","target":["https:\/\/quehacerpolitico.mx\/?p=109559#respond"]}]},{"@type":"WebPage","@id":"https:\/\/quehacerpolitico.mx\/?p=109559","url":"https:\/\/quehacerpolitico.mx\/?p=109559","name":"LA INDEPENDENCIA JUDICIAL, NECESARIA PARA HACER EFECTIVAS LAS GARANT\u00cdAS INDIVIDUALES: MINISTRO JAVIER LAYNEZ POTISEK -","isPartOf":{"@id":"https:\/\/quehacerpolitico.mx\/#website"},"primaryImageOfPage":{"@id":"https:\/\/quehacerpolitico.mx\/?p=109559#primaryimage"},"image":{"@id":"https:\/\/quehacerpolitico.mx\/?p=109559#primaryimage"},"thumbnailUrl":"https:\/\/quehacerpolitico.mx\/wp-content\/uploads\/2024\/04\/IMG_5158.jpeg","datePublished":"2024-04-25T19:48:27+00:00","dateModified":"2024-04-25T19:48:30+00:00","author":{"@id":"https:\/\/quehacerpolitico.mx\/#\/schema\/person\/496d8ad2d1d3f8036101dca7ee39e585"},"breadcrumb":{"@id":"https:\/\/quehacerpolitico.mx\/?p=109559#breadcrumb"},"inLanguage":"es","potentialAction":[{"@type":"ReadAction","target":["https:\/\/quehacerpolitico.mx\/?p=109559"]}]},{"@type":"ImageObject","inLanguage":"es","@id":"https:\/\/quehacerpolitico.mx\/?p=109559#primaryimage","url":"https:\/\/quehacerpolitico.mx\/wp-content\/uploads\/2024\/04\/IMG_5158.jpeg","contentUrl":"https:\/\/quehacerpolitico.mx\/wp-content\/uploads\/2024\/04\/IMG_5158.jpeg","width":706,"height":434},{"@type":"BreadcrumbList","@id":"https:\/\/quehacerpolitico.mx\/?p=109559#breadcrumb","itemListElement":[{"@type":"ListItem","position":1,"name":"Inicio","item":"https:\/\/quehacerpolitico.mx\/"},{"@type":"ListItem","position":2,"name":"LA INDEPENDENCIA JUDICIAL, NECESARIA PARA HACER EFECTIVAS LAS GARANT\u00cdAS INDIVIDUALES: MINISTRO JAVIER LAYNEZ POTISEK"}]},{"@type":"WebSite","@id":"https:\/\/quehacerpolitico.mx\/#website","url":"https:\/\/quehacerpolitico.mx\/","name":"","description":"","potentialAction":[{"@type":"SearchAction","target":{"@type":"EntryPoint","urlTemplate":"https:\/\/quehacerpolitico.mx\/?s={search_term_string}"},"query-input":{"@type":"PropertyValueSpecification","valueRequired":true,"valueName":"search_term_string"}}],"inLanguage":"es"},{"@type":"Person","@id":"https:\/\/quehacerpolitico.mx\/#\/schema\/person\/496d8ad2d1d3f8036101dca7ee39e585","name":"Redacci\u00f3n QP","image":{"@type":"ImageObject","inLanguage":"es","@id":"https:\/\/secure.gravatar.com\/avatar\/c7164ed6fdec453195284ad24a5ae5b6e1eed2b848477fa2a4787ba9adf39a41?s=96&d=mm&r=g","url":"https:\/\/secure.gravatar.com\/avatar\/c7164ed6fdec453195284ad24a5ae5b6e1eed2b848477fa2a4787ba9adf39a41?s=96&d=mm&r=g","contentUrl":"https:\/\/secure.gravatar.com\/avatar\/c7164ed6fdec453195284ad24a5ae5b6e1eed2b848477fa2a4787ba9adf39a41?s=96&d=mm&r=g","caption":"Redacci\u00f3n QP"},"url":"https:\/\/quehacerpolitico.mx\/?author=2"}]}},"featured_image_urls":{"full":["https:\/\/quehacerpolitico.mx\/wp-content\/uploads\/2024\/04\/IMG_5158.jpeg",706,434,false],"thumbnail":["https:\/\/quehacerpolitico.mx\/wp-content\/uploads\/2024\/04\/IMG_5158-150x150.jpeg",150,150,true],"medium":["https:\/\/quehacerpolitico.mx\/wp-content\/uploads\/2024\/04\/IMG_5158-300x184.jpeg",300,184,true],"medium_large":["https:\/\/quehacerpolitico.mx\/wp-content\/uploads\/2024\/04\/IMG_5158.jpeg",640,393,false],"large":["https:\/\/quehacerpolitico.mx\/wp-content\/uploads\/2024\/04\/IMG_5158.jpeg",640,393,false],"1536x1536":["https:\/\/quehacerpolitico.mx\/wp-content\/uploads\/2024\/04\/IMG_5158.jpeg",706,434,false],"2048x2048":["https:\/\/quehacerpolitico.mx\/wp-content\/uploads\/2024\/04\/IMG_5158.jpeg",706,434,false],"covernews-featured":["https:\/\/quehacerpolitico.mx\/wp-content\/uploads\/2024\/04\/IMG_5158.jpeg",706,434,false],"covernews-medium":["https:\/\/quehacerpolitico.mx\/wp-content\/uploads\/2024\/04\/IMG_5158.jpeg",540,332,false]},"author_info":{"display_name":"Redacci\u00f3n QP","author_link":"https:\/\/quehacerpolitico.mx\/?author=2"},"category_info":"<a href=\"https:\/\/quehacerpolitico.mx\/?cat=2\" rel=\"category\">Noticias<\/a>","tag_info":"Noticias","comment_count":"0","_links":{"self":[{"href":"https:\/\/quehacerpolitico.mx\/index.php?rest_route=\/wp\/v2\/posts\/109559","targetHints":{"allow":["GET"]}}],"collection":[{"href":"https:\/\/quehacerpolitico.mx\/index.php?rest_route=\/wp\/v2\/posts"}],"about":[{"href":"https:\/\/quehacerpolitico.mx\/index.php?rest_route=\/wp\/v2\/types\/post"}],"author":[{"embeddable":true,"href":"https:\/\/quehacerpolitico.mx\/index.php?rest_route=\/wp\/v2\/users\/2"}],"replies":[{"embeddable":true,"href":"https:\/\/quehacerpolitico.mx\/index.php?rest_route=%2Fwp%2Fv2%2Fcomments&post=109559"}],"version-history":[{"count":1,"href":"https:\/\/quehacerpolitico.mx\/index.php?rest_route=\/wp\/v2\/posts\/109559\/revisions"}],"predecessor-version":[{"id":109561,"href":"https:\/\/quehacerpolitico.mx\/index.php?rest_route=\/wp\/v2\/posts\/109559\/revisions\/109561"}],"wp:featuredmedia":[{"embeddable":true,"href":"https:\/\/quehacerpolitico.mx\/index.php?rest_route=\/wp\/v2\/media\/109560"}],"wp:attachment":[{"href":"https:\/\/quehacerpolitico.mx\/index.php?rest_route=%2Fwp%2Fv2%2Fmedia&parent=109559"}],"wp:term":[{"taxonomy":"category","embeddable":true,"href":"https:\/\/quehacerpolitico.mx\/index.php?rest_route=%2Fwp%2Fv2%2Fcategories&post=109559"},{"taxonomy":"post_tag","embeddable":true,"href":"https:\/\/quehacerpolitico.mx\/index.php?rest_route=%2Fwp%2Fv2%2Ftags&post=109559"}],"curies":[{"name":"wp","href":"https:\/\/api.w.org\/{rel}","templated":true}]}}