{"id":109556,"date":"2024-04-25T19:32:50","date_gmt":"2024-04-25T19:32:50","guid":{"rendered":"https:\/\/quehacerpolitico.mx\/?p=109556"},"modified":"2024-04-25T19:32:53","modified_gmt":"2024-04-25T19:32:53","slug":"amlo-considero-como-alarmista-la-declaracion-de-un-alto-funcionario-de-la-fiscalia-general-de-la-republica-fgr-quien-admitio-que-mexico-es-camp","status":"publish","type":"post","link":"https:\/\/quehacerpolitico.mx\/?p=109556","title":{"rendered":"AMLO consider\u00f3 como\u00a0alarmista\u00a0la\u00a0declaraci\u00f3n\u00a0de un\u00a0alto funcionario\u00a0de la\u00a0Fiscal\u00eda General de la Rep\u00fablica\u00a0(FGR), quien admiti\u00f3 que M\u00e9xico \u201ces\u00a0campe\u00f3n\u201d en la producci\u00f3n de\u00a0fentanilo"},"content":{"rendered":"\n<p>Por Redacci\u00f3n QP<\/p>\n\n\n\n<p>L\u00f3pez Obrador pidi\u00f3 a la FGR precisar la declaraci\u00f3n de Felipe de Jes\u00fas Gallo Guti\u00e9rrez, titular de la AIC, sobre el fentanilo en M\u00e9xico<\/p>\n\n\n\n<p>El presidente\u00a0<strong>Andres Manuel L\u00f3pez Obrador<\/strong>\u00a0consider\u00f3 como\u00a0<strong>alarmista<\/strong>\u00a0la\u00a0<strong>declaraci\u00f3n<\/strong>\u00a0de un\u00a0<strong>alto funcionario<\/strong>\u00a0de la\u00a0<strong>Fiscal\u00eda General de la Rep\u00fablica<\/strong>\u00a0(<strong>FGR<\/strong>), quien admiti\u00f3 esta semana durante que M\u00e9xico \u201ces\u00a0<strong>campe\u00f3n<\/strong>\u201d en la producci\u00f3n de\u00a0<strong>fentanilo<\/strong>.<\/p>\n\n\n\n<p>En la conferencia matutina de Palacio Nacional, L\u00f3pez Obrador pidi\u00f3 a la FGR que precise la declaraci\u00f3n realizada por\u00a0Felipe de Jes\u00fas Gallo Guti\u00e9rrez, titular de la\u00a0<strong>Agencia de Investigaci\u00f3n Criminal<\/strong>, quien particip\u00f3 esta semana en la inauguraci\u00f3n de la Conferencia Internacional de Drogas Sint\u00e9ticas, en la Ciudad de M\u00e9xico.<\/p>\n\n\n\n<p>Hay que ver sobre eso, ellos tienen desde hace alg\u00fan tiempo una investigaci\u00f3n sobre precursores qu\u00edmicos, lo est\u00e1n haciendo de manera coordinada con\u00a0<strong>Marina<\/strong>\u00a0y otras instituciones, pero me gustar\u00eda que la Fiscal\u00eda precisara sobre este, porque es muy alarmista\u201d, dijo.<\/p>\n\n\n\n<figure class=\"wp-block-embed is-type-video is-provider-youtube wp-block-embed-youtube wp-embed-aspect-16-9 wp-has-aspect-ratio\"><div class=\"wp-block-embed__wrapper\">\n<iframe loading=\"lazy\" title=\"M\u00e9xico, \u00bfcampe\u00f3n en producci\u00f3n de fentanilo?\" width=\"640\" height=\"360\" src=\"https:\/\/www.youtube.com\/embed\/slvPwQQ0ORk?feature=oembed\" frameborder=\"0\" allow=\"accelerometer; autoplay; clipboard-write; encrypted-media; gyroscope; picture-in-picture; web-share\" referrerpolicy=\"strict-origin-when-cross-origin\" allowfullscreen><\/iframe>\n<\/div><\/figure>\n\n\n\n<p>\u201cS\u00ed hay un hecho, lo&nbsp;<strong>hemos planteado<\/strong>, aqu\u00ed estamos llevando a cabo todo un control del ingreso de precursores qu\u00edmicos y estamos destruyendo como nunca laboratorios de precursores qu\u00edmicos, pero de ah\u00ed a que M\u00e9xico sea el principal productor de fentanilo s\u00ed hay una gran diferencia, que eso es lo \u00fanico que quiero que precise la Fiscal\u00eda, eso es lo \u00fanico, para que ellos nos digan la realidad\u201d, recalc\u00f3.<\/p>\n\n\n\n<p>\u201cA lo mejor hoy o ma\u00f1ana la Fiscal\u00eda informa sobre esto, y en libertad, no tenemos nosotros ninguna preocupaci\u00f3n si es que eso que han informado es real, y no tenemos preocupaci\u00f3n porque todos los d\u00edas hemos estado trabajando. Hay que esperar, no puedo decir que fue una exageraci\u00f3n o que no sea cierto, vamos a esperar cu\u00e1les son sus fuentes, por qu\u00e9 llega a esa conclusi\u00f3n\u201d, agreg\u00f3.<\/p>\n\n\n\n<p>Seg\u00fan la agencia de noticias estadounidense&nbsp;<strong>AP<\/strong>, el titular de la&nbsp;<strong>Agencia de Investigaci\u00f3n Criminal<\/strong>&nbsp;(AIC) de la&nbsp;<a href=\"https:\/\/fgr.org.mx\/\" target=\"_blank\" rel=\"noreferrer noopener\">FGR<\/a>,&nbsp;<strong>Felipe de Jes\u00fas Gallo<\/strong>, apunt\u00f3 que \u201cM\u00e9xico ha sido campe\u00f3n en la producci\u00f3n de metanfetamina y ahora fentanilo, y ha sido el mayor proveedor de riqueza y poder para diferentes organizaciones criminales\u201d.<\/p>\n\n\n\n<p>\u201cHemos llegado a modelos de negocio tan innovadores o tan antiguos y arcaicos como el trueque, \u2018te cambio precursores por metanfetaminas para evitar el rastro del dinero\u201d, agreg\u00f3.<\/p>\n\n\n\n<p>Afirm\u00f3 que los c\u00e1rteles mexicanos han puesto en marcha la producci\u00f3n de metanfetamina a escala industrial en muchos estados del pa\u00eds y ahora exportan la droga a todo el mundo.<\/p>\n\n\n\n<p>\u201cCr\u00e9ame que la producci\u00f3n de metanfetamina ya se ha industrializado, que no s\u00f3lo se da en los montes, ya no solamente se da en la sierra, o en el desierto de Sonora\u201d, junto a la frontera estadounidense, o en las monta\u00f1as de Sinaloa, tambi\u00e9n se produce en Hidalgo, Puebla o en Jalisco.<\/p>\n","protected":false},"excerpt":{"rendered":"<p>Por Redacci\u00f3n QP L\u00f3pez Obrador pidi\u00f3 a la FGR precisar la declaraci\u00f3n de Felipe de&#8230;<\/p>\n","protected":false},"author":2,"featured_media":109557,"comment_status":"open","ping_status":"open","sticky":false,"template":"","format":"standard","meta":{"_monsterinsights_skip_tracking":false,"_monsterinsights_sitenote_active":false,"_monsterinsights_sitenote_note":"","_monsterinsights_sitenote_category":0,"footnotes":""},"categories":[2],"tags":[],"class_list":["post-109556","post","type-post","status-publish","format-standard","has-post-thumbnail","hentry","category-noticias"],"yoast_head":"<!-- This site is optimized with the Yoast SEO plugin v27.3 - https:\/\/yoast.com\/product\/yoast-seo-wordpress\/ -->\n<title>AMLO consider\u00f3 como\u00a0alarmista\u00a0la\u00a0declaraci\u00f3n\u00a0de un\u00a0alto funcionario\u00a0de la\u00a0Fiscal\u00eda General de la Rep\u00fablica\u00a0(FGR), quien admiti\u00f3 que M\u00e9xico \u201ces\u00a0campe\u00f3n\u201d en la producci\u00f3n de\u00a0fentanilo -<\/title>\n<meta name=\"robots\" content=\"index, follow, max-snippet:-1, max-image-preview:large, max-video-preview:-1\" \/>\n<link rel=\"canonical\" href=\"https:\/\/quehacerpolitico.mx\/?p=109556\" \/>\n<meta property=\"og:locale\" content=\"es_MX\" \/>\n<meta property=\"og:type\" content=\"article\" \/>\n<meta property=\"og:title\" content=\"AMLO consider\u00f3 como\u00a0alarmista\u00a0la\u00a0declaraci\u00f3n\u00a0de un\u00a0alto funcionario\u00a0de la\u00a0Fiscal\u00eda General de la Rep\u00fablica\u00a0(FGR), quien admiti\u00f3 que M\u00e9xico \u201ces\u00a0campe\u00f3n\u201d en la producci\u00f3n de\u00a0fentanilo -\" \/>\n<meta property=\"og:description\" content=\"Por Redacci\u00f3n QP L\u00f3pez Obrador pidi\u00f3 a la FGR precisar la declaraci\u00f3n de Felipe de...\" \/>\n<meta property=\"og:url\" content=\"https:\/\/quehacerpolitico.mx\/?p=109556\" \/>\n<meta property=\"article:published_time\" content=\"2024-04-25T19:32:50+00:00\" \/>\n<meta property=\"article:modified_time\" content=\"2024-04-25T19:32:53+00:00\" \/>\n<meta property=\"og:image\" content=\"https:\/\/quehacerpolitico.mx\/wp-content\/uploads\/2024\/04\/IMG_5157.jpeg\" \/>\n\t<meta property=\"og:image:width\" content=\"1284\" \/>\n\t<meta property=\"og:image:height\" content=\"689\" \/>\n\t<meta property=\"og:image:type\" content=\"image\/jpeg\" \/>\n<meta name=\"author\" content=\"Redacci\u00f3n QP\" \/>\n<meta name=\"twitter:card\" content=\"summary_large_image\" \/>\n<meta name=\"twitter:label1\" content=\"Escrito por\" \/>\n\t<meta name=\"twitter:data1\" content=\"Redacci\u00f3n QP\" \/>\n\t<meta name=\"twitter:label2\" content=\"Tiempo de lectura\" \/>\n\t<meta name=\"twitter:data2\" content=\"3 minutos\" \/>\n<script type=\"application\/ld+json\" class=\"yoast-schema-graph\">{\"@context\":\"https:\\\/\\\/schema.org\",\"@graph\":[{\"@type\":\"Article\",\"@id\":\"https:\\\/\\\/quehacerpolitico.mx\\\/?p=109556#article\",\"isPartOf\":{\"@id\":\"https:\\\/\\\/quehacerpolitico.mx\\\/?p=109556\"},\"author\":{\"name\":\"Redacci\u00f3n QP\",\"@id\":\"https:\\\/\\\/quehacerpolitico.mx\\\/#\\\/schema\\\/person\\\/496d8ad2d1d3f8036101dca7ee39e585\"},\"headline\":\"AMLO consider\u00f3 como\u00a0alarmista\u00a0la\u00a0declaraci\u00f3n\u00a0de un\u00a0alto funcionario\u00a0de la\u00a0Fiscal\u00eda General de la Rep\u00fablica\u00a0(FGR), quien admiti\u00f3 que M\u00e9xico \u201ces\u00a0campe\u00f3n\u201d en la producci\u00f3n de\u00a0fentanilo\",\"datePublished\":\"2024-04-25T19:32:50+00:00\",\"dateModified\":\"2024-04-25T19:32:53+00:00\",\"mainEntityOfPage\":{\"@id\":\"https:\\\/\\\/quehacerpolitico.mx\\\/?p=109556\"},\"wordCount\":555,\"commentCount\":0,\"image\":{\"@id\":\"https:\\\/\\\/quehacerpolitico.mx\\\/?p=109556#primaryimage\"},\"thumbnailUrl\":\"https:\\\/\\\/quehacerpolitico.mx\\\/wp-content\\\/uploads\\\/2024\\\/04\\\/IMG_5157.jpeg\",\"articleSection\":[\"Noticias\"],\"inLanguage\":\"es\",\"potentialAction\":[{\"@type\":\"CommentAction\",\"name\":\"Comment\",\"target\":[\"https:\\\/\\\/quehacerpolitico.mx\\\/?p=109556#respond\"]}]},{\"@type\":\"WebPage\",\"@id\":\"https:\\\/\\\/quehacerpolitico.mx\\\/?p=109556\",\"url\":\"https:\\\/\\\/quehacerpolitico.mx\\\/?p=109556\",\"name\":\"AMLO consider\u00f3 como\u00a0alarmista\u00a0la\u00a0declaraci\u00f3n\u00a0de un\u00a0alto funcionario\u00a0de la\u00a0Fiscal\u00eda General de la Rep\u00fablica\u00a0(FGR), quien admiti\u00f3 que M\u00e9xico \u201ces\u00a0campe\u00f3n\u201d en la producci\u00f3n de\u00a0fentanilo -\",\"isPartOf\":{\"@id\":\"https:\\\/\\\/quehacerpolitico.mx\\\/#website\"},\"primaryImageOfPage\":{\"@id\":\"https:\\\/\\\/quehacerpolitico.mx\\\/?p=109556#primaryimage\"},\"image\":{\"@id\":\"https:\\\/\\\/quehacerpolitico.mx\\\/?p=109556#primaryimage\"},\"thumbnailUrl\":\"https:\\\/\\\/quehacerpolitico.mx\\\/wp-content\\\/uploads\\\/2024\\\/04\\\/IMG_5157.jpeg\",\"datePublished\":\"2024-04-25T19:32:50+00:00\",\"dateModified\":\"2024-04-25T19:32:53+00:00\",\"author\":{\"@id\":\"https:\\\/\\\/quehacerpolitico.mx\\\/#\\\/schema\\\/person\\\/496d8ad2d1d3f8036101dca7ee39e585\"},\"breadcrumb\":{\"@id\":\"https:\\\/\\\/quehacerpolitico.mx\\\/?p=109556#breadcrumb\"},\"inLanguage\":\"es\",\"potentialAction\":[{\"@type\":\"ReadAction\",\"target\":[\"https:\\\/\\\/quehacerpolitico.mx\\\/?p=109556\"]}]},{\"@type\":\"ImageObject\",\"inLanguage\":\"es\",\"@id\":\"https:\\\/\\\/quehacerpolitico.mx\\\/?p=109556#primaryimage\",\"url\":\"https:\\\/\\\/quehacerpolitico.mx\\\/wp-content\\\/uploads\\\/2024\\\/04\\\/IMG_5157.jpeg\",\"contentUrl\":\"https:\\\/\\\/quehacerpolitico.mx\\\/wp-content\\\/uploads\\\/2024\\\/04\\\/IMG_5157.jpeg\",\"width\":1284,\"height\":689,\"caption\":\"Screenshot\"},{\"@type\":\"BreadcrumbList\",\"@id\":\"https:\\\/\\\/quehacerpolitico.mx\\\/?p=109556#breadcrumb\",\"itemListElement\":[{\"@type\":\"ListItem\",\"position\":1,\"name\":\"Inicio\",\"item\":\"https:\\\/\\\/quehacerpolitico.mx\\\/\"},{\"@type\":\"ListItem\",\"position\":2,\"name\":\"AMLO consider\u00f3 como\u00a0alarmista\u00a0la\u00a0declaraci\u00f3n\u00a0de un\u00a0alto funcionario\u00a0de la\u00a0Fiscal\u00eda General de la Rep\u00fablica\u00a0(FGR), quien admiti\u00f3 que M\u00e9xico \u201ces\u00a0campe\u00f3n\u201d en la producci\u00f3n de\u00a0fentanilo\"}]},{\"@type\":\"WebSite\",\"@id\":\"https:\\\/\\\/quehacerpolitico.mx\\\/#website\",\"url\":\"https:\\\/\\\/quehacerpolitico.mx\\\/\",\"name\":\"\",\"description\":\"\",\"potentialAction\":[{\"@type\":\"SearchAction\",\"target\":{\"@type\":\"EntryPoint\",\"urlTemplate\":\"https:\\\/\\\/quehacerpolitico.mx\\\/?s={search_term_string}\"},\"query-input\":{\"@type\":\"PropertyValueSpecification\",\"valueRequired\":true,\"valueName\":\"search_term_string\"}}],\"inLanguage\":\"es\"},{\"@type\":\"Person\",\"@id\":\"https:\\\/\\\/quehacerpolitico.mx\\\/#\\\/schema\\\/person\\\/496d8ad2d1d3f8036101dca7ee39e585\",\"name\":\"Redacci\u00f3n QP\",\"image\":{\"@type\":\"ImageObject\",\"inLanguage\":\"es\",\"@id\":\"https:\\\/\\\/secure.gravatar.com\\\/avatar\\\/c7164ed6fdec453195284ad24a5ae5b6e1eed2b848477fa2a4787ba9adf39a41?s=96&d=mm&r=g\",\"url\":\"https:\\\/\\\/secure.gravatar.com\\\/avatar\\\/c7164ed6fdec453195284ad24a5ae5b6e1eed2b848477fa2a4787ba9adf39a41?s=96&d=mm&r=g\",\"contentUrl\":\"https:\\\/\\\/secure.gravatar.com\\\/avatar\\\/c7164ed6fdec453195284ad24a5ae5b6e1eed2b848477fa2a4787ba9adf39a41?s=96&d=mm&r=g\",\"caption\":\"Redacci\u00f3n QP\"},\"url\":\"https:\\\/\\\/quehacerpolitico.mx\\\/?author=2\"}]}<\/script>\n<!-- \/ Yoast SEO plugin. -->","yoast_head_json":{"title":"AMLO consider\u00f3 como\u00a0alarmista\u00a0la\u00a0declaraci\u00f3n\u00a0de un\u00a0alto funcionario\u00a0de la\u00a0Fiscal\u00eda General de la Rep\u00fablica\u00a0(FGR), quien admiti\u00f3 que M\u00e9xico \u201ces\u00a0campe\u00f3n\u201d en la producci\u00f3n de\u00a0fentanilo -","robots":{"index":"index","follow":"follow","max-snippet":"max-snippet:-1","max-image-preview":"max-image-preview:large","max-video-preview":"max-video-preview:-1"},"canonical":"https:\/\/quehacerpolitico.mx\/?p=109556","og_locale":"es_MX","og_type":"article","og_title":"AMLO consider\u00f3 como\u00a0alarmista\u00a0la\u00a0declaraci\u00f3n\u00a0de un\u00a0alto funcionario\u00a0de la\u00a0Fiscal\u00eda General de la Rep\u00fablica\u00a0(FGR), quien admiti\u00f3 que M\u00e9xico \u201ces\u00a0campe\u00f3n\u201d en la producci\u00f3n de\u00a0fentanilo -","og_description":"Por Redacci\u00f3n QP L\u00f3pez Obrador pidi\u00f3 a la FGR precisar la declaraci\u00f3n de Felipe de...","og_url":"https:\/\/quehacerpolitico.mx\/?p=109556","article_published_time":"2024-04-25T19:32:50+00:00","article_modified_time":"2024-04-25T19:32:53+00:00","og_image":[{"width":1284,"height":689,"url":"https:\/\/quehacerpolitico.mx\/wp-content\/uploads\/2024\/04\/IMG_5157.jpeg","type":"image\/jpeg"}],"author":"Redacci\u00f3n QP","twitter_card":"summary_large_image","twitter_misc":{"Escrito por":"Redacci\u00f3n QP","Tiempo de lectura":"3 minutos"},"schema":{"@context":"https:\/\/schema.org","@graph":[{"@type":"Article","@id":"https:\/\/quehacerpolitico.mx\/?p=109556#article","isPartOf":{"@id":"https:\/\/quehacerpolitico.mx\/?p=109556"},"author":{"name":"Redacci\u00f3n QP","@id":"https:\/\/quehacerpolitico.mx\/#\/schema\/person\/496d8ad2d1d3f8036101dca7ee39e585"},"headline":"AMLO consider\u00f3 como\u00a0alarmista\u00a0la\u00a0declaraci\u00f3n\u00a0de un\u00a0alto funcionario\u00a0de la\u00a0Fiscal\u00eda General de la Rep\u00fablica\u00a0(FGR), quien admiti\u00f3 que M\u00e9xico \u201ces\u00a0campe\u00f3n\u201d en la producci\u00f3n de\u00a0fentanilo","datePublished":"2024-04-25T19:32:50+00:00","dateModified":"2024-04-25T19:32:53+00:00","mainEntityOfPage":{"@id":"https:\/\/quehacerpolitico.mx\/?p=109556"},"wordCount":555,"commentCount":0,"image":{"@id":"https:\/\/quehacerpolitico.mx\/?p=109556#primaryimage"},"thumbnailUrl":"https:\/\/quehacerpolitico.mx\/wp-content\/uploads\/2024\/04\/IMG_5157.jpeg","articleSection":["Noticias"],"inLanguage":"es","potentialAction":[{"@type":"CommentAction","name":"Comment","target":["https:\/\/quehacerpolitico.mx\/?p=109556#respond"]}]},{"@type":"WebPage","@id":"https:\/\/quehacerpolitico.mx\/?p=109556","url":"https:\/\/quehacerpolitico.mx\/?p=109556","name":"AMLO consider\u00f3 como\u00a0alarmista\u00a0la\u00a0declaraci\u00f3n\u00a0de un\u00a0alto funcionario\u00a0de la\u00a0Fiscal\u00eda General de la Rep\u00fablica\u00a0(FGR), quien admiti\u00f3 que M\u00e9xico \u201ces\u00a0campe\u00f3n\u201d en la producci\u00f3n de\u00a0fentanilo -","isPartOf":{"@id":"https:\/\/quehacerpolitico.mx\/#website"},"primaryImageOfPage":{"@id":"https:\/\/quehacerpolitico.mx\/?p=109556#primaryimage"},"image":{"@id":"https:\/\/quehacerpolitico.mx\/?p=109556#primaryimage"},"thumbnailUrl":"https:\/\/quehacerpolitico.mx\/wp-content\/uploads\/2024\/04\/IMG_5157.jpeg","datePublished":"2024-04-25T19:32:50+00:00","dateModified":"2024-04-25T19:32:53+00:00","author":{"@id":"https:\/\/quehacerpolitico.mx\/#\/schema\/person\/496d8ad2d1d3f8036101dca7ee39e585"},"breadcrumb":{"@id":"https:\/\/quehacerpolitico.mx\/?p=109556#breadcrumb"},"inLanguage":"es","potentialAction":[{"@type":"ReadAction","target":["https:\/\/quehacerpolitico.mx\/?p=109556"]}]},{"@type":"ImageObject","inLanguage":"es","@id":"https:\/\/quehacerpolitico.mx\/?p=109556#primaryimage","url":"https:\/\/quehacerpolitico.mx\/wp-content\/uploads\/2024\/04\/IMG_5157.jpeg","contentUrl":"https:\/\/quehacerpolitico.mx\/wp-content\/uploads\/2024\/04\/IMG_5157.jpeg","width":1284,"height":689,"caption":"Screenshot"},{"@type":"BreadcrumbList","@id":"https:\/\/quehacerpolitico.mx\/?p=109556#breadcrumb","itemListElement":[{"@type":"ListItem","position":1,"name":"Inicio","item":"https:\/\/quehacerpolitico.mx\/"},{"@type":"ListItem","position":2,"name":"AMLO consider\u00f3 como\u00a0alarmista\u00a0la\u00a0declaraci\u00f3n\u00a0de un\u00a0alto funcionario\u00a0de la\u00a0Fiscal\u00eda General de la Rep\u00fablica\u00a0(FGR), quien admiti\u00f3 que M\u00e9xico \u201ces\u00a0campe\u00f3n\u201d en la producci\u00f3n de\u00a0fentanilo"}]},{"@type":"WebSite","@id":"https:\/\/quehacerpolitico.mx\/#website","url":"https:\/\/quehacerpolitico.mx\/","name":"","description":"","potentialAction":[{"@type":"SearchAction","target":{"@type":"EntryPoint","urlTemplate":"https:\/\/quehacerpolitico.mx\/?s={search_term_string}"},"query-input":{"@type":"PropertyValueSpecification","valueRequired":true,"valueName":"search_term_string"}}],"inLanguage":"es"},{"@type":"Person","@id":"https:\/\/quehacerpolitico.mx\/#\/schema\/person\/496d8ad2d1d3f8036101dca7ee39e585","name":"Redacci\u00f3n QP","image":{"@type":"ImageObject","inLanguage":"es","@id":"https:\/\/secure.gravatar.com\/avatar\/c7164ed6fdec453195284ad24a5ae5b6e1eed2b848477fa2a4787ba9adf39a41?s=96&d=mm&r=g","url":"https:\/\/secure.gravatar.com\/avatar\/c7164ed6fdec453195284ad24a5ae5b6e1eed2b848477fa2a4787ba9adf39a41?s=96&d=mm&r=g","contentUrl":"https:\/\/secure.gravatar.com\/avatar\/c7164ed6fdec453195284ad24a5ae5b6e1eed2b848477fa2a4787ba9adf39a41?s=96&d=mm&r=g","caption":"Redacci\u00f3n QP"},"url":"https:\/\/quehacerpolitico.mx\/?author=2"}]}},"featured_image_urls":{"full":["https:\/\/quehacerpolitico.mx\/wp-content\/uploads\/2024\/04\/IMG_5157.jpeg",1284,689,false],"thumbnail":["https:\/\/quehacerpolitico.mx\/wp-content\/uploads\/2024\/04\/IMG_5157-150x150.jpeg",150,150,true],"medium":["https:\/\/quehacerpolitico.mx\/wp-content\/uploads\/2024\/04\/IMG_5157-300x161.jpeg",300,161,true],"medium_large":["https:\/\/quehacerpolitico.mx\/wp-content\/uploads\/2024\/04\/IMG_5157-768x412.jpeg",640,343,true],"large":["https:\/\/quehacerpolitico.mx\/wp-content\/uploads\/2024\/04\/IMG_5157-1024x549.jpeg",640,343,true],"1536x1536":["https:\/\/quehacerpolitico.mx\/wp-content\/uploads\/2024\/04\/IMG_5157.jpeg",1284,689,false],"2048x2048":["https:\/\/quehacerpolitico.mx\/wp-content\/uploads\/2024\/04\/IMG_5157.jpeg",1284,689,false],"covernews-featured":["https:\/\/quehacerpolitico.mx\/wp-content\/uploads\/2024\/04\/IMG_5157.jpeg",1024,549,false],"covernews-medium":["https:\/\/quehacerpolitico.mx\/wp-content\/uploads\/2024\/04\/IMG_5157.jpeg",540,290,false]},"author_info":{"display_name":"Redacci\u00f3n QP","author_link":"https:\/\/quehacerpolitico.mx\/?author=2"},"category_info":"<a href=\"https:\/\/quehacerpolitico.mx\/?cat=2\" rel=\"category\">Noticias<\/a>","tag_info":"Noticias","comment_count":"0","_links":{"self":[{"href":"https:\/\/quehacerpolitico.mx\/index.php?rest_route=\/wp\/v2\/posts\/109556","targetHints":{"allow":["GET"]}}],"collection":[{"href":"https:\/\/quehacerpolitico.mx\/index.php?rest_route=\/wp\/v2\/posts"}],"about":[{"href":"https:\/\/quehacerpolitico.mx\/index.php?rest_route=\/wp\/v2\/types\/post"}],"author":[{"embeddable":true,"href":"https:\/\/quehacerpolitico.mx\/index.php?rest_route=\/wp\/v2\/users\/2"}],"replies":[{"embeddable":true,"href":"https:\/\/quehacerpolitico.mx\/index.php?rest_route=%2Fwp%2Fv2%2Fcomments&post=109556"}],"version-history":[{"count":1,"href":"https:\/\/quehacerpolitico.mx\/index.php?rest_route=\/wp\/v2\/posts\/109556\/revisions"}],"predecessor-version":[{"id":109558,"href":"https:\/\/quehacerpolitico.mx\/index.php?rest_route=\/wp\/v2\/posts\/109556\/revisions\/109558"}],"wp:featuredmedia":[{"embeddable":true,"href":"https:\/\/quehacerpolitico.mx\/index.php?rest_route=\/wp\/v2\/media\/109557"}],"wp:attachment":[{"href":"https:\/\/quehacerpolitico.mx\/index.php?rest_route=%2Fwp%2Fv2%2Fmedia&parent=109556"}],"wp:term":[{"taxonomy":"category","embeddable":true,"href":"https:\/\/quehacerpolitico.mx\/index.php?rest_route=%2Fwp%2Fv2%2Fcategories&post=109556"},{"taxonomy":"post_tag","embeddable":true,"href":"https:\/\/quehacerpolitico.mx\/index.php?rest_route=%2Fwp%2Fv2%2Ftags&post=109556"}],"curies":[{"name":"wp","href":"https:\/\/api.w.org\/{rel}","templated":true}]}}