{"id":109553,"date":"2024-04-25T19:10:58","date_gmt":"2024-04-25T19:10:58","guid":{"rendered":"https:\/\/quehacerpolitico.mx\/?p=109553"},"modified":"2024-04-25T19:11:01","modified_gmt":"2024-04-25T19:11:01","slug":"lopez-obrador-cuestiona-la-represion-de-eu-contra-manifestantes","status":"publish","type":"post","link":"https:\/\/quehacerpolitico.mx\/?p=109553","title":{"rendered":"L\u00f3pez Obrador cuestiona la represi\u00f3n de EU contra manifestantes"},"content":{"rendered":"\n<p>Por Redacci\u00f3n QP<\/p>\n\n\n\n<p>El Presidente de M\u00e9xico, Andr\u00e9s Manuel L\u00f3pez Obrador, cuestion\u00f3 los sometimientos de las autoridades estadounidenses hacia estudiantes que se manifestan a favor de Palestina<\/p>\n\n\n\n<p>Andr\u00e9s Manuel L\u00f3pez Obrador, Presidente de M\u00e9xico, objet\u00f3 este jueves<strong>&nbsp;los sometimientos hacia estudiantes que se manifiestan a favor de Palestina en diversas universidades de Estados Unidos.<\/strong><\/p>\n\n\n\n<p><em>&#8220;Se fijan mucho en lo que hacen otros pa\u00edses y es lo b\u00edblico: ven la paja en el ojo ajeno y no la viga en el propio. Nada m\u00e1s vean ayer (las manifestaciones), nosotros no nos metemos, pero vean ayer, ellos que son los jueces para calificar sobre derechos humanos&#8221;,<\/em>\u00a0expres\u00f3 L\u00f3pez Obrador durante su conferencia de prensa matutina.<\/p>\n\n\n\n<p>El mandatario expuso un video de los acontecimientos que tuvieron lugar el d\u00eda de ayer en el estado de Texas, en el que\u00a0<mark>se observan a polic\u00edas estatales a caballo y con indumentaria antimotines irrumpiendo en una manifestaci\u00f3n pac\u00edfica en contra de la guerra en la Franja de Gaza, adem\u00e1s de detener a estudiantes que protestaban a favor de Palestina.<\/mark><\/p>\n\n\n\n<p>Seg\u00fan las autoridades de Estados Unidos, las manifestaciones se han extendido hasta ahora por\u00a0<strong>Austin (Texas) y Nuevo M\u00e9xico<\/strong>, adem\u00e1s de las que tuvieron lugar en\u00a0<strong>Berkeley (California), Yale (Connecticut), Michigan, Minnesota, Chicago, Los \u00c1ngeles y Washington<\/strong>\u00a0durante d\u00edas pasados.<\/p>\n\n\n\n<figure class=\"wp-block-image\" id=\"cnt_img_9845\"><img decoding=\"async\" src=\"https:\/\/www.informador.mx\/__export\/1714060445114\/sites\/elinformador\/img\/2024\/04\/25\/people-2591693_1280_version1714060425222.jpg_69363498.jpg\" alt=\"ESPECIAL\/Foto de StockSnap en Pixabay\" title=\"ESPECIAL\/Foto de StockSnap en Pixabay\"\/><figcaption class=\"wp-element-caption\">ESPECIAL\/Foto de StockSnap en Pixabay&nbsp;<\/figcaption><\/figure>\n\n\n\n<h4 class=\"wp-block-heading\">La clase pol\u00edtica estadounidense se ha posicionado en su mayor\u00eda contra las protestas<\/h4>\n\n\n\n<p>L\u00f3pez Obrador<strong>\u00a0denunci\u00f3 hipocres\u00eda despu\u00e9s del informe anual sobre derechos humanos del Departamento de Estados Unidos, que advirti\u00f3 de la violencia y la impunidad en M\u00e9xico.<\/strong><\/p>\n\n\n\n<p>Critic\u00f3 a Estados Unidos por ser\u00a0<em>&#8220;jueces mundiales&#8221;<\/em>en defensa de derechos humanos,\u00a0<mark>a la par de que ocurren este tipo de represiones en las protestas<\/mark>, adem\u00e1s de<em>\u00a0&#8220;otras cosas peores&#8221;.<\/em><\/p>\n\n\n\n<figure class=\"wp-block-embed is-type-rich is-provider-twitter wp-block-embed-twitter\"><div class=\"wp-block-embed__wrapper\">\n<blockquote class=\"twitter-tweet\" data-width=\"550\" data-dnt=\"true\"><p lang=\"es\" dir=\"ltr\">AMLO (<a href=\"https:\/\/twitter.com\/lopezobrador_?ref_src=twsrc%5Etfw\">@lopezobrador_<\/a>) vuelve a criticar que Estados Unidos mande dinero para financiar guerrar y no para enfrentar la crisis migratoria en Am\u00e9rica Latina. <a href=\"https:\/\/t.co\/B4DfeIcb1n\">pic.twitter.com\/B4DfeIcb1n<\/a><\/p>&mdash; Ruido en la Red (@RuidoEnLaRed) <a href=\"https:\/\/twitter.com\/RuidoEnLaRed\/status\/1783506153323810987?ref_src=twsrc%5Etfw\">April 25, 2024<\/a><\/blockquote><script async src=\"https:\/\/platform.twitter.com\/widgets.js\" charset=\"utf-8\"><\/script>\n<\/div><\/figure>\n\n\n\n<p><em>&#8220;\u00bfC\u00f3mo van a estar ellos de jueces mundiales sobre defensa de derechos humanos si son los que venden m\u00e1s armas en el mundo? \u00bfY son armas de juguete? \u00a1No! Son armas de destrucci\u00f3n que llevan a la p\u00e9rdida de vidas humanas, de gente inocente&#8221;<\/em>, acus\u00f3.<\/p>\n\n\n\n<p><mark>Su declaraci\u00f3n ocurre apenas un d\u00eda despu\u00e9s que el presidente estadounidense, Joe Biden, promulg\u00f3 una ley valorada en 95.300 millones<\/mark>&nbsp;de d\u00f3lares que incluye&nbsp;<strong>60.800 millones de d\u00f3lares para Ucrania<\/strong>, ayuda militar por&nbsp;<strong>26.400 millones de d\u00f3lares para Israel<\/strong>&nbsp;y&nbsp;<strong>8.100 millones para los aliados de Washington en Asia, como Taiw\u00e1n.<\/strong><\/p>\n\n\n\n<p>En ese sentido, afirm\u00f3 que se necesita ser<em>&#8220;caradura&#8221;<\/em>&nbsp;para que despu\u00e9s de aprobar la pol\u00edtica del manejo de armas quieran actuar como&nbsp;<em>&#8220;jueces&#8221;<\/em>en materia de derechos humanos.<\/p>\n\n\n\n<p><em>&#8220;Eso es grav\u00edsimo&#8221;,<\/em>&nbsp;insisti\u00f3.<\/p>\n\n\n\n<p>No obstante, se\u00f1al\u00f3 que\u00a0<strong>lo mejor es respetar la soberan\u00eda de los pueblos y no meterse en ese tipo de temas.<\/strong><\/p>\n\n\n\n<p>Con informaci\u00f3n de EFE<\/p>\n","protected":false},"excerpt":{"rendered":"<p>Por Redacci\u00f3n QP El Presidente de M\u00e9xico, Andr\u00e9s Manuel L\u00f3pez Obrador, cuestion\u00f3 los sometimientos de&#8230;<\/p>\n","protected":false},"author":2,"featured_media":109554,"comment_status":"open","ping_status":"open","sticky":false,"template":"","format":"standard","meta":{"_monsterinsights_skip_tracking":false,"_monsterinsights_sitenote_active":false,"_monsterinsights_sitenote_note":"","_monsterinsights_sitenote_category":0,"footnotes":""},"categories":[2],"tags":[],"class_list":["post-109553","post","type-post","status-publish","format-standard","has-post-thumbnail","hentry","category-noticias"],"yoast_head":"<!-- This site is optimized with the Yoast SEO plugin v27.3 - https:\/\/yoast.com\/product\/yoast-seo-wordpress\/ -->\n<title>L\u00f3pez Obrador cuestiona la represi\u00f3n de EU contra manifestantes -<\/title>\n<meta name=\"robots\" content=\"index, follow, max-snippet:-1, max-image-preview:large, max-video-preview:-1\" \/>\n<link rel=\"canonical\" href=\"https:\/\/quehacerpolitico.mx\/?p=109553\" \/>\n<meta property=\"og:locale\" content=\"es_MX\" \/>\n<meta property=\"og:type\" content=\"article\" \/>\n<meta property=\"og:title\" content=\"L\u00f3pez Obrador cuestiona la represi\u00f3n de EU contra manifestantes -\" \/>\n<meta property=\"og:description\" content=\"Por Redacci\u00f3n QP El Presidente de M\u00e9xico, Andr\u00e9s Manuel L\u00f3pez Obrador, cuestion\u00f3 los sometimientos de...\" \/>\n<meta property=\"og:url\" content=\"https:\/\/quehacerpolitico.mx\/?p=109553\" \/>\n<meta property=\"article:published_time\" content=\"2024-04-25T19:10:58+00:00\" \/>\n<meta property=\"article:modified_time\" content=\"2024-04-25T19:11:01+00:00\" \/>\n<meta property=\"og:image\" content=\"https:\/\/quehacerpolitico.mx\/wp-content\/uploads\/2024\/04\/IMG_5156.jpeg\" \/>\n\t<meta property=\"og:image:width\" content=\"1284\" \/>\n\t<meta property=\"og:image:height\" content=\"707\" \/>\n\t<meta property=\"og:image:type\" content=\"image\/jpeg\" \/>\n<meta name=\"author\" content=\"Redacci\u00f3n QP\" \/>\n<meta name=\"twitter:card\" content=\"summary_large_image\" \/>\n<meta name=\"twitter:label1\" content=\"Escrito por\" \/>\n\t<meta name=\"twitter:data1\" content=\"Redacci\u00f3n QP\" \/>\n\t<meta name=\"twitter:label2\" content=\"Tiempo de lectura\" \/>\n\t<meta name=\"twitter:data2\" content=\"3 minutos\" \/>\n<script type=\"application\/ld+json\" class=\"yoast-schema-graph\">{\"@context\":\"https:\\\/\\\/schema.org\",\"@graph\":[{\"@type\":\"Article\",\"@id\":\"https:\\\/\\\/quehacerpolitico.mx\\\/?p=109553#article\",\"isPartOf\":{\"@id\":\"https:\\\/\\\/quehacerpolitico.mx\\\/?p=109553\"},\"author\":{\"name\":\"Redacci\u00f3n QP\",\"@id\":\"https:\\\/\\\/quehacerpolitico.mx\\\/#\\\/schema\\\/person\\\/496d8ad2d1d3f8036101dca7ee39e585\"},\"headline\":\"L\u00f3pez Obrador cuestiona la represi\u00f3n de EU contra manifestantes\",\"datePublished\":\"2024-04-25T19:10:58+00:00\",\"dateModified\":\"2024-04-25T19:11:01+00:00\",\"mainEntityOfPage\":{\"@id\":\"https:\\\/\\\/quehacerpolitico.mx\\\/?p=109553\"},\"wordCount\":515,\"commentCount\":0,\"image\":{\"@id\":\"https:\\\/\\\/quehacerpolitico.mx\\\/?p=109553#primaryimage\"},\"thumbnailUrl\":\"https:\\\/\\\/quehacerpolitico.mx\\\/wp-content\\\/uploads\\\/2024\\\/04\\\/IMG_5156.jpeg\",\"articleSection\":[\"Noticias\"],\"inLanguage\":\"es\",\"potentialAction\":[{\"@type\":\"CommentAction\",\"name\":\"Comment\",\"target\":[\"https:\\\/\\\/quehacerpolitico.mx\\\/?p=109553#respond\"]}]},{\"@type\":\"WebPage\",\"@id\":\"https:\\\/\\\/quehacerpolitico.mx\\\/?p=109553\",\"url\":\"https:\\\/\\\/quehacerpolitico.mx\\\/?p=109553\",\"name\":\"L\u00f3pez Obrador cuestiona la represi\u00f3n de EU contra manifestantes -\",\"isPartOf\":{\"@id\":\"https:\\\/\\\/quehacerpolitico.mx\\\/#website\"},\"primaryImageOfPage\":{\"@id\":\"https:\\\/\\\/quehacerpolitico.mx\\\/?p=109553#primaryimage\"},\"image\":{\"@id\":\"https:\\\/\\\/quehacerpolitico.mx\\\/?p=109553#primaryimage\"},\"thumbnailUrl\":\"https:\\\/\\\/quehacerpolitico.mx\\\/wp-content\\\/uploads\\\/2024\\\/04\\\/IMG_5156.jpeg\",\"datePublished\":\"2024-04-25T19:10:58+00:00\",\"dateModified\":\"2024-04-25T19:11:01+00:00\",\"author\":{\"@id\":\"https:\\\/\\\/quehacerpolitico.mx\\\/#\\\/schema\\\/person\\\/496d8ad2d1d3f8036101dca7ee39e585\"},\"breadcrumb\":{\"@id\":\"https:\\\/\\\/quehacerpolitico.mx\\\/?p=109553#breadcrumb\"},\"inLanguage\":\"es\",\"potentialAction\":[{\"@type\":\"ReadAction\",\"target\":[\"https:\\\/\\\/quehacerpolitico.mx\\\/?p=109553\"]}]},{\"@type\":\"ImageObject\",\"inLanguage\":\"es\",\"@id\":\"https:\\\/\\\/quehacerpolitico.mx\\\/?p=109553#primaryimage\",\"url\":\"https:\\\/\\\/quehacerpolitico.mx\\\/wp-content\\\/uploads\\\/2024\\\/04\\\/IMG_5156.jpeg\",\"contentUrl\":\"https:\\\/\\\/quehacerpolitico.mx\\\/wp-content\\\/uploads\\\/2024\\\/04\\\/IMG_5156.jpeg\",\"width\":1284,\"height\":707,\"caption\":\"Screenshot\"},{\"@type\":\"BreadcrumbList\",\"@id\":\"https:\\\/\\\/quehacerpolitico.mx\\\/?p=109553#breadcrumb\",\"itemListElement\":[{\"@type\":\"ListItem\",\"position\":1,\"name\":\"Inicio\",\"item\":\"https:\\\/\\\/quehacerpolitico.mx\\\/\"},{\"@type\":\"ListItem\",\"position\":2,\"name\":\"L\u00f3pez Obrador cuestiona la represi\u00f3n de EU contra manifestantes\"}]},{\"@type\":\"WebSite\",\"@id\":\"https:\\\/\\\/quehacerpolitico.mx\\\/#website\",\"url\":\"https:\\\/\\\/quehacerpolitico.mx\\\/\",\"name\":\"\",\"description\":\"\",\"potentialAction\":[{\"@type\":\"SearchAction\",\"target\":{\"@type\":\"EntryPoint\",\"urlTemplate\":\"https:\\\/\\\/quehacerpolitico.mx\\\/?s={search_term_string}\"},\"query-input\":{\"@type\":\"PropertyValueSpecification\",\"valueRequired\":true,\"valueName\":\"search_term_string\"}}],\"inLanguage\":\"es\"},{\"@type\":\"Person\",\"@id\":\"https:\\\/\\\/quehacerpolitico.mx\\\/#\\\/schema\\\/person\\\/496d8ad2d1d3f8036101dca7ee39e585\",\"name\":\"Redacci\u00f3n QP\",\"image\":{\"@type\":\"ImageObject\",\"inLanguage\":\"es\",\"@id\":\"https:\\\/\\\/secure.gravatar.com\\\/avatar\\\/c7164ed6fdec453195284ad24a5ae5b6e1eed2b848477fa2a4787ba9adf39a41?s=96&d=mm&r=g\",\"url\":\"https:\\\/\\\/secure.gravatar.com\\\/avatar\\\/c7164ed6fdec453195284ad24a5ae5b6e1eed2b848477fa2a4787ba9adf39a41?s=96&d=mm&r=g\",\"contentUrl\":\"https:\\\/\\\/secure.gravatar.com\\\/avatar\\\/c7164ed6fdec453195284ad24a5ae5b6e1eed2b848477fa2a4787ba9adf39a41?s=96&d=mm&r=g\",\"caption\":\"Redacci\u00f3n QP\"},\"url\":\"https:\\\/\\\/quehacerpolitico.mx\\\/?author=2\"}]}<\/script>\n<!-- \/ Yoast SEO plugin. -->","yoast_head_json":{"title":"L\u00f3pez Obrador cuestiona la represi\u00f3n de EU contra manifestantes -","robots":{"index":"index","follow":"follow","max-snippet":"max-snippet:-1","max-image-preview":"max-image-preview:large","max-video-preview":"max-video-preview:-1"},"canonical":"https:\/\/quehacerpolitico.mx\/?p=109553","og_locale":"es_MX","og_type":"article","og_title":"L\u00f3pez Obrador cuestiona la represi\u00f3n de EU contra manifestantes -","og_description":"Por Redacci\u00f3n QP El Presidente de M\u00e9xico, Andr\u00e9s Manuel L\u00f3pez Obrador, cuestion\u00f3 los sometimientos de...","og_url":"https:\/\/quehacerpolitico.mx\/?p=109553","article_published_time":"2024-04-25T19:10:58+00:00","article_modified_time":"2024-04-25T19:11:01+00:00","og_image":[{"width":1284,"height":707,"url":"https:\/\/quehacerpolitico.mx\/wp-content\/uploads\/2024\/04\/IMG_5156.jpeg","type":"image\/jpeg"}],"author":"Redacci\u00f3n QP","twitter_card":"summary_large_image","twitter_misc":{"Escrito por":"Redacci\u00f3n QP","Tiempo de lectura":"3 minutos"},"schema":{"@context":"https:\/\/schema.org","@graph":[{"@type":"Article","@id":"https:\/\/quehacerpolitico.mx\/?p=109553#article","isPartOf":{"@id":"https:\/\/quehacerpolitico.mx\/?p=109553"},"author":{"name":"Redacci\u00f3n QP","@id":"https:\/\/quehacerpolitico.mx\/#\/schema\/person\/496d8ad2d1d3f8036101dca7ee39e585"},"headline":"L\u00f3pez Obrador cuestiona la represi\u00f3n de EU contra manifestantes","datePublished":"2024-04-25T19:10:58+00:00","dateModified":"2024-04-25T19:11:01+00:00","mainEntityOfPage":{"@id":"https:\/\/quehacerpolitico.mx\/?p=109553"},"wordCount":515,"commentCount":0,"image":{"@id":"https:\/\/quehacerpolitico.mx\/?p=109553#primaryimage"},"thumbnailUrl":"https:\/\/quehacerpolitico.mx\/wp-content\/uploads\/2024\/04\/IMG_5156.jpeg","articleSection":["Noticias"],"inLanguage":"es","potentialAction":[{"@type":"CommentAction","name":"Comment","target":["https:\/\/quehacerpolitico.mx\/?p=109553#respond"]}]},{"@type":"WebPage","@id":"https:\/\/quehacerpolitico.mx\/?p=109553","url":"https:\/\/quehacerpolitico.mx\/?p=109553","name":"L\u00f3pez Obrador cuestiona la represi\u00f3n de EU contra manifestantes -","isPartOf":{"@id":"https:\/\/quehacerpolitico.mx\/#website"},"primaryImageOfPage":{"@id":"https:\/\/quehacerpolitico.mx\/?p=109553#primaryimage"},"image":{"@id":"https:\/\/quehacerpolitico.mx\/?p=109553#primaryimage"},"thumbnailUrl":"https:\/\/quehacerpolitico.mx\/wp-content\/uploads\/2024\/04\/IMG_5156.jpeg","datePublished":"2024-04-25T19:10:58+00:00","dateModified":"2024-04-25T19:11:01+00:00","author":{"@id":"https:\/\/quehacerpolitico.mx\/#\/schema\/person\/496d8ad2d1d3f8036101dca7ee39e585"},"breadcrumb":{"@id":"https:\/\/quehacerpolitico.mx\/?p=109553#breadcrumb"},"inLanguage":"es","potentialAction":[{"@type":"ReadAction","target":["https:\/\/quehacerpolitico.mx\/?p=109553"]}]},{"@type":"ImageObject","inLanguage":"es","@id":"https:\/\/quehacerpolitico.mx\/?p=109553#primaryimage","url":"https:\/\/quehacerpolitico.mx\/wp-content\/uploads\/2024\/04\/IMG_5156.jpeg","contentUrl":"https:\/\/quehacerpolitico.mx\/wp-content\/uploads\/2024\/04\/IMG_5156.jpeg","width":1284,"height":707,"caption":"Screenshot"},{"@type":"BreadcrumbList","@id":"https:\/\/quehacerpolitico.mx\/?p=109553#breadcrumb","itemListElement":[{"@type":"ListItem","position":1,"name":"Inicio","item":"https:\/\/quehacerpolitico.mx\/"},{"@type":"ListItem","position":2,"name":"L\u00f3pez Obrador cuestiona la represi\u00f3n de EU contra manifestantes"}]},{"@type":"WebSite","@id":"https:\/\/quehacerpolitico.mx\/#website","url":"https:\/\/quehacerpolitico.mx\/","name":"","description":"","potentialAction":[{"@type":"SearchAction","target":{"@type":"EntryPoint","urlTemplate":"https:\/\/quehacerpolitico.mx\/?s={search_term_string}"},"query-input":{"@type":"PropertyValueSpecification","valueRequired":true,"valueName":"search_term_string"}}],"inLanguage":"es"},{"@type":"Person","@id":"https:\/\/quehacerpolitico.mx\/#\/schema\/person\/496d8ad2d1d3f8036101dca7ee39e585","name":"Redacci\u00f3n QP","image":{"@type":"ImageObject","inLanguage":"es","@id":"https:\/\/secure.gravatar.com\/avatar\/c7164ed6fdec453195284ad24a5ae5b6e1eed2b848477fa2a4787ba9adf39a41?s=96&d=mm&r=g","url":"https:\/\/secure.gravatar.com\/avatar\/c7164ed6fdec453195284ad24a5ae5b6e1eed2b848477fa2a4787ba9adf39a41?s=96&d=mm&r=g","contentUrl":"https:\/\/secure.gravatar.com\/avatar\/c7164ed6fdec453195284ad24a5ae5b6e1eed2b848477fa2a4787ba9adf39a41?s=96&d=mm&r=g","caption":"Redacci\u00f3n QP"},"url":"https:\/\/quehacerpolitico.mx\/?author=2"}]}},"featured_image_urls":{"full":["https:\/\/quehacerpolitico.mx\/wp-content\/uploads\/2024\/04\/IMG_5156.jpeg",1284,707,false],"thumbnail":["https:\/\/quehacerpolitico.mx\/wp-content\/uploads\/2024\/04\/IMG_5156-150x150.jpeg",150,150,true],"medium":["https:\/\/quehacerpolitico.mx\/wp-content\/uploads\/2024\/04\/IMG_5156-300x165.jpeg",300,165,true],"medium_large":["https:\/\/quehacerpolitico.mx\/wp-content\/uploads\/2024\/04\/IMG_5156-768x423.jpeg",640,353,true],"large":["https:\/\/quehacerpolitico.mx\/wp-content\/uploads\/2024\/04\/IMG_5156-1024x564.jpeg",640,353,true],"1536x1536":["https:\/\/quehacerpolitico.mx\/wp-content\/uploads\/2024\/04\/IMG_5156.jpeg",1284,707,false],"2048x2048":["https:\/\/quehacerpolitico.mx\/wp-content\/uploads\/2024\/04\/IMG_5156.jpeg",1284,707,false],"covernews-featured":["https:\/\/quehacerpolitico.mx\/wp-content\/uploads\/2024\/04\/IMG_5156.jpeg",1024,564,false],"covernews-medium":["https:\/\/quehacerpolitico.mx\/wp-content\/uploads\/2024\/04\/IMG_5156.jpeg",540,297,false]},"author_info":{"display_name":"Redacci\u00f3n QP","author_link":"https:\/\/quehacerpolitico.mx\/?author=2"},"category_info":"<a href=\"https:\/\/quehacerpolitico.mx\/?cat=2\" rel=\"category\">Noticias<\/a>","tag_info":"Noticias","comment_count":"0","_links":{"self":[{"href":"https:\/\/quehacerpolitico.mx\/index.php?rest_route=\/wp\/v2\/posts\/109553","targetHints":{"allow":["GET"]}}],"collection":[{"href":"https:\/\/quehacerpolitico.mx\/index.php?rest_route=\/wp\/v2\/posts"}],"about":[{"href":"https:\/\/quehacerpolitico.mx\/index.php?rest_route=\/wp\/v2\/types\/post"}],"author":[{"embeddable":true,"href":"https:\/\/quehacerpolitico.mx\/index.php?rest_route=\/wp\/v2\/users\/2"}],"replies":[{"embeddable":true,"href":"https:\/\/quehacerpolitico.mx\/index.php?rest_route=%2Fwp%2Fv2%2Fcomments&post=109553"}],"version-history":[{"count":1,"href":"https:\/\/quehacerpolitico.mx\/index.php?rest_route=\/wp\/v2\/posts\/109553\/revisions"}],"predecessor-version":[{"id":109555,"href":"https:\/\/quehacerpolitico.mx\/index.php?rest_route=\/wp\/v2\/posts\/109553\/revisions\/109555"}],"wp:featuredmedia":[{"embeddable":true,"href":"https:\/\/quehacerpolitico.mx\/index.php?rest_route=\/wp\/v2\/media\/109554"}],"wp:attachment":[{"href":"https:\/\/quehacerpolitico.mx\/index.php?rest_route=%2Fwp%2Fv2%2Fmedia&parent=109553"}],"wp:term":[{"taxonomy":"category","embeddable":true,"href":"https:\/\/quehacerpolitico.mx\/index.php?rest_route=%2Fwp%2Fv2%2Fcategories&post=109553"},{"taxonomy":"post_tag","embeddable":true,"href":"https:\/\/quehacerpolitico.mx\/index.php?rest_route=%2Fwp%2Fv2%2Ftags&post=109553"}],"curies":[{"name":"wp","href":"https:\/\/api.w.org\/{rel}","templated":true}]}}