{"id":109531,"date":"2024-04-24T23:13:59","date_gmt":"2024-04-24T23:13:59","guid":{"rendered":"https:\/\/quehacerpolitico.mx\/?p=109531"},"modified":"2024-04-24T23:14:01","modified_gmt":"2024-04-24T23:14:01","slug":"senadores-de-oposicion-presentan-solicitud-de-juicio-politico-contra-el-magistrado-retirado-arturo-zaldivar","status":"publish","type":"post","link":"https:\/\/quehacerpolitico.mx\/?p=109531","title":{"rendered":"Senadores de oposici\u00f3n presentan solicitud de juicio pol\u00edtico contra el magistrado retirado Arturo Zald\u00edvar"},"content":{"rendered":"\n<p>Por Redacci\u00f3n QP<\/p>\n\n\n\n<p>Senadores presentaron una solicitud de juicio de amparo contra el ministro en retiro Arturo Zald\u00edvar por distintos delitos<\/p>\n\n\n\n<p>Este martes senadores de los\u00a0<strong>partidos Revolucionario Institucional<\/strong>\u00a0(<strong>PRI<\/strong>) y\u00a0<strong>Acci\u00f3n Nacional<\/strong>\u00a0(<strong>PAN<\/strong>) presentaron ante la\u00a0<strong>C\u00e1mara de Diputados<\/strong>\u00a0una solicitud de\u00a0<strong>juicio pol\u00edtico<\/strong>\u00a0contra el ministro en retiro<strong>\u00a0Arturo Zald\u00edvar\u00a0<\/strong>por delitos presuntamente perpetrados durante su gesti\u00f3n al frente de la Suprema Corte.<\/p>\n\n\n\n<figure class=\"wp-block-image size-large\"><img loading=\"lazy\" decoding=\"async\" width=\"640\" height=\"1024\" src=\"https:\/\/quehacerpolitico.mx\/wp-content\/uploads\/2024\/04\/image-47-640x1024.jpeg\" alt=\"\" class=\"wp-image-109532\" srcset=\"https:\/\/quehacerpolitico.mx\/wp-content\/uploads\/2024\/04\/image-47-640x1024.jpeg 640w, https:\/\/quehacerpolitico.mx\/wp-content\/uploads\/2024\/04\/image-47-188x300.jpeg 188w, https:\/\/quehacerpolitico.mx\/wp-content\/uploads\/2024\/04\/image-47-768x1229.jpeg 768w, https:\/\/quehacerpolitico.mx\/wp-content\/uploads\/2024\/04\/image-47-91x146.jpeg 91w, https:\/\/quehacerpolitico.mx\/wp-content\/uploads\/2024\/04\/image-47-31x50.jpeg 31w, https:\/\/quehacerpolitico.mx\/wp-content\/uploads\/2024\/04\/image-47-47x75.jpeg 47w, https:\/\/quehacerpolitico.mx\/wp-content\/uploads\/2024\/04\/image-47.jpeg 800w\" sizes=\"auto, (max-width: 640px) 100vw, 640px\" \/><\/figure>\n\n\n\n<p>El escrito fue dirigido a&nbsp;<strong>Graciela B\u00e1ez<\/strong>, secretaria general de la&nbsp;<strong>C\u00e1mara de Diputados<\/strong>.<\/p>\n\n\n\n<p>Entre los firmantes est\u00e1n los senadores Claudia Edith Anaya Mota,\u00a0<strong>Manuel A\u00f1orve Ba\u00f1os<\/strong>, Claudia Ester Balderas Espinoza, Jos\u00e9 Alfredo Botello Montes, Gina, Andrea Cruz Blackledge, \u00c1ngel Garc\u00eda Ya\u00f1ez,\u00a0<strong>Kenia L\u00f3pez Rabad\u00e1n<\/strong>, Ver\u00f3nica Mart\u00ednez Garc\u00eda,\u00a0<strong>Mayuli Latifa Mart\u00ednez Sim\u00f3n<\/strong>, Alejandra Noem\u00ed Reynoso S\u00e1nchez, Francisco Javier Salazar S\u00e1enz, Mar\u00eda Guadalupe Salda\u00f1a Cisneros,\u00a0<strong>Lilly T\u00e9llez<\/strong>\u00a0y\u00a0<strong>Mario Zamora Gast\u00e9lum<\/strong>.<\/p>\n\n\n\n<p>Entre los se\u00f1alamientos a\u00a0<strong>Zald\u00edvar Lelo de Larrea<\/strong>\u00a0se encuentran el desv\u00edo de recursos, encubrimiento de colaboradores ante denuncias de acoso sexual, as\u00ed como las presiones a jueces y magistrados para la resoluci\u00f3n de distintos asuntos a favor del gobierno federal, como lo revel\u00f3 el presidente Andr\u00e9s Manuel\u00a0<strong>L\u00f3pez Obrador<\/strong>\u00a0en una conferencia matutina.<\/p>\n","protected":false},"excerpt":{"rendered":"<p>Por Redacci\u00f3n QP Senadores presentaron una solicitud de juicio de amparo contra el ministro en&#8230;<\/p>\n","protected":false},"author":2,"featured_media":109533,"comment_status":"open","ping_status":"open","sticky":false,"template":"","format":"standard","meta":{"_monsterinsights_skip_tracking":false,"_monsterinsights_sitenote_active":false,"_monsterinsights_sitenote_note":"","_monsterinsights_sitenote_category":0,"footnotes":""},"categories":[2],"tags":[],"class_list":["post-109531","post","type-post","status-publish","format-standard","has-post-thumbnail","hentry","category-noticias"],"yoast_head":"<!-- This site is optimized with the Yoast SEO plugin v27.3 - https:\/\/yoast.com\/product\/yoast-seo-wordpress\/ -->\n<title>Senadores de oposici\u00f3n presentan solicitud de juicio pol\u00edtico contra el magistrado retirado Arturo Zald\u00edvar -<\/title>\n<meta name=\"robots\" content=\"index, follow, max-snippet:-1, max-image-preview:large, max-video-preview:-1\" \/>\n<link rel=\"canonical\" href=\"https:\/\/quehacerpolitico.mx\/?p=109531\" \/>\n<meta property=\"og:locale\" content=\"es_MX\" \/>\n<meta property=\"og:type\" content=\"article\" \/>\n<meta property=\"og:title\" content=\"Senadores de oposici\u00f3n presentan solicitud de juicio pol\u00edtico contra el magistrado retirado Arturo Zald\u00edvar -\" \/>\n<meta property=\"og:description\" content=\"Por Redacci\u00f3n QP Senadores presentaron una solicitud de juicio de amparo contra el ministro en...\" \/>\n<meta property=\"og:url\" content=\"https:\/\/quehacerpolitico.mx\/?p=109531\" \/>\n<meta property=\"article:published_time\" content=\"2024-04-24T23:13:59+00:00\" \/>\n<meta property=\"article:modified_time\" content=\"2024-04-24T23:14:01+00:00\" \/>\n<meta property=\"og:image\" content=\"https:\/\/quehacerpolitico.mx\/wp-content\/uploads\/2024\/04\/IMG_5127.jpeg\" \/>\n\t<meta property=\"og:image:width\" content=\"678\" \/>\n\t<meta property=\"og:image:height\" content=\"452\" \/>\n\t<meta property=\"og:image:type\" content=\"image\/jpeg\" \/>\n<meta name=\"author\" content=\"Redacci\u00f3n QP\" \/>\n<meta name=\"twitter:card\" content=\"summary_large_image\" \/>\n<meta name=\"twitter:label1\" content=\"Escrito por\" \/>\n\t<meta name=\"twitter:data1\" content=\"Redacci\u00f3n QP\" \/>\n\t<meta name=\"twitter:label2\" content=\"Tiempo de lectura\" \/>\n\t<meta name=\"twitter:data2\" content=\"1 minuto\" \/>\n<script type=\"application\/ld+json\" class=\"yoast-schema-graph\">{\"@context\":\"https:\\\/\\\/schema.org\",\"@graph\":[{\"@type\":\"Article\",\"@id\":\"https:\\\/\\\/quehacerpolitico.mx\\\/?p=109531#article\",\"isPartOf\":{\"@id\":\"https:\\\/\\\/quehacerpolitico.mx\\\/?p=109531\"},\"author\":{\"name\":\"Redacci\u00f3n QP\",\"@id\":\"https:\\\/\\\/quehacerpolitico.mx\\\/#\\\/schema\\\/person\\\/496d8ad2d1d3f8036101dca7ee39e585\"},\"headline\":\"Senadores de oposici\u00f3n presentan solicitud de juicio pol\u00edtico contra el magistrado retirado Arturo Zald\u00edvar\",\"datePublished\":\"2024-04-24T23:13:59+00:00\",\"dateModified\":\"2024-04-24T23:14:01+00:00\",\"mainEntityOfPage\":{\"@id\":\"https:\\\/\\\/quehacerpolitico.mx\\\/?p=109531\"},\"wordCount\":241,\"commentCount\":0,\"image\":{\"@id\":\"https:\\\/\\\/quehacerpolitico.mx\\\/?p=109531#primaryimage\"},\"thumbnailUrl\":\"https:\\\/\\\/quehacerpolitico.mx\\\/wp-content\\\/uploads\\\/2024\\\/04\\\/IMG_5127.jpeg\",\"articleSection\":[\"Noticias\"],\"inLanguage\":\"es\",\"potentialAction\":[{\"@type\":\"CommentAction\",\"name\":\"Comment\",\"target\":[\"https:\\\/\\\/quehacerpolitico.mx\\\/?p=109531#respond\"]}]},{\"@type\":\"WebPage\",\"@id\":\"https:\\\/\\\/quehacerpolitico.mx\\\/?p=109531\",\"url\":\"https:\\\/\\\/quehacerpolitico.mx\\\/?p=109531\",\"name\":\"Senadores de oposici\u00f3n presentan solicitud de juicio pol\u00edtico contra el magistrado retirado Arturo Zald\u00edvar -\",\"isPartOf\":{\"@id\":\"https:\\\/\\\/quehacerpolitico.mx\\\/#website\"},\"primaryImageOfPage\":{\"@id\":\"https:\\\/\\\/quehacerpolitico.mx\\\/?p=109531#primaryimage\"},\"image\":{\"@id\":\"https:\\\/\\\/quehacerpolitico.mx\\\/?p=109531#primaryimage\"},\"thumbnailUrl\":\"https:\\\/\\\/quehacerpolitico.mx\\\/wp-content\\\/uploads\\\/2024\\\/04\\\/IMG_5127.jpeg\",\"datePublished\":\"2024-04-24T23:13:59+00:00\",\"dateModified\":\"2024-04-24T23:14:01+00:00\",\"author\":{\"@id\":\"https:\\\/\\\/quehacerpolitico.mx\\\/#\\\/schema\\\/person\\\/496d8ad2d1d3f8036101dca7ee39e585\"},\"breadcrumb\":{\"@id\":\"https:\\\/\\\/quehacerpolitico.mx\\\/?p=109531#breadcrumb\"},\"inLanguage\":\"es\",\"potentialAction\":[{\"@type\":\"ReadAction\",\"target\":[\"https:\\\/\\\/quehacerpolitico.mx\\\/?p=109531\"]}]},{\"@type\":\"ImageObject\",\"inLanguage\":\"es\",\"@id\":\"https:\\\/\\\/quehacerpolitico.mx\\\/?p=109531#primaryimage\",\"url\":\"https:\\\/\\\/quehacerpolitico.mx\\\/wp-content\\\/uploads\\\/2024\\\/04\\\/IMG_5127.jpeg\",\"contentUrl\":\"https:\\\/\\\/quehacerpolitico.mx\\\/wp-content\\\/uploads\\\/2024\\\/04\\\/IMG_5127.jpeg\",\"width\":678,\"height\":452},{\"@type\":\"BreadcrumbList\",\"@id\":\"https:\\\/\\\/quehacerpolitico.mx\\\/?p=109531#breadcrumb\",\"itemListElement\":[{\"@type\":\"ListItem\",\"position\":1,\"name\":\"Inicio\",\"item\":\"https:\\\/\\\/quehacerpolitico.mx\\\/\"},{\"@type\":\"ListItem\",\"position\":2,\"name\":\"Senadores de oposici\u00f3n presentan solicitud de juicio pol\u00edtico contra el magistrado retirado Arturo Zald\u00edvar\"}]},{\"@type\":\"WebSite\",\"@id\":\"https:\\\/\\\/quehacerpolitico.mx\\\/#website\",\"url\":\"https:\\\/\\\/quehacerpolitico.mx\\\/\",\"name\":\"\",\"description\":\"\",\"potentialAction\":[{\"@type\":\"SearchAction\",\"target\":{\"@type\":\"EntryPoint\",\"urlTemplate\":\"https:\\\/\\\/quehacerpolitico.mx\\\/?s={search_term_string}\"},\"query-input\":{\"@type\":\"PropertyValueSpecification\",\"valueRequired\":true,\"valueName\":\"search_term_string\"}}],\"inLanguage\":\"es\"},{\"@type\":\"Person\",\"@id\":\"https:\\\/\\\/quehacerpolitico.mx\\\/#\\\/schema\\\/person\\\/496d8ad2d1d3f8036101dca7ee39e585\",\"name\":\"Redacci\u00f3n QP\",\"image\":{\"@type\":\"ImageObject\",\"inLanguage\":\"es\",\"@id\":\"https:\\\/\\\/secure.gravatar.com\\\/avatar\\\/c7164ed6fdec453195284ad24a5ae5b6e1eed2b848477fa2a4787ba9adf39a41?s=96&d=mm&r=g\",\"url\":\"https:\\\/\\\/secure.gravatar.com\\\/avatar\\\/c7164ed6fdec453195284ad24a5ae5b6e1eed2b848477fa2a4787ba9adf39a41?s=96&d=mm&r=g\",\"contentUrl\":\"https:\\\/\\\/secure.gravatar.com\\\/avatar\\\/c7164ed6fdec453195284ad24a5ae5b6e1eed2b848477fa2a4787ba9adf39a41?s=96&d=mm&r=g\",\"caption\":\"Redacci\u00f3n QP\"},\"url\":\"https:\\\/\\\/quehacerpolitico.mx\\\/?author=2\"}]}<\/script>\n<!-- \/ Yoast SEO plugin. -->","yoast_head_json":{"title":"Senadores de oposici\u00f3n presentan solicitud de juicio pol\u00edtico contra el magistrado retirado Arturo Zald\u00edvar -","robots":{"index":"index","follow":"follow","max-snippet":"max-snippet:-1","max-image-preview":"max-image-preview:large","max-video-preview":"max-video-preview:-1"},"canonical":"https:\/\/quehacerpolitico.mx\/?p=109531","og_locale":"es_MX","og_type":"article","og_title":"Senadores de oposici\u00f3n presentan solicitud de juicio pol\u00edtico contra el magistrado retirado Arturo Zald\u00edvar -","og_description":"Por Redacci\u00f3n QP Senadores presentaron una solicitud de juicio de amparo contra el ministro en...","og_url":"https:\/\/quehacerpolitico.mx\/?p=109531","article_published_time":"2024-04-24T23:13:59+00:00","article_modified_time":"2024-04-24T23:14:01+00:00","og_image":[{"width":678,"height":452,"url":"https:\/\/quehacerpolitico.mx\/wp-content\/uploads\/2024\/04\/IMG_5127.jpeg","type":"image\/jpeg"}],"author":"Redacci\u00f3n QP","twitter_card":"summary_large_image","twitter_misc":{"Escrito por":"Redacci\u00f3n QP","Tiempo de lectura":"1 minuto"},"schema":{"@context":"https:\/\/schema.org","@graph":[{"@type":"Article","@id":"https:\/\/quehacerpolitico.mx\/?p=109531#article","isPartOf":{"@id":"https:\/\/quehacerpolitico.mx\/?p=109531"},"author":{"name":"Redacci\u00f3n QP","@id":"https:\/\/quehacerpolitico.mx\/#\/schema\/person\/496d8ad2d1d3f8036101dca7ee39e585"},"headline":"Senadores de oposici\u00f3n presentan solicitud de juicio pol\u00edtico contra el magistrado retirado Arturo Zald\u00edvar","datePublished":"2024-04-24T23:13:59+00:00","dateModified":"2024-04-24T23:14:01+00:00","mainEntityOfPage":{"@id":"https:\/\/quehacerpolitico.mx\/?p=109531"},"wordCount":241,"commentCount":0,"image":{"@id":"https:\/\/quehacerpolitico.mx\/?p=109531#primaryimage"},"thumbnailUrl":"https:\/\/quehacerpolitico.mx\/wp-content\/uploads\/2024\/04\/IMG_5127.jpeg","articleSection":["Noticias"],"inLanguage":"es","potentialAction":[{"@type":"CommentAction","name":"Comment","target":["https:\/\/quehacerpolitico.mx\/?p=109531#respond"]}]},{"@type":"WebPage","@id":"https:\/\/quehacerpolitico.mx\/?p=109531","url":"https:\/\/quehacerpolitico.mx\/?p=109531","name":"Senadores de oposici\u00f3n presentan solicitud de juicio pol\u00edtico contra el magistrado retirado Arturo Zald\u00edvar -","isPartOf":{"@id":"https:\/\/quehacerpolitico.mx\/#website"},"primaryImageOfPage":{"@id":"https:\/\/quehacerpolitico.mx\/?p=109531#primaryimage"},"image":{"@id":"https:\/\/quehacerpolitico.mx\/?p=109531#primaryimage"},"thumbnailUrl":"https:\/\/quehacerpolitico.mx\/wp-content\/uploads\/2024\/04\/IMG_5127.jpeg","datePublished":"2024-04-24T23:13:59+00:00","dateModified":"2024-04-24T23:14:01+00:00","author":{"@id":"https:\/\/quehacerpolitico.mx\/#\/schema\/person\/496d8ad2d1d3f8036101dca7ee39e585"},"breadcrumb":{"@id":"https:\/\/quehacerpolitico.mx\/?p=109531#breadcrumb"},"inLanguage":"es","potentialAction":[{"@type":"ReadAction","target":["https:\/\/quehacerpolitico.mx\/?p=109531"]}]},{"@type":"ImageObject","inLanguage":"es","@id":"https:\/\/quehacerpolitico.mx\/?p=109531#primaryimage","url":"https:\/\/quehacerpolitico.mx\/wp-content\/uploads\/2024\/04\/IMG_5127.jpeg","contentUrl":"https:\/\/quehacerpolitico.mx\/wp-content\/uploads\/2024\/04\/IMG_5127.jpeg","width":678,"height":452},{"@type":"BreadcrumbList","@id":"https:\/\/quehacerpolitico.mx\/?p=109531#breadcrumb","itemListElement":[{"@type":"ListItem","position":1,"name":"Inicio","item":"https:\/\/quehacerpolitico.mx\/"},{"@type":"ListItem","position":2,"name":"Senadores de oposici\u00f3n presentan solicitud de juicio pol\u00edtico contra el magistrado retirado Arturo Zald\u00edvar"}]},{"@type":"WebSite","@id":"https:\/\/quehacerpolitico.mx\/#website","url":"https:\/\/quehacerpolitico.mx\/","name":"","description":"","potentialAction":[{"@type":"SearchAction","target":{"@type":"EntryPoint","urlTemplate":"https:\/\/quehacerpolitico.mx\/?s={search_term_string}"},"query-input":{"@type":"PropertyValueSpecification","valueRequired":true,"valueName":"search_term_string"}}],"inLanguage":"es"},{"@type":"Person","@id":"https:\/\/quehacerpolitico.mx\/#\/schema\/person\/496d8ad2d1d3f8036101dca7ee39e585","name":"Redacci\u00f3n QP","image":{"@type":"ImageObject","inLanguage":"es","@id":"https:\/\/secure.gravatar.com\/avatar\/c7164ed6fdec453195284ad24a5ae5b6e1eed2b848477fa2a4787ba9adf39a41?s=96&d=mm&r=g","url":"https:\/\/secure.gravatar.com\/avatar\/c7164ed6fdec453195284ad24a5ae5b6e1eed2b848477fa2a4787ba9adf39a41?s=96&d=mm&r=g","contentUrl":"https:\/\/secure.gravatar.com\/avatar\/c7164ed6fdec453195284ad24a5ae5b6e1eed2b848477fa2a4787ba9adf39a41?s=96&d=mm&r=g","caption":"Redacci\u00f3n QP"},"url":"https:\/\/quehacerpolitico.mx\/?author=2"}]}},"featured_image_urls":{"full":["https:\/\/quehacerpolitico.mx\/wp-content\/uploads\/2024\/04\/IMG_5127.jpeg",678,452,false],"thumbnail":["https:\/\/quehacerpolitico.mx\/wp-content\/uploads\/2024\/04\/IMG_5127-150x150.jpeg",150,150,true],"medium":["https:\/\/quehacerpolitico.mx\/wp-content\/uploads\/2024\/04\/IMG_5127-300x200.jpeg",300,200,true],"medium_large":["https:\/\/quehacerpolitico.mx\/wp-content\/uploads\/2024\/04\/IMG_5127.jpeg",640,427,false],"large":["https:\/\/quehacerpolitico.mx\/wp-content\/uploads\/2024\/04\/IMG_5127.jpeg",640,427,false],"1536x1536":["https:\/\/quehacerpolitico.mx\/wp-content\/uploads\/2024\/04\/IMG_5127.jpeg",678,452,false],"2048x2048":["https:\/\/quehacerpolitico.mx\/wp-content\/uploads\/2024\/04\/IMG_5127.jpeg",678,452,false],"covernews-featured":["https:\/\/quehacerpolitico.mx\/wp-content\/uploads\/2024\/04\/IMG_5127.jpeg",678,452,false],"covernews-medium":["https:\/\/quehacerpolitico.mx\/wp-content\/uploads\/2024\/04\/IMG_5127.jpeg",510,340,false]},"author_info":{"display_name":"Redacci\u00f3n QP","author_link":"https:\/\/quehacerpolitico.mx\/?author=2"},"category_info":"<a href=\"https:\/\/quehacerpolitico.mx\/?cat=2\" rel=\"category\">Noticias<\/a>","tag_info":"Noticias","comment_count":"0","_links":{"self":[{"href":"https:\/\/quehacerpolitico.mx\/index.php?rest_route=\/wp\/v2\/posts\/109531","targetHints":{"allow":["GET"]}}],"collection":[{"href":"https:\/\/quehacerpolitico.mx\/index.php?rest_route=\/wp\/v2\/posts"}],"about":[{"href":"https:\/\/quehacerpolitico.mx\/index.php?rest_route=\/wp\/v2\/types\/post"}],"author":[{"embeddable":true,"href":"https:\/\/quehacerpolitico.mx\/index.php?rest_route=\/wp\/v2\/users\/2"}],"replies":[{"embeddable":true,"href":"https:\/\/quehacerpolitico.mx\/index.php?rest_route=%2Fwp%2Fv2%2Fcomments&post=109531"}],"version-history":[{"count":1,"href":"https:\/\/quehacerpolitico.mx\/index.php?rest_route=\/wp\/v2\/posts\/109531\/revisions"}],"predecessor-version":[{"id":109534,"href":"https:\/\/quehacerpolitico.mx\/index.php?rest_route=\/wp\/v2\/posts\/109531\/revisions\/109534"}],"wp:featuredmedia":[{"embeddable":true,"href":"https:\/\/quehacerpolitico.mx\/index.php?rest_route=\/wp\/v2\/media\/109533"}],"wp:attachment":[{"href":"https:\/\/quehacerpolitico.mx\/index.php?rest_route=%2Fwp%2Fv2%2Fmedia&parent=109531"}],"wp:term":[{"taxonomy":"category","embeddable":true,"href":"https:\/\/quehacerpolitico.mx\/index.php?rest_route=%2Fwp%2Fv2%2Fcategories&post=109531"},{"taxonomy":"post_tag","embeddable":true,"href":"https:\/\/quehacerpolitico.mx\/index.php?rest_route=%2Fwp%2Fv2%2Ftags&post=109531"}],"curies":[{"name":"wp","href":"https:\/\/api.w.org\/{rel}","templated":true}]}}