{"id":109507,"date":"2024-04-24T14:47:39","date_gmt":"2024-04-24T14:47:39","guid":{"rendered":"https:\/\/quehacerpolitico.mx\/?p=109507"},"modified":"2024-04-24T14:47:42","modified_gmt":"2024-04-24T14:47:42","slug":"joan-manuel-serrat-recibe-el-premio-princesa-de-asturias-de-las-artes","status":"publish","type":"post","link":"https:\/\/quehacerpolitico.mx\/?p=109507","title":{"rendered":"Joan Manuel Serrat recibe el Premio Princesa de Asturias de las Artes"},"content":{"rendered":"\n<p>Por Redacci\u00f3n QP<\/p>\n\n\n\n<p>El cantautor\u00a0<strong>Joan Manuel Serrat<\/strong>, con m\u00e1s de 50 a\u00f1os de carrera y autor de \u201cMediterr\u00e1neo\u201d, considerada una de las mejores canciones de la m\u00fasica espa\u00f1ola de todos los tiempos, ha sido distinguido este mi\u00e9rcoles con el\u00a0<strong>Premio Princesa de Asturias de las Artes 2024.<\/strong><\/p>\n\n\n\n<figure class=\"wp-block-embed is-type-video is-provider-youtube wp-block-embed-youtube wp-embed-aspect-16-9 wp-has-aspect-ratio\"><div class=\"wp-block-embed__wrapper\">\n<iframe loading=\"lazy\" title=\"Serrat, el poeta que cant\u00f3 al Mediterr\u00e1neo, Premio Princesa de Asturias de las Artes 2024\" width=\"640\" height=\"360\" src=\"https:\/\/www.youtube.com\/embed\/5toOVANaUYM?feature=oembed\" frameborder=\"0\" allow=\"accelerometer; autoplay; clipboard-write; encrypted-media; gyroscope; picture-in-picture; web-share\" referrerpolicy=\"strict-origin-when-cross-origin\" allowfullscreen><\/iframe>\n<\/div><\/figure>\n\n\n\n<p>Serrat, nacido en Barcelona en 1943, grab\u00f3 m\u00e1s de 500\u00a0<strong>canciones<\/strong>, m\u00e1s de 40\u00a0<strong>\u00e1lbumes<\/strong>\u00a0y ha puesto m\u00fasica a los versos de los poetas m\u00e1s grandes en espa\u00f1ol, como Antonio Machado, Miguel Hern\u00e1ndez, Pablo Neruda, Mario Benedetti, Rafael Alberti, Federico Garc\u00eda Lorca o Le\u00f3n Felipe.<\/p>\n\n\n\n<p>Autor de \u00e9xitos como \u201cPen\u00e9lope\u201d, \u201cSe\u00f1ora\u201d o \u201cCada loco con su tema\u201d, Serrat anunci\u00f3 su retiro de los&nbsp;<strong>escenarios<\/strong>&nbsp;en 2021 con la gira \u201cEl vicio de cantar 1965-2022\u201d, que cerr\u00f3 con una memorable actuaci\u00f3n en el Palau San Jordi de&nbsp;<strong>Barcelona<\/strong>&nbsp;el 27 de diciembre de 2022.<\/p>\n\n\n\n<p>Serrat fue pionero de la denominada Nova Can\u00e7o catalana y una voz destacada contra la represi\u00f3n e injusticias del r\u00e9gimen franquista, lo que le vali\u00f3 arrestos, multas e incluso el exilio en M\u00e9xico durante un a\u00f1o.<\/p>\n\n\n\n<p>En 1968 renunci\u00f3 a actuar en el festival de Eurovision en 1968 en representaci\u00f3n de Espa\u00f1a por no poder cantar en catal\u00e1n el tema \u201cLa, la, la\u201d, con el que gan\u00f3 Massiel, su reemplazo, haci\u00e9ndolo en espa\u00f1ol.<\/p>\n\n\n\n<p>El jurado del Premio Princesa de Asturias de las Artes 2024 catalog\u00f3 al cantautor catal\u00e1n como un\u00a0<strong>referente<\/strong>\u00a0c\u00edvico cuyo trabajo ha estado al servicio de la tolerancia y de los valores compartidos.<\/p>\n\n\n\n<figure class=\"wp-block-embed is-type-video is-provider-youtube wp-block-embed-youtube wp-embed-aspect-16-9 wp-has-aspect-ratio\"><div class=\"wp-block-embed__wrapper\">\n<iframe loading=\"lazy\" title=\"Joan Manuel Serrat, Premio Princesa de Asturias de las Artes 2024\" width=\"640\" height=\"360\" src=\"https:\/\/www.youtube.com\/embed\/uuVdDFGpF2o?feature=oembed\" frameborder=\"0\" allow=\"accelerometer; autoplay; clipboard-write; encrypted-media; gyroscope; picture-in-picture; web-share\" referrerpolicy=\"strict-origin-when-cross-origin\" allowfullscreen><\/iframe>\n<\/div><\/figure>\n\n\n\n<p>El acta le\u00edda por el presidente del jurado, Miguel Zugaza Miranda, director del Museo de Bellas Artes de Bilbao, destaca \u201cel alcance de una trayectoria art\u00edstica que trasciende la m\u00fasica y se hace referente c\u00edvico, sumando a las letras de sus canciones la fuerza del himno colectivo con voluntad universal\u201d.<\/p>\n\n\n\n<p>Para el jurado, en el trabajo de&nbsp;<strong>Serrat<\/strong>, \u201cde honda ra\u00edz mediterr\u00e1nea\u201d, se a\u00fana el arte de la poes\u00eda y la m\u00fasica \u201cal servicio de la&nbsp;<strong>tolerancia<\/strong>, los&nbsp;<strong>valores<\/strong>&nbsp;<strong>compartidos<\/strong>, la riqueza de la diversidad de lenguas y culturas, as\u00ed como un necesario af\u00e1n de&nbsp;<strong>libertad<\/strong>\u201c.<\/p>\n\n\n\n<p>\u201cDefensor del di\u00e1logo frente a la crispaci\u00f3n, la obra de Joan Manuel Serrat es un exponente de su irrenunciable vocaci\u00f3n de tender&nbsp;<strong>puentes<\/strong>entre&nbsp;<strong>pa\u00edses<\/strong>&nbsp;y&nbsp;<strong>generaciones<\/strong>\u201c, concluy\u00f3 el jurado, que este a\u00f1o ha tenido que elegir entre cincuenta candidaturas de veintiuna nacionalidades.<\/p>\n\n\n\n<p>Este compositor, poeta y tambi\u00e9n actor hab\u00eda sido propuesto en multitud de ocasiones para el Premio Princesa de Asturias de las Artes, galard\u00f3n que el pasado a\u00f1o recay\u00f3 en la actriz\u00a0<strong>Meryl Streep\u00a0<\/strong>y al que este a\u00f1o se hab\u00edan presentado m\u00e1s de 50 candidaturas.<\/p>\n\n\n\n<p>Con informaci\u00f3n de EFE<\/p>\n","protected":false},"excerpt":{"rendered":"<p>Por Redacci\u00f3n QP El cantautor\u00a0Joan Manuel Serrat, con m\u00e1s de 50 a\u00f1os de carrera y&#8230;<\/p>\n","protected":false},"author":2,"featured_media":109508,"comment_status":"open","ping_status":"open","sticky":false,"template":"","format":"standard","meta":{"_monsterinsights_skip_tracking":false,"_monsterinsights_sitenote_active":false,"_monsterinsights_sitenote_note":"","_monsterinsights_sitenote_category":0,"footnotes":""},"categories":[58],"tags":[],"class_list":["post-109507","post","type-post","status-publish","format-standard","has-post-thumbnail","hentry","category-cultura"],"yoast_head":"<!-- This site is optimized with the Yoast SEO plugin v27.3 - https:\/\/yoast.com\/product\/yoast-seo-wordpress\/ -->\n<title>Joan Manuel Serrat recibe el Premio Princesa de Asturias de las Artes -<\/title>\n<meta name=\"robots\" content=\"index, follow, max-snippet:-1, max-image-preview:large, max-video-preview:-1\" \/>\n<link rel=\"canonical\" href=\"https:\/\/quehacerpolitico.mx\/?p=109507\" \/>\n<meta property=\"og:locale\" content=\"es_MX\" \/>\n<meta property=\"og:type\" content=\"article\" \/>\n<meta property=\"og:title\" content=\"Joan Manuel Serrat recibe el Premio Princesa de Asturias de las Artes -\" \/>\n<meta property=\"og:description\" content=\"Por Redacci\u00f3n QP El cantautor\u00a0Joan Manuel Serrat, con m\u00e1s de 50 a\u00f1os de carrera y...\" \/>\n<meta property=\"og:url\" content=\"https:\/\/quehacerpolitico.mx\/?p=109507\" \/>\n<meta property=\"article:published_time\" content=\"2024-04-24T14:47:39+00:00\" \/>\n<meta property=\"article:modified_time\" content=\"2024-04-24T14:47:42+00:00\" \/>\n<meta property=\"og:image\" content=\"https:\/\/quehacerpolitico.mx\/wp-content\/uploads\/2024\/04\/IMG_5108.jpeg\" \/>\n\t<meta property=\"og:image:width\" content=\"1272\" \/>\n\t<meta property=\"og:image:height\" content=\"691\" \/>\n\t<meta property=\"og:image:type\" content=\"image\/jpeg\" \/>\n<meta name=\"author\" content=\"Redacci\u00f3n QP\" \/>\n<meta name=\"twitter:card\" content=\"summary_large_image\" \/>\n<meta name=\"twitter:label1\" content=\"Escrito por\" \/>\n\t<meta name=\"twitter:data1\" content=\"Redacci\u00f3n QP\" \/>\n\t<meta name=\"twitter:label2\" content=\"Tiempo de lectura\" \/>\n\t<meta name=\"twitter:data2\" content=\"3 minutos\" \/>\n<script type=\"application\/ld+json\" class=\"yoast-schema-graph\">{\"@context\":\"https:\\\/\\\/schema.org\",\"@graph\":[{\"@type\":\"Article\",\"@id\":\"https:\\\/\\\/quehacerpolitico.mx\\\/?p=109507#article\",\"isPartOf\":{\"@id\":\"https:\\\/\\\/quehacerpolitico.mx\\\/?p=109507\"},\"author\":{\"name\":\"Redacci\u00f3n QP\",\"@id\":\"https:\\\/\\\/quehacerpolitico.mx\\\/#\\\/schema\\\/person\\\/496d8ad2d1d3f8036101dca7ee39e585\"},\"headline\":\"Joan Manuel Serrat recibe el Premio Princesa de Asturias de las Artes\",\"datePublished\":\"2024-04-24T14:47:39+00:00\",\"dateModified\":\"2024-04-24T14:47:42+00:00\",\"mainEntityOfPage\":{\"@id\":\"https:\\\/\\\/quehacerpolitico.mx\\\/?p=109507\"},\"wordCount\":516,\"commentCount\":0,\"image\":{\"@id\":\"https:\\\/\\\/quehacerpolitico.mx\\\/?p=109507#primaryimage\"},\"thumbnailUrl\":\"https:\\\/\\\/quehacerpolitico.mx\\\/wp-content\\\/uploads\\\/2024\\\/04\\\/IMG_5108.jpeg\",\"articleSection\":[\"Cultura y Entretenimiento\"],\"inLanguage\":\"es\",\"potentialAction\":[{\"@type\":\"CommentAction\",\"name\":\"Comment\",\"target\":[\"https:\\\/\\\/quehacerpolitico.mx\\\/?p=109507#respond\"]}]},{\"@type\":\"WebPage\",\"@id\":\"https:\\\/\\\/quehacerpolitico.mx\\\/?p=109507\",\"url\":\"https:\\\/\\\/quehacerpolitico.mx\\\/?p=109507\",\"name\":\"Joan Manuel Serrat recibe el Premio Princesa de Asturias de las Artes -\",\"isPartOf\":{\"@id\":\"https:\\\/\\\/quehacerpolitico.mx\\\/#website\"},\"primaryImageOfPage\":{\"@id\":\"https:\\\/\\\/quehacerpolitico.mx\\\/?p=109507#primaryimage\"},\"image\":{\"@id\":\"https:\\\/\\\/quehacerpolitico.mx\\\/?p=109507#primaryimage\"},\"thumbnailUrl\":\"https:\\\/\\\/quehacerpolitico.mx\\\/wp-content\\\/uploads\\\/2024\\\/04\\\/IMG_5108.jpeg\",\"datePublished\":\"2024-04-24T14:47:39+00:00\",\"dateModified\":\"2024-04-24T14:47:42+00:00\",\"author\":{\"@id\":\"https:\\\/\\\/quehacerpolitico.mx\\\/#\\\/schema\\\/person\\\/496d8ad2d1d3f8036101dca7ee39e585\"},\"breadcrumb\":{\"@id\":\"https:\\\/\\\/quehacerpolitico.mx\\\/?p=109507#breadcrumb\"},\"inLanguage\":\"es\",\"potentialAction\":[{\"@type\":\"ReadAction\",\"target\":[\"https:\\\/\\\/quehacerpolitico.mx\\\/?p=109507\"]}]},{\"@type\":\"ImageObject\",\"inLanguage\":\"es\",\"@id\":\"https:\\\/\\\/quehacerpolitico.mx\\\/?p=109507#primaryimage\",\"url\":\"https:\\\/\\\/quehacerpolitico.mx\\\/wp-content\\\/uploads\\\/2024\\\/04\\\/IMG_5108.jpeg\",\"contentUrl\":\"https:\\\/\\\/quehacerpolitico.mx\\\/wp-content\\\/uploads\\\/2024\\\/04\\\/IMG_5108.jpeg\",\"width\":1272,\"height\":691,\"caption\":\"Screenshot\"},{\"@type\":\"BreadcrumbList\",\"@id\":\"https:\\\/\\\/quehacerpolitico.mx\\\/?p=109507#breadcrumb\",\"itemListElement\":[{\"@type\":\"ListItem\",\"position\":1,\"name\":\"Inicio\",\"item\":\"https:\\\/\\\/quehacerpolitico.mx\\\/\"},{\"@type\":\"ListItem\",\"position\":2,\"name\":\"Joan Manuel Serrat recibe el Premio Princesa de Asturias de las Artes\"}]},{\"@type\":\"WebSite\",\"@id\":\"https:\\\/\\\/quehacerpolitico.mx\\\/#website\",\"url\":\"https:\\\/\\\/quehacerpolitico.mx\\\/\",\"name\":\"\",\"description\":\"\",\"potentialAction\":[{\"@type\":\"SearchAction\",\"target\":{\"@type\":\"EntryPoint\",\"urlTemplate\":\"https:\\\/\\\/quehacerpolitico.mx\\\/?s={search_term_string}\"},\"query-input\":{\"@type\":\"PropertyValueSpecification\",\"valueRequired\":true,\"valueName\":\"search_term_string\"}}],\"inLanguage\":\"es\"},{\"@type\":\"Person\",\"@id\":\"https:\\\/\\\/quehacerpolitico.mx\\\/#\\\/schema\\\/person\\\/496d8ad2d1d3f8036101dca7ee39e585\",\"name\":\"Redacci\u00f3n QP\",\"image\":{\"@type\":\"ImageObject\",\"inLanguage\":\"es\",\"@id\":\"https:\\\/\\\/secure.gravatar.com\\\/avatar\\\/c7164ed6fdec453195284ad24a5ae5b6e1eed2b848477fa2a4787ba9adf39a41?s=96&d=mm&r=g\",\"url\":\"https:\\\/\\\/secure.gravatar.com\\\/avatar\\\/c7164ed6fdec453195284ad24a5ae5b6e1eed2b848477fa2a4787ba9adf39a41?s=96&d=mm&r=g\",\"contentUrl\":\"https:\\\/\\\/secure.gravatar.com\\\/avatar\\\/c7164ed6fdec453195284ad24a5ae5b6e1eed2b848477fa2a4787ba9adf39a41?s=96&d=mm&r=g\",\"caption\":\"Redacci\u00f3n QP\"},\"url\":\"https:\\\/\\\/quehacerpolitico.mx\\\/?author=2\"}]}<\/script>\n<!-- \/ Yoast SEO plugin. -->","yoast_head_json":{"title":"Joan Manuel Serrat recibe el Premio Princesa de Asturias de las Artes -","robots":{"index":"index","follow":"follow","max-snippet":"max-snippet:-1","max-image-preview":"max-image-preview:large","max-video-preview":"max-video-preview:-1"},"canonical":"https:\/\/quehacerpolitico.mx\/?p=109507","og_locale":"es_MX","og_type":"article","og_title":"Joan Manuel Serrat recibe el Premio Princesa de Asturias de las Artes -","og_description":"Por Redacci\u00f3n QP El cantautor\u00a0Joan Manuel Serrat, con m\u00e1s de 50 a\u00f1os de carrera y...","og_url":"https:\/\/quehacerpolitico.mx\/?p=109507","article_published_time":"2024-04-24T14:47:39+00:00","article_modified_time":"2024-04-24T14:47:42+00:00","og_image":[{"width":1272,"height":691,"url":"https:\/\/quehacerpolitico.mx\/wp-content\/uploads\/2024\/04\/IMG_5108.jpeg","type":"image\/jpeg"}],"author":"Redacci\u00f3n QP","twitter_card":"summary_large_image","twitter_misc":{"Escrito por":"Redacci\u00f3n QP","Tiempo de lectura":"3 minutos"},"schema":{"@context":"https:\/\/schema.org","@graph":[{"@type":"Article","@id":"https:\/\/quehacerpolitico.mx\/?p=109507#article","isPartOf":{"@id":"https:\/\/quehacerpolitico.mx\/?p=109507"},"author":{"name":"Redacci\u00f3n QP","@id":"https:\/\/quehacerpolitico.mx\/#\/schema\/person\/496d8ad2d1d3f8036101dca7ee39e585"},"headline":"Joan Manuel Serrat recibe el Premio Princesa de Asturias de las Artes","datePublished":"2024-04-24T14:47:39+00:00","dateModified":"2024-04-24T14:47:42+00:00","mainEntityOfPage":{"@id":"https:\/\/quehacerpolitico.mx\/?p=109507"},"wordCount":516,"commentCount":0,"image":{"@id":"https:\/\/quehacerpolitico.mx\/?p=109507#primaryimage"},"thumbnailUrl":"https:\/\/quehacerpolitico.mx\/wp-content\/uploads\/2024\/04\/IMG_5108.jpeg","articleSection":["Cultura y Entretenimiento"],"inLanguage":"es","potentialAction":[{"@type":"CommentAction","name":"Comment","target":["https:\/\/quehacerpolitico.mx\/?p=109507#respond"]}]},{"@type":"WebPage","@id":"https:\/\/quehacerpolitico.mx\/?p=109507","url":"https:\/\/quehacerpolitico.mx\/?p=109507","name":"Joan Manuel Serrat recibe el Premio Princesa de Asturias de las Artes -","isPartOf":{"@id":"https:\/\/quehacerpolitico.mx\/#website"},"primaryImageOfPage":{"@id":"https:\/\/quehacerpolitico.mx\/?p=109507#primaryimage"},"image":{"@id":"https:\/\/quehacerpolitico.mx\/?p=109507#primaryimage"},"thumbnailUrl":"https:\/\/quehacerpolitico.mx\/wp-content\/uploads\/2024\/04\/IMG_5108.jpeg","datePublished":"2024-04-24T14:47:39+00:00","dateModified":"2024-04-24T14:47:42+00:00","author":{"@id":"https:\/\/quehacerpolitico.mx\/#\/schema\/person\/496d8ad2d1d3f8036101dca7ee39e585"},"breadcrumb":{"@id":"https:\/\/quehacerpolitico.mx\/?p=109507#breadcrumb"},"inLanguage":"es","potentialAction":[{"@type":"ReadAction","target":["https:\/\/quehacerpolitico.mx\/?p=109507"]}]},{"@type":"ImageObject","inLanguage":"es","@id":"https:\/\/quehacerpolitico.mx\/?p=109507#primaryimage","url":"https:\/\/quehacerpolitico.mx\/wp-content\/uploads\/2024\/04\/IMG_5108.jpeg","contentUrl":"https:\/\/quehacerpolitico.mx\/wp-content\/uploads\/2024\/04\/IMG_5108.jpeg","width":1272,"height":691,"caption":"Screenshot"},{"@type":"BreadcrumbList","@id":"https:\/\/quehacerpolitico.mx\/?p=109507#breadcrumb","itemListElement":[{"@type":"ListItem","position":1,"name":"Inicio","item":"https:\/\/quehacerpolitico.mx\/"},{"@type":"ListItem","position":2,"name":"Joan Manuel Serrat recibe el Premio Princesa de Asturias de las Artes"}]},{"@type":"WebSite","@id":"https:\/\/quehacerpolitico.mx\/#website","url":"https:\/\/quehacerpolitico.mx\/","name":"","description":"","potentialAction":[{"@type":"SearchAction","target":{"@type":"EntryPoint","urlTemplate":"https:\/\/quehacerpolitico.mx\/?s={search_term_string}"},"query-input":{"@type":"PropertyValueSpecification","valueRequired":true,"valueName":"search_term_string"}}],"inLanguage":"es"},{"@type":"Person","@id":"https:\/\/quehacerpolitico.mx\/#\/schema\/person\/496d8ad2d1d3f8036101dca7ee39e585","name":"Redacci\u00f3n QP","image":{"@type":"ImageObject","inLanguage":"es","@id":"https:\/\/secure.gravatar.com\/avatar\/c7164ed6fdec453195284ad24a5ae5b6e1eed2b848477fa2a4787ba9adf39a41?s=96&d=mm&r=g","url":"https:\/\/secure.gravatar.com\/avatar\/c7164ed6fdec453195284ad24a5ae5b6e1eed2b848477fa2a4787ba9adf39a41?s=96&d=mm&r=g","contentUrl":"https:\/\/secure.gravatar.com\/avatar\/c7164ed6fdec453195284ad24a5ae5b6e1eed2b848477fa2a4787ba9adf39a41?s=96&d=mm&r=g","caption":"Redacci\u00f3n QP"},"url":"https:\/\/quehacerpolitico.mx\/?author=2"}]}},"featured_image_urls":{"full":["https:\/\/quehacerpolitico.mx\/wp-content\/uploads\/2024\/04\/IMG_5108.jpeg",1272,691,false],"thumbnail":["https:\/\/quehacerpolitico.mx\/wp-content\/uploads\/2024\/04\/IMG_5108-150x150.jpeg",150,150,true],"medium":["https:\/\/quehacerpolitico.mx\/wp-content\/uploads\/2024\/04\/IMG_5108-300x163.jpeg",300,163,true],"medium_large":["https:\/\/quehacerpolitico.mx\/wp-content\/uploads\/2024\/04\/IMG_5108-768x417.jpeg",640,348,true],"large":["https:\/\/quehacerpolitico.mx\/wp-content\/uploads\/2024\/04\/IMG_5108-1024x556.jpeg",640,348,true],"1536x1536":["https:\/\/quehacerpolitico.mx\/wp-content\/uploads\/2024\/04\/IMG_5108.jpeg",1272,691,false],"2048x2048":["https:\/\/quehacerpolitico.mx\/wp-content\/uploads\/2024\/04\/IMG_5108.jpeg",1272,691,false],"covernews-featured":["https:\/\/quehacerpolitico.mx\/wp-content\/uploads\/2024\/04\/IMG_5108.jpeg",1024,556,false],"covernews-medium":["https:\/\/quehacerpolitico.mx\/wp-content\/uploads\/2024\/04\/IMG_5108.jpeg",540,293,false]},"author_info":{"display_name":"Redacci\u00f3n QP","author_link":"https:\/\/quehacerpolitico.mx\/?author=2"},"category_info":"<a href=\"https:\/\/quehacerpolitico.mx\/?cat=58\" rel=\"category\">Cultura y Entretenimiento<\/a>","tag_info":"Cultura y Entretenimiento","comment_count":"0","_links":{"self":[{"href":"https:\/\/quehacerpolitico.mx\/index.php?rest_route=\/wp\/v2\/posts\/109507","targetHints":{"allow":["GET"]}}],"collection":[{"href":"https:\/\/quehacerpolitico.mx\/index.php?rest_route=\/wp\/v2\/posts"}],"about":[{"href":"https:\/\/quehacerpolitico.mx\/index.php?rest_route=\/wp\/v2\/types\/post"}],"author":[{"embeddable":true,"href":"https:\/\/quehacerpolitico.mx\/index.php?rest_route=\/wp\/v2\/users\/2"}],"replies":[{"embeddable":true,"href":"https:\/\/quehacerpolitico.mx\/index.php?rest_route=%2Fwp%2Fv2%2Fcomments&post=109507"}],"version-history":[{"count":1,"href":"https:\/\/quehacerpolitico.mx\/index.php?rest_route=\/wp\/v2\/posts\/109507\/revisions"}],"predecessor-version":[{"id":109509,"href":"https:\/\/quehacerpolitico.mx\/index.php?rest_route=\/wp\/v2\/posts\/109507\/revisions\/109509"}],"wp:featuredmedia":[{"embeddable":true,"href":"https:\/\/quehacerpolitico.mx\/index.php?rest_route=\/wp\/v2\/media\/109508"}],"wp:attachment":[{"href":"https:\/\/quehacerpolitico.mx\/index.php?rest_route=%2Fwp%2Fv2%2Fmedia&parent=109507"}],"wp:term":[{"taxonomy":"category","embeddable":true,"href":"https:\/\/quehacerpolitico.mx\/index.php?rest_route=%2Fwp%2Fv2%2Fcategories&post=109507"},{"taxonomy":"post_tag","embeddable":true,"href":"https:\/\/quehacerpolitico.mx\/index.php?rest_route=%2Fwp%2Fv2%2Ftags&post=109507"}],"curies":[{"name":"wp","href":"https:\/\/api.w.org\/{rel}","templated":true}]}}