{"id":109470,"date":"2024-04-23T14:14:44","date_gmt":"2024-04-23T14:14:44","guid":{"rendered":"https:\/\/quehacerpolitico.mx\/?p=109470"},"modified":"2024-04-23T14:14:49","modified_gmt":"2024-04-23T14:14:49","slug":"las-marchas-para-este-martes-23-de-abril-en-la-cdmx","status":"publish","type":"post","link":"https:\/\/quehacerpolitico.mx\/?p=109470","title":{"rendered":"Las Marchas para este martes 23 de abril en la CDMX"},"content":{"rendered":"\n<p>Por Redacci\u00f3n QP<\/p>\n\n\n\n<p>Este 23 de abril se llevar\u00e1n a cabo al menos 8 movilizaciones en la Ciudad de M\u00e9xico. Te decimos d\u00f3nde para que tomes tus precauciones.<\/p>\n\n\n\n<p>En la&nbsp;<strong>Ciudad de M\u00e9xico<\/strong>, diariamente se realizan&nbsp;<strong>protestas y manifestaciones<\/strong>&nbsp;en diferentes puntos. Los ciudadanos salen a las vialidades primarias de la capital del pa\u00eds para atraer la atenci\u00f3n de las autoridades y as\u00ed&nbsp;<strong>expresar su inconformidad con algunas situaciones o realizar peticiones<\/strong>.<\/p>\n\n\n\n<p>De acuerdo con el Centro de Comando, Control, C\u00f3mputo, Comunicaciones y Contacto Ciudadano de la Ciudad de M\u00e9xico (C5) este\u00a0<strong>23 de abril<\/strong>\u00a0se esperan al menos\u00a0<strong>ocho\u00a0<\/strong><strong>marchas y concentraciones a lo largo del d\u00eda<\/strong>, las cuales podr\u00edan afectar la circulaci\u00f3n en vialidades de la capital.<\/p>\n\n\n\n<figure class=\"wp-block-embed is-type-rich is-provider-twitter wp-block-embed-twitter\"><div class=\"wp-block-embed__wrapper\">\n<blockquote class=\"twitter-tweet\" data-width=\"550\" data-dnt=\"true\"><p lang=\"es\" dir=\"ltr\">\u26a0 <a href=\"https:\/\/twitter.com\/hashtag\/ENT%C3%89RATE?src=hash&amp;ref_src=twsrc%5Etfw\">#ENT\u00c9RATE<\/a> | Para hoy, 23 de abril 2024, estas son las movilizaciones sociales previstas en la Ciudad de M\u00e9xico.   <a href=\"https:\/\/twitter.com\/hashtag\/C5ConConfianza?src=hash&amp;ref_src=twsrc%5Etfw\">#C5ConConfianza<\/a> <a href=\"https:\/\/twitter.com\/hashtag\/MovilidadCDMX?src=hash&amp;ref_src=twsrc%5Etfw\">#MovilidadCDMX<\/a> <a href=\"https:\/\/t.co\/QZKm0qrHFv\">pic.twitter.com\/QZKm0qrHFv<\/a><\/p>&mdash; C5 CDMX (@C5_CDMX) <a href=\"https:\/\/twitter.com\/C5_CDMX\/status\/1782734072655094099?ref_src=twsrc%5Etfw\">April 23, 2024<\/a><\/blockquote><script async src=\"https:\/\/platform.twitter.com\/widgets.js\" charset=\"utf-8\"><\/script>\n<\/div><\/figure>\n\n\n\n<p><strong>\u00bfCu\u00e1les son las marchas y concentraciones para este 23 de abril?<\/strong><\/p>\n\n\n\n<p>Estas son las marchas y concentraciones que se esperan para este 23 de abril en las cuatro diferentes alcald\u00edas:<\/p>\n\n\n\n<p><strong>Alcald\u00eda Cuauht\u00e9moc<\/strong><\/p>\n\n\n\n<ul class=\"wp-block-list\">\n<li>12:00 horas. Concentraci\u00f3n en Av. Paseo de la Reforma 135, Col. San Rafael.<\/li>\n\n\n\n<li>12:00 horas. Concentraci\u00f3n en James Sullivan y Serapio Rend\u00f3n s\/n, Col. San Rafael<\/li>\n\n\n\n<li>13:00 horas. Concentraci\u00f3n en Plaza de la Constituci\u00f3n s\/n, Col. Centro Hist\u00f3rico.<\/li>\n\n\n\n<li>16:00 horas. Concentraci\u00f3n en Coahuila 28 y 34, Col. Roma Norte.<\/li>\n\n\n\n<li>16:00 horas. Concentraci\u00f3n-Bloqueo en Av. Paseo de la Reforma y Av. Insurgentes Sur; y en Eje Central L\u00e1zaro C\u00e1rdenas y Av. Fray Servando Teresa de Mier s\/n, Col. Centro.<\/li>\n<\/ul>\n\n\n\n<h3 class=\"wp-block-heading\">Alcald\u00eda Miguel Hidalgo<\/h3>\n\n\n\n<ul class=\"wp-block-list\">\n<li>09:00 horas. Concentraci\u00f3n en Lieja 270, Bosque de Chapultepec, primera secci\u00f3n.<\/li>\n<\/ul>\n\n\n\n<h3 class=\"wp-block-heading\">Alcald\u00eda Tlalpan<\/h3>\n\n\n\n<ul class=\"wp-block-list\">\n<li>09:00 horas. Concentraci\u00f3n en kil\u00f3mtero 13.5 de la Carretera Picacho Ajusco, Col. San Miguel Ajusco.<\/li>\n<\/ul>\n\n\n\n<h3 class=\"wp-block-heading\">Alcald\u00eda Iztacalco<\/h3>\n\n\n\n<ul class=\"wp-block-list\">\n<li>16:00 horas. Concentraci\u00f3n-Bloqueo en Av. San Antonio Abad y Viaducto R\u00edo de la Piedad s\/n, Col. Viaducto Piedad.<\/li>\n<\/ul>\n\n\n\n<h2 class=\"wp-block-heading\">\u00bfQu\u00e9 autos no circulan en CdMx este martes?<\/h2>\n\n\n\n<p>Este&nbsp;<strong>martes 23 de abril<\/strong>, el Hoy no circula aplica para todos los veh\u00edculos con&nbsp;<strong>engomado color rosa y cuyo \u00faltimo n\u00famero de placa sean el 7 o el 8<\/strong>, adem\u00e1s de que el Holograma sea 1 y 2, deber\u00e1n dejar de circular en la Zona Metropolitana del Valle de M\u00e9xico.<\/p>\n\n\n\n<h2 class=\"wp-block-heading\">\u00bfCu\u00e1l es la multa por no respetar el Hoy No Circula?<\/h2>\n\n\n\n<p>La\u00a0<strong>multa\u00a0<\/strong>por no respetar el programa\u00a0Hoy No Circula es de entre 20 a 30 UMAS (Unidad de Medida de Actualizaci\u00f3n) que actualmente tiene un valor de 108.57 pesos, por lo que la sanci\u00f3n ser\u00eda entre\u00a0<strong>2 mil 171.4 pesos a 3 mil 257.1 pesos<\/strong>.<\/p>\n\n\n\n<p>Adem\u00e1s,&nbsp;<strong>el auto podr\u00eda ser llevado al corral\u00f3n<\/strong>, cuyo<strong>&nbsp;traslado se cobra aparte<\/strong>.<\/p>\n","protected":false},"excerpt":{"rendered":"<p>Por Redacci\u00f3n QP Este 23 de abril se llevar\u00e1n a cabo al menos 8 movilizaciones&#8230;<\/p>\n","protected":false},"author":2,"featured_media":109471,"comment_status":"open","ping_status":"open","sticky":false,"template":"","format":"standard","meta":{"_monsterinsights_skip_tracking":false,"_monsterinsights_sitenote_active":false,"_monsterinsights_sitenote_note":"","_monsterinsights_sitenote_category":0,"footnotes":""},"categories":[55],"tags":[],"class_list":["post-109470","post","type-post","status-publish","format-standard","has-post-thumbnail","hentry","category-cdmx"],"yoast_head":"<!-- This site is optimized with the Yoast SEO plugin v27.3 - https:\/\/yoast.com\/product\/yoast-seo-wordpress\/ -->\n<title>Las Marchas para este martes 23 de abril en la CDMX -<\/title>\n<meta name=\"robots\" content=\"index, follow, max-snippet:-1, max-image-preview:large, max-video-preview:-1\" \/>\n<link rel=\"canonical\" href=\"https:\/\/quehacerpolitico.mx\/?p=109470\" \/>\n<meta property=\"og:locale\" content=\"es_MX\" \/>\n<meta property=\"og:type\" content=\"article\" \/>\n<meta property=\"og:title\" content=\"Las Marchas para este martes 23 de abril en la CDMX -\" \/>\n<meta property=\"og:description\" content=\"Por Redacci\u00f3n QP Este 23 de abril se llevar\u00e1n a cabo al menos 8 movilizaciones...\" \/>\n<meta property=\"og:url\" content=\"https:\/\/quehacerpolitico.mx\/?p=109470\" \/>\n<meta property=\"article:published_time\" content=\"2024-04-23T14:14:44+00:00\" \/>\n<meta property=\"article:modified_time\" content=\"2024-04-23T14:14:49+00:00\" \/>\n<meta property=\"og:image\" content=\"https:\/\/quehacerpolitico.mx\/wp-content\/uploads\/2024\/04\/IMG_5087.jpeg\" \/>\n\t<meta property=\"og:image:width\" content=\"771\" \/>\n\t<meta property=\"og:image:height\" content=\"398\" \/>\n\t<meta property=\"og:image:type\" content=\"image\/jpeg\" \/>\n<meta name=\"author\" content=\"Redacci\u00f3n QP\" \/>\n<meta name=\"twitter:card\" content=\"summary_large_image\" \/>\n<meta name=\"twitter:label1\" content=\"Escrito por\" \/>\n\t<meta name=\"twitter:data1\" content=\"Redacci\u00f3n QP\" \/>\n\t<meta name=\"twitter:label2\" content=\"Tiempo de lectura\" \/>\n\t<meta name=\"twitter:data2\" content=\"2 minutos\" \/>\n<script type=\"application\/ld+json\" class=\"yoast-schema-graph\">{\"@context\":\"https:\\\/\\\/schema.org\",\"@graph\":[{\"@type\":\"Article\",\"@id\":\"https:\\\/\\\/quehacerpolitico.mx\\\/?p=109470#article\",\"isPartOf\":{\"@id\":\"https:\\\/\\\/quehacerpolitico.mx\\\/?p=109470\"},\"author\":{\"name\":\"Redacci\u00f3n QP\",\"@id\":\"https:\\\/\\\/quehacerpolitico.mx\\\/#\\\/schema\\\/person\\\/496d8ad2d1d3f8036101dca7ee39e585\"},\"headline\":\"Las Marchas para este martes 23 de abril en la CDMX\",\"datePublished\":\"2024-04-23T14:14:44+00:00\",\"dateModified\":\"2024-04-23T14:14:49+00:00\",\"mainEntityOfPage\":{\"@id\":\"https:\\\/\\\/quehacerpolitico.mx\\\/?p=109470\"},\"wordCount\":460,\"commentCount\":0,\"image\":{\"@id\":\"https:\\\/\\\/quehacerpolitico.mx\\\/?p=109470#primaryimage\"},\"thumbnailUrl\":\"https:\\\/\\\/quehacerpolitico.mx\\\/wp-content\\\/uploads\\\/2024\\\/04\\\/IMG_5087.jpeg\",\"articleSection\":[\"CDMX\"],\"inLanguage\":\"es\",\"potentialAction\":[{\"@type\":\"CommentAction\",\"name\":\"Comment\",\"target\":[\"https:\\\/\\\/quehacerpolitico.mx\\\/?p=109470#respond\"]}]},{\"@type\":\"WebPage\",\"@id\":\"https:\\\/\\\/quehacerpolitico.mx\\\/?p=109470\",\"url\":\"https:\\\/\\\/quehacerpolitico.mx\\\/?p=109470\",\"name\":\"Las Marchas para este martes 23 de abril en la CDMX -\",\"isPartOf\":{\"@id\":\"https:\\\/\\\/quehacerpolitico.mx\\\/#website\"},\"primaryImageOfPage\":{\"@id\":\"https:\\\/\\\/quehacerpolitico.mx\\\/?p=109470#primaryimage\"},\"image\":{\"@id\":\"https:\\\/\\\/quehacerpolitico.mx\\\/?p=109470#primaryimage\"},\"thumbnailUrl\":\"https:\\\/\\\/quehacerpolitico.mx\\\/wp-content\\\/uploads\\\/2024\\\/04\\\/IMG_5087.jpeg\",\"datePublished\":\"2024-04-23T14:14:44+00:00\",\"dateModified\":\"2024-04-23T14:14:49+00:00\",\"author\":{\"@id\":\"https:\\\/\\\/quehacerpolitico.mx\\\/#\\\/schema\\\/person\\\/496d8ad2d1d3f8036101dca7ee39e585\"},\"breadcrumb\":{\"@id\":\"https:\\\/\\\/quehacerpolitico.mx\\\/?p=109470#breadcrumb\"},\"inLanguage\":\"es\",\"potentialAction\":[{\"@type\":\"ReadAction\",\"target\":[\"https:\\\/\\\/quehacerpolitico.mx\\\/?p=109470\"]}]},{\"@type\":\"ImageObject\",\"inLanguage\":\"es\",\"@id\":\"https:\\\/\\\/quehacerpolitico.mx\\\/?p=109470#primaryimage\",\"url\":\"https:\\\/\\\/quehacerpolitico.mx\\\/wp-content\\\/uploads\\\/2024\\\/04\\\/IMG_5087.jpeg\",\"contentUrl\":\"https:\\\/\\\/quehacerpolitico.mx\\\/wp-content\\\/uploads\\\/2024\\\/04\\\/IMG_5087.jpeg\",\"width\":771,\"height\":398},{\"@type\":\"BreadcrumbList\",\"@id\":\"https:\\\/\\\/quehacerpolitico.mx\\\/?p=109470#breadcrumb\",\"itemListElement\":[{\"@type\":\"ListItem\",\"position\":1,\"name\":\"Inicio\",\"item\":\"https:\\\/\\\/quehacerpolitico.mx\\\/\"},{\"@type\":\"ListItem\",\"position\":2,\"name\":\"Las Marchas para este martes 23 de abril en la CDMX\"}]},{\"@type\":\"WebSite\",\"@id\":\"https:\\\/\\\/quehacerpolitico.mx\\\/#website\",\"url\":\"https:\\\/\\\/quehacerpolitico.mx\\\/\",\"name\":\"\",\"description\":\"\",\"potentialAction\":[{\"@type\":\"SearchAction\",\"target\":{\"@type\":\"EntryPoint\",\"urlTemplate\":\"https:\\\/\\\/quehacerpolitico.mx\\\/?s={search_term_string}\"},\"query-input\":{\"@type\":\"PropertyValueSpecification\",\"valueRequired\":true,\"valueName\":\"search_term_string\"}}],\"inLanguage\":\"es\"},{\"@type\":\"Person\",\"@id\":\"https:\\\/\\\/quehacerpolitico.mx\\\/#\\\/schema\\\/person\\\/496d8ad2d1d3f8036101dca7ee39e585\",\"name\":\"Redacci\u00f3n QP\",\"image\":{\"@type\":\"ImageObject\",\"inLanguage\":\"es\",\"@id\":\"https:\\\/\\\/secure.gravatar.com\\\/avatar\\\/c7164ed6fdec453195284ad24a5ae5b6e1eed2b848477fa2a4787ba9adf39a41?s=96&d=mm&r=g\",\"url\":\"https:\\\/\\\/secure.gravatar.com\\\/avatar\\\/c7164ed6fdec453195284ad24a5ae5b6e1eed2b848477fa2a4787ba9adf39a41?s=96&d=mm&r=g\",\"contentUrl\":\"https:\\\/\\\/secure.gravatar.com\\\/avatar\\\/c7164ed6fdec453195284ad24a5ae5b6e1eed2b848477fa2a4787ba9adf39a41?s=96&d=mm&r=g\",\"caption\":\"Redacci\u00f3n QP\"},\"url\":\"https:\\\/\\\/quehacerpolitico.mx\\\/?author=2\"}]}<\/script>\n<!-- \/ Yoast SEO plugin. -->","yoast_head_json":{"title":"Las Marchas para este martes 23 de abril en la CDMX -","robots":{"index":"index","follow":"follow","max-snippet":"max-snippet:-1","max-image-preview":"max-image-preview:large","max-video-preview":"max-video-preview:-1"},"canonical":"https:\/\/quehacerpolitico.mx\/?p=109470","og_locale":"es_MX","og_type":"article","og_title":"Las Marchas para este martes 23 de abril en la CDMX -","og_description":"Por Redacci\u00f3n QP Este 23 de abril se llevar\u00e1n a cabo al menos 8 movilizaciones...","og_url":"https:\/\/quehacerpolitico.mx\/?p=109470","article_published_time":"2024-04-23T14:14:44+00:00","article_modified_time":"2024-04-23T14:14:49+00:00","og_image":[{"width":771,"height":398,"url":"https:\/\/quehacerpolitico.mx\/wp-content\/uploads\/2024\/04\/IMG_5087.jpeg","type":"image\/jpeg"}],"author":"Redacci\u00f3n QP","twitter_card":"summary_large_image","twitter_misc":{"Escrito por":"Redacci\u00f3n QP","Tiempo de lectura":"2 minutos"},"schema":{"@context":"https:\/\/schema.org","@graph":[{"@type":"Article","@id":"https:\/\/quehacerpolitico.mx\/?p=109470#article","isPartOf":{"@id":"https:\/\/quehacerpolitico.mx\/?p=109470"},"author":{"name":"Redacci\u00f3n QP","@id":"https:\/\/quehacerpolitico.mx\/#\/schema\/person\/496d8ad2d1d3f8036101dca7ee39e585"},"headline":"Las Marchas para este martes 23 de abril en la CDMX","datePublished":"2024-04-23T14:14:44+00:00","dateModified":"2024-04-23T14:14:49+00:00","mainEntityOfPage":{"@id":"https:\/\/quehacerpolitico.mx\/?p=109470"},"wordCount":460,"commentCount":0,"image":{"@id":"https:\/\/quehacerpolitico.mx\/?p=109470#primaryimage"},"thumbnailUrl":"https:\/\/quehacerpolitico.mx\/wp-content\/uploads\/2024\/04\/IMG_5087.jpeg","articleSection":["CDMX"],"inLanguage":"es","potentialAction":[{"@type":"CommentAction","name":"Comment","target":["https:\/\/quehacerpolitico.mx\/?p=109470#respond"]}]},{"@type":"WebPage","@id":"https:\/\/quehacerpolitico.mx\/?p=109470","url":"https:\/\/quehacerpolitico.mx\/?p=109470","name":"Las Marchas para este martes 23 de abril en la CDMX -","isPartOf":{"@id":"https:\/\/quehacerpolitico.mx\/#website"},"primaryImageOfPage":{"@id":"https:\/\/quehacerpolitico.mx\/?p=109470#primaryimage"},"image":{"@id":"https:\/\/quehacerpolitico.mx\/?p=109470#primaryimage"},"thumbnailUrl":"https:\/\/quehacerpolitico.mx\/wp-content\/uploads\/2024\/04\/IMG_5087.jpeg","datePublished":"2024-04-23T14:14:44+00:00","dateModified":"2024-04-23T14:14:49+00:00","author":{"@id":"https:\/\/quehacerpolitico.mx\/#\/schema\/person\/496d8ad2d1d3f8036101dca7ee39e585"},"breadcrumb":{"@id":"https:\/\/quehacerpolitico.mx\/?p=109470#breadcrumb"},"inLanguage":"es","potentialAction":[{"@type":"ReadAction","target":["https:\/\/quehacerpolitico.mx\/?p=109470"]}]},{"@type":"ImageObject","inLanguage":"es","@id":"https:\/\/quehacerpolitico.mx\/?p=109470#primaryimage","url":"https:\/\/quehacerpolitico.mx\/wp-content\/uploads\/2024\/04\/IMG_5087.jpeg","contentUrl":"https:\/\/quehacerpolitico.mx\/wp-content\/uploads\/2024\/04\/IMG_5087.jpeg","width":771,"height":398},{"@type":"BreadcrumbList","@id":"https:\/\/quehacerpolitico.mx\/?p=109470#breadcrumb","itemListElement":[{"@type":"ListItem","position":1,"name":"Inicio","item":"https:\/\/quehacerpolitico.mx\/"},{"@type":"ListItem","position":2,"name":"Las Marchas para este martes 23 de abril en la CDMX"}]},{"@type":"WebSite","@id":"https:\/\/quehacerpolitico.mx\/#website","url":"https:\/\/quehacerpolitico.mx\/","name":"","description":"","potentialAction":[{"@type":"SearchAction","target":{"@type":"EntryPoint","urlTemplate":"https:\/\/quehacerpolitico.mx\/?s={search_term_string}"},"query-input":{"@type":"PropertyValueSpecification","valueRequired":true,"valueName":"search_term_string"}}],"inLanguage":"es"},{"@type":"Person","@id":"https:\/\/quehacerpolitico.mx\/#\/schema\/person\/496d8ad2d1d3f8036101dca7ee39e585","name":"Redacci\u00f3n QP","image":{"@type":"ImageObject","inLanguage":"es","@id":"https:\/\/secure.gravatar.com\/avatar\/c7164ed6fdec453195284ad24a5ae5b6e1eed2b848477fa2a4787ba9adf39a41?s=96&d=mm&r=g","url":"https:\/\/secure.gravatar.com\/avatar\/c7164ed6fdec453195284ad24a5ae5b6e1eed2b848477fa2a4787ba9adf39a41?s=96&d=mm&r=g","contentUrl":"https:\/\/secure.gravatar.com\/avatar\/c7164ed6fdec453195284ad24a5ae5b6e1eed2b848477fa2a4787ba9adf39a41?s=96&d=mm&r=g","caption":"Redacci\u00f3n QP"},"url":"https:\/\/quehacerpolitico.mx\/?author=2"}]}},"featured_image_urls":{"full":["https:\/\/quehacerpolitico.mx\/wp-content\/uploads\/2024\/04\/IMG_5087.jpeg",771,398,false],"thumbnail":["https:\/\/quehacerpolitico.mx\/wp-content\/uploads\/2024\/04\/IMG_5087-150x150.jpeg",150,150,true],"medium":["https:\/\/quehacerpolitico.mx\/wp-content\/uploads\/2024\/04\/IMG_5087-300x155.jpeg",300,155,true],"medium_large":["https:\/\/quehacerpolitico.mx\/wp-content\/uploads\/2024\/04\/IMG_5087-768x396.jpeg",640,330,true],"large":["https:\/\/quehacerpolitico.mx\/wp-content\/uploads\/2024\/04\/IMG_5087.jpeg",640,330,false],"1536x1536":["https:\/\/quehacerpolitico.mx\/wp-content\/uploads\/2024\/04\/IMG_5087.jpeg",771,398,false],"2048x2048":["https:\/\/quehacerpolitico.mx\/wp-content\/uploads\/2024\/04\/IMG_5087.jpeg",771,398,false],"covernews-featured":["https:\/\/quehacerpolitico.mx\/wp-content\/uploads\/2024\/04\/IMG_5087.jpeg",771,398,false],"covernews-medium":["https:\/\/quehacerpolitico.mx\/wp-content\/uploads\/2024\/04\/IMG_5087.jpeg",540,279,false]},"author_info":{"display_name":"Redacci\u00f3n QP","author_link":"https:\/\/quehacerpolitico.mx\/?author=2"},"category_info":"<a href=\"https:\/\/quehacerpolitico.mx\/?cat=55\" rel=\"category\">CDMX<\/a>","tag_info":"CDMX","comment_count":"0","_links":{"self":[{"href":"https:\/\/quehacerpolitico.mx\/index.php?rest_route=\/wp\/v2\/posts\/109470","targetHints":{"allow":["GET"]}}],"collection":[{"href":"https:\/\/quehacerpolitico.mx\/index.php?rest_route=\/wp\/v2\/posts"}],"about":[{"href":"https:\/\/quehacerpolitico.mx\/index.php?rest_route=\/wp\/v2\/types\/post"}],"author":[{"embeddable":true,"href":"https:\/\/quehacerpolitico.mx\/index.php?rest_route=\/wp\/v2\/users\/2"}],"replies":[{"embeddable":true,"href":"https:\/\/quehacerpolitico.mx\/index.php?rest_route=%2Fwp%2Fv2%2Fcomments&post=109470"}],"version-history":[{"count":1,"href":"https:\/\/quehacerpolitico.mx\/index.php?rest_route=\/wp\/v2\/posts\/109470\/revisions"}],"predecessor-version":[{"id":109472,"href":"https:\/\/quehacerpolitico.mx\/index.php?rest_route=\/wp\/v2\/posts\/109470\/revisions\/109472"}],"wp:featuredmedia":[{"embeddable":true,"href":"https:\/\/quehacerpolitico.mx\/index.php?rest_route=\/wp\/v2\/media\/109471"}],"wp:attachment":[{"href":"https:\/\/quehacerpolitico.mx\/index.php?rest_route=%2Fwp%2Fv2%2Fmedia&parent=109470"}],"wp:term":[{"taxonomy":"category","embeddable":true,"href":"https:\/\/quehacerpolitico.mx\/index.php?rest_route=%2Fwp%2Fv2%2Fcategories&post=109470"},{"taxonomy":"post_tag","embeddable":true,"href":"https:\/\/quehacerpolitico.mx\/index.php?rest_route=%2Fwp%2Fv2%2Ftags&post=109470"}],"curies":[{"name":"wp","href":"https:\/\/api.w.org\/{rel}","templated":true}]}}