{"id":109388,"date":"2024-04-19T16:26:12","date_gmt":"2024-04-19T16:26:12","guid":{"rendered":"https:\/\/quehacerpolitico.mx\/?p=109388"},"modified":"2024-04-19T16:26:14","modified_gmt":"2024-04-19T16:26:14","slug":"sacmex-presenta-denuncia-ante-la-fiscalia-de-la-cdmx-por-sabotaje-en-el-agua-contaminada-en-la-alcaldia-benito-juarez","status":"publish","type":"post","link":"https:\/\/quehacerpolitico.mx\/?p=109388","title":{"rendered":"Sacmex presenta denuncia ante la Fiscal\u00eda de la CDMX por sabotaje en el agua contaminada en la alcald\u00eda Benito Ju\u00e1rez"},"content":{"rendered":"\n<p>Por Redacci\u00f3n QP<\/p>\n\n\n\n<p>La denuncia es por un compuesto de aceites degradado en el agua extra\u00edda del Pozo Alfonso XIII de la demarcaci\u00f3n.<\/p>\n\n\n\n<p>El Sistema de Aguas de la Ciudad de M\u00e9xico (Sacmex) indic\u00f3 a trav\u00e9s de una tarjeta informativa que levant\u00f3 una denuncia ante la Fiscal\u00eda General de Justicia capitalina por el\u00a0<strong>delito de sabotaje<\/strong>\u00a0a la alcald\u00eda Benito Ju\u00e1rez, esto debido a los recientes hallazgos sobre el agua contaminada de la demarcaci\u00f3n.\u00a0<\/p>\n\n\n\n<p>Entre los compuestos que se ubicaron est\u00e1n un compuesto de aceites degradado en el agua extra\u00edda del<strong> Pozo Alfonso XIII<\/strong>, mismo que esta en la zona donde se presentaron las quejas de los residentes. Adem\u00e1s, el sitio fue identificado como el punto de origen de la problem\u00e1tica en la zona norponiente de Benito Ju\u00e1rez.<\/p>\n\n\n\n<figure class=\"wp-block-embed is-type-video is-provider-youtube wp-block-embed-youtube wp-embed-aspect-16-9 wp-has-aspect-ratio\"><div class=\"wp-block-embed__wrapper\">\n<iframe loading=\"lazy\" title=\"Escuelas y comercios, afectados por agua contaminada en la Benito Ju\u00e1rez\" width=\"640\" height=\"360\" src=\"https:\/\/www.youtube.com\/embed\/-NzdiX85Kj0?feature=oembed\" frameborder=\"0\" allow=\"accelerometer; autoplay; clipboard-write; encrypted-media; gyroscope; picture-in-picture; web-share\" referrerpolicy=\"strict-origin-when-cross-origin\" allowfullscreen><\/iframe>\n<\/div><\/figure>\n\n\n\n<p>A trav\u00e9s de esta denuncia, Sacmex busca la intervenci\u00f3n de la Coordinaci\u00f3n General de Investigaci\u00f3n Forense y Servicios Periciales de la fiscal\u00eda de la Ciudad de M\u00e9xico, pues&nbsp;<strong>pretende que se designe a un perito oficial en materia ambiental<\/strong>, quien podr\u00e1 determinar las condiciones del agua extra\u00edda del pozo.<\/p>\n\n\n\n<blockquote class=\"wp-block-quote is-layout-flow wp-block-quote-is-layout-flow\">\n<p>&#8220;Se hace constar la presencia de alg\u00fan tipo de contaminante presente en el agua potable que se extrae del pozo de agua potable denominado Alfonso XIII, ubicado en Cda. Franz Hals, colonia Alfonso XIII, Alcald\u00eda \u00c1lvaro Obreg\u00f3n, C.P. 01460, en esta Ciudad de M\u00e9xico, lo que hace presumir la realizaci\u00f3n de una conducta delictiva generada en contra de la prestaci\u00f3n del servicio p\u00fablico de distribuci\u00f3n y abastecimiento de agua potable, trayendo como consecuencia el trastorno a la vida econ\u00f3mica, pol\u00edtica, social o cultural en la alcald\u00eda Benito Ju\u00e1rez, en la Ciudad de M\u00e9xico&#8221;, se puede leer en el comunicado de la dependencia.<\/p>\n\n\n\n<figure class=\"wp-block-embed is-type-rich is-provider-twitter wp-block-embed-twitter\"><div class=\"wp-block-embed__wrapper\">\n<blockquote class=\"twitter-tweet\" data-width=\"550\" data-dnt=\"true\"><p lang=\"es\" dir=\"ltr\"><a href=\"https:\/\/twitter.com\/hashtag\/%C3%9AltimaHora?src=hash&amp;ref_src=twsrc%5Etfw\">#\u00daltimaHora<\/a>\ud83d\udd34<a href=\"https:\/\/twitter.com\/hashtag\/SACMEXinforma?src=hash&amp;ref_src=twsrc%5Etfw\">#SACMEXinforma<\/a>\ud83d\udce2 ante los acontecimientos suscitados en la Alcald\u00eda Benito Ju\u00e1rez con relaci\u00f3n al suministro de agua, este Organismo present\u00f3 una denuncia formal ante la <a href=\"https:\/\/twitter.com\/FiscaliaCDMX?ref_src=twsrc%5Etfw\">@FiscaliaCDMX<\/a>  para investigar las causas que originaron la situaci\u00f3n. \ud83d\udc49<a href=\"https:\/\/t.co\/Mz2h1dWAzr\">https:\/\/t.co\/Mz2h1dWAzr<\/a> <a href=\"https:\/\/t.co\/rv2VNN9AU9\">pic.twitter.com\/rv2VNN9AU9<\/a><\/p>&mdash; Sistema de Aguas de la Ciudad de M\u00e9xico (@SacmexCDMX) <a href=\"https:\/\/twitter.com\/SacmexCDMX\/status\/1781170546970935537?ref_src=twsrc%5Etfw\">April 19, 2024<\/a><\/blockquote><script async src=\"https:\/\/platform.twitter.com\/widgets.js\" charset=\"utf-8\"><\/script>\n<\/div><\/figure>\n<cite>Desde hace algunos d\u00edas, la situaci\u00f3n para los ciudadanos que recibieron el agua contaminada los mantuvo incluso haciendo manifestaciones, ya que algunos aseguran que presentaron lesiones en la piel por ba\u00f1arse con ella o utilizarla de forma cotidiana.<\/cite><\/blockquote>\n\n\n\n<p><strong>\u00bfC\u00f3mo fue el cierre del Pozo Alfonso XIII de la alcald\u00eda Benito Ju\u00e1rez?<\/strong><\/p>\n\n\n\n<p>El jefe de Gobierno de la Ciudad de M\u00e9xico,\u00a0Marti Batres inform\u00f3 que el agua contaminada que recib\u00edan los residentes de la\u00a0alcalde de Benito Ju\u00e1rez prove\u00eda de un pozo en la\u00a0<strong>alcald\u00eda \u00c1lvaro Obreg\u00f3n<\/strong>, por lo que, tras tomar pruebas y realizar la investigaci\u00f3n correspondiente, \u00e9ste fue cerrado.<\/p>\n\n\n\n<p>Por su parte, elementos del Ej\u00e9rcito y la Guardia Nacional aseguraron el pozo de agua&nbsp;<strong>Alfonso XIII<\/strong>, mismo que abastece \u00fanicamente a la alcald\u00eda donde se dieron los hechos, y del cual proven\u00eda el agua en mal estado de la que se quejaron los habitantes.<\/p>\n\n\n\n<p>En tanto, personal de Protecci\u00f3n Civil\u00a0<strong>tom\u00f3 muestras para determinar si el agua contaminada proven\u00eda de ese lugar<\/strong>.<\/p>\n\n\n\n<p>A la zona tambi\u00e9n acudi\u00f3 la secretaria de Protecci\u00f3n Civil, Myriam Urz\u00faa, para verificar los trabajos de inspecci\u00f3n del l\u00edquido. Asimismo, acudi\u00f3 personal de Petr\u00f3leos Mexicanos (Pemex), quienes\u00a0<strong>retiraron el agua del pozo en pipas<\/strong>.<\/p>\n\n\n\n<p>Tras analizar las muestras, el jefe de Gobierno, Mart\u00ed Batres, confirm\u00f3 que el agua contaminada que recib\u00edan los habitantes de Benito Ju\u00e1rez s\u00ed proven\u00eda de dicho pozo.<\/p>\n","protected":false},"excerpt":{"rendered":"<p>Por Redacci\u00f3n QP La denuncia es por un compuesto de aceites degradado en el agua&#8230;<\/p>\n","protected":false},"author":2,"featured_media":109389,"comment_status":"open","ping_status":"open","sticky":false,"template":"","format":"standard","meta":{"_monsterinsights_skip_tracking":false,"_monsterinsights_sitenote_active":false,"_monsterinsights_sitenote_note":"","_monsterinsights_sitenote_category":0,"footnotes":""},"categories":[55],"tags":[],"class_list":["post-109388","post","type-post","status-publish","format-standard","has-post-thumbnail","hentry","category-cdmx"],"yoast_head":"<!-- This site is optimized with the Yoast SEO plugin v27.3 - https:\/\/yoast.com\/product\/yoast-seo-wordpress\/ -->\n<title>Sacmex presenta denuncia ante la Fiscal\u00eda de la CDMX por sabotaje en el agua contaminada en la alcald\u00eda Benito Ju\u00e1rez -<\/title>\n<meta name=\"robots\" content=\"index, follow, max-snippet:-1, max-image-preview:large, max-video-preview:-1\" \/>\n<link rel=\"canonical\" href=\"https:\/\/quehacerpolitico.mx\/?p=109388\" \/>\n<meta property=\"og:locale\" content=\"es_MX\" \/>\n<meta property=\"og:type\" content=\"article\" \/>\n<meta property=\"og:title\" content=\"Sacmex presenta denuncia ante la Fiscal\u00eda de la CDMX por sabotaje en el agua contaminada en la alcald\u00eda Benito Ju\u00e1rez -\" \/>\n<meta property=\"og:description\" content=\"Por Redacci\u00f3n QP La denuncia es por un compuesto de aceites degradado en el agua...\" \/>\n<meta property=\"og:url\" content=\"https:\/\/quehacerpolitico.mx\/?p=109388\" \/>\n<meta property=\"article:published_time\" content=\"2024-04-19T16:26:12+00:00\" \/>\n<meta property=\"article:modified_time\" content=\"2024-04-19T16:26:14+00:00\" \/>\n<meta property=\"og:image\" content=\"https:\/\/quehacerpolitico.mx\/wp-content\/uploads\/2024\/04\/IMG_4761.jpeg\" \/>\n\t<meta property=\"og:image:width\" content=\"637\" \/>\n\t<meta property=\"og:image:height\" content=\"599\" \/>\n\t<meta property=\"og:image:type\" content=\"image\/jpeg\" \/>\n<meta name=\"author\" content=\"Redacci\u00f3n QP\" \/>\n<meta name=\"twitter:card\" content=\"summary_large_image\" \/>\n<meta name=\"twitter:label1\" content=\"Escrito por\" \/>\n\t<meta name=\"twitter:data1\" content=\"Redacci\u00f3n QP\" \/>\n\t<meta name=\"twitter:label2\" content=\"Tiempo de lectura\" \/>\n\t<meta name=\"twitter:data2\" content=\"3 minutos\" \/>\n<script type=\"application\/ld+json\" class=\"yoast-schema-graph\">{\"@context\":\"https:\\\/\\\/schema.org\",\"@graph\":[{\"@type\":\"Article\",\"@id\":\"https:\\\/\\\/quehacerpolitico.mx\\\/?p=109388#article\",\"isPartOf\":{\"@id\":\"https:\\\/\\\/quehacerpolitico.mx\\\/?p=109388\"},\"author\":{\"name\":\"Redacci\u00f3n QP\",\"@id\":\"https:\\\/\\\/quehacerpolitico.mx\\\/#\\\/schema\\\/person\\\/496d8ad2d1d3f8036101dca7ee39e585\"},\"headline\":\"Sacmex presenta denuncia ante la Fiscal\u00eda de la CDMX por sabotaje en el agua contaminada en la alcald\u00eda Benito Ju\u00e1rez\",\"datePublished\":\"2024-04-19T16:26:12+00:00\",\"dateModified\":\"2024-04-19T16:26:14+00:00\",\"mainEntityOfPage\":{\"@id\":\"https:\\\/\\\/quehacerpolitico.mx\\\/?p=109388\"},\"wordCount\":611,\"commentCount\":0,\"image\":{\"@id\":\"https:\\\/\\\/quehacerpolitico.mx\\\/?p=109388#primaryimage\"},\"thumbnailUrl\":\"https:\\\/\\\/quehacerpolitico.mx\\\/wp-content\\\/uploads\\\/2024\\\/04\\\/IMG_4761.jpeg\",\"articleSection\":[\"CDMX\"],\"inLanguage\":\"es\",\"potentialAction\":[{\"@type\":\"CommentAction\",\"name\":\"Comment\",\"target\":[\"https:\\\/\\\/quehacerpolitico.mx\\\/?p=109388#respond\"]}]},{\"@type\":\"WebPage\",\"@id\":\"https:\\\/\\\/quehacerpolitico.mx\\\/?p=109388\",\"url\":\"https:\\\/\\\/quehacerpolitico.mx\\\/?p=109388\",\"name\":\"Sacmex presenta denuncia ante la Fiscal\u00eda de la CDMX por sabotaje en el agua contaminada en la alcald\u00eda Benito Ju\u00e1rez -\",\"isPartOf\":{\"@id\":\"https:\\\/\\\/quehacerpolitico.mx\\\/#website\"},\"primaryImageOfPage\":{\"@id\":\"https:\\\/\\\/quehacerpolitico.mx\\\/?p=109388#primaryimage\"},\"image\":{\"@id\":\"https:\\\/\\\/quehacerpolitico.mx\\\/?p=109388#primaryimage\"},\"thumbnailUrl\":\"https:\\\/\\\/quehacerpolitico.mx\\\/wp-content\\\/uploads\\\/2024\\\/04\\\/IMG_4761.jpeg\",\"datePublished\":\"2024-04-19T16:26:12+00:00\",\"dateModified\":\"2024-04-19T16:26:14+00:00\",\"author\":{\"@id\":\"https:\\\/\\\/quehacerpolitico.mx\\\/#\\\/schema\\\/person\\\/496d8ad2d1d3f8036101dca7ee39e585\"},\"breadcrumb\":{\"@id\":\"https:\\\/\\\/quehacerpolitico.mx\\\/?p=109388#breadcrumb\"},\"inLanguage\":\"es\",\"potentialAction\":[{\"@type\":\"ReadAction\",\"target\":[\"https:\\\/\\\/quehacerpolitico.mx\\\/?p=109388\"]}]},{\"@type\":\"ImageObject\",\"inLanguage\":\"es\",\"@id\":\"https:\\\/\\\/quehacerpolitico.mx\\\/?p=109388#primaryimage\",\"url\":\"https:\\\/\\\/quehacerpolitico.mx\\\/wp-content\\\/uploads\\\/2024\\\/04\\\/IMG_4761.jpeg\",\"contentUrl\":\"https:\\\/\\\/quehacerpolitico.mx\\\/wp-content\\\/uploads\\\/2024\\\/04\\\/IMG_4761.jpeg\",\"width\":637,\"height\":599},{\"@type\":\"BreadcrumbList\",\"@id\":\"https:\\\/\\\/quehacerpolitico.mx\\\/?p=109388#breadcrumb\",\"itemListElement\":[{\"@type\":\"ListItem\",\"position\":1,\"name\":\"Inicio\",\"item\":\"https:\\\/\\\/quehacerpolitico.mx\\\/\"},{\"@type\":\"ListItem\",\"position\":2,\"name\":\"Sacmex presenta denuncia ante la Fiscal\u00eda de la CDMX por sabotaje en el agua contaminada en la alcald\u00eda Benito Ju\u00e1rez\"}]},{\"@type\":\"WebSite\",\"@id\":\"https:\\\/\\\/quehacerpolitico.mx\\\/#website\",\"url\":\"https:\\\/\\\/quehacerpolitico.mx\\\/\",\"name\":\"\",\"description\":\"\",\"potentialAction\":[{\"@type\":\"SearchAction\",\"target\":{\"@type\":\"EntryPoint\",\"urlTemplate\":\"https:\\\/\\\/quehacerpolitico.mx\\\/?s={search_term_string}\"},\"query-input\":{\"@type\":\"PropertyValueSpecification\",\"valueRequired\":true,\"valueName\":\"search_term_string\"}}],\"inLanguage\":\"es\"},{\"@type\":\"Person\",\"@id\":\"https:\\\/\\\/quehacerpolitico.mx\\\/#\\\/schema\\\/person\\\/496d8ad2d1d3f8036101dca7ee39e585\",\"name\":\"Redacci\u00f3n QP\",\"image\":{\"@type\":\"ImageObject\",\"inLanguage\":\"es\",\"@id\":\"https:\\\/\\\/secure.gravatar.com\\\/avatar\\\/c7164ed6fdec453195284ad24a5ae5b6e1eed2b848477fa2a4787ba9adf39a41?s=96&d=mm&r=g\",\"url\":\"https:\\\/\\\/secure.gravatar.com\\\/avatar\\\/c7164ed6fdec453195284ad24a5ae5b6e1eed2b848477fa2a4787ba9adf39a41?s=96&d=mm&r=g\",\"contentUrl\":\"https:\\\/\\\/secure.gravatar.com\\\/avatar\\\/c7164ed6fdec453195284ad24a5ae5b6e1eed2b848477fa2a4787ba9adf39a41?s=96&d=mm&r=g\",\"caption\":\"Redacci\u00f3n QP\"},\"url\":\"https:\\\/\\\/quehacerpolitico.mx\\\/?author=2\"}]}<\/script>\n<!-- \/ Yoast SEO plugin. -->","yoast_head_json":{"title":"Sacmex presenta denuncia ante la Fiscal\u00eda de la CDMX por sabotaje en el agua contaminada en la alcald\u00eda Benito Ju\u00e1rez -","robots":{"index":"index","follow":"follow","max-snippet":"max-snippet:-1","max-image-preview":"max-image-preview:large","max-video-preview":"max-video-preview:-1"},"canonical":"https:\/\/quehacerpolitico.mx\/?p=109388","og_locale":"es_MX","og_type":"article","og_title":"Sacmex presenta denuncia ante la Fiscal\u00eda de la CDMX por sabotaje en el agua contaminada en la alcald\u00eda Benito Ju\u00e1rez -","og_description":"Por Redacci\u00f3n QP La denuncia es por un compuesto de aceites degradado en el agua...","og_url":"https:\/\/quehacerpolitico.mx\/?p=109388","article_published_time":"2024-04-19T16:26:12+00:00","article_modified_time":"2024-04-19T16:26:14+00:00","og_image":[{"width":637,"height":599,"url":"https:\/\/quehacerpolitico.mx\/wp-content\/uploads\/2024\/04\/IMG_4761.jpeg","type":"image\/jpeg"}],"author":"Redacci\u00f3n QP","twitter_card":"summary_large_image","twitter_misc":{"Escrito por":"Redacci\u00f3n QP","Tiempo de lectura":"3 minutos"},"schema":{"@context":"https:\/\/schema.org","@graph":[{"@type":"Article","@id":"https:\/\/quehacerpolitico.mx\/?p=109388#article","isPartOf":{"@id":"https:\/\/quehacerpolitico.mx\/?p=109388"},"author":{"name":"Redacci\u00f3n QP","@id":"https:\/\/quehacerpolitico.mx\/#\/schema\/person\/496d8ad2d1d3f8036101dca7ee39e585"},"headline":"Sacmex presenta denuncia ante la Fiscal\u00eda de la CDMX por sabotaje en el agua contaminada en la alcald\u00eda Benito Ju\u00e1rez","datePublished":"2024-04-19T16:26:12+00:00","dateModified":"2024-04-19T16:26:14+00:00","mainEntityOfPage":{"@id":"https:\/\/quehacerpolitico.mx\/?p=109388"},"wordCount":611,"commentCount":0,"image":{"@id":"https:\/\/quehacerpolitico.mx\/?p=109388#primaryimage"},"thumbnailUrl":"https:\/\/quehacerpolitico.mx\/wp-content\/uploads\/2024\/04\/IMG_4761.jpeg","articleSection":["CDMX"],"inLanguage":"es","potentialAction":[{"@type":"CommentAction","name":"Comment","target":["https:\/\/quehacerpolitico.mx\/?p=109388#respond"]}]},{"@type":"WebPage","@id":"https:\/\/quehacerpolitico.mx\/?p=109388","url":"https:\/\/quehacerpolitico.mx\/?p=109388","name":"Sacmex presenta denuncia ante la Fiscal\u00eda de la CDMX por sabotaje en el agua contaminada en la alcald\u00eda Benito Ju\u00e1rez -","isPartOf":{"@id":"https:\/\/quehacerpolitico.mx\/#website"},"primaryImageOfPage":{"@id":"https:\/\/quehacerpolitico.mx\/?p=109388#primaryimage"},"image":{"@id":"https:\/\/quehacerpolitico.mx\/?p=109388#primaryimage"},"thumbnailUrl":"https:\/\/quehacerpolitico.mx\/wp-content\/uploads\/2024\/04\/IMG_4761.jpeg","datePublished":"2024-04-19T16:26:12+00:00","dateModified":"2024-04-19T16:26:14+00:00","author":{"@id":"https:\/\/quehacerpolitico.mx\/#\/schema\/person\/496d8ad2d1d3f8036101dca7ee39e585"},"breadcrumb":{"@id":"https:\/\/quehacerpolitico.mx\/?p=109388#breadcrumb"},"inLanguage":"es","potentialAction":[{"@type":"ReadAction","target":["https:\/\/quehacerpolitico.mx\/?p=109388"]}]},{"@type":"ImageObject","inLanguage":"es","@id":"https:\/\/quehacerpolitico.mx\/?p=109388#primaryimage","url":"https:\/\/quehacerpolitico.mx\/wp-content\/uploads\/2024\/04\/IMG_4761.jpeg","contentUrl":"https:\/\/quehacerpolitico.mx\/wp-content\/uploads\/2024\/04\/IMG_4761.jpeg","width":637,"height":599},{"@type":"BreadcrumbList","@id":"https:\/\/quehacerpolitico.mx\/?p=109388#breadcrumb","itemListElement":[{"@type":"ListItem","position":1,"name":"Inicio","item":"https:\/\/quehacerpolitico.mx\/"},{"@type":"ListItem","position":2,"name":"Sacmex presenta denuncia ante la Fiscal\u00eda de la CDMX por sabotaje en el agua contaminada en la alcald\u00eda Benito Ju\u00e1rez"}]},{"@type":"WebSite","@id":"https:\/\/quehacerpolitico.mx\/#website","url":"https:\/\/quehacerpolitico.mx\/","name":"","description":"","potentialAction":[{"@type":"SearchAction","target":{"@type":"EntryPoint","urlTemplate":"https:\/\/quehacerpolitico.mx\/?s={search_term_string}"},"query-input":{"@type":"PropertyValueSpecification","valueRequired":true,"valueName":"search_term_string"}}],"inLanguage":"es"},{"@type":"Person","@id":"https:\/\/quehacerpolitico.mx\/#\/schema\/person\/496d8ad2d1d3f8036101dca7ee39e585","name":"Redacci\u00f3n QP","image":{"@type":"ImageObject","inLanguage":"es","@id":"https:\/\/secure.gravatar.com\/avatar\/c7164ed6fdec453195284ad24a5ae5b6e1eed2b848477fa2a4787ba9adf39a41?s=96&d=mm&r=g","url":"https:\/\/secure.gravatar.com\/avatar\/c7164ed6fdec453195284ad24a5ae5b6e1eed2b848477fa2a4787ba9adf39a41?s=96&d=mm&r=g","contentUrl":"https:\/\/secure.gravatar.com\/avatar\/c7164ed6fdec453195284ad24a5ae5b6e1eed2b848477fa2a4787ba9adf39a41?s=96&d=mm&r=g","caption":"Redacci\u00f3n QP"},"url":"https:\/\/quehacerpolitico.mx\/?author=2"}]}},"featured_image_urls":{"full":["https:\/\/quehacerpolitico.mx\/wp-content\/uploads\/2024\/04\/IMG_4761.jpeg",637,599,false],"thumbnail":["https:\/\/quehacerpolitico.mx\/wp-content\/uploads\/2024\/04\/IMG_4761-150x150.jpeg",150,150,true],"medium":["https:\/\/quehacerpolitico.mx\/wp-content\/uploads\/2024\/04\/IMG_4761-300x282.jpeg",300,282,true],"medium_large":["https:\/\/quehacerpolitico.mx\/wp-content\/uploads\/2024\/04\/IMG_4761.jpeg",637,599,false],"large":["https:\/\/quehacerpolitico.mx\/wp-content\/uploads\/2024\/04\/IMG_4761.jpeg",637,599,false],"1536x1536":["https:\/\/quehacerpolitico.mx\/wp-content\/uploads\/2024\/04\/IMG_4761.jpeg",637,599,false],"2048x2048":["https:\/\/quehacerpolitico.mx\/wp-content\/uploads\/2024\/04\/IMG_4761.jpeg",637,599,false],"covernews-featured":["https:\/\/quehacerpolitico.mx\/wp-content\/uploads\/2024\/04\/IMG_4761.jpeg",637,599,false],"covernews-medium":["https:\/\/quehacerpolitico.mx\/wp-content\/uploads\/2024\/04\/IMG_4761.jpeg",362,340,false]},"author_info":{"display_name":"Redacci\u00f3n QP","author_link":"https:\/\/quehacerpolitico.mx\/?author=2"},"category_info":"<a href=\"https:\/\/quehacerpolitico.mx\/?cat=55\" rel=\"category\">CDMX<\/a>","tag_info":"CDMX","comment_count":"0","_links":{"self":[{"href":"https:\/\/quehacerpolitico.mx\/index.php?rest_route=\/wp\/v2\/posts\/109388","targetHints":{"allow":["GET"]}}],"collection":[{"href":"https:\/\/quehacerpolitico.mx\/index.php?rest_route=\/wp\/v2\/posts"}],"about":[{"href":"https:\/\/quehacerpolitico.mx\/index.php?rest_route=\/wp\/v2\/types\/post"}],"author":[{"embeddable":true,"href":"https:\/\/quehacerpolitico.mx\/index.php?rest_route=\/wp\/v2\/users\/2"}],"replies":[{"embeddable":true,"href":"https:\/\/quehacerpolitico.mx\/index.php?rest_route=%2Fwp%2Fv2%2Fcomments&post=109388"}],"version-history":[{"count":1,"href":"https:\/\/quehacerpolitico.mx\/index.php?rest_route=\/wp\/v2\/posts\/109388\/revisions"}],"predecessor-version":[{"id":109390,"href":"https:\/\/quehacerpolitico.mx\/index.php?rest_route=\/wp\/v2\/posts\/109388\/revisions\/109390"}],"wp:featuredmedia":[{"embeddable":true,"href":"https:\/\/quehacerpolitico.mx\/index.php?rest_route=\/wp\/v2\/media\/109389"}],"wp:attachment":[{"href":"https:\/\/quehacerpolitico.mx\/index.php?rest_route=%2Fwp%2Fv2%2Fmedia&parent=109388"}],"wp:term":[{"taxonomy":"category","embeddable":true,"href":"https:\/\/quehacerpolitico.mx\/index.php?rest_route=%2Fwp%2Fv2%2Fcategories&post=109388"},{"taxonomy":"post_tag","embeddable":true,"href":"https:\/\/quehacerpolitico.mx\/index.php?rest_route=%2Fwp%2Fv2%2Ftags&post=109388"}],"curies":[{"name":"wp","href":"https:\/\/api.w.org\/{rel}","templated":true}]}}