{"id":109376,"date":"2024-04-18T16:04:52","date_gmt":"2024-04-18T16:04:52","guid":{"rendered":"https:\/\/quehacerpolitico.mx\/?p=109376"},"modified":"2024-04-18T16:04:55","modified_gmt":"2024-04-18T16:04:55","slug":"amlo-defiende-la-reforma-de-pensiones-de-nuevo-rechaza-que-se-vayan-a-expropiar-las-afores","status":"publish","type":"post","link":"https:\/\/quehacerpolitico.mx\/?p=109376","title":{"rendered":"AMLO defiende la Reforma de Pensiones De nuevo rechaza que se vayan a expropiar las afores"},"content":{"rendered":"\n<p>Por Redacci\u00f3n QP<\/p>\n\n\n\n<p>L\u00f3pez obrador detall\u00f3 que sus adversarios y las Afores \u201cles molesta mucho\u201d la creaci\u00f3n del Fondo de Pensiones para el Bienestar<\/p>\n\n\n\n<p>El presidente\u00a0<strong>Andres Manuel L\u00f3pez Obrador<\/strong>\u00a0acus\u00f3 a corporaciones financieras que administran las\u00a0<strong>Afores<\/strong>\u00a0de lanzar una\u00a0<strong>campa\u00f1a<\/strong>\u00a0en\u00a0<strong>medios de comunicaci\u00f3n<\/strong>\u00a0en contra de la\u00a0<strong>reforma<\/strong>\u00a0a\u00a0<strong>pensiones<\/strong>, cuya\u00a0<strong>discusi\u00f3n y votaci\u00f3n<\/strong>\u00a0en la\u00a0<strong>C\u00e1mara de Diputados<\/strong>\u00a0fue\u00a0<strong>aplazada<\/strong>\u00a0hasta el pr\u00f3ximo lunes por\u00a0irregularidades.<\/p>\n\n\n\n<p>En la conferencia matutina de Palacio Nacional, L\u00f3pez Obrador detall\u00f3 que estas corporaciones tienen el control de la \u201cmayor\u00eda de los medios de comunicaci\u00f3n\u201d.<\/p>\n\n\n\n<p>\u201cLes molesta mucho el que se hable de que se toma la decisi\u00f3n de crear un\u00a0<strong>Fondo de Pensiones para el Bienestar<\/strong>\u00a0con el prop\u00f3sito de compensar a los trabajadores y que cuando se jubilen, en vez de recibir el 30, 40, 50 por ciento reciban el 100 por ciento de su sueldo (\u2026) \u00a1Ah! Pero qu\u00e9 dicen nuestros adversarios conservadores corruptos y sus voceros: que queremos expropiar las Afores, que nos queremos robar las Afores\u201d, argument\u00f3.<\/p>\n\n\n\n<figure class=\"wp-block-embed is-type-rich is-provider-twitter wp-block-embed-twitter\"><div class=\"wp-block-embed__wrapper\">\n<blockquote class=\"twitter-tweet\" data-width=\"550\" data-dnt=\"true\"><p lang=\"es\" dir=\"ltr\">AMLO defiende la <a href=\"https:\/\/twitter.com\/hashtag\/ReformaDePensiones?src=hash&amp;ref_src=twsrc%5Etfw\">#ReformaDePensiones<\/a> <br><br>De nuevo rechaza que se vayan a expropiar las afores <a href=\"https:\/\/t.co\/sj4b2LlIH2\">pic.twitter.com\/sj4b2LlIH2<\/a><\/p>&mdash; Manuel Lopez San Martin (@MLopezSanMartin) <a href=\"https:\/\/twitter.com\/MLopezSanMartin\/status\/1780972368963457415?ref_src=twsrc%5Etfw\">April 18, 2024<\/a><\/blockquote><script async src=\"https:\/\/platform.twitter.com\/widgets.js\" charset=\"utf-8\"><\/script>\n<\/div><\/figure>\n\n\n\n<p>Y como son corporaciones financieras muy fuertes, que tienen control de la mayor\u00eda de los medios de comunicaci\u00f3n, pues entonces en los medios hay una campa\u00f1a: \u2018alerta, alerta, se van a robar\u2019, \u2018al ladr\u00f3n, al ladr\u00f3n, al ladr\u00f3n\u2019. Por eso es importante aclarar y es un buen tema\u201d, declar\u00f3.<\/p>\n\n\n\n<p>El mandatario mexicano detall\u00f3 que en las Afores existen una cantidad de recursos no reclamados por los trabajadores que por ley deben entregar al IMSS, pero que esto no ocurre.<\/p>\n\n\n\n<p>\u201cNo lo hacen y se quedan con esos remanentes que son de los trabajadores, y estamos hablando de miles de millones de pesos\u201d, subray\u00f3.<\/p>\n\n\n\n<p>\u201cSe busca que esos excedentes, dejando garantizado el derecho del trabajador que no solicit\u00f3 en su momento le que le correspond\u00eda de pensi\u00f3n, aunque pase el tiempo pueda hacer la solicitud y se les entrega sus recursos, pero lo que ya no se reclame, que pase al\u00a0<strong>Fondo de Pensiones del Bienestar<\/strong>, a final de cuentas para los trabajadores, pero eso no lo quieren entregar las Afores\u201d, dijo.<\/p>\n\n\n\n<p>Detall\u00f3 que las instituciones financieras no quieren entregar dichos recursos que hay en las Afores que no han sido reclamadas, \u201co quieren entregarlo poco a poco, con t\u00e1cticas dilatorias para que sude el dinero y ellos tengan beneficios\u201d.<\/p>\n\n\n\n<p>La&nbsp;<strong>C\u00e1mara de Diputados<\/strong>&nbsp;en la previa la discusi\u00f3n de la pol\u00e9mica reforma de pensiones del presidente L\u00f3pez Obrador hasta el pr\u00f3ximo lunes, esto por irregularidades en el dictamen que present\u00f3&nbsp;<strong>Morena y aliados<\/strong>.<\/p>\n\n\n\n<p>La oposici\u00f3n pidi\u00f3 interrumpir la sesi\u00f3n porque los diputados de Morena presentaron un dictamen en el pleno distinto al que hab\u00eda aprobado el lunes la Comisi\u00f3n de Seguridad Social, que cambi\u00f3 y a\u00f1adi\u00f3 p\u00e1rrafos enteros que no se hab\u00edan discutido.<\/p>\n\n\n\n<p>Los legisladores ten\u00edan previsto este mi\u00e9rcoles votar la iniciativa del mandatario para crear el Fondo de Pensiones del Bienestar, una bolsa de 40 mil millones de pesos que busca que el Estado garantice el pago de jubilaciones con 100 por ciento del \u00faltimo sueldo.<\/p>\n\n\n\n<figure class=\"wp-block-embed is-type-rich is-provider-twitter wp-block-embed-twitter\"><div class=\"wp-block-embed__wrapper\">\n<blockquote class=\"twitter-tweet\" data-width=\"550\" data-dnt=\"true\"><p lang=\"es\" dir=\"ltr\">Se queja la secretaria de Gobernaci\u00f3n:<br><br>&quot;Se hizo todo un esc\u00e1ndalo por &#39;error&#39; en dictamen de <a href=\"https:\/\/twitter.com\/hashtag\/ReformaDePensiones?src=hash&amp;ref_src=twsrc%5Etfw\">#ReformaDePensiones<\/a>&quot;, dice Luisa Mar\u00eda Alcalde <a href=\"https:\/\/t.co\/Cl2FymqGmp\">pic.twitter.com\/Cl2FymqGmp<\/a><\/p>&mdash; Manuel Lopez San Martin (@MLopezSanMartin) <a href=\"https:\/\/twitter.com\/MLopezSanMartin\/status\/1780974741299536370?ref_src=twsrc%5Etfw\">April 18, 2024<\/a><\/blockquote><script async src=\"https:\/\/platform.twitter.com\/widgets.js\" charset=\"utf-8\"><\/script>\n<\/div><\/figure>\n","protected":false},"excerpt":{"rendered":"<p>Por Redacci\u00f3n QP L\u00f3pez obrador detall\u00f3 que sus adversarios y las Afores \u201cles molesta mucho\u201d&#8230;<\/p>\n","protected":false},"author":2,"featured_media":109377,"comment_status":"open","ping_status":"open","sticky":false,"template":"","format":"standard","meta":{"_monsterinsights_skip_tracking":false,"_monsterinsights_sitenote_active":false,"_monsterinsights_sitenote_note":"","_monsterinsights_sitenote_category":0,"footnotes":""},"categories":[2],"tags":[],"class_list":["post-109376","post","type-post","status-publish","format-standard","has-post-thumbnail","hentry","category-noticias"],"yoast_head":"<!-- This site is optimized with the Yoast SEO plugin v27.3 - https:\/\/yoast.com\/product\/yoast-seo-wordpress\/ -->\n<title>AMLO defiende la Reforma de Pensiones De nuevo rechaza que se vayan a expropiar las afores -<\/title>\n<meta name=\"robots\" content=\"index, follow, max-snippet:-1, max-image-preview:large, max-video-preview:-1\" \/>\n<link rel=\"canonical\" href=\"https:\/\/quehacerpolitico.mx\/?p=109376\" \/>\n<meta property=\"og:locale\" content=\"es_MX\" \/>\n<meta property=\"og:type\" content=\"article\" \/>\n<meta property=\"og:title\" content=\"AMLO defiende la Reforma de Pensiones De nuevo rechaza que se vayan a expropiar las afores -\" \/>\n<meta property=\"og:description\" content=\"Por Redacci\u00f3n QP L\u00f3pez obrador detall\u00f3 que sus adversarios y las Afores \u201cles molesta mucho\u201d...\" \/>\n<meta property=\"og:url\" content=\"https:\/\/quehacerpolitico.mx\/?p=109376\" \/>\n<meta property=\"article:published_time\" content=\"2024-04-18T16:04:52+00:00\" \/>\n<meta property=\"article:modified_time\" content=\"2024-04-18T16:04:55+00:00\" \/>\n<meta property=\"og:image\" content=\"https:\/\/quehacerpolitico.mx\/wp-content\/uploads\/2024\/04\/IMG_4989.jpeg\" \/>\n\t<meta property=\"og:image:width\" content=\"1284\" \/>\n\t<meta property=\"og:image:height\" content=\"710\" \/>\n\t<meta property=\"og:image:type\" content=\"image\/jpeg\" \/>\n<meta name=\"author\" content=\"Redacci\u00f3n QP\" \/>\n<meta name=\"twitter:card\" content=\"summary_large_image\" \/>\n<meta name=\"twitter:label1\" content=\"Escrito por\" \/>\n\t<meta name=\"twitter:data1\" content=\"Redacci\u00f3n QP\" \/>\n\t<meta name=\"twitter:label2\" content=\"Tiempo de lectura\" \/>\n\t<meta name=\"twitter:data2\" content=\"3 minutos\" \/>\n<script type=\"application\/ld+json\" class=\"yoast-schema-graph\">{\"@context\":\"https:\\\/\\\/schema.org\",\"@graph\":[{\"@type\":\"Article\",\"@id\":\"https:\\\/\\\/quehacerpolitico.mx\\\/?p=109376#article\",\"isPartOf\":{\"@id\":\"https:\\\/\\\/quehacerpolitico.mx\\\/?p=109376\"},\"author\":{\"name\":\"Redacci\u00f3n QP\",\"@id\":\"https:\\\/\\\/quehacerpolitico.mx\\\/#\\\/schema\\\/person\\\/496d8ad2d1d3f8036101dca7ee39e585\"},\"headline\":\"AMLO defiende la Reforma de Pensiones De nuevo rechaza que se vayan a expropiar las afores\",\"datePublished\":\"2024-04-18T16:04:52+00:00\",\"dateModified\":\"2024-04-18T16:04:55+00:00\",\"mainEntityOfPage\":{\"@id\":\"https:\\\/\\\/quehacerpolitico.mx\\\/?p=109376\"},\"wordCount\":570,\"commentCount\":0,\"image\":{\"@id\":\"https:\\\/\\\/quehacerpolitico.mx\\\/?p=109376#primaryimage\"},\"thumbnailUrl\":\"https:\\\/\\\/quehacerpolitico.mx\\\/wp-content\\\/uploads\\\/2024\\\/04\\\/IMG_4989.jpeg\",\"articleSection\":[\"Noticias\"],\"inLanguage\":\"es\",\"potentialAction\":[{\"@type\":\"CommentAction\",\"name\":\"Comment\",\"target\":[\"https:\\\/\\\/quehacerpolitico.mx\\\/?p=109376#respond\"]}]},{\"@type\":\"WebPage\",\"@id\":\"https:\\\/\\\/quehacerpolitico.mx\\\/?p=109376\",\"url\":\"https:\\\/\\\/quehacerpolitico.mx\\\/?p=109376\",\"name\":\"AMLO defiende la Reforma de Pensiones De nuevo rechaza que se vayan a expropiar las afores -\",\"isPartOf\":{\"@id\":\"https:\\\/\\\/quehacerpolitico.mx\\\/#website\"},\"primaryImageOfPage\":{\"@id\":\"https:\\\/\\\/quehacerpolitico.mx\\\/?p=109376#primaryimage\"},\"image\":{\"@id\":\"https:\\\/\\\/quehacerpolitico.mx\\\/?p=109376#primaryimage\"},\"thumbnailUrl\":\"https:\\\/\\\/quehacerpolitico.mx\\\/wp-content\\\/uploads\\\/2024\\\/04\\\/IMG_4989.jpeg\",\"datePublished\":\"2024-04-18T16:04:52+00:00\",\"dateModified\":\"2024-04-18T16:04:55+00:00\",\"author\":{\"@id\":\"https:\\\/\\\/quehacerpolitico.mx\\\/#\\\/schema\\\/person\\\/496d8ad2d1d3f8036101dca7ee39e585\"},\"breadcrumb\":{\"@id\":\"https:\\\/\\\/quehacerpolitico.mx\\\/?p=109376#breadcrumb\"},\"inLanguage\":\"es\",\"potentialAction\":[{\"@type\":\"ReadAction\",\"target\":[\"https:\\\/\\\/quehacerpolitico.mx\\\/?p=109376\"]}]},{\"@type\":\"ImageObject\",\"inLanguage\":\"es\",\"@id\":\"https:\\\/\\\/quehacerpolitico.mx\\\/?p=109376#primaryimage\",\"url\":\"https:\\\/\\\/quehacerpolitico.mx\\\/wp-content\\\/uploads\\\/2024\\\/04\\\/IMG_4989.jpeg\",\"contentUrl\":\"https:\\\/\\\/quehacerpolitico.mx\\\/wp-content\\\/uploads\\\/2024\\\/04\\\/IMG_4989.jpeg\",\"width\":1284,\"height\":710,\"caption\":\"Screenshot\"},{\"@type\":\"BreadcrumbList\",\"@id\":\"https:\\\/\\\/quehacerpolitico.mx\\\/?p=109376#breadcrumb\",\"itemListElement\":[{\"@type\":\"ListItem\",\"position\":1,\"name\":\"Inicio\",\"item\":\"https:\\\/\\\/quehacerpolitico.mx\\\/\"},{\"@type\":\"ListItem\",\"position\":2,\"name\":\"AMLO defiende la Reforma de Pensiones De nuevo rechaza que se vayan a expropiar las afores\"}]},{\"@type\":\"WebSite\",\"@id\":\"https:\\\/\\\/quehacerpolitico.mx\\\/#website\",\"url\":\"https:\\\/\\\/quehacerpolitico.mx\\\/\",\"name\":\"\",\"description\":\"\",\"potentialAction\":[{\"@type\":\"SearchAction\",\"target\":{\"@type\":\"EntryPoint\",\"urlTemplate\":\"https:\\\/\\\/quehacerpolitico.mx\\\/?s={search_term_string}\"},\"query-input\":{\"@type\":\"PropertyValueSpecification\",\"valueRequired\":true,\"valueName\":\"search_term_string\"}}],\"inLanguage\":\"es\"},{\"@type\":\"Person\",\"@id\":\"https:\\\/\\\/quehacerpolitico.mx\\\/#\\\/schema\\\/person\\\/496d8ad2d1d3f8036101dca7ee39e585\",\"name\":\"Redacci\u00f3n QP\",\"image\":{\"@type\":\"ImageObject\",\"inLanguage\":\"es\",\"@id\":\"https:\\\/\\\/secure.gravatar.com\\\/avatar\\\/c7164ed6fdec453195284ad24a5ae5b6e1eed2b848477fa2a4787ba9adf39a41?s=96&d=mm&r=g\",\"url\":\"https:\\\/\\\/secure.gravatar.com\\\/avatar\\\/c7164ed6fdec453195284ad24a5ae5b6e1eed2b848477fa2a4787ba9adf39a41?s=96&d=mm&r=g\",\"contentUrl\":\"https:\\\/\\\/secure.gravatar.com\\\/avatar\\\/c7164ed6fdec453195284ad24a5ae5b6e1eed2b848477fa2a4787ba9adf39a41?s=96&d=mm&r=g\",\"caption\":\"Redacci\u00f3n QP\"},\"url\":\"https:\\\/\\\/quehacerpolitico.mx\\\/?author=2\"}]}<\/script>\n<!-- \/ Yoast SEO plugin. -->","yoast_head_json":{"title":"AMLO defiende la Reforma de Pensiones De nuevo rechaza que se vayan a expropiar las afores -","robots":{"index":"index","follow":"follow","max-snippet":"max-snippet:-1","max-image-preview":"max-image-preview:large","max-video-preview":"max-video-preview:-1"},"canonical":"https:\/\/quehacerpolitico.mx\/?p=109376","og_locale":"es_MX","og_type":"article","og_title":"AMLO defiende la Reforma de Pensiones De nuevo rechaza que se vayan a expropiar las afores -","og_description":"Por Redacci\u00f3n QP L\u00f3pez obrador detall\u00f3 que sus adversarios y las Afores \u201cles molesta mucho\u201d...","og_url":"https:\/\/quehacerpolitico.mx\/?p=109376","article_published_time":"2024-04-18T16:04:52+00:00","article_modified_time":"2024-04-18T16:04:55+00:00","og_image":[{"width":1284,"height":710,"url":"https:\/\/quehacerpolitico.mx\/wp-content\/uploads\/2024\/04\/IMG_4989.jpeg","type":"image\/jpeg"}],"author":"Redacci\u00f3n QP","twitter_card":"summary_large_image","twitter_misc":{"Escrito por":"Redacci\u00f3n QP","Tiempo de lectura":"3 minutos"},"schema":{"@context":"https:\/\/schema.org","@graph":[{"@type":"Article","@id":"https:\/\/quehacerpolitico.mx\/?p=109376#article","isPartOf":{"@id":"https:\/\/quehacerpolitico.mx\/?p=109376"},"author":{"name":"Redacci\u00f3n QP","@id":"https:\/\/quehacerpolitico.mx\/#\/schema\/person\/496d8ad2d1d3f8036101dca7ee39e585"},"headline":"AMLO defiende la Reforma de Pensiones De nuevo rechaza que se vayan a expropiar las afores","datePublished":"2024-04-18T16:04:52+00:00","dateModified":"2024-04-18T16:04:55+00:00","mainEntityOfPage":{"@id":"https:\/\/quehacerpolitico.mx\/?p=109376"},"wordCount":570,"commentCount":0,"image":{"@id":"https:\/\/quehacerpolitico.mx\/?p=109376#primaryimage"},"thumbnailUrl":"https:\/\/quehacerpolitico.mx\/wp-content\/uploads\/2024\/04\/IMG_4989.jpeg","articleSection":["Noticias"],"inLanguage":"es","potentialAction":[{"@type":"CommentAction","name":"Comment","target":["https:\/\/quehacerpolitico.mx\/?p=109376#respond"]}]},{"@type":"WebPage","@id":"https:\/\/quehacerpolitico.mx\/?p=109376","url":"https:\/\/quehacerpolitico.mx\/?p=109376","name":"AMLO defiende la Reforma de Pensiones De nuevo rechaza que se vayan a expropiar las afores -","isPartOf":{"@id":"https:\/\/quehacerpolitico.mx\/#website"},"primaryImageOfPage":{"@id":"https:\/\/quehacerpolitico.mx\/?p=109376#primaryimage"},"image":{"@id":"https:\/\/quehacerpolitico.mx\/?p=109376#primaryimage"},"thumbnailUrl":"https:\/\/quehacerpolitico.mx\/wp-content\/uploads\/2024\/04\/IMG_4989.jpeg","datePublished":"2024-04-18T16:04:52+00:00","dateModified":"2024-04-18T16:04:55+00:00","author":{"@id":"https:\/\/quehacerpolitico.mx\/#\/schema\/person\/496d8ad2d1d3f8036101dca7ee39e585"},"breadcrumb":{"@id":"https:\/\/quehacerpolitico.mx\/?p=109376#breadcrumb"},"inLanguage":"es","potentialAction":[{"@type":"ReadAction","target":["https:\/\/quehacerpolitico.mx\/?p=109376"]}]},{"@type":"ImageObject","inLanguage":"es","@id":"https:\/\/quehacerpolitico.mx\/?p=109376#primaryimage","url":"https:\/\/quehacerpolitico.mx\/wp-content\/uploads\/2024\/04\/IMG_4989.jpeg","contentUrl":"https:\/\/quehacerpolitico.mx\/wp-content\/uploads\/2024\/04\/IMG_4989.jpeg","width":1284,"height":710,"caption":"Screenshot"},{"@type":"BreadcrumbList","@id":"https:\/\/quehacerpolitico.mx\/?p=109376#breadcrumb","itemListElement":[{"@type":"ListItem","position":1,"name":"Inicio","item":"https:\/\/quehacerpolitico.mx\/"},{"@type":"ListItem","position":2,"name":"AMLO defiende la Reforma de Pensiones De nuevo rechaza que se vayan a expropiar las afores"}]},{"@type":"WebSite","@id":"https:\/\/quehacerpolitico.mx\/#website","url":"https:\/\/quehacerpolitico.mx\/","name":"","description":"","potentialAction":[{"@type":"SearchAction","target":{"@type":"EntryPoint","urlTemplate":"https:\/\/quehacerpolitico.mx\/?s={search_term_string}"},"query-input":{"@type":"PropertyValueSpecification","valueRequired":true,"valueName":"search_term_string"}}],"inLanguage":"es"},{"@type":"Person","@id":"https:\/\/quehacerpolitico.mx\/#\/schema\/person\/496d8ad2d1d3f8036101dca7ee39e585","name":"Redacci\u00f3n QP","image":{"@type":"ImageObject","inLanguage":"es","@id":"https:\/\/secure.gravatar.com\/avatar\/c7164ed6fdec453195284ad24a5ae5b6e1eed2b848477fa2a4787ba9adf39a41?s=96&d=mm&r=g","url":"https:\/\/secure.gravatar.com\/avatar\/c7164ed6fdec453195284ad24a5ae5b6e1eed2b848477fa2a4787ba9adf39a41?s=96&d=mm&r=g","contentUrl":"https:\/\/secure.gravatar.com\/avatar\/c7164ed6fdec453195284ad24a5ae5b6e1eed2b848477fa2a4787ba9adf39a41?s=96&d=mm&r=g","caption":"Redacci\u00f3n QP"},"url":"https:\/\/quehacerpolitico.mx\/?author=2"}]}},"featured_image_urls":{"full":["https:\/\/quehacerpolitico.mx\/wp-content\/uploads\/2024\/04\/IMG_4989.jpeg",1284,710,false],"thumbnail":["https:\/\/quehacerpolitico.mx\/wp-content\/uploads\/2024\/04\/IMG_4989-150x150.jpeg",150,150,true],"medium":["https:\/\/quehacerpolitico.mx\/wp-content\/uploads\/2024\/04\/IMG_4989-300x166.jpeg",300,166,true],"medium_large":["https:\/\/quehacerpolitico.mx\/wp-content\/uploads\/2024\/04\/IMG_4989-768x425.jpeg",640,354,true],"large":["https:\/\/quehacerpolitico.mx\/wp-content\/uploads\/2024\/04\/IMG_4989-1024x566.jpeg",640,354,true],"1536x1536":["https:\/\/quehacerpolitico.mx\/wp-content\/uploads\/2024\/04\/IMG_4989.jpeg",1284,710,false],"2048x2048":["https:\/\/quehacerpolitico.mx\/wp-content\/uploads\/2024\/04\/IMG_4989.jpeg",1284,710,false],"covernews-featured":["https:\/\/quehacerpolitico.mx\/wp-content\/uploads\/2024\/04\/IMG_4989.jpeg",1024,566,false],"covernews-medium":["https:\/\/quehacerpolitico.mx\/wp-content\/uploads\/2024\/04\/IMG_4989.jpeg",540,299,false]},"author_info":{"display_name":"Redacci\u00f3n QP","author_link":"https:\/\/quehacerpolitico.mx\/?author=2"},"category_info":"<a href=\"https:\/\/quehacerpolitico.mx\/?cat=2\" rel=\"category\">Noticias<\/a>","tag_info":"Noticias","comment_count":"0","_links":{"self":[{"href":"https:\/\/quehacerpolitico.mx\/index.php?rest_route=\/wp\/v2\/posts\/109376","targetHints":{"allow":["GET"]}}],"collection":[{"href":"https:\/\/quehacerpolitico.mx\/index.php?rest_route=\/wp\/v2\/posts"}],"about":[{"href":"https:\/\/quehacerpolitico.mx\/index.php?rest_route=\/wp\/v2\/types\/post"}],"author":[{"embeddable":true,"href":"https:\/\/quehacerpolitico.mx\/index.php?rest_route=\/wp\/v2\/users\/2"}],"replies":[{"embeddable":true,"href":"https:\/\/quehacerpolitico.mx\/index.php?rest_route=%2Fwp%2Fv2%2Fcomments&post=109376"}],"version-history":[{"count":1,"href":"https:\/\/quehacerpolitico.mx\/index.php?rest_route=\/wp\/v2\/posts\/109376\/revisions"}],"predecessor-version":[{"id":109378,"href":"https:\/\/quehacerpolitico.mx\/index.php?rest_route=\/wp\/v2\/posts\/109376\/revisions\/109378"}],"wp:featuredmedia":[{"embeddable":true,"href":"https:\/\/quehacerpolitico.mx\/index.php?rest_route=\/wp\/v2\/media\/109377"}],"wp:attachment":[{"href":"https:\/\/quehacerpolitico.mx\/index.php?rest_route=%2Fwp%2Fv2%2Fmedia&parent=109376"}],"wp:term":[{"taxonomy":"category","embeddable":true,"href":"https:\/\/quehacerpolitico.mx\/index.php?rest_route=%2Fwp%2Fv2%2Fcategories&post=109376"},{"taxonomy":"post_tag","embeddable":true,"href":"https:\/\/quehacerpolitico.mx\/index.php?rest_route=%2Fwp%2Fv2%2Ftags&post=109376"}],"curies":[{"name":"wp","href":"https:\/\/api.w.org\/{rel}","templated":true}]}}