{"id":109357,"date":"2024-04-16T17:59:39","date_gmt":"2024-04-16T17:59:39","guid":{"rendered":"https:\/\/quehacerpolitico.mx\/?p=109357"},"modified":"2024-04-16T18:21:31","modified_gmt":"2024-04-16T18:21:31","slug":"hay-que-poner-a-iztacalco-en-el-radar-turistico-de-la-cdmx-daniel-ordonez","status":"publish","type":"post","link":"https:\/\/quehacerpolitico.mx\/?p=109357","title":{"rendered":"\u201cHay que poner a Iztacalco en el radar tur\u00edstico de la CDMX\u201d: Daniel Ordo\u00f1ez"},"content":{"rendered":"\n<p>Por Redacci\u00f3n QP<\/p>\n\n\n\n<p>\uf0b7 Se dar\u00e1n a conocer las ermitas, los carnavales, y sus barrios.<\/p>\n\n\n\n<p>\uf0b7 Se propone crear una escuela de gu\u00edas de turistas.<\/p>\n\n\n\n<p>\uf0b7 Actualmente, los barrios tradicionales est\u00e1n abandonados, inseguros y<br>sucios.<\/p>\n\n\n\n<p>Daniel Ordo\u00f1ez, candidato a la alcald\u00eda Iztacalco por la coalici\u00f3n PAN-PRI-PRD y sociedad civil \u201cVa X la CDMX\u201d, ha propuesto el rescate de los barrios de esta alcald\u00eda, as\u00ed como sus tradiciones, brindando m\u00e1s seguridad e impulsando el turismo y la gastronom\u00eda prehisp\u00e1nica que a\u00fan predomina en el lugar.<\/p>\n\n\n\n<p>\u201cTenemos que darle una connotaci\u00f3n a nuestros barrios de corte tur\u00edstico.<\/p>\n\n\n\n<figure class=\"wp-block-image size-large\"><img loading=\"lazy\" decoding=\"async\" width=\"576\" height=\"1024\" src=\"https:\/\/quehacerpolitico.mx\/wp-content\/uploads\/2024\/04\/image-33-576x1024.jpeg\" alt=\"\" class=\"wp-image-109359\" srcset=\"https:\/\/quehacerpolitico.mx\/wp-content\/uploads\/2024\/04\/image-33-576x1024.jpeg 576w, https:\/\/quehacerpolitico.mx\/wp-content\/uploads\/2024\/04\/image-33-169x300.jpeg 169w, https:\/\/quehacerpolitico.mx\/wp-content\/uploads\/2024\/04\/image-33-768x1365.jpeg 768w, https:\/\/quehacerpolitico.mx\/wp-content\/uploads\/2024\/04\/image-33-864x1536.jpeg 864w, https:\/\/quehacerpolitico.mx\/wp-content\/uploads\/2024\/04\/image-33-82x146.jpeg 82w, https:\/\/quehacerpolitico.mx\/wp-content\/uploads\/2024\/04\/image-33-28x50.jpeg 28w, https:\/\/quehacerpolitico.mx\/wp-content\/uploads\/2024\/04\/image-33-42x75.jpeg 42w, https:\/\/quehacerpolitico.mx\/wp-content\/uploads\/2024\/04\/image-33.jpeg 900w\" sizes=\"auto, (max-width: 576px) 100vw, 576px\" \/><\/figure>\n\n\n\n<p>Tenemos una joya que debemos explotar. Primero, si no le metemos seguridad a los barrios, nadie los va a visitar. Hay unos callejones muy bonitos pero actualmente te metes y te atracan. Segundo, hay que generar una escuela de gu\u00edas de turistas, porque aqu\u00ed nadie te dice a donde ir, en d\u00f3nde est\u00e1n las ermitas, cu\u00e1ndo son las fiestas, en d\u00f3nde est\u00e1n los tamales de tripa, en s\u00ed, todo lo bello de nuestro barrio\u201d, dijo el aspirante a gobernar Iztacalco.<\/p>\n\n\n\n<p>Otra de sus propuestas es homogeneizar la nomenclatura y la imagen urbana de<br>los barrios La Asunci\u00f3n Atenco, Los Reyes Izquitl\u00e1n, Santiago Atoyac, San Miguel<br>Amac, San Francisco Xicaltongo, Santa Cruz Atencopac, y San Sebasti\u00e1n Zapotla, para as\u00ed brindar la imagen similar a la que tienen los Pueblos M\u00e1gicos a nivel nacional, y que a la fecha que no se ha alcanzado, por el descuido, la inseguridad y la suciedad en que la autoridad mantiene estas \u00e1reas.<\/p>\n\n\n\n<figure class=\"wp-block-embed is-type-rich is-provider-twitter wp-block-embed-twitter\"><div class=\"wp-block-embed__wrapper\">\n<blockquote class=\"twitter-tweet\" data-width=\"550\" data-dnt=\"true\"><p lang=\"es\" dir=\"ltr\">En <a href=\"https:\/\/twitter.com\/hashtag\/Iztacalco?src=hash&amp;ref_src=twsrc%5Etfw\">#Iztacalco<\/a> tenemos una herencia cultural milenaria que son los carnavales, mismos que no han tenido apoyo gubernamental por m\u00e1s de 20 a\u00f1os.<br>En mi gobierno esto cambiar\u00e1, fomentaremos las tradiciones y apoyaremos a difundir nuestra herencia cultural.<a href=\"https:\/\/twitter.com\/hashtag\/ElCambioViene?src=hash&amp;ref_src=twsrc%5Etfw\">#ElCambioViene<\/a> <a href=\"https:\/\/twitter.com\/hashtag\/AhoraS%C3%AD?src=hash&amp;ref_src=twsrc%5Etfw\">#AhoraS\u00ed<\/a> <a href=\"https:\/\/t.co\/kEC08blwap\">pic.twitter.com\/kEC08blwap<\/a><\/p>&mdash; Daniel Ordo\u00f1ez (@Ordonez_Mx) <a href=\"https:\/\/twitter.com\/Ordonez_Mx\/status\/1779924928319332587?ref_src=twsrc%5Etfw\">April 15, 2024<\/a><\/blockquote><script async src=\"https:\/\/platform.twitter.com\/widgets.js\" charset=\"utf-8\"><\/script>\n<\/div><\/figure>\n\n\n\n<p>\u201cHay que poner a Iztacalco en el radar de la Ciudad de M\u00e9xico y de los visitantes, y que vean que aqu\u00ed tiene sus barrios, su riqueza cultural, sus tradiciones que se han conservado hasta la actualidad\u201d, a\u00f1adi\u00f3 el aspirante de la coalici\u00f3n PAN-PRI-PRD, luego de firmar acuerdos con los presidentes de las comparsas para que sus carnavales sean contemplados en el presupuesto de la alcald\u00eda en el pr\u00f3ximo gobierno que encabezar\u00e1 Ordo\u00f1ez.<\/p>\n\n\n\n<figure class=\"wp-block-image size-large\"><img loading=\"lazy\" decoding=\"async\" width=\"1024\" height=\"819\" src=\"https:\/\/quehacerpolitico.mx\/wp-content\/uploads\/2024\/04\/image-35-1024x819.jpeg\" alt=\"\" class=\"wp-image-109361\" srcset=\"https:\/\/quehacerpolitico.mx\/wp-content\/uploads\/2024\/04\/image-35-1024x819.jpeg 1024w, https:\/\/quehacerpolitico.mx\/wp-content\/uploads\/2024\/04\/image-35-300x240.jpeg 300w, https:\/\/quehacerpolitico.mx\/wp-content\/uploads\/2024\/04\/image-35-768x614.jpeg 768w, https:\/\/quehacerpolitico.mx\/wp-content\/uploads\/2024\/04\/image-35-1536x1229.jpeg 1536w, https:\/\/quehacerpolitico.mx\/wp-content\/uploads\/2024\/04\/image-35-183x146.jpeg 183w, https:\/\/quehacerpolitico.mx\/wp-content\/uploads\/2024\/04\/image-35-50x40.jpeg 50w, https:\/\/quehacerpolitico.mx\/wp-content\/uploads\/2024\/04\/image-35-94x75.jpeg 94w, https:\/\/quehacerpolitico.mx\/wp-content\/uploads\/2024\/04\/image-35.jpeg 1600w\" sizes=\"auto, (max-width: 1024px) 100vw, 1024px\" \/><\/figure>\n\n\n\n<figure class=\"wp-block-image size-large\"><img loading=\"lazy\" decoding=\"async\" width=\"576\" height=\"1024\" src=\"https:\/\/quehacerpolitico.mx\/wp-content\/uploads\/2024\/04\/image-34-576x1024.jpeg\" alt=\"\" class=\"wp-image-109360\" srcset=\"https:\/\/quehacerpolitico.mx\/wp-content\/uploads\/2024\/04\/image-34-576x1024.jpeg 576w, https:\/\/quehacerpolitico.mx\/wp-content\/uploads\/2024\/04\/image-34-169x300.jpeg 169w, https:\/\/quehacerpolitico.mx\/wp-content\/uploads\/2024\/04\/image-34-768x1365.jpeg 768w, https:\/\/quehacerpolitico.mx\/wp-content\/uploads\/2024\/04\/image-34-864x1536.jpeg 864w, https:\/\/quehacerpolitico.mx\/wp-content\/uploads\/2024\/04\/image-34-82x146.jpeg 82w, https:\/\/quehacerpolitico.mx\/wp-content\/uploads\/2024\/04\/image-34-28x50.jpeg 28w, https:\/\/quehacerpolitico.mx\/wp-content\/uploads\/2024\/04\/image-34-42x75.jpeg 42w, https:\/\/quehacerpolitico.mx\/wp-content\/uploads\/2024\/04\/image-34.jpeg 900w\" sizes=\"auto, (max-width: 576px) 100vw, 576px\" \/><\/figure>\n\n\n\n<p>Tambi\u00e9n est\u00e1 la propuesta de dar a conocer todo sobre las tradiciones, pero en las colonias populares de la alcald\u00eda, porque ni los mismos habitantes de otras zonas de Iztacalco conocen la riqueza hist\u00f3rica y cultural que tienen a la vuelta de la esquina.<\/p>\n\n\n\n<p>Cabe recordar que Iztacalco originariamente fue zona de canales acu\u00edferos y chinampas, misma que se urbaniz\u00f3 sobre los terrenos de las comunidades que hasta la fecha intentan mantener rasgos propios que marcan y delimitan su identidad, frente a una ciudad que las absorbi\u00f3 hace muchos a\u00f1os.<\/p>\n","protected":false},"excerpt":{"rendered":"<p>Por Redacci\u00f3n QP \uf0b7 Se dar\u00e1n a conocer las ermitas, los carnavales, y sus barrios&#8230;.<\/p>\n","protected":false},"author":2,"featured_media":109358,"comment_status":"open","ping_status":"open","sticky":false,"template":"","format":"standard","meta":{"_monsterinsights_skip_tracking":false,"_monsterinsights_sitenote_active":false,"_monsterinsights_sitenote_note":"","_monsterinsights_sitenote_category":0,"footnotes":""},"categories":[55],"tags":[],"class_list":["post-109357","post","type-post","status-publish","format-standard","has-post-thumbnail","hentry","category-cdmx"],"yoast_head":"<!-- This site is optimized with the Yoast SEO plugin v27.3 - https:\/\/yoast.com\/product\/yoast-seo-wordpress\/ -->\n<title>\u201cHay que poner a Iztacalco en el radar tur\u00edstico de la CDMX\u201d: Daniel Ordo\u00f1ez -<\/title>\n<meta name=\"robots\" content=\"index, follow, max-snippet:-1, max-image-preview:large, max-video-preview:-1\" \/>\n<link rel=\"canonical\" href=\"https:\/\/quehacerpolitico.mx\/?p=109357\" \/>\n<meta property=\"og:locale\" content=\"es_MX\" \/>\n<meta property=\"og:type\" content=\"article\" \/>\n<meta property=\"og:title\" content=\"\u201cHay que poner a Iztacalco en el radar tur\u00edstico de la CDMX\u201d: Daniel Ordo\u00f1ez -\" \/>\n<meta property=\"og:description\" content=\"Por Redacci\u00f3n QP \uf0b7 Se dar\u00e1n a conocer las ermitas, los carnavales, y sus barrios....\" \/>\n<meta property=\"og:url\" content=\"https:\/\/quehacerpolitico.mx\/?p=109357\" \/>\n<meta property=\"article:published_time\" content=\"2024-04-16T17:59:39+00:00\" \/>\n<meta property=\"article:modified_time\" content=\"2024-04-16T18:21:31+00:00\" \/>\n<meta property=\"og:image\" content=\"https:\/\/quehacerpolitico.mx\/wp-content\/uploads\/2024\/04\/f31513e0-023c-4393-92f4-d20c25fccf80.jpeg\" \/>\n\t<meta property=\"og:image:width\" content=\"1600\" \/>\n\t<meta property=\"og:image:height\" content=\"1200\" \/>\n\t<meta property=\"og:image:type\" content=\"image\/jpeg\" \/>\n<meta name=\"author\" content=\"Redacci\u00f3n QP\" \/>\n<meta name=\"twitter:card\" content=\"summary_large_image\" \/>\n<meta name=\"twitter:label1\" content=\"Escrito por\" \/>\n\t<meta name=\"twitter:data1\" content=\"Redacci\u00f3n QP\" \/>\n\t<meta name=\"twitter:label2\" content=\"Tiempo de lectura\" \/>\n\t<meta name=\"twitter:data2\" content=\"2 minutos\" \/>\n<script type=\"application\/ld+json\" class=\"yoast-schema-graph\">{\"@context\":\"https:\\\/\\\/schema.org\",\"@graph\":[{\"@type\":\"Article\",\"@id\":\"https:\\\/\\\/quehacerpolitico.mx\\\/?p=109357#article\",\"isPartOf\":{\"@id\":\"https:\\\/\\\/quehacerpolitico.mx\\\/?p=109357\"},\"author\":{\"name\":\"Redacci\u00f3n QP\",\"@id\":\"https:\\\/\\\/quehacerpolitico.mx\\\/#\\\/schema\\\/person\\\/496d8ad2d1d3f8036101dca7ee39e585\"},\"headline\":\"\u201cHay que poner a Iztacalco en el radar tur\u00edstico de la CDMX\u201d: Daniel Ordo\u00f1ez\",\"datePublished\":\"2024-04-16T17:59:39+00:00\",\"dateModified\":\"2024-04-16T18:21:31+00:00\",\"mainEntityOfPage\":{\"@id\":\"https:\\\/\\\/quehacerpolitico.mx\\\/?p=109357\"},\"wordCount\":472,\"commentCount\":0,\"image\":{\"@id\":\"https:\\\/\\\/quehacerpolitico.mx\\\/?p=109357#primaryimage\"},\"thumbnailUrl\":\"https:\\\/\\\/quehacerpolitico.mx\\\/wp-content\\\/uploads\\\/2024\\\/04\\\/f31513e0-023c-4393-92f4-d20c25fccf80.jpeg\",\"articleSection\":[\"CDMX\"],\"inLanguage\":\"es\",\"potentialAction\":[{\"@type\":\"CommentAction\",\"name\":\"Comment\",\"target\":[\"https:\\\/\\\/quehacerpolitico.mx\\\/?p=109357#respond\"]}]},{\"@type\":\"WebPage\",\"@id\":\"https:\\\/\\\/quehacerpolitico.mx\\\/?p=109357\",\"url\":\"https:\\\/\\\/quehacerpolitico.mx\\\/?p=109357\",\"name\":\"\u201cHay que poner a Iztacalco en el radar tur\u00edstico de la CDMX\u201d: Daniel Ordo\u00f1ez -\",\"isPartOf\":{\"@id\":\"https:\\\/\\\/quehacerpolitico.mx\\\/#website\"},\"primaryImageOfPage\":{\"@id\":\"https:\\\/\\\/quehacerpolitico.mx\\\/?p=109357#primaryimage\"},\"image\":{\"@id\":\"https:\\\/\\\/quehacerpolitico.mx\\\/?p=109357#primaryimage\"},\"thumbnailUrl\":\"https:\\\/\\\/quehacerpolitico.mx\\\/wp-content\\\/uploads\\\/2024\\\/04\\\/f31513e0-023c-4393-92f4-d20c25fccf80.jpeg\",\"datePublished\":\"2024-04-16T17:59:39+00:00\",\"dateModified\":\"2024-04-16T18:21:31+00:00\",\"author\":{\"@id\":\"https:\\\/\\\/quehacerpolitico.mx\\\/#\\\/schema\\\/person\\\/496d8ad2d1d3f8036101dca7ee39e585\"},\"breadcrumb\":{\"@id\":\"https:\\\/\\\/quehacerpolitico.mx\\\/?p=109357#breadcrumb\"},\"inLanguage\":\"es\",\"potentialAction\":[{\"@type\":\"ReadAction\",\"target\":[\"https:\\\/\\\/quehacerpolitico.mx\\\/?p=109357\"]}]},{\"@type\":\"ImageObject\",\"inLanguage\":\"es\",\"@id\":\"https:\\\/\\\/quehacerpolitico.mx\\\/?p=109357#primaryimage\",\"url\":\"https:\\\/\\\/quehacerpolitico.mx\\\/wp-content\\\/uploads\\\/2024\\\/04\\\/f31513e0-023c-4393-92f4-d20c25fccf80.jpeg\",\"contentUrl\":\"https:\\\/\\\/quehacerpolitico.mx\\\/wp-content\\\/uploads\\\/2024\\\/04\\\/f31513e0-023c-4393-92f4-d20c25fccf80.jpeg\",\"width\":1600,\"height\":1200},{\"@type\":\"BreadcrumbList\",\"@id\":\"https:\\\/\\\/quehacerpolitico.mx\\\/?p=109357#breadcrumb\",\"itemListElement\":[{\"@type\":\"ListItem\",\"position\":1,\"name\":\"Inicio\",\"item\":\"https:\\\/\\\/quehacerpolitico.mx\\\/\"},{\"@type\":\"ListItem\",\"position\":2,\"name\":\"\u201cHay que poner a Iztacalco en el radar tur\u00edstico de la CDMX\u201d: Daniel Ordo\u00f1ez\"}]},{\"@type\":\"WebSite\",\"@id\":\"https:\\\/\\\/quehacerpolitico.mx\\\/#website\",\"url\":\"https:\\\/\\\/quehacerpolitico.mx\\\/\",\"name\":\"\",\"description\":\"\",\"potentialAction\":[{\"@type\":\"SearchAction\",\"target\":{\"@type\":\"EntryPoint\",\"urlTemplate\":\"https:\\\/\\\/quehacerpolitico.mx\\\/?s={search_term_string}\"},\"query-input\":{\"@type\":\"PropertyValueSpecification\",\"valueRequired\":true,\"valueName\":\"search_term_string\"}}],\"inLanguage\":\"es\"},{\"@type\":\"Person\",\"@id\":\"https:\\\/\\\/quehacerpolitico.mx\\\/#\\\/schema\\\/person\\\/496d8ad2d1d3f8036101dca7ee39e585\",\"name\":\"Redacci\u00f3n QP\",\"image\":{\"@type\":\"ImageObject\",\"inLanguage\":\"es\",\"@id\":\"https:\\\/\\\/secure.gravatar.com\\\/avatar\\\/c7164ed6fdec453195284ad24a5ae5b6e1eed2b848477fa2a4787ba9adf39a41?s=96&d=mm&r=g\",\"url\":\"https:\\\/\\\/secure.gravatar.com\\\/avatar\\\/c7164ed6fdec453195284ad24a5ae5b6e1eed2b848477fa2a4787ba9adf39a41?s=96&d=mm&r=g\",\"contentUrl\":\"https:\\\/\\\/secure.gravatar.com\\\/avatar\\\/c7164ed6fdec453195284ad24a5ae5b6e1eed2b848477fa2a4787ba9adf39a41?s=96&d=mm&r=g\",\"caption\":\"Redacci\u00f3n QP\"},\"url\":\"https:\\\/\\\/quehacerpolitico.mx\\\/?author=2\"}]}<\/script>\n<!-- \/ Yoast SEO plugin. -->","yoast_head_json":{"title":"\u201cHay que poner a Iztacalco en el radar tur\u00edstico de la CDMX\u201d: Daniel Ordo\u00f1ez -","robots":{"index":"index","follow":"follow","max-snippet":"max-snippet:-1","max-image-preview":"max-image-preview:large","max-video-preview":"max-video-preview:-1"},"canonical":"https:\/\/quehacerpolitico.mx\/?p=109357","og_locale":"es_MX","og_type":"article","og_title":"\u201cHay que poner a Iztacalco en el radar tur\u00edstico de la CDMX\u201d: Daniel Ordo\u00f1ez -","og_description":"Por Redacci\u00f3n QP \uf0b7 Se dar\u00e1n a conocer las ermitas, los carnavales, y sus barrios....","og_url":"https:\/\/quehacerpolitico.mx\/?p=109357","article_published_time":"2024-04-16T17:59:39+00:00","article_modified_time":"2024-04-16T18:21:31+00:00","og_image":[{"width":1600,"height":1200,"url":"https:\/\/quehacerpolitico.mx\/wp-content\/uploads\/2024\/04\/f31513e0-023c-4393-92f4-d20c25fccf80.jpeg","type":"image\/jpeg"}],"author":"Redacci\u00f3n QP","twitter_card":"summary_large_image","twitter_misc":{"Escrito por":"Redacci\u00f3n QP","Tiempo de lectura":"2 minutos"},"schema":{"@context":"https:\/\/schema.org","@graph":[{"@type":"Article","@id":"https:\/\/quehacerpolitico.mx\/?p=109357#article","isPartOf":{"@id":"https:\/\/quehacerpolitico.mx\/?p=109357"},"author":{"name":"Redacci\u00f3n QP","@id":"https:\/\/quehacerpolitico.mx\/#\/schema\/person\/496d8ad2d1d3f8036101dca7ee39e585"},"headline":"\u201cHay que poner a Iztacalco en el radar tur\u00edstico de la CDMX\u201d: Daniel Ordo\u00f1ez","datePublished":"2024-04-16T17:59:39+00:00","dateModified":"2024-04-16T18:21:31+00:00","mainEntityOfPage":{"@id":"https:\/\/quehacerpolitico.mx\/?p=109357"},"wordCount":472,"commentCount":0,"image":{"@id":"https:\/\/quehacerpolitico.mx\/?p=109357#primaryimage"},"thumbnailUrl":"https:\/\/quehacerpolitico.mx\/wp-content\/uploads\/2024\/04\/f31513e0-023c-4393-92f4-d20c25fccf80.jpeg","articleSection":["CDMX"],"inLanguage":"es","potentialAction":[{"@type":"CommentAction","name":"Comment","target":["https:\/\/quehacerpolitico.mx\/?p=109357#respond"]}]},{"@type":"WebPage","@id":"https:\/\/quehacerpolitico.mx\/?p=109357","url":"https:\/\/quehacerpolitico.mx\/?p=109357","name":"\u201cHay que poner a Iztacalco en el radar tur\u00edstico de la CDMX\u201d: Daniel Ordo\u00f1ez -","isPartOf":{"@id":"https:\/\/quehacerpolitico.mx\/#website"},"primaryImageOfPage":{"@id":"https:\/\/quehacerpolitico.mx\/?p=109357#primaryimage"},"image":{"@id":"https:\/\/quehacerpolitico.mx\/?p=109357#primaryimage"},"thumbnailUrl":"https:\/\/quehacerpolitico.mx\/wp-content\/uploads\/2024\/04\/f31513e0-023c-4393-92f4-d20c25fccf80.jpeg","datePublished":"2024-04-16T17:59:39+00:00","dateModified":"2024-04-16T18:21:31+00:00","author":{"@id":"https:\/\/quehacerpolitico.mx\/#\/schema\/person\/496d8ad2d1d3f8036101dca7ee39e585"},"breadcrumb":{"@id":"https:\/\/quehacerpolitico.mx\/?p=109357#breadcrumb"},"inLanguage":"es","potentialAction":[{"@type":"ReadAction","target":["https:\/\/quehacerpolitico.mx\/?p=109357"]}]},{"@type":"ImageObject","inLanguage":"es","@id":"https:\/\/quehacerpolitico.mx\/?p=109357#primaryimage","url":"https:\/\/quehacerpolitico.mx\/wp-content\/uploads\/2024\/04\/f31513e0-023c-4393-92f4-d20c25fccf80.jpeg","contentUrl":"https:\/\/quehacerpolitico.mx\/wp-content\/uploads\/2024\/04\/f31513e0-023c-4393-92f4-d20c25fccf80.jpeg","width":1600,"height":1200},{"@type":"BreadcrumbList","@id":"https:\/\/quehacerpolitico.mx\/?p=109357#breadcrumb","itemListElement":[{"@type":"ListItem","position":1,"name":"Inicio","item":"https:\/\/quehacerpolitico.mx\/"},{"@type":"ListItem","position":2,"name":"\u201cHay que poner a Iztacalco en el radar tur\u00edstico de la CDMX\u201d: Daniel Ordo\u00f1ez"}]},{"@type":"WebSite","@id":"https:\/\/quehacerpolitico.mx\/#website","url":"https:\/\/quehacerpolitico.mx\/","name":"","description":"","potentialAction":[{"@type":"SearchAction","target":{"@type":"EntryPoint","urlTemplate":"https:\/\/quehacerpolitico.mx\/?s={search_term_string}"},"query-input":{"@type":"PropertyValueSpecification","valueRequired":true,"valueName":"search_term_string"}}],"inLanguage":"es"},{"@type":"Person","@id":"https:\/\/quehacerpolitico.mx\/#\/schema\/person\/496d8ad2d1d3f8036101dca7ee39e585","name":"Redacci\u00f3n QP","image":{"@type":"ImageObject","inLanguage":"es","@id":"https:\/\/secure.gravatar.com\/avatar\/c7164ed6fdec453195284ad24a5ae5b6e1eed2b848477fa2a4787ba9adf39a41?s=96&d=mm&r=g","url":"https:\/\/secure.gravatar.com\/avatar\/c7164ed6fdec453195284ad24a5ae5b6e1eed2b848477fa2a4787ba9adf39a41?s=96&d=mm&r=g","contentUrl":"https:\/\/secure.gravatar.com\/avatar\/c7164ed6fdec453195284ad24a5ae5b6e1eed2b848477fa2a4787ba9adf39a41?s=96&d=mm&r=g","caption":"Redacci\u00f3n QP"},"url":"https:\/\/quehacerpolitico.mx\/?author=2"}]}},"featured_image_urls":{"full":["https:\/\/quehacerpolitico.mx\/wp-content\/uploads\/2024\/04\/f31513e0-023c-4393-92f4-d20c25fccf80.jpeg",1600,1200,false],"thumbnail":["https:\/\/quehacerpolitico.mx\/wp-content\/uploads\/2024\/04\/f31513e0-023c-4393-92f4-d20c25fccf80-150x150.jpeg",150,150,true],"medium":["https:\/\/quehacerpolitico.mx\/wp-content\/uploads\/2024\/04\/f31513e0-023c-4393-92f4-d20c25fccf80-300x225.jpeg",300,225,true],"medium_large":["https:\/\/quehacerpolitico.mx\/wp-content\/uploads\/2024\/04\/f31513e0-023c-4393-92f4-d20c25fccf80-768x576.jpeg",640,480,true],"large":["https:\/\/quehacerpolitico.mx\/wp-content\/uploads\/2024\/04\/f31513e0-023c-4393-92f4-d20c25fccf80-1024x768.jpeg",640,480,true],"1536x1536":["https:\/\/quehacerpolitico.mx\/wp-content\/uploads\/2024\/04\/f31513e0-023c-4393-92f4-d20c25fccf80-1536x1152.jpeg",1536,1152,true],"2048x2048":["https:\/\/quehacerpolitico.mx\/wp-content\/uploads\/2024\/04\/f31513e0-023c-4393-92f4-d20c25fccf80.jpeg",1600,1200,false],"covernews-featured":["https:\/\/quehacerpolitico.mx\/wp-content\/uploads\/2024\/04\/f31513e0-023c-4393-92f4-d20c25fccf80.jpeg",1024,768,false],"covernews-medium":["https:\/\/quehacerpolitico.mx\/wp-content\/uploads\/2024\/04\/f31513e0-023c-4393-92f4-d20c25fccf80.jpeg",453,340,false]},"author_info":{"display_name":"Redacci\u00f3n QP","author_link":"https:\/\/quehacerpolitico.mx\/?author=2"},"category_info":"<a href=\"https:\/\/quehacerpolitico.mx\/?cat=55\" rel=\"category\">CDMX<\/a>","tag_info":"CDMX","comment_count":"0","_links":{"self":[{"href":"https:\/\/quehacerpolitico.mx\/index.php?rest_route=\/wp\/v2\/posts\/109357","targetHints":{"allow":["GET"]}}],"collection":[{"href":"https:\/\/quehacerpolitico.mx\/index.php?rest_route=\/wp\/v2\/posts"}],"about":[{"href":"https:\/\/quehacerpolitico.mx\/index.php?rest_route=\/wp\/v2\/types\/post"}],"author":[{"embeddable":true,"href":"https:\/\/quehacerpolitico.mx\/index.php?rest_route=\/wp\/v2\/users\/2"}],"replies":[{"embeddable":true,"href":"https:\/\/quehacerpolitico.mx\/index.php?rest_route=%2Fwp%2Fv2%2Fcomments&post=109357"}],"version-history":[{"count":1,"href":"https:\/\/quehacerpolitico.mx\/index.php?rest_route=\/wp\/v2\/posts\/109357\/revisions"}],"predecessor-version":[{"id":109362,"href":"https:\/\/quehacerpolitico.mx\/index.php?rest_route=\/wp\/v2\/posts\/109357\/revisions\/109362"}],"wp:featuredmedia":[{"embeddable":true,"href":"https:\/\/quehacerpolitico.mx\/index.php?rest_route=\/wp\/v2\/media\/109358"}],"wp:attachment":[{"href":"https:\/\/quehacerpolitico.mx\/index.php?rest_route=%2Fwp%2Fv2%2Fmedia&parent=109357"}],"wp:term":[{"taxonomy":"category","embeddable":true,"href":"https:\/\/quehacerpolitico.mx\/index.php?rest_route=%2Fwp%2Fv2%2Fcategories&post=109357"},{"taxonomy":"post_tag","embeddable":true,"href":"https:\/\/quehacerpolitico.mx\/index.php?rest_route=%2Fwp%2Fv2%2Ftags&post=109357"}],"curies":[{"name":"wp","href":"https:\/\/api.w.org\/{rel}","templated":true}]}}