{"id":109329,"date":"2024-04-15T17:45:01","date_gmt":"2024-04-15T17:45:01","guid":{"rendered":"https:\/\/quehacerpolitico.mx\/?p=109329"},"modified":"2024-04-15T17:45:04","modified_gmt":"2024-04-15T17:45:04","slug":"tiene-todo-nuestro-apoyo-nuestra-confianza-amlo-da-espaldarazo-a-arturo-zaldivar-y-acusa-una-especie-de-venganza-en-su-contra-por-investigacion-en-el-consejo-de-la-judicatura-federal","status":"publish","type":"post","link":"https:\/\/quehacerpolitico.mx\/?p=109329","title":{"rendered":"&#8220;Tiene todo nuestro apoyo, nuestra confianza&#8221; AMLO da espaldarazo a Arturo Zald\u00edvar y acusa &#8220;una especie de venganza&#8221; en su contra por investigaci\u00f3n en el Consejo de la Judicatura Federal&#8221;"},"content":{"rendered":"\n<p>Por Redacci\u00f3n QP<\/p>\n\n\n\n<p>El presidente de M\u00e9xico,\u00a0<strong>Andr\u00e9s Manuel L\u00f3pez Obrador<\/strong>, calific\u00f3 como una\u00a0<strong>venganza<\/strong>\u00a0la investigaci\u00f3n que orden\u00f3 la presidenta de la Suprema Corte de Justicia de la Naci\u00f3n (SCJN),\u00a0<strong>Norma Pi\u00f1a Hern\u00e1ndez<\/strong>, en contra del ministro en retiro\u00a0<strong>Arturo Zald\u00edvar<\/strong>, integrante de la campa\u00f1a de Claudia Sheinbaum, y acus\u00f3 que existe un \u201c<strong>linchamiento<\/strong>\u201d p\u00fablico y pol\u00edtico.<\/p>\n\n\n\n<p>\u201cAhora hay un\u00a0<strong>debate<\/strong>\u00a0en contra del exministro\u00a0<strong>Zald\u00edvar<\/strong>\u00a0y dejaron, a diferencia de otros casos, dejaron entrar una\u00a0<strong>denuncia<\/strong>\u00a0an\u00f3nima y le dieron celeridad, justicia pronta y expedita, y ahora, pues ya se sabe que es una especie de\u00a0<strong>venganza<\/strong>\u00a0en contra del exministro\u00a0<strong>Zald\u00edvar<\/strong>\u201c, se\u00f1al\u00f3 este lunes durante su conferencia matutina en Palacio Nacional.<\/p>\n\n\n\n<figure class=\"wp-block-embed is-type-video is-provider-youtube wp-block-embed-youtube wp-embed-aspect-16-9 wp-has-aspect-ratio\"><div class=\"wp-block-embed__wrapper\">\n<iframe loading=\"lazy\" title=\"AMLO saca el pecho por Zald\u00edvar: &quot;Tiene todo nuestro apoyo&quot;\" width=\"640\" height=\"360\" src=\"https:\/\/www.youtube.com\/embed\/gr4BOdR6d1I?feature=oembed\" frameborder=\"0\" allow=\"accelerometer; autoplay; clipboard-write; encrypted-media; gyroscope; picture-in-picture; web-share\" referrerpolicy=\"strict-origin-when-cross-origin\" allowfullscreen><\/iframe>\n<\/div><\/figure>\n\n\n\n<p>\u201c(Decirle) que tiene todo nuestro apoyo, nuestro&nbsp;<strong>respaldo<\/strong>, nuestra confianza, yo lo considero un abogado \u00edntegro, un exmiembro del Poder Judicial, de la Suprema Corte que actu\u00f3 con&nbsp;<strong>rectitud<\/strong>, por eso iba yo a sus informes, porque no recuerdo que un presidente de la Suprema Corte hablara del combate a la&nbsp;<strong>corrupci\u00f3n<\/strong>&nbsp;y del nepotismo que existe en el&nbsp;<strong>Poder Judicial&nbsp;<\/strong>y de las componendas\u201d.<\/p>\n\n\n\n<p>A trav\u00e9s de su cuenta de X (antes Twitter), el ministro en retiro agradeci\u00f3 al mandatario federal su apoyo sobre lo que consider\u00f3 una\u00a0<strong>persecuci\u00f3n<\/strong>\u00a0<strong>pol\u00edtica<\/strong>\u00a0y un \u201c<strong>linchamiento<\/strong> medi\u00e1tico\u201d, orquestado desde el \u201cgrupo conservador\u201d<\/p>\n\n\n\n<figure class=\"wp-block-embed is-type-rich is-provider-twitter wp-block-embed-twitter\"><div class=\"wp-block-embed__wrapper\">\n<blockquote class=\"twitter-tweet\" data-width=\"550\" data-dnt=\"true\"><p lang=\"es\" dir=\"ltr\">Agradezco al presidente <a href=\"https:\/\/twitter.com\/lopezobrador_?ref_src=twsrc%5Etfw\">@lopezobrador_<\/a> su apoyo y sus amables conceptos sobre mi persona ante la persecuci\u00f3n pol\u00edtica y linchamiento medi\u00e1tico armado desde el grupo conservador. <br><br>El pueblo est\u00e1 despierto y no se deja enga\u00f1ar. <br><br>\u00a1Gracias, Presidente!<\/p>&mdash; Arturo Zald\u00edvar (@ArturoZaldivarL) <a href=\"https:\/\/twitter.com\/ArturoZaldivarL\/status\/1779888012283040193?ref_src=twsrc%5Etfw\">April 15, 2024<\/a><\/blockquote><script async src=\"https:\/\/platform.twitter.com\/widgets.js\" charset=\"utf-8\"><\/script>\n<\/div><\/figure>\n\n\n\n<p>\u201cEl pueblo est\u00e1&nbsp;<strong>despierto<\/strong>&nbsp;y no se deja enga\u00f1ar. \u00a1Gracias, presidente!\u201d, escribi\u00f3 Arturo Zald\u00edvar en su cuenta oficial.<\/p>\n\n\n\n<p>L\u00f3pez Obrador cuestion\u00f3 la&nbsp;<strong>investigaci\u00f3n<\/strong>&nbsp;que abri\u00f3 la semana pasada la actual presidenta de la Suprema Corte contra Zald\u00edvar y funcionarios allegados por posible&nbsp;<strong>corrupci\u00f3n<\/strong>, enriquecimiento il\u00edcito y otros delitos.<\/p>\n\n\n\n<p>La investigaci\u00f3n surgi\u00f3 por una denuncia an\u00f3nima que acusa a Zald\u00edvar de, mediante presiones, haber vulnerado la autonom\u00eda e independencia de titulares de juzgados del sistema judicial para \u201csatisfacer intereses personales o de terceros\u201d<a href=\"https:\/\/twitter.com\/ArturoZaldivarL\">.<\/a><\/p>\n\n\n\n<p><em>Con informaci\u00f3n de EFE<\/em><\/p>\n","protected":false},"excerpt":{"rendered":"<p>Por Redacci\u00f3n QP El presidente de M\u00e9xico,\u00a0Andr\u00e9s Manuel L\u00f3pez Obrador, calific\u00f3 como una\u00a0venganza\u00a0la investigaci\u00f3n que&#8230;<\/p>\n","protected":false},"author":2,"featured_media":109330,"comment_status":"open","ping_status":"open","sticky":false,"template":"","format":"standard","meta":{"_monsterinsights_skip_tracking":false,"_monsterinsights_sitenote_active":false,"_monsterinsights_sitenote_note":"","_monsterinsights_sitenote_category":0,"footnotes":""},"categories":[2],"tags":[],"class_list":["post-109329","post","type-post","status-publish","format-standard","has-post-thumbnail","hentry","category-noticias"],"yoast_head":"<!-- This site is optimized with the Yoast SEO plugin v27.3 - https:\/\/yoast.com\/product\/yoast-seo-wordpress\/ -->\n<title>&quot;Tiene todo nuestro apoyo, nuestra confianza&quot; AMLO da espaldarazo a Arturo Zald\u00edvar y acusa &quot;una especie de venganza&quot; en su contra por investigaci\u00f3n en el Consejo de la Judicatura Federal&quot; -<\/title>\n<meta name=\"robots\" content=\"index, follow, max-snippet:-1, max-image-preview:large, max-video-preview:-1\" \/>\n<link rel=\"canonical\" href=\"https:\/\/quehacerpolitico.mx\/?p=109329\" \/>\n<meta property=\"og:locale\" content=\"es_MX\" \/>\n<meta property=\"og:type\" content=\"article\" \/>\n<meta property=\"og:title\" content=\"&quot;Tiene todo nuestro apoyo, nuestra confianza&quot; AMLO da espaldarazo a Arturo Zald\u00edvar y acusa &quot;una especie de venganza&quot; en su contra por investigaci\u00f3n en el Consejo de la Judicatura Federal&quot; -\" \/>\n<meta property=\"og:description\" content=\"Por Redacci\u00f3n QP El presidente de M\u00e9xico,\u00a0Andr\u00e9s Manuel L\u00f3pez Obrador, calific\u00f3 como una\u00a0venganza\u00a0la investigaci\u00f3n que...\" \/>\n<meta property=\"og:url\" content=\"https:\/\/quehacerpolitico.mx\/?p=109329\" \/>\n<meta property=\"article:published_time\" content=\"2024-04-15T17:45:01+00:00\" \/>\n<meta property=\"article:modified_time\" content=\"2024-04-15T17:45:04+00:00\" \/>\n<meta property=\"og:image\" content=\"https:\/\/quehacerpolitico.mx\/wp-content\/uploads\/2024\/04\/IMG_4860.jpeg\" \/>\n\t<meta property=\"og:image:width\" content=\"738\" \/>\n\t<meta property=\"og:image:height\" content=\"415\" \/>\n\t<meta property=\"og:image:type\" content=\"image\/jpeg\" \/>\n<meta name=\"author\" content=\"Redacci\u00f3n QP\" \/>\n<meta name=\"twitter:card\" content=\"summary_large_image\" \/>\n<meta name=\"twitter:label1\" content=\"Escrito por\" \/>\n\t<meta name=\"twitter:data1\" content=\"Redacci\u00f3n QP\" \/>\n\t<meta name=\"twitter:label2\" content=\"Tiempo de lectura\" \/>\n\t<meta name=\"twitter:data2\" content=\"2 minutos\" \/>\n<script type=\"application\/ld+json\" class=\"yoast-schema-graph\">{\"@context\":\"https:\\\/\\\/schema.org\",\"@graph\":[{\"@type\":\"Article\",\"@id\":\"https:\\\/\\\/quehacerpolitico.mx\\\/?p=109329#article\",\"isPartOf\":{\"@id\":\"https:\\\/\\\/quehacerpolitico.mx\\\/?p=109329\"},\"author\":{\"name\":\"Redacci\u00f3n QP\",\"@id\":\"https:\\\/\\\/quehacerpolitico.mx\\\/#\\\/schema\\\/person\\\/496d8ad2d1d3f8036101dca7ee39e585\"},\"headline\":\"&#8220;Tiene todo nuestro apoyo, nuestra confianza&#8221; AMLO da espaldarazo a Arturo Zald\u00edvar y acusa &#8220;una especie de venganza&#8221; en su contra por investigaci\u00f3n en el Consejo de la Judicatura Federal&#8221;\",\"datePublished\":\"2024-04-15T17:45:01+00:00\",\"dateModified\":\"2024-04-15T17:45:04+00:00\",\"mainEntityOfPage\":{\"@id\":\"https:\\\/\\\/quehacerpolitico.mx\\\/?p=109329\"},\"wordCount\":400,\"commentCount\":0,\"image\":{\"@id\":\"https:\\\/\\\/quehacerpolitico.mx\\\/?p=109329#primaryimage\"},\"thumbnailUrl\":\"https:\\\/\\\/quehacerpolitico.mx\\\/wp-content\\\/uploads\\\/2024\\\/04\\\/IMG_4860.jpeg\",\"articleSection\":[\"Noticias\"],\"inLanguage\":\"es\",\"potentialAction\":[{\"@type\":\"CommentAction\",\"name\":\"Comment\",\"target\":[\"https:\\\/\\\/quehacerpolitico.mx\\\/?p=109329#respond\"]}]},{\"@type\":\"WebPage\",\"@id\":\"https:\\\/\\\/quehacerpolitico.mx\\\/?p=109329\",\"url\":\"https:\\\/\\\/quehacerpolitico.mx\\\/?p=109329\",\"name\":\"\\\"Tiene todo nuestro apoyo, nuestra confianza\\\" AMLO da espaldarazo a Arturo Zald\u00edvar y acusa \\\"una especie de venganza\\\" en su contra por investigaci\u00f3n en el Consejo de la Judicatura Federal\\\" -\",\"isPartOf\":{\"@id\":\"https:\\\/\\\/quehacerpolitico.mx\\\/#website\"},\"primaryImageOfPage\":{\"@id\":\"https:\\\/\\\/quehacerpolitico.mx\\\/?p=109329#primaryimage\"},\"image\":{\"@id\":\"https:\\\/\\\/quehacerpolitico.mx\\\/?p=109329#primaryimage\"},\"thumbnailUrl\":\"https:\\\/\\\/quehacerpolitico.mx\\\/wp-content\\\/uploads\\\/2024\\\/04\\\/IMG_4860.jpeg\",\"datePublished\":\"2024-04-15T17:45:01+00:00\",\"dateModified\":\"2024-04-15T17:45:04+00:00\",\"author\":{\"@id\":\"https:\\\/\\\/quehacerpolitico.mx\\\/#\\\/schema\\\/person\\\/496d8ad2d1d3f8036101dca7ee39e585\"},\"breadcrumb\":{\"@id\":\"https:\\\/\\\/quehacerpolitico.mx\\\/?p=109329#breadcrumb\"},\"inLanguage\":\"es\",\"potentialAction\":[{\"@type\":\"ReadAction\",\"target\":[\"https:\\\/\\\/quehacerpolitico.mx\\\/?p=109329\"]}]},{\"@type\":\"ImageObject\",\"inLanguage\":\"es\",\"@id\":\"https:\\\/\\\/quehacerpolitico.mx\\\/?p=109329#primaryimage\",\"url\":\"https:\\\/\\\/quehacerpolitico.mx\\\/wp-content\\\/uploads\\\/2024\\\/04\\\/IMG_4860.jpeg\",\"contentUrl\":\"https:\\\/\\\/quehacerpolitico.mx\\\/wp-content\\\/uploads\\\/2024\\\/04\\\/IMG_4860.jpeg\",\"width\":738,\"height\":415},{\"@type\":\"BreadcrumbList\",\"@id\":\"https:\\\/\\\/quehacerpolitico.mx\\\/?p=109329#breadcrumb\",\"itemListElement\":[{\"@type\":\"ListItem\",\"position\":1,\"name\":\"Inicio\",\"item\":\"https:\\\/\\\/quehacerpolitico.mx\\\/\"},{\"@type\":\"ListItem\",\"position\":2,\"name\":\"&#8220;Tiene todo nuestro apoyo, nuestra confianza&#8221; AMLO da espaldarazo a Arturo Zald\u00edvar y acusa &#8220;una especie de venganza&#8221; en su contra por investigaci\u00f3n en el Consejo de la Judicatura Federal&#8221;\"}]},{\"@type\":\"WebSite\",\"@id\":\"https:\\\/\\\/quehacerpolitico.mx\\\/#website\",\"url\":\"https:\\\/\\\/quehacerpolitico.mx\\\/\",\"name\":\"\",\"description\":\"\",\"potentialAction\":[{\"@type\":\"SearchAction\",\"target\":{\"@type\":\"EntryPoint\",\"urlTemplate\":\"https:\\\/\\\/quehacerpolitico.mx\\\/?s={search_term_string}\"},\"query-input\":{\"@type\":\"PropertyValueSpecification\",\"valueRequired\":true,\"valueName\":\"search_term_string\"}}],\"inLanguage\":\"es\"},{\"@type\":\"Person\",\"@id\":\"https:\\\/\\\/quehacerpolitico.mx\\\/#\\\/schema\\\/person\\\/496d8ad2d1d3f8036101dca7ee39e585\",\"name\":\"Redacci\u00f3n QP\",\"image\":{\"@type\":\"ImageObject\",\"inLanguage\":\"es\",\"@id\":\"https:\\\/\\\/secure.gravatar.com\\\/avatar\\\/c7164ed6fdec453195284ad24a5ae5b6e1eed2b848477fa2a4787ba9adf39a41?s=96&d=mm&r=g\",\"url\":\"https:\\\/\\\/secure.gravatar.com\\\/avatar\\\/c7164ed6fdec453195284ad24a5ae5b6e1eed2b848477fa2a4787ba9adf39a41?s=96&d=mm&r=g\",\"contentUrl\":\"https:\\\/\\\/secure.gravatar.com\\\/avatar\\\/c7164ed6fdec453195284ad24a5ae5b6e1eed2b848477fa2a4787ba9adf39a41?s=96&d=mm&r=g\",\"caption\":\"Redacci\u00f3n QP\"},\"url\":\"https:\\\/\\\/quehacerpolitico.mx\\\/?author=2\"}]}<\/script>\n<!-- \/ Yoast SEO plugin. -->","yoast_head_json":{"title":"\"Tiene todo nuestro apoyo, nuestra confianza\" AMLO da espaldarazo a Arturo Zald\u00edvar y acusa \"una especie de venganza\" en su contra por investigaci\u00f3n en el Consejo de la Judicatura Federal\" -","robots":{"index":"index","follow":"follow","max-snippet":"max-snippet:-1","max-image-preview":"max-image-preview:large","max-video-preview":"max-video-preview:-1"},"canonical":"https:\/\/quehacerpolitico.mx\/?p=109329","og_locale":"es_MX","og_type":"article","og_title":"\"Tiene todo nuestro apoyo, nuestra confianza\" AMLO da espaldarazo a Arturo Zald\u00edvar y acusa \"una especie de venganza\" en su contra por investigaci\u00f3n en el Consejo de la Judicatura Federal\" -","og_description":"Por Redacci\u00f3n QP El presidente de M\u00e9xico,\u00a0Andr\u00e9s Manuel L\u00f3pez Obrador, calific\u00f3 como una\u00a0venganza\u00a0la investigaci\u00f3n que...","og_url":"https:\/\/quehacerpolitico.mx\/?p=109329","article_published_time":"2024-04-15T17:45:01+00:00","article_modified_time":"2024-04-15T17:45:04+00:00","og_image":[{"width":738,"height":415,"url":"https:\/\/quehacerpolitico.mx\/wp-content\/uploads\/2024\/04\/IMG_4860.jpeg","type":"image\/jpeg"}],"author":"Redacci\u00f3n QP","twitter_card":"summary_large_image","twitter_misc":{"Escrito por":"Redacci\u00f3n QP","Tiempo de lectura":"2 minutos"},"schema":{"@context":"https:\/\/schema.org","@graph":[{"@type":"Article","@id":"https:\/\/quehacerpolitico.mx\/?p=109329#article","isPartOf":{"@id":"https:\/\/quehacerpolitico.mx\/?p=109329"},"author":{"name":"Redacci\u00f3n QP","@id":"https:\/\/quehacerpolitico.mx\/#\/schema\/person\/496d8ad2d1d3f8036101dca7ee39e585"},"headline":"&#8220;Tiene todo nuestro apoyo, nuestra confianza&#8221; AMLO da espaldarazo a Arturo Zald\u00edvar y acusa &#8220;una especie de venganza&#8221; en su contra por investigaci\u00f3n en el Consejo de la Judicatura Federal&#8221;","datePublished":"2024-04-15T17:45:01+00:00","dateModified":"2024-04-15T17:45:04+00:00","mainEntityOfPage":{"@id":"https:\/\/quehacerpolitico.mx\/?p=109329"},"wordCount":400,"commentCount":0,"image":{"@id":"https:\/\/quehacerpolitico.mx\/?p=109329#primaryimage"},"thumbnailUrl":"https:\/\/quehacerpolitico.mx\/wp-content\/uploads\/2024\/04\/IMG_4860.jpeg","articleSection":["Noticias"],"inLanguage":"es","potentialAction":[{"@type":"CommentAction","name":"Comment","target":["https:\/\/quehacerpolitico.mx\/?p=109329#respond"]}]},{"@type":"WebPage","@id":"https:\/\/quehacerpolitico.mx\/?p=109329","url":"https:\/\/quehacerpolitico.mx\/?p=109329","name":"\"Tiene todo nuestro apoyo, nuestra confianza\" AMLO da espaldarazo a Arturo Zald\u00edvar y acusa \"una especie de venganza\" en su contra por investigaci\u00f3n en el Consejo de la Judicatura Federal\" -","isPartOf":{"@id":"https:\/\/quehacerpolitico.mx\/#website"},"primaryImageOfPage":{"@id":"https:\/\/quehacerpolitico.mx\/?p=109329#primaryimage"},"image":{"@id":"https:\/\/quehacerpolitico.mx\/?p=109329#primaryimage"},"thumbnailUrl":"https:\/\/quehacerpolitico.mx\/wp-content\/uploads\/2024\/04\/IMG_4860.jpeg","datePublished":"2024-04-15T17:45:01+00:00","dateModified":"2024-04-15T17:45:04+00:00","author":{"@id":"https:\/\/quehacerpolitico.mx\/#\/schema\/person\/496d8ad2d1d3f8036101dca7ee39e585"},"breadcrumb":{"@id":"https:\/\/quehacerpolitico.mx\/?p=109329#breadcrumb"},"inLanguage":"es","potentialAction":[{"@type":"ReadAction","target":["https:\/\/quehacerpolitico.mx\/?p=109329"]}]},{"@type":"ImageObject","inLanguage":"es","@id":"https:\/\/quehacerpolitico.mx\/?p=109329#primaryimage","url":"https:\/\/quehacerpolitico.mx\/wp-content\/uploads\/2024\/04\/IMG_4860.jpeg","contentUrl":"https:\/\/quehacerpolitico.mx\/wp-content\/uploads\/2024\/04\/IMG_4860.jpeg","width":738,"height":415},{"@type":"BreadcrumbList","@id":"https:\/\/quehacerpolitico.mx\/?p=109329#breadcrumb","itemListElement":[{"@type":"ListItem","position":1,"name":"Inicio","item":"https:\/\/quehacerpolitico.mx\/"},{"@type":"ListItem","position":2,"name":"&#8220;Tiene todo nuestro apoyo, nuestra confianza&#8221; AMLO da espaldarazo a Arturo Zald\u00edvar y acusa &#8220;una especie de venganza&#8221; en su contra por investigaci\u00f3n en el Consejo de la Judicatura Federal&#8221;"}]},{"@type":"WebSite","@id":"https:\/\/quehacerpolitico.mx\/#website","url":"https:\/\/quehacerpolitico.mx\/","name":"","description":"","potentialAction":[{"@type":"SearchAction","target":{"@type":"EntryPoint","urlTemplate":"https:\/\/quehacerpolitico.mx\/?s={search_term_string}"},"query-input":{"@type":"PropertyValueSpecification","valueRequired":true,"valueName":"search_term_string"}}],"inLanguage":"es"},{"@type":"Person","@id":"https:\/\/quehacerpolitico.mx\/#\/schema\/person\/496d8ad2d1d3f8036101dca7ee39e585","name":"Redacci\u00f3n QP","image":{"@type":"ImageObject","inLanguage":"es","@id":"https:\/\/secure.gravatar.com\/avatar\/c7164ed6fdec453195284ad24a5ae5b6e1eed2b848477fa2a4787ba9adf39a41?s=96&d=mm&r=g","url":"https:\/\/secure.gravatar.com\/avatar\/c7164ed6fdec453195284ad24a5ae5b6e1eed2b848477fa2a4787ba9adf39a41?s=96&d=mm&r=g","contentUrl":"https:\/\/secure.gravatar.com\/avatar\/c7164ed6fdec453195284ad24a5ae5b6e1eed2b848477fa2a4787ba9adf39a41?s=96&d=mm&r=g","caption":"Redacci\u00f3n QP"},"url":"https:\/\/quehacerpolitico.mx\/?author=2"}]}},"featured_image_urls":{"full":["https:\/\/quehacerpolitico.mx\/wp-content\/uploads\/2024\/04\/IMG_4860.jpeg",738,415,false],"thumbnail":["https:\/\/quehacerpolitico.mx\/wp-content\/uploads\/2024\/04\/IMG_4860-150x150.jpeg",150,150,true],"medium":["https:\/\/quehacerpolitico.mx\/wp-content\/uploads\/2024\/04\/IMG_4860-300x169.jpeg",300,169,true],"medium_large":["https:\/\/quehacerpolitico.mx\/wp-content\/uploads\/2024\/04\/IMG_4860.jpeg",640,360,false],"large":["https:\/\/quehacerpolitico.mx\/wp-content\/uploads\/2024\/04\/IMG_4860.jpeg",640,360,false],"1536x1536":["https:\/\/quehacerpolitico.mx\/wp-content\/uploads\/2024\/04\/IMG_4860.jpeg",738,415,false],"2048x2048":["https:\/\/quehacerpolitico.mx\/wp-content\/uploads\/2024\/04\/IMG_4860.jpeg",738,415,false],"covernews-featured":["https:\/\/quehacerpolitico.mx\/wp-content\/uploads\/2024\/04\/IMG_4860.jpeg",738,415,false],"covernews-medium":["https:\/\/quehacerpolitico.mx\/wp-content\/uploads\/2024\/04\/IMG_4860.jpeg",540,304,false]},"author_info":{"display_name":"Redacci\u00f3n QP","author_link":"https:\/\/quehacerpolitico.mx\/?author=2"},"category_info":"<a href=\"https:\/\/quehacerpolitico.mx\/?cat=2\" rel=\"category\">Noticias<\/a>","tag_info":"Noticias","comment_count":"0","_links":{"self":[{"href":"https:\/\/quehacerpolitico.mx\/index.php?rest_route=\/wp\/v2\/posts\/109329","targetHints":{"allow":["GET"]}}],"collection":[{"href":"https:\/\/quehacerpolitico.mx\/index.php?rest_route=\/wp\/v2\/posts"}],"about":[{"href":"https:\/\/quehacerpolitico.mx\/index.php?rest_route=\/wp\/v2\/types\/post"}],"author":[{"embeddable":true,"href":"https:\/\/quehacerpolitico.mx\/index.php?rest_route=\/wp\/v2\/users\/2"}],"replies":[{"embeddable":true,"href":"https:\/\/quehacerpolitico.mx\/index.php?rest_route=%2Fwp%2Fv2%2Fcomments&post=109329"}],"version-history":[{"count":1,"href":"https:\/\/quehacerpolitico.mx\/index.php?rest_route=\/wp\/v2\/posts\/109329\/revisions"}],"predecessor-version":[{"id":109331,"href":"https:\/\/quehacerpolitico.mx\/index.php?rest_route=\/wp\/v2\/posts\/109329\/revisions\/109331"}],"wp:featuredmedia":[{"embeddable":true,"href":"https:\/\/quehacerpolitico.mx\/index.php?rest_route=\/wp\/v2\/media\/109330"}],"wp:attachment":[{"href":"https:\/\/quehacerpolitico.mx\/index.php?rest_route=%2Fwp%2Fv2%2Fmedia&parent=109329"}],"wp:term":[{"taxonomy":"category","embeddable":true,"href":"https:\/\/quehacerpolitico.mx\/index.php?rest_route=%2Fwp%2Fv2%2Fcategories&post=109329"},{"taxonomy":"post_tag","embeddable":true,"href":"https:\/\/quehacerpolitico.mx\/index.php?rest_route=%2Fwp%2Fv2%2Ftags&post=109329"}],"curies":[{"name":"wp","href":"https:\/\/api.w.org\/{rel}","templated":true}]}}