{"id":109302,"date":"2024-04-14T23:54:32","date_gmt":"2024-04-14T23:54:32","guid":{"rendered":"https:\/\/quehacerpolitico.mx\/?p=109302"},"modified":"2024-04-14T23:54:34","modified_gmt":"2024-04-14T23:54:34","slug":"desde-iztapalapa-santiago-taboada-asegura-que-le-ganara-a-clara-brugada","status":"publish","type":"post","link":"https:\/\/quehacerpolitico.mx\/?p=109302","title":{"rendered":"Desde Iztapalapa Santiago Taboada asegura que le ganar\u00e1 a Clara Brugada"},"content":{"rendered":"\n<p>Por Redacci\u00f3n QP<\/p>\n\n\n\n<p><em>Pese a que fue la demarcaci\u00f3n que gobern\u00f3 la morenista, el opositor Santiago Taboada asegura que en Iztapalapa le ganar\u00e1 a Clara Brugada<\/em><\/p>\n\n\n\n<p>El candidato opositor al gobierno de la Ciudad de M\u00e9xico (<strong>CDMX<\/strong>)&nbsp;<strong>Santiago Taboada<\/strong>&nbsp;asegura que en&nbsp;<strong>Iztapalapa<\/strong>&nbsp;le ganar\u00e1 a Clara Brugada, aspirante de Morena.<\/p>\n\n\n\n<p><em>\u201cCre\u00edan que no \u00edbamos a pisar Iztapalapa, pero hoy les demostramos que les tomamos las calles, sin amenazas, con la fuerza del cambio. A Iztapalapa le va a ir muy bien con Santiago Taboada\u201d,<\/em>\u00a0asegur\u00f3 el candidato de la alianza Va por la CDMX.<\/p>\n\n\n\n<p>Este s\u00e1bado, Taboada arrop\u00f3 a&nbsp;<strong>Karen Quiroga<\/strong>&nbsp;en su b\u00fasqueda por ser alcaldesa de Iztapalapa el pr\u00f3ximo 2 de junio.<\/p>\n\n\n\n<p>Ante ciudadanos que gritaron en varias ocasiones \u201cFuera Morena\u201d, el candidato a la jefatura de Gobierno, Santiago Taboada, asegur\u00f3 que ganar\u00e1n la demarcaci\u00f3n.<\/p>\n\n\n\n<p><em>\u201cSe los dije, aqu\u00ed inici\u00e9 mi precampa\u00f1a, aqu\u00ed voy a cerrar mi campa\u00f1a y en Iztapalapa les vamos a ganar\u201d,<\/em>&nbsp;afirm\u00f3.<\/p>\n\n\n\n<p>Durante su mensaje en un encuentro que sostuvo con simpatizantes en Iztapalapa, respald\u00f3 las propuestas que este s\u00e1bado Karen Quiroga comprometi\u00f3 en materia de agua, que implica la inversi\u00f3n de mil millones de pesos y la instalaci\u00f3n de una planta potabilizadora por cada colonia.<\/p>\n\n\n\n<h3 class=\"wp-block-heading\"><strong>Taboada asegura que en Iztapalapa le ganar\u00e1 a Brugada&nbsp;<\/strong><\/h3>\n\n\n\n<p><em>\u201cVamos a darle el mejor gobierno con Karen Quiroga, que ha tenido Iztapalapa; vamos a darle a Iztapalapa lo que m\u00e1s en 20 a\u00f1os no le han dado; les vamos a dar seguridad, agua, y oportunidades con las 5 de Taboada\u201d,<\/em>&nbsp;dijo.<\/p>\n\n\n\n<p><em>\u201cNo va a volver a pasar lo que pas\u00f3 en Iztapalapa, colonias completas como aquellas que no visita Clara Brugada, como La Joya. Se los digo a todas las colonias de Iztapalapa, les vamos a poner drenaje, agua potable, van a dejar de recibir agua por pipa, en la llave, como se debe\u201d.<\/em><\/p>\n\n\n\n<figure class=\"wp-block-embed is-type-rich is-provider-twitter wp-block-embed-twitter\"><div class=\"wp-block-embed__wrapper\">\n<blockquote class=\"twitter-tweet\" data-width=\"550\" data-dnt=\"true\"><p lang=\"es\" dir=\"ltr\">El cambio en la <a href=\"https:\/\/twitter.com\/hashtag\/CDMX?src=hash&amp;ref_src=twsrc%5Etfw\">#CDMX<\/a> comenzar\u00e1 en <a href=\"https:\/\/twitter.com\/hashtag\/Iztapalapa?src=hash&amp;ref_src=twsrc%5Etfw\">#Iztapalapa<\/a>, ser\u00e1 una de las alcald\u00edas m\u00e1s seguras de la ciudad, vamos a llevar a todas las colonias agua limpia (sin contaminantes), queremos remodelar todas las escuelas. <br>\u00a1Vamos a ganar <a href=\"https:\/\/twitter.com\/hashtag\/Iztapalapa?src=hash&amp;ref_src=twsrc%5Etfw\">#Iztapalapa<\/a> con <a href=\"https:\/\/twitter.com\/KarenQuirogaAn?ref_src=twsrc%5Etfw\">@KarenQuirogaAn<\/a>!<a href=\"https:\/\/twitter.com\/hashtag\/ElCambioViene?src=hash&amp;ref_src=twsrc%5Etfw\">#ElCambioViene<\/a> con m\u00e1s. <a href=\"https:\/\/t.co\/wL1q0AQzrO\">pic.twitter.com\/wL1q0AQzrO<\/a><\/p>&mdash; Santiago Taboada (@STaboadaMx) <a href=\"https:\/\/twitter.com\/STaboadaMx\/status\/1779258723292074163?ref_src=twsrc%5Etfw\">April 13, 2024<\/a><\/blockquote><script async src=\"https:\/\/platform.twitter.com\/widgets.js\" charset=\"utf-8\"><\/script>\n<\/div><\/figure>\n\n\n\n<p>Adem\u00e1s de contar con una fuerza de 5 mil elementos de seguridad que blindar\u00e1n Iztapalapa:<\/p>\n\n\n\n<p><em>\u201cSe lo digo a todos los vecinos de Iztapalapa, por cada patrulla para las colonias de Iztapalapa que compre Karen, el gobierno de Santiago Taboada le va a poner una m\u00e1s para que las colonias est\u00e9n m\u00e1s seguras. Y por cada planta potabilizadora de colonias, le vamos a poner otro peso m\u00e1s para que en Iztapalapa todos puedan vivir con agua limpia\u201d,<\/em>afirm\u00f3.<\/p>\n\n\n\n<p>Al tomar la palabra, la candidata a Iztapalapa por el PAN, PRI y PRD, Karen Quiroga, adem\u00e1s de la inversi\u00f3n en agua, inform\u00f3 que de ganar la demarcaci\u00f3n construir\u00e1n la Cl\u00ednica del C\u00e1ncer para Mujeres, aunado a un plan de salud para hombres que abarca estudios de ant\u00edgeno prost\u00e1tico.<\/p>\n\n\n\n<p>Pese a que fue la demarcaci\u00f3n que gobern\u00f3 la morenista, el opositor Santiago Taboada asegura que en Iztapalapa le ganar\u00e1 a<strong>\u00a0Clara Brugada<\/strong>.<\/p>\n\n\n\n<p>Con informaci\u00f3n de El Universal<\/p>\n","protected":false},"excerpt":{"rendered":"<p>Por Redacci\u00f3n QP Pese a que fue la demarcaci\u00f3n que gobern\u00f3 la morenista, el opositor&#8230;<\/p>\n","protected":false},"author":2,"featured_media":109303,"comment_status":"open","ping_status":"open","sticky":false,"template":"","format":"standard","meta":{"_monsterinsights_skip_tracking":false,"_monsterinsights_sitenote_active":false,"_monsterinsights_sitenote_note":"","_monsterinsights_sitenote_category":0,"footnotes":""},"categories":[55],"tags":[],"class_list":["post-109302","post","type-post","status-publish","format-standard","has-post-thumbnail","hentry","category-cdmx"],"yoast_head":"<!-- This site is optimized with the Yoast SEO plugin v27.3 - https:\/\/yoast.com\/product\/yoast-seo-wordpress\/ -->\n<title>Desde Iztapalapa Santiago Taboada asegura que le ganar\u00e1 a Clara Brugada -<\/title>\n<meta name=\"robots\" content=\"index, follow, max-snippet:-1, max-image-preview:large, max-video-preview:-1\" \/>\n<link rel=\"canonical\" href=\"https:\/\/quehacerpolitico.mx\/?p=109302\" \/>\n<meta property=\"og:locale\" content=\"es_MX\" \/>\n<meta property=\"og:type\" content=\"article\" \/>\n<meta property=\"og:title\" content=\"Desde Iztapalapa Santiago Taboada asegura que le ganar\u00e1 a Clara Brugada -\" \/>\n<meta property=\"og:description\" content=\"Por Redacci\u00f3n QP Pese a que fue la demarcaci\u00f3n que gobern\u00f3 la morenista, el opositor...\" \/>\n<meta property=\"og:url\" content=\"https:\/\/quehacerpolitico.mx\/?p=109302\" \/>\n<meta property=\"article:published_time\" content=\"2024-04-14T23:54:32+00:00\" \/>\n<meta property=\"article:modified_time\" content=\"2024-04-14T23:54:34+00:00\" \/>\n<meta property=\"og:image\" content=\"https:\/\/quehacerpolitico.mx\/wp-content\/uploads\/2024\/04\/IMG_4850.jpeg\" \/>\n\t<meta property=\"og:image:width\" content=\"678\" \/>\n\t<meta property=\"og:image:height\" content=\"452\" \/>\n\t<meta property=\"og:image:type\" content=\"image\/jpeg\" \/>\n<meta name=\"author\" content=\"Redacci\u00f3n QP\" \/>\n<meta name=\"twitter:card\" content=\"summary_large_image\" \/>\n<meta name=\"twitter:label1\" content=\"Escrito por\" \/>\n\t<meta name=\"twitter:data1\" content=\"Redacci\u00f3n QP\" \/>\n\t<meta name=\"twitter:label2\" content=\"Tiempo de lectura\" \/>\n\t<meta name=\"twitter:data2\" content=\"3 minutos\" \/>\n<script type=\"application\/ld+json\" class=\"yoast-schema-graph\">{\"@context\":\"https:\\\/\\\/schema.org\",\"@graph\":[{\"@type\":\"Article\",\"@id\":\"https:\\\/\\\/quehacerpolitico.mx\\\/?p=109302#article\",\"isPartOf\":{\"@id\":\"https:\\\/\\\/quehacerpolitico.mx\\\/?p=109302\"},\"author\":{\"name\":\"Redacci\u00f3n QP\",\"@id\":\"https:\\\/\\\/quehacerpolitico.mx\\\/#\\\/schema\\\/person\\\/496d8ad2d1d3f8036101dca7ee39e585\"},\"headline\":\"Desde Iztapalapa Santiago Taboada asegura que le ganar\u00e1 a Clara Brugada\",\"datePublished\":\"2024-04-14T23:54:32+00:00\",\"dateModified\":\"2024-04-14T23:54:34+00:00\",\"mainEntityOfPage\":{\"@id\":\"https:\\\/\\\/quehacerpolitico.mx\\\/?p=109302\"},\"wordCount\":521,\"commentCount\":0,\"image\":{\"@id\":\"https:\\\/\\\/quehacerpolitico.mx\\\/?p=109302#primaryimage\"},\"thumbnailUrl\":\"https:\\\/\\\/quehacerpolitico.mx\\\/wp-content\\\/uploads\\\/2024\\\/04\\\/IMG_4850.jpeg\",\"articleSection\":[\"CDMX\"],\"inLanguage\":\"es\",\"potentialAction\":[{\"@type\":\"CommentAction\",\"name\":\"Comment\",\"target\":[\"https:\\\/\\\/quehacerpolitico.mx\\\/?p=109302#respond\"]}]},{\"@type\":\"WebPage\",\"@id\":\"https:\\\/\\\/quehacerpolitico.mx\\\/?p=109302\",\"url\":\"https:\\\/\\\/quehacerpolitico.mx\\\/?p=109302\",\"name\":\"Desde Iztapalapa Santiago Taboada asegura que le ganar\u00e1 a Clara Brugada -\",\"isPartOf\":{\"@id\":\"https:\\\/\\\/quehacerpolitico.mx\\\/#website\"},\"primaryImageOfPage\":{\"@id\":\"https:\\\/\\\/quehacerpolitico.mx\\\/?p=109302#primaryimage\"},\"image\":{\"@id\":\"https:\\\/\\\/quehacerpolitico.mx\\\/?p=109302#primaryimage\"},\"thumbnailUrl\":\"https:\\\/\\\/quehacerpolitico.mx\\\/wp-content\\\/uploads\\\/2024\\\/04\\\/IMG_4850.jpeg\",\"datePublished\":\"2024-04-14T23:54:32+00:00\",\"dateModified\":\"2024-04-14T23:54:34+00:00\",\"author\":{\"@id\":\"https:\\\/\\\/quehacerpolitico.mx\\\/#\\\/schema\\\/person\\\/496d8ad2d1d3f8036101dca7ee39e585\"},\"breadcrumb\":{\"@id\":\"https:\\\/\\\/quehacerpolitico.mx\\\/?p=109302#breadcrumb\"},\"inLanguage\":\"es\",\"potentialAction\":[{\"@type\":\"ReadAction\",\"target\":[\"https:\\\/\\\/quehacerpolitico.mx\\\/?p=109302\"]}]},{\"@type\":\"ImageObject\",\"inLanguage\":\"es\",\"@id\":\"https:\\\/\\\/quehacerpolitico.mx\\\/?p=109302#primaryimage\",\"url\":\"https:\\\/\\\/quehacerpolitico.mx\\\/wp-content\\\/uploads\\\/2024\\\/04\\\/IMG_4850.jpeg\",\"contentUrl\":\"https:\\\/\\\/quehacerpolitico.mx\\\/wp-content\\\/uploads\\\/2024\\\/04\\\/IMG_4850.jpeg\",\"width\":678,\"height\":452},{\"@type\":\"BreadcrumbList\",\"@id\":\"https:\\\/\\\/quehacerpolitico.mx\\\/?p=109302#breadcrumb\",\"itemListElement\":[{\"@type\":\"ListItem\",\"position\":1,\"name\":\"Inicio\",\"item\":\"https:\\\/\\\/quehacerpolitico.mx\\\/\"},{\"@type\":\"ListItem\",\"position\":2,\"name\":\"Desde Iztapalapa Santiago Taboada asegura que le ganar\u00e1 a Clara Brugada\"}]},{\"@type\":\"WebSite\",\"@id\":\"https:\\\/\\\/quehacerpolitico.mx\\\/#website\",\"url\":\"https:\\\/\\\/quehacerpolitico.mx\\\/\",\"name\":\"\",\"description\":\"\",\"potentialAction\":[{\"@type\":\"SearchAction\",\"target\":{\"@type\":\"EntryPoint\",\"urlTemplate\":\"https:\\\/\\\/quehacerpolitico.mx\\\/?s={search_term_string}\"},\"query-input\":{\"@type\":\"PropertyValueSpecification\",\"valueRequired\":true,\"valueName\":\"search_term_string\"}}],\"inLanguage\":\"es\"},{\"@type\":\"Person\",\"@id\":\"https:\\\/\\\/quehacerpolitico.mx\\\/#\\\/schema\\\/person\\\/496d8ad2d1d3f8036101dca7ee39e585\",\"name\":\"Redacci\u00f3n QP\",\"image\":{\"@type\":\"ImageObject\",\"inLanguage\":\"es\",\"@id\":\"https:\\\/\\\/secure.gravatar.com\\\/avatar\\\/c7164ed6fdec453195284ad24a5ae5b6e1eed2b848477fa2a4787ba9adf39a41?s=96&d=mm&r=g\",\"url\":\"https:\\\/\\\/secure.gravatar.com\\\/avatar\\\/c7164ed6fdec453195284ad24a5ae5b6e1eed2b848477fa2a4787ba9adf39a41?s=96&d=mm&r=g\",\"contentUrl\":\"https:\\\/\\\/secure.gravatar.com\\\/avatar\\\/c7164ed6fdec453195284ad24a5ae5b6e1eed2b848477fa2a4787ba9adf39a41?s=96&d=mm&r=g\",\"caption\":\"Redacci\u00f3n QP\"},\"url\":\"https:\\\/\\\/quehacerpolitico.mx\\\/?author=2\"}]}<\/script>\n<!-- \/ Yoast SEO plugin. -->","yoast_head_json":{"title":"Desde Iztapalapa Santiago Taboada asegura que le ganar\u00e1 a Clara Brugada -","robots":{"index":"index","follow":"follow","max-snippet":"max-snippet:-1","max-image-preview":"max-image-preview:large","max-video-preview":"max-video-preview:-1"},"canonical":"https:\/\/quehacerpolitico.mx\/?p=109302","og_locale":"es_MX","og_type":"article","og_title":"Desde Iztapalapa Santiago Taboada asegura que le ganar\u00e1 a Clara Brugada -","og_description":"Por Redacci\u00f3n QP Pese a que fue la demarcaci\u00f3n que gobern\u00f3 la morenista, el opositor...","og_url":"https:\/\/quehacerpolitico.mx\/?p=109302","article_published_time":"2024-04-14T23:54:32+00:00","article_modified_time":"2024-04-14T23:54:34+00:00","og_image":[{"width":678,"height":452,"url":"https:\/\/quehacerpolitico.mx\/wp-content\/uploads\/2024\/04\/IMG_4850.jpeg","type":"image\/jpeg"}],"author":"Redacci\u00f3n QP","twitter_card":"summary_large_image","twitter_misc":{"Escrito por":"Redacci\u00f3n QP","Tiempo de lectura":"3 minutos"},"schema":{"@context":"https:\/\/schema.org","@graph":[{"@type":"Article","@id":"https:\/\/quehacerpolitico.mx\/?p=109302#article","isPartOf":{"@id":"https:\/\/quehacerpolitico.mx\/?p=109302"},"author":{"name":"Redacci\u00f3n QP","@id":"https:\/\/quehacerpolitico.mx\/#\/schema\/person\/496d8ad2d1d3f8036101dca7ee39e585"},"headline":"Desde Iztapalapa Santiago Taboada asegura que le ganar\u00e1 a Clara Brugada","datePublished":"2024-04-14T23:54:32+00:00","dateModified":"2024-04-14T23:54:34+00:00","mainEntityOfPage":{"@id":"https:\/\/quehacerpolitico.mx\/?p=109302"},"wordCount":521,"commentCount":0,"image":{"@id":"https:\/\/quehacerpolitico.mx\/?p=109302#primaryimage"},"thumbnailUrl":"https:\/\/quehacerpolitico.mx\/wp-content\/uploads\/2024\/04\/IMG_4850.jpeg","articleSection":["CDMX"],"inLanguage":"es","potentialAction":[{"@type":"CommentAction","name":"Comment","target":["https:\/\/quehacerpolitico.mx\/?p=109302#respond"]}]},{"@type":"WebPage","@id":"https:\/\/quehacerpolitico.mx\/?p=109302","url":"https:\/\/quehacerpolitico.mx\/?p=109302","name":"Desde Iztapalapa Santiago Taboada asegura que le ganar\u00e1 a Clara Brugada -","isPartOf":{"@id":"https:\/\/quehacerpolitico.mx\/#website"},"primaryImageOfPage":{"@id":"https:\/\/quehacerpolitico.mx\/?p=109302#primaryimage"},"image":{"@id":"https:\/\/quehacerpolitico.mx\/?p=109302#primaryimage"},"thumbnailUrl":"https:\/\/quehacerpolitico.mx\/wp-content\/uploads\/2024\/04\/IMG_4850.jpeg","datePublished":"2024-04-14T23:54:32+00:00","dateModified":"2024-04-14T23:54:34+00:00","author":{"@id":"https:\/\/quehacerpolitico.mx\/#\/schema\/person\/496d8ad2d1d3f8036101dca7ee39e585"},"breadcrumb":{"@id":"https:\/\/quehacerpolitico.mx\/?p=109302#breadcrumb"},"inLanguage":"es","potentialAction":[{"@type":"ReadAction","target":["https:\/\/quehacerpolitico.mx\/?p=109302"]}]},{"@type":"ImageObject","inLanguage":"es","@id":"https:\/\/quehacerpolitico.mx\/?p=109302#primaryimage","url":"https:\/\/quehacerpolitico.mx\/wp-content\/uploads\/2024\/04\/IMG_4850.jpeg","contentUrl":"https:\/\/quehacerpolitico.mx\/wp-content\/uploads\/2024\/04\/IMG_4850.jpeg","width":678,"height":452},{"@type":"BreadcrumbList","@id":"https:\/\/quehacerpolitico.mx\/?p=109302#breadcrumb","itemListElement":[{"@type":"ListItem","position":1,"name":"Inicio","item":"https:\/\/quehacerpolitico.mx\/"},{"@type":"ListItem","position":2,"name":"Desde Iztapalapa Santiago Taboada asegura que le ganar\u00e1 a Clara Brugada"}]},{"@type":"WebSite","@id":"https:\/\/quehacerpolitico.mx\/#website","url":"https:\/\/quehacerpolitico.mx\/","name":"","description":"","potentialAction":[{"@type":"SearchAction","target":{"@type":"EntryPoint","urlTemplate":"https:\/\/quehacerpolitico.mx\/?s={search_term_string}"},"query-input":{"@type":"PropertyValueSpecification","valueRequired":true,"valueName":"search_term_string"}}],"inLanguage":"es"},{"@type":"Person","@id":"https:\/\/quehacerpolitico.mx\/#\/schema\/person\/496d8ad2d1d3f8036101dca7ee39e585","name":"Redacci\u00f3n QP","image":{"@type":"ImageObject","inLanguage":"es","@id":"https:\/\/secure.gravatar.com\/avatar\/c7164ed6fdec453195284ad24a5ae5b6e1eed2b848477fa2a4787ba9adf39a41?s=96&d=mm&r=g","url":"https:\/\/secure.gravatar.com\/avatar\/c7164ed6fdec453195284ad24a5ae5b6e1eed2b848477fa2a4787ba9adf39a41?s=96&d=mm&r=g","contentUrl":"https:\/\/secure.gravatar.com\/avatar\/c7164ed6fdec453195284ad24a5ae5b6e1eed2b848477fa2a4787ba9adf39a41?s=96&d=mm&r=g","caption":"Redacci\u00f3n QP"},"url":"https:\/\/quehacerpolitico.mx\/?author=2"}]}},"featured_image_urls":{"full":["https:\/\/quehacerpolitico.mx\/wp-content\/uploads\/2024\/04\/IMG_4850.jpeg",678,452,false],"thumbnail":["https:\/\/quehacerpolitico.mx\/wp-content\/uploads\/2024\/04\/IMG_4850-150x150.jpeg",150,150,true],"medium":["https:\/\/quehacerpolitico.mx\/wp-content\/uploads\/2024\/04\/IMG_4850-300x200.jpeg",300,200,true],"medium_large":["https:\/\/quehacerpolitico.mx\/wp-content\/uploads\/2024\/04\/IMG_4850.jpeg",640,427,false],"large":["https:\/\/quehacerpolitico.mx\/wp-content\/uploads\/2024\/04\/IMG_4850.jpeg",640,427,false],"1536x1536":["https:\/\/quehacerpolitico.mx\/wp-content\/uploads\/2024\/04\/IMG_4850.jpeg",678,452,false],"2048x2048":["https:\/\/quehacerpolitico.mx\/wp-content\/uploads\/2024\/04\/IMG_4850.jpeg",678,452,false],"covernews-featured":["https:\/\/quehacerpolitico.mx\/wp-content\/uploads\/2024\/04\/IMG_4850.jpeg",678,452,false],"covernews-medium":["https:\/\/quehacerpolitico.mx\/wp-content\/uploads\/2024\/04\/IMG_4850.jpeg",510,340,false]},"author_info":{"display_name":"Redacci\u00f3n QP","author_link":"https:\/\/quehacerpolitico.mx\/?author=2"},"category_info":"<a href=\"https:\/\/quehacerpolitico.mx\/?cat=55\" rel=\"category\">CDMX<\/a>","tag_info":"CDMX","comment_count":"0","_links":{"self":[{"href":"https:\/\/quehacerpolitico.mx\/index.php?rest_route=\/wp\/v2\/posts\/109302","targetHints":{"allow":["GET"]}}],"collection":[{"href":"https:\/\/quehacerpolitico.mx\/index.php?rest_route=\/wp\/v2\/posts"}],"about":[{"href":"https:\/\/quehacerpolitico.mx\/index.php?rest_route=\/wp\/v2\/types\/post"}],"author":[{"embeddable":true,"href":"https:\/\/quehacerpolitico.mx\/index.php?rest_route=\/wp\/v2\/users\/2"}],"replies":[{"embeddable":true,"href":"https:\/\/quehacerpolitico.mx\/index.php?rest_route=%2Fwp%2Fv2%2Fcomments&post=109302"}],"version-history":[{"count":1,"href":"https:\/\/quehacerpolitico.mx\/index.php?rest_route=\/wp\/v2\/posts\/109302\/revisions"}],"predecessor-version":[{"id":109304,"href":"https:\/\/quehacerpolitico.mx\/index.php?rest_route=\/wp\/v2\/posts\/109302\/revisions\/109304"}],"wp:featuredmedia":[{"embeddable":true,"href":"https:\/\/quehacerpolitico.mx\/index.php?rest_route=\/wp\/v2\/media\/109303"}],"wp:attachment":[{"href":"https:\/\/quehacerpolitico.mx\/index.php?rest_route=%2Fwp%2Fv2%2Fmedia&parent=109302"}],"wp:term":[{"taxonomy":"category","embeddable":true,"href":"https:\/\/quehacerpolitico.mx\/index.php?rest_route=%2Fwp%2Fv2%2Fcategories&post=109302"},{"taxonomy":"post_tag","embeddable":true,"href":"https:\/\/quehacerpolitico.mx\/index.php?rest_route=%2Fwp%2Fv2%2Ftags&post=109302"}],"curies":[{"name":"wp","href":"https:\/\/api.w.org\/{rel}","templated":true}]}}