{"id":109299,"date":"2024-04-14T23:27:07","date_gmt":"2024-04-14T23:27:07","guid":{"rendered":"https:\/\/quehacerpolitico.mx\/?p=109299"},"modified":"2024-04-14T23:27:09","modified_gmt":"2024-04-14T23:27:09","slug":"internacionales-carolina-alonso-romei-estados-unidos-dice-que-biden-busca-evitar-una-guerra-amplia-en-oriente-medio","status":"publish","type":"post","link":"https:\/\/quehacerpolitico.mx\/?p=109299","title":{"rendered":"Internacionales\/\/\/Carolina Alonso Romei\/\/\/Estados Unidos dice que Biden busca evitar una guerra amplia en Oriente Medio"},"content":{"rendered":"\n<p>Por Carolina Alonso Romei<\/p>\n\n\n\n<p>Internacionalista <\/p>\n\n\n\n<p>John Kirby se\u00f1al\u00f3, que cualquier respuesta al ataque iran\u00ed del s\u00e1bado por la noche depende de las fuerzas israel\u00edes<\/p>\n\n\n\n<p><strong>John Kirby, portavoz del Consejo de Seguridad Nacional de Estados Unidos, dijo este domingo que el presidente estadounidense, Joe Biden, busca evitar una guerra amplia en Oriente Medio<\/strong>&nbsp;y record\u00f3 a Israel que debe \u201cdisfrutar\u201d de la efectiva defensa montada contra los drones y misiles iran\u00edes anoche.<\/p>\n\n\n\n<p><strong>\u201cCada decisi\u00f3n, cada discusi\u00f3n que ha tenido est\u00e1 dise\u00f1ada para no permitir que esto se convierta en una guerra regional amplia,<\/strong>\u00a0y ah\u00ed es donde todav\u00eda est\u00e1 su cabeza\u201d, apunt\u00f3 Kirby en una entrevista con Fox News en referencia a la estrategia de Biden en Oriente Medio.<\/p>\n\n\n\n<figure class=\"wp-block-embed is-type-video is-provider-youtube wp-block-embed-youtube wp-embed-aspect-16-9 wp-has-aspect-ratio\"><div class=\"wp-block-embed__wrapper\">\n<iframe loading=\"lazy\" title=\"John Kirby on Iranian strike on Israel\" width=\"640\" height=\"360\" src=\"https:\/\/www.youtube.com\/embed\/kibqByPyIts?feature=oembed\" frameborder=\"0\" allow=\"accelerometer; autoplay; clipboard-write; encrypted-media; gyroscope; picture-in-picture; web-share\" referrerpolicy=\"strict-origin-when-cross-origin\" allowfullscreen><\/iframe>\n<\/div><\/figure>\n\n\n\n<p>En otra entrevista este domingo con la cadena ABC, Kirby se\u00f1al\u00f3 que cualquier respuesta al ataque iran\u00ed del s\u00e1bado por la noche depende de las fuerzas israel\u00edes y del estado soberano de Israel y\u00a0<strong>volvi\u00f3 a enfatizar en que Biden no quiere que Estados Unidos se vea involucrado a\u00fan m\u00e1s en el conflicto.<\/strong><\/p>\n\n\n\n<p><strong>Kirby a\u00f1adi\u00f3 que el da\u00f1o del lanzamiento por parte de Ir\u00e1n de drones y misiles a Israel,\u00a0<\/strong>en represalia por un ataque a\u00e9reo en Siria que mat\u00f3 a un alto general iran\u00ed, \u201cfue extremadamente leve\u201d y que las defensas a\u00e9reas demostraron que Israel puede defenderse.<\/p>\n\n\n\n<p>Con informaci\u00f3n de EFE<\/p>\n","protected":false},"excerpt":{"rendered":"<p>Por Carolina Alonso Romei Internacionalista John Kirby se\u00f1al\u00f3, que cualquier respuesta al ataque iran\u00ed del&#8230;<\/p>\n","protected":false},"author":2,"featured_media":109300,"comment_status":"open","ping_status":"open","sticky":false,"template":"","format":"standard","meta":{"_monsterinsights_skip_tracking":false,"_monsterinsights_sitenote_active":false,"_monsterinsights_sitenote_note":"","_monsterinsights_sitenote_category":0,"footnotes":""},"categories":[1],"tags":[],"class_list":["post-109299","post","type-post","status-publish","format-standard","has-post-thumbnail","hentry","category-sin-categoria"],"yoast_head":"<!-- This site is optimized with the Yoast SEO plugin v27.3 - https:\/\/yoast.com\/product\/yoast-seo-wordpress\/ -->\n<title>Internacionales\/\/\/Carolina Alonso Romei\/\/\/Estados Unidos dice que Biden busca evitar una guerra amplia en Oriente Medio -<\/title>\n<meta name=\"robots\" content=\"index, follow, max-snippet:-1, max-image-preview:large, max-video-preview:-1\" \/>\n<link rel=\"canonical\" href=\"https:\/\/quehacerpolitico.mx\/?p=109299\" \/>\n<meta property=\"og:locale\" content=\"es_MX\" \/>\n<meta property=\"og:type\" content=\"article\" \/>\n<meta property=\"og:title\" content=\"Internacionales\/\/\/Carolina Alonso Romei\/\/\/Estados Unidos dice que Biden busca evitar una guerra amplia en Oriente Medio -\" \/>\n<meta property=\"og:description\" content=\"Por Carolina Alonso Romei Internacionalista John Kirby se\u00f1al\u00f3, que cualquier respuesta al ataque iran\u00ed del...\" \/>\n<meta property=\"og:url\" content=\"https:\/\/quehacerpolitico.mx\/?p=109299\" \/>\n<meta property=\"article:published_time\" content=\"2024-04-14T23:27:07+00:00\" \/>\n<meta property=\"article:modified_time\" content=\"2024-04-14T23:27:09+00:00\" \/>\n<meta property=\"og:image\" content=\"https:\/\/quehacerpolitico.mx\/wp-content\/uploads\/2024\/04\/73e1444e-4b17-4ee5-aa11-c102ecdb7153-5.jpeg\" \/>\n\t<meta property=\"og:image:width\" content=\"963\" \/>\n\t<meta property=\"og:image:height\" content=\"493\" \/>\n\t<meta property=\"og:image:type\" content=\"image\/jpeg\" \/>\n<meta name=\"author\" content=\"Redacci\u00f3n QP\" \/>\n<meta name=\"twitter:card\" content=\"summary_large_image\" \/>\n<meta name=\"twitter:label1\" content=\"Escrito por\" \/>\n\t<meta name=\"twitter:data1\" content=\"Redacci\u00f3n QP\" \/>\n\t<meta name=\"twitter:label2\" content=\"Tiempo de lectura\" \/>\n\t<meta name=\"twitter:data2\" content=\"1 minuto\" \/>\n<script type=\"application\/ld+json\" class=\"yoast-schema-graph\">{\"@context\":\"https:\\\/\\\/schema.org\",\"@graph\":[{\"@type\":\"Article\",\"@id\":\"https:\\\/\\\/quehacerpolitico.mx\\\/?p=109299#article\",\"isPartOf\":{\"@id\":\"https:\\\/\\\/quehacerpolitico.mx\\\/?p=109299\"},\"author\":{\"name\":\"Redacci\u00f3n QP\",\"@id\":\"https:\\\/\\\/quehacerpolitico.mx\\\/#\\\/schema\\\/person\\\/496d8ad2d1d3f8036101dca7ee39e585\"},\"headline\":\"Internacionales\\\/\\\/\\\/Carolina Alonso Romei\\\/\\\/\\\/Estados Unidos dice que Biden busca evitar una guerra amplia en Oriente Medio\",\"datePublished\":\"2024-04-14T23:27:07+00:00\",\"dateModified\":\"2024-04-14T23:27:09+00:00\",\"mainEntityOfPage\":{\"@id\":\"https:\\\/\\\/quehacerpolitico.mx\\\/?p=109299\"},\"wordCount\":266,\"commentCount\":0,\"image\":{\"@id\":\"https:\\\/\\\/quehacerpolitico.mx\\\/?p=109299#primaryimage\"},\"thumbnailUrl\":\"https:\\\/\\\/quehacerpolitico.mx\\\/wp-content\\\/uploads\\\/2024\\\/04\\\/73e1444e-4b17-4ee5-aa11-c102ecdb7153-5.jpeg\",\"articleSection\":[\"Internacionales\"],\"inLanguage\":\"es\",\"potentialAction\":[{\"@type\":\"CommentAction\",\"name\":\"Comment\",\"target\":[\"https:\\\/\\\/quehacerpolitico.mx\\\/?p=109299#respond\"]}]},{\"@type\":\"WebPage\",\"@id\":\"https:\\\/\\\/quehacerpolitico.mx\\\/?p=109299\",\"url\":\"https:\\\/\\\/quehacerpolitico.mx\\\/?p=109299\",\"name\":\"Internacionales\\\/\\\/\\\/Carolina Alonso Romei\\\/\\\/\\\/Estados Unidos dice que Biden busca evitar una guerra amplia en Oriente Medio -\",\"isPartOf\":{\"@id\":\"https:\\\/\\\/quehacerpolitico.mx\\\/#website\"},\"primaryImageOfPage\":{\"@id\":\"https:\\\/\\\/quehacerpolitico.mx\\\/?p=109299#primaryimage\"},\"image\":{\"@id\":\"https:\\\/\\\/quehacerpolitico.mx\\\/?p=109299#primaryimage\"},\"thumbnailUrl\":\"https:\\\/\\\/quehacerpolitico.mx\\\/wp-content\\\/uploads\\\/2024\\\/04\\\/73e1444e-4b17-4ee5-aa11-c102ecdb7153-5.jpeg\",\"datePublished\":\"2024-04-14T23:27:07+00:00\",\"dateModified\":\"2024-04-14T23:27:09+00:00\",\"author\":{\"@id\":\"https:\\\/\\\/quehacerpolitico.mx\\\/#\\\/schema\\\/person\\\/496d8ad2d1d3f8036101dca7ee39e585\"},\"breadcrumb\":{\"@id\":\"https:\\\/\\\/quehacerpolitico.mx\\\/?p=109299#breadcrumb\"},\"inLanguage\":\"es\",\"potentialAction\":[{\"@type\":\"ReadAction\",\"target\":[\"https:\\\/\\\/quehacerpolitico.mx\\\/?p=109299\"]}]},{\"@type\":\"ImageObject\",\"inLanguage\":\"es\",\"@id\":\"https:\\\/\\\/quehacerpolitico.mx\\\/?p=109299#primaryimage\",\"url\":\"https:\\\/\\\/quehacerpolitico.mx\\\/wp-content\\\/uploads\\\/2024\\\/04\\\/73e1444e-4b17-4ee5-aa11-c102ecdb7153-5.jpeg\",\"contentUrl\":\"https:\\\/\\\/quehacerpolitico.mx\\\/wp-content\\\/uploads\\\/2024\\\/04\\\/73e1444e-4b17-4ee5-aa11-c102ecdb7153-5.jpeg\",\"width\":963,\"height\":493},{\"@type\":\"BreadcrumbList\",\"@id\":\"https:\\\/\\\/quehacerpolitico.mx\\\/?p=109299#breadcrumb\",\"itemListElement\":[{\"@type\":\"ListItem\",\"position\":1,\"name\":\"Inicio\",\"item\":\"https:\\\/\\\/quehacerpolitico.mx\\\/\"},{\"@type\":\"ListItem\",\"position\":2,\"name\":\"Internacionales\\\/\\\/\\\/Carolina Alonso Romei\\\/\\\/\\\/Estados Unidos dice que Biden busca evitar una guerra amplia en Oriente Medio\"}]},{\"@type\":\"WebSite\",\"@id\":\"https:\\\/\\\/quehacerpolitico.mx\\\/#website\",\"url\":\"https:\\\/\\\/quehacerpolitico.mx\\\/\",\"name\":\"\",\"description\":\"\",\"potentialAction\":[{\"@type\":\"SearchAction\",\"target\":{\"@type\":\"EntryPoint\",\"urlTemplate\":\"https:\\\/\\\/quehacerpolitico.mx\\\/?s={search_term_string}\"},\"query-input\":{\"@type\":\"PropertyValueSpecification\",\"valueRequired\":true,\"valueName\":\"search_term_string\"}}],\"inLanguage\":\"es\"},{\"@type\":\"Person\",\"@id\":\"https:\\\/\\\/quehacerpolitico.mx\\\/#\\\/schema\\\/person\\\/496d8ad2d1d3f8036101dca7ee39e585\",\"name\":\"Redacci\u00f3n QP\",\"image\":{\"@type\":\"ImageObject\",\"inLanguage\":\"es\",\"@id\":\"https:\\\/\\\/secure.gravatar.com\\\/avatar\\\/c7164ed6fdec453195284ad24a5ae5b6e1eed2b848477fa2a4787ba9adf39a41?s=96&d=mm&r=g\",\"url\":\"https:\\\/\\\/secure.gravatar.com\\\/avatar\\\/c7164ed6fdec453195284ad24a5ae5b6e1eed2b848477fa2a4787ba9adf39a41?s=96&d=mm&r=g\",\"contentUrl\":\"https:\\\/\\\/secure.gravatar.com\\\/avatar\\\/c7164ed6fdec453195284ad24a5ae5b6e1eed2b848477fa2a4787ba9adf39a41?s=96&d=mm&r=g\",\"caption\":\"Redacci\u00f3n QP\"},\"url\":\"https:\\\/\\\/quehacerpolitico.mx\\\/?author=2\"}]}<\/script>\n<!-- \/ Yoast SEO plugin. -->","yoast_head_json":{"title":"Internacionales\/\/\/Carolina Alonso Romei\/\/\/Estados Unidos dice que Biden busca evitar una guerra amplia en Oriente Medio -","robots":{"index":"index","follow":"follow","max-snippet":"max-snippet:-1","max-image-preview":"max-image-preview:large","max-video-preview":"max-video-preview:-1"},"canonical":"https:\/\/quehacerpolitico.mx\/?p=109299","og_locale":"es_MX","og_type":"article","og_title":"Internacionales\/\/\/Carolina Alonso Romei\/\/\/Estados Unidos dice que Biden busca evitar una guerra amplia en Oriente Medio -","og_description":"Por Carolina Alonso Romei Internacionalista John Kirby se\u00f1al\u00f3, que cualquier respuesta al ataque iran\u00ed del...","og_url":"https:\/\/quehacerpolitico.mx\/?p=109299","article_published_time":"2024-04-14T23:27:07+00:00","article_modified_time":"2024-04-14T23:27:09+00:00","og_image":[{"width":963,"height":493,"url":"https:\/\/quehacerpolitico.mx\/wp-content\/uploads\/2024\/04\/73e1444e-4b17-4ee5-aa11-c102ecdb7153-5.jpeg","type":"image\/jpeg"}],"author":"Redacci\u00f3n QP","twitter_card":"summary_large_image","twitter_misc":{"Escrito por":"Redacci\u00f3n QP","Tiempo de lectura":"1 minuto"},"schema":{"@context":"https:\/\/schema.org","@graph":[{"@type":"Article","@id":"https:\/\/quehacerpolitico.mx\/?p=109299#article","isPartOf":{"@id":"https:\/\/quehacerpolitico.mx\/?p=109299"},"author":{"name":"Redacci\u00f3n QP","@id":"https:\/\/quehacerpolitico.mx\/#\/schema\/person\/496d8ad2d1d3f8036101dca7ee39e585"},"headline":"Internacionales\/\/\/Carolina Alonso Romei\/\/\/Estados Unidos dice que Biden busca evitar una guerra amplia en Oriente Medio","datePublished":"2024-04-14T23:27:07+00:00","dateModified":"2024-04-14T23:27:09+00:00","mainEntityOfPage":{"@id":"https:\/\/quehacerpolitico.mx\/?p=109299"},"wordCount":266,"commentCount":0,"image":{"@id":"https:\/\/quehacerpolitico.mx\/?p=109299#primaryimage"},"thumbnailUrl":"https:\/\/quehacerpolitico.mx\/wp-content\/uploads\/2024\/04\/73e1444e-4b17-4ee5-aa11-c102ecdb7153-5.jpeg","articleSection":["Internacionales"],"inLanguage":"es","potentialAction":[{"@type":"CommentAction","name":"Comment","target":["https:\/\/quehacerpolitico.mx\/?p=109299#respond"]}]},{"@type":"WebPage","@id":"https:\/\/quehacerpolitico.mx\/?p=109299","url":"https:\/\/quehacerpolitico.mx\/?p=109299","name":"Internacionales\/\/\/Carolina Alonso Romei\/\/\/Estados Unidos dice que Biden busca evitar una guerra amplia en Oriente Medio -","isPartOf":{"@id":"https:\/\/quehacerpolitico.mx\/#website"},"primaryImageOfPage":{"@id":"https:\/\/quehacerpolitico.mx\/?p=109299#primaryimage"},"image":{"@id":"https:\/\/quehacerpolitico.mx\/?p=109299#primaryimage"},"thumbnailUrl":"https:\/\/quehacerpolitico.mx\/wp-content\/uploads\/2024\/04\/73e1444e-4b17-4ee5-aa11-c102ecdb7153-5.jpeg","datePublished":"2024-04-14T23:27:07+00:00","dateModified":"2024-04-14T23:27:09+00:00","author":{"@id":"https:\/\/quehacerpolitico.mx\/#\/schema\/person\/496d8ad2d1d3f8036101dca7ee39e585"},"breadcrumb":{"@id":"https:\/\/quehacerpolitico.mx\/?p=109299#breadcrumb"},"inLanguage":"es","potentialAction":[{"@type":"ReadAction","target":["https:\/\/quehacerpolitico.mx\/?p=109299"]}]},{"@type":"ImageObject","inLanguage":"es","@id":"https:\/\/quehacerpolitico.mx\/?p=109299#primaryimage","url":"https:\/\/quehacerpolitico.mx\/wp-content\/uploads\/2024\/04\/73e1444e-4b17-4ee5-aa11-c102ecdb7153-5.jpeg","contentUrl":"https:\/\/quehacerpolitico.mx\/wp-content\/uploads\/2024\/04\/73e1444e-4b17-4ee5-aa11-c102ecdb7153-5.jpeg","width":963,"height":493},{"@type":"BreadcrumbList","@id":"https:\/\/quehacerpolitico.mx\/?p=109299#breadcrumb","itemListElement":[{"@type":"ListItem","position":1,"name":"Inicio","item":"https:\/\/quehacerpolitico.mx\/"},{"@type":"ListItem","position":2,"name":"Internacionales\/\/\/Carolina Alonso Romei\/\/\/Estados Unidos dice que Biden busca evitar una guerra amplia en Oriente Medio"}]},{"@type":"WebSite","@id":"https:\/\/quehacerpolitico.mx\/#website","url":"https:\/\/quehacerpolitico.mx\/","name":"","description":"","potentialAction":[{"@type":"SearchAction","target":{"@type":"EntryPoint","urlTemplate":"https:\/\/quehacerpolitico.mx\/?s={search_term_string}"},"query-input":{"@type":"PropertyValueSpecification","valueRequired":true,"valueName":"search_term_string"}}],"inLanguage":"es"},{"@type":"Person","@id":"https:\/\/quehacerpolitico.mx\/#\/schema\/person\/496d8ad2d1d3f8036101dca7ee39e585","name":"Redacci\u00f3n QP","image":{"@type":"ImageObject","inLanguage":"es","@id":"https:\/\/secure.gravatar.com\/avatar\/c7164ed6fdec453195284ad24a5ae5b6e1eed2b848477fa2a4787ba9adf39a41?s=96&d=mm&r=g","url":"https:\/\/secure.gravatar.com\/avatar\/c7164ed6fdec453195284ad24a5ae5b6e1eed2b848477fa2a4787ba9adf39a41?s=96&d=mm&r=g","contentUrl":"https:\/\/secure.gravatar.com\/avatar\/c7164ed6fdec453195284ad24a5ae5b6e1eed2b848477fa2a4787ba9adf39a41?s=96&d=mm&r=g","caption":"Redacci\u00f3n QP"},"url":"https:\/\/quehacerpolitico.mx\/?author=2"}]}},"featured_image_urls":{"full":["https:\/\/quehacerpolitico.mx\/wp-content\/uploads\/2024\/04\/73e1444e-4b17-4ee5-aa11-c102ecdb7153-5.jpeg",963,493,false],"thumbnail":["https:\/\/quehacerpolitico.mx\/wp-content\/uploads\/2024\/04\/73e1444e-4b17-4ee5-aa11-c102ecdb7153-5-150x150.jpeg",150,150,true],"medium":["https:\/\/quehacerpolitico.mx\/wp-content\/uploads\/2024\/04\/73e1444e-4b17-4ee5-aa11-c102ecdb7153-5-300x154.jpeg",300,154,true],"medium_large":["https:\/\/quehacerpolitico.mx\/wp-content\/uploads\/2024\/04\/73e1444e-4b17-4ee5-aa11-c102ecdb7153-5-768x393.jpeg",640,328,true],"large":["https:\/\/quehacerpolitico.mx\/wp-content\/uploads\/2024\/04\/73e1444e-4b17-4ee5-aa11-c102ecdb7153-5.jpeg",640,328,false],"1536x1536":["https:\/\/quehacerpolitico.mx\/wp-content\/uploads\/2024\/04\/73e1444e-4b17-4ee5-aa11-c102ecdb7153-5.jpeg",963,493,false],"2048x2048":["https:\/\/quehacerpolitico.mx\/wp-content\/uploads\/2024\/04\/73e1444e-4b17-4ee5-aa11-c102ecdb7153-5.jpeg",963,493,false],"covernews-featured":["https:\/\/quehacerpolitico.mx\/wp-content\/uploads\/2024\/04\/73e1444e-4b17-4ee5-aa11-c102ecdb7153-5.jpeg",963,493,false],"covernews-medium":["https:\/\/quehacerpolitico.mx\/wp-content\/uploads\/2024\/04\/73e1444e-4b17-4ee5-aa11-c102ecdb7153-5.jpeg",540,276,false]},"author_info":{"display_name":"Redacci\u00f3n QP","author_link":"https:\/\/quehacerpolitico.mx\/?author=2"},"category_info":"<a href=\"https:\/\/quehacerpolitico.mx\/?cat=1\" rel=\"category\">Internacionales<\/a>","tag_info":"Internacionales","comment_count":"0","_links":{"self":[{"href":"https:\/\/quehacerpolitico.mx\/index.php?rest_route=\/wp\/v2\/posts\/109299","targetHints":{"allow":["GET"]}}],"collection":[{"href":"https:\/\/quehacerpolitico.mx\/index.php?rest_route=\/wp\/v2\/posts"}],"about":[{"href":"https:\/\/quehacerpolitico.mx\/index.php?rest_route=\/wp\/v2\/types\/post"}],"author":[{"embeddable":true,"href":"https:\/\/quehacerpolitico.mx\/index.php?rest_route=\/wp\/v2\/users\/2"}],"replies":[{"embeddable":true,"href":"https:\/\/quehacerpolitico.mx\/index.php?rest_route=%2Fwp%2Fv2%2Fcomments&post=109299"}],"version-history":[{"count":1,"href":"https:\/\/quehacerpolitico.mx\/index.php?rest_route=\/wp\/v2\/posts\/109299\/revisions"}],"predecessor-version":[{"id":109301,"href":"https:\/\/quehacerpolitico.mx\/index.php?rest_route=\/wp\/v2\/posts\/109299\/revisions\/109301"}],"wp:featuredmedia":[{"embeddable":true,"href":"https:\/\/quehacerpolitico.mx\/index.php?rest_route=\/wp\/v2\/media\/109300"}],"wp:attachment":[{"href":"https:\/\/quehacerpolitico.mx\/index.php?rest_route=%2Fwp%2Fv2%2Fmedia&parent=109299"}],"wp:term":[{"taxonomy":"category","embeddable":true,"href":"https:\/\/quehacerpolitico.mx\/index.php?rest_route=%2Fwp%2Fv2%2Fcategories&post=109299"},{"taxonomy":"post_tag","embeddable":true,"href":"https:\/\/quehacerpolitico.mx\/index.php?rest_route=%2Fwp%2Fv2%2Ftags&post=109299"}],"curies":[{"name":"wp","href":"https:\/\/api.w.org\/{rel}","templated":true}]}}