{"id":109294,"date":"2024-04-14T23:02:58","date_gmt":"2024-04-14T23:02:58","guid":{"rendered":"https:\/\/quehacerpolitico.mx\/?p=109294"},"modified":"2024-04-14T23:03:00","modified_gmt":"2024-04-14T23:03:00","slug":"internacionales-carolina-alonso-romei-tercera-guerra-mundial-esto-podria-pasar-tras-el-ataque-de-iran-contra-israel","status":"publish","type":"post","link":"https:\/\/quehacerpolitico.mx\/?p=109294","title":{"rendered":"Internacionales\/\/\/Carolina Alonso Romei\/\/\/\u00bfTercera guerra mundial? Esto podr\u00eda pasar tras el ataque de Ir\u00e1n contra Israel"},"content":{"rendered":"\n<p>Por Carolina Alonso Romei<\/p>\n\n\n\n<p>Internacionalista <\/p>\n\n\n\n<p>Los ojos del mundo est\u00e1n\u00a0puestos sobre\u00a0Israel y si decidir\u00e1\u00a0emprender nuevas acciones militares contra Ir\u00e1n<\/p>\n\n\n\n<p><strong>El ataque sin precedentes de Ir\u00e1n contra Israel la madrugada del domingo marc\u00f3 un cambio de enfoque para&nbsp;Teher\u00e1n, que hab\u00eda dependido de representantes en todo el&nbsp;Medio Oriente&nbsp;desde el inicio de la guerra entre&nbsp;Israel&nbsp;y&nbsp;Hamas&nbsp;en octubre. Todos los ojos est\u00e1n ahora puestos en si Israel decide emprender nuevas acciones militares, mientras que Washington busca medidas diplom\u00e1ticas para aliviar las tensiones regionales.<\/strong><\/p>\n\n\n\n<p>Ir\u00e1n dice que el ataque fue en respuesta a un ataque a\u00e9reo ampliamente atribuido a Israel que destruy\u00f3 lo que Ir\u00e1n dice que eran oficinas consulares en Siria y mat\u00f3 a dos generales de su\u00a0Guardia Revolucionaria\u00a0paramilitar a principios de este mes.<\/p>\n\n\n\n<figure class=\"wp-block-image size-full\"><img loading=\"lazy\" decoding=\"async\" width=\"739\" height=\"415\" src=\"https:\/\/quehacerpolitico.mx\/wp-content\/uploads\/2024\/04\/image-31.jpeg\" alt=\"\" class=\"wp-image-109296\" srcset=\"https:\/\/quehacerpolitico.mx\/wp-content\/uploads\/2024\/04\/image-31.jpeg 739w, https:\/\/quehacerpolitico.mx\/wp-content\/uploads\/2024\/04\/image-31-300x168.jpeg 300w, https:\/\/quehacerpolitico.mx\/wp-content\/uploads\/2024\/04\/image-31-260x146.jpeg 260w, https:\/\/quehacerpolitico.mx\/wp-content\/uploads\/2024\/04\/image-31-50x28.jpeg 50w, https:\/\/quehacerpolitico.mx\/wp-content\/uploads\/2024\/04\/image-31-134x75.jpeg 134w\" sizes=\"auto, (max-width: 739px) 100vw, 739px\" \/><\/figure>\n\n\n\n<p>Israel dijo que casi todos los m\u00e1s de 300 drones y misiles lanzados durante la noche por Ir\u00e1n\u00a0<strong>fueron derribados por su sistema de defensa antimisiles,<\/strong>\u00a0respaldado por Estados Unidos y Gran Breta\u00f1a. La \u00fanica v\u00edctima reportada fue una ni\u00f1a herida en el sur de Israel, y un misil impact\u00f3 una base a\u00e9rea israel\u00ed, causando da\u00f1os leves.<\/p>\n\n\n\n<p>Aun as\u00ed, el jefe de la&nbsp;Guardia Revolucionaria de Ir\u00e1n&nbsp;calific\u00f3 la operaci\u00f3n como un \u00e9xito.<\/p>\n\n\n\n<p>Ir\u00e1n ha logrado un equilibrio entre tomar represalias p\u00fablicas por el ataque en Damasco y\u00a0<strong>evitar provocar nuevas acciones militares israel\u00edes\u00a0<\/strong>que conduzcan a un conflicto mucho m\u00e1s amplio, dijo\u00a0Mona Yacoubian,\u00a0vicepresidenta del centro para Medio Oriente y Norte de \u00c1frica del Instituto de la Paz de Estados Unidos.<\/p>\n\n\n\n<p>&#8220;A estas alturas (Ir\u00e1n e Israel) ambos (Ir\u00e1n e Israel) pueden cantar victoria y retirarse del precipicio, sobre todo porque no hubo civiles israel\u00edes muertos&#8221;, dijo Yacoubian.<\/p>\n\n\n\n<figure class=\"wp-block-embed is-type-video is-provider-youtube wp-block-embed-youtube wp-embed-aspect-16-9 wp-has-aspect-ratio\"><div class=\"wp-block-embed__wrapper\">\n<iframe loading=\"lazy\" title=\"&quot;Estamos m\u00e1s cerca que nunca de una Tercera Guerra Mundial&quot;. Jos\u00e9 Manj\u00f3n\" width=\"640\" height=\"360\" src=\"https:\/\/www.youtube.com\/embed\/rJmRg8ADDcg?feature=oembed\" frameborder=\"0\" allow=\"accelerometer; autoplay; clipboard-write; encrypted-media; gyroscope; picture-in-picture; web-share\" referrerpolicy=\"strict-origin-when-cross-origin\" allowfullscreen><\/iframe>\n<\/div><\/figure>\n\n\n\n<h2 class=\"wp-block-heading\">Se espera la respuesta israel\u00ed<\/h2>\n\n\n\n<p>Sin embargo, el mundo todav\u00eda estaba esperando el resultado de una reuni\u00f3n del&nbsp;Gabinete de Guerra israel\u00ed el domingo. Los israel\u00edes de l\u00ednea dura han presionado para que se d\u00e9 una respuesta, pero otros han sugerido moderaci\u00f3n, diciendo que Israel deber\u00eda centrarse en fortalecer los incipientes v\u00ednculos con sus socios \u00e1rabes.<\/p>\n\n\n\n<p>&#8220;Construiremos una coalici\u00f3n regional y cobraremos el precio a Ir\u00e1n, en la forma y en el momento que nos convenga&#8221;, dijo&nbsp;Benny Gantz, miembro del Gabinete de Guerra.&nbsp;<strong>Los analistas dicen que Ir\u00e1n envi\u00f3 un mensaje de que estar\u00eda dispuesto a intensificar<\/strong>&nbsp;y cambiar sus reglas de enfrentamiento en su guerra en la sombra con Israel.<\/p>\n\n\n\n<p>&#8220;Es un disparo de advertencia, que dice que si Israel infringe las reglas, habr\u00e1 consecuencias&#8221;, dijo&nbsp;Magnus Ranstorp, asesor estrat\u00e9gico de la Universidad de Defensa Sueca. El ataque de Ir\u00e1n ha avivado a\u00fan m\u00e1s los temores de que la guerra en Gaza cause estragos regionales.<\/p>\n\n\n\n<p>Pero Ir\u00e1n sostiene que no busca una guerra total en toda la regi\u00f3n. El ministro de Asuntos Exteriores,&nbsp;Hossein Amirabdollahian, dijo en una publicaci\u00f3n en X, anteriormente Twitter, que Ir\u00e1n&nbsp;<strong>\u201cno tiene intenci\u00f3n de continuar las operaciones defensivas\u201d&nbsp;<\/strong>en este momento a menos que sea atacado. Ir\u00e1n enfatiz\u00f3 que su objetivo eran instalaciones israel\u00edes involucradas en el ataque a Damasco, no civiles o \u201c\u00e1reas econ\u00f3micas\u201d.<\/p>\n\n\n\n<p>Despu\u00e9s de que Israel comenzara su ofensiva en Gaza contra Hamas, grupos respaldados por Ir\u00e1n participaron militarmente mientras Teher\u00e1n se mantuvo al margen. El grupo liban\u00e9s Hezbol\u00e1 dispar\u00f3 cohetes contra el norte de Israel. Los rebeldes hut\u00edes de Yemen atacaron barcos occidentales en el Mar Rojo. Un grupo de milicias iraqu\u00edes respaldadas por Ir\u00e1n atac\u00f3 posiciones militares estadounidenses en Irak y Siria.<\/p>\n\n\n\n<figure class=\"wp-block-embed is-type-video is-provider-youtube wp-block-embed-youtube wp-embed-aspect-16-9 wp-has-aspect-ratio\"><div class=\"wp-block-embed__wrapper\">\n<iframe loading=\"lazy\" title=\"\u00bfEs posible una Tercera Guerra Mundial? Un simulador muestra una guerra nuclear en tiempo real\" width=\"640\" height=\"360\" src=\"https:\/\/www.youtube.com\/embed\/1bIaN7c6pxw?feature=oembed\" frameborder=\"0\" allow=\"accelerometer; autoplay; clipboard-write; encrypted-media; gyroscope; picture-in-picture; web-share\" referrerpolicy=\"strict-origin-when-cross-origin\" allowfullscreen><\/iframe>\n<\/div><\/figure>\n\n\n\n<p>Ahora, Teher\u00e1n est\u00e1<strong>&nbsp;\u201cdispuesto a subir la apuesta\u201d&nbsp;<\/strong>sin depender de representantes, dijo el director del Centro Carnegie para Oriente Medio,&nbsp;Maha Yahya.<\/p>\n\n\n\n<p>Aun as\u00ed, Ir\u00e1n s\u00f3lo lleg\u00f3 hasta cierto punto. &#8220;Dieron suficiente advertencia de que esto iba a suceder, y creo que sab\u00edan que ellos (los drones y los misiles) ser\u00edan derribados antes de que llegaran a territorio israel\u00ed&#8221;, dijo Yahya. Tambi\u00e9n se\u00f1al\u00f3 que la reciente creciente presi\u00f3n sobre Israel por su conducta en Gaza ahora se ha centrado en reducir las tensiones regionales.<\/p>\n\n\n\n<p>Que Israel emprenda m\u00e1s acciones militares no parece popular entre sus aliados, incluido Estados Unidos, dijo Eldad Shavit,\u00a0<strong>quien dirige el Programa de Investigaci\u00f3n Israel-Estados Unidos<\/strong>\u00a0en el grupo de expertos israel\u00ed Instituto de Estudios de Seguridad Nacional.<\/p>\n\n\n\n<figure class=\"wp-block-image size-full\"><img loading=\"lazy\" decoding=\"async\" width=\"739\" height=\"415\" src=\"https:\/\/quehacerpolitico.mx\/wp-content\/uploads\/2024\/04\/image-32.jpeg\" alt=\"\" class=\"wp-image-109297\" srcset=\"https:\/\/quehacerpolitico.mx\/wp-content\/uploads\/2024\/04\/image-32.jpeg 739w, https:\/\/quehacerpolitico.mx\/wp-content\/uploads\/2024\/04\/image-32-300x168.jpeg 300w, https:\/\/quehacerpolitico.mx\/wp-content\/uploads\/2024\/04\/image-32-260x146.jpeg 260w, https:\/\/quehacerpolitico.mx\/wp-content\/uploads\/2024\/04\/image-32-50x28.jpeg 50w, https:\/\/quehacerpolitico.mx\/wp-content\/uploads\/2024\/04\/image-32-134x75.jpeg 134w\" sizes=\"auto, (max-width: 739px) 100vw, 739px\" \/><\/figure>\n\n\n\n<h2 class=\"wp-block-heading\">&#8220;No queremos una guerra m\u00e1s amplia&#8221;<\/h2>\n\n\n\n<p>El portavoz de seguridad nacional de la Casa Blanca,&nbsp;John Kirby, dijo a NBC que el presidente&nbsp;<strong>Joe Biden no quiere una escalada en el conflicto regional o una \u201cguerra m\u00e1s amplia\u201d&nbsp;<\/strong>con Ir\u00e1n, y est\u00e1 \u201ctrabajando personalmente en el lado diplom\u00e1tico de esto\u201d. El domingo se celebraban reuniones urgentes del G7 (la reuni\u00f3n informal de pa\u00edses industrializados que incluye a&nbsp;Estados Unidos, el Reino Unido y Francia) y el Consejo de Seguridad de la ONU.<\/p>\n\n\n\n<p><strong>Los participantes en la reuni\u00f3n del G7 condenaron un\u00e1nimemente el ataque de Ir\u00e1n en una declaraci\u00f3n y dijeron que &#8220;estamos dispuestos a tomar m\u00e1s medidas ahora y en respuesta a nuevas iniciativas desestabilizadoras&#8221;.<\/strong><\/p>\n\n\n\n<p>Con informaci\u00f3n de SUN<\/p>\n","protected":false},"excerpt":{"rendered":"<p>Por Carolina Alonso Romei Internacionalista Los ojos del mundo est\u00e1n\u00a0puestos sobre\u00a0Israel y si decidir\u00e1\u00a0emprender nuevas&#8230;<\/p>\n","protected":false},"author":2,"featured_media":109295,"comment_status":"open","ping_status":"open","sticky":false,"template":"","format":"standard","meta":{"_monsterinsights_skip_tracking":false,"_monsterinsights_sitenote_active":false,"_monsterinsights_sitenote_note":"","_monsterinsights_sitenote_category":0,"footnotes":""},"categories":[1],"tags":[],"class_list":["post-109294","post","type-post","status-publish","format-standard","has-post-thumbnail","hentry","category-sin-categoria"],"yoast_head":"<!-- This site is optimized with the Yoast SEO plugin v27.3 - https:\/\/yoast.com\/product\/yoast-seo-wordpress\/ -->\n<title>Internacionales\/\/\/Carolina Alonso Romei\/\/\/\u00bfTercera guerra mundial? Esto podr\u00eda pasar tras el ataque de Ir\u00e1n contra Israel -<\/title>\n<meta name=\"robots\" content=\"index, follow, max-snippet:-1, max-image-preview:large, max-video-preview:-1\" \/>\n<link rel=\"canonical\" href=\"https:\/\/quehacerpolitico.mx\/?p=109294\" \/>\n<meta property=\"og:locale\" content=\"es_MX\" \/>\n<meta property=\"og:type\" content=\"article\" \/>\n<meta property=\"og:title\" content=\"Internacionales\/\/\/Carolina Alonso Romei\/\/\/\u00bfTercera guerra mundial? Esto podr\u00eda pasar tras el ataque de Ir\u00e1n contra Israel -\" \/>\n<meta property=\"og:description\" content=\"Por Carolina Alonso Romei Internacionalista Los ojos del mundo est\u00e1n\u00a0puestos sobre\u00a0Israel y si decidir\u00e1\u00a0emprender nuevas...\" \/>\n<meta property=\"og:url\" content=\"https:\/\/quehacerpolitico.mx\/?p=109294\" \/>\n<meta property=\"article:published_time\" content=\"2024-04-14T23:02:58+00:00\" \/>\n<meta property=\"article:modified_time\" content=\"2024-04-14T23:03:00+00:00\" \/>\n<meta property=\"og:image\" content=\"https:\/\/quehacerpolitico.mx\/wp-content\/uploads\/2024\/04\/73e1444e-4b17-4ee5-aa11-c102ecdb7153-4.jpeg\" \/>\n\t<meta property=\"og:image:width\" content=\"963\" \/>\n\t<meta property=\"og:image:height\" content=\"493\" \/>\n\t<meta property=\"og:image:type\" content=\"image\/jpeg\" \/>\n<meta name=\"author\" content=\"Redacci\u00f3n QP\" \/>\n<meta name=\"twitter:card\" content=\"summary_large_image\" \/>\n<meta name=\"twitter:label1\" content=\"Escrito por\" \/>\n\t<meta name=\"twitter:data1\" content=\"Redacci\u00f3n QP\" \/>\n\t<meta name=\"twitter:label2\" content=\"Tiempo de lectura\" \/>\n\t<meta name=\"twitter:data2\" content=\"5 minutos\" \/>\n<script type=\"application\/ld+json\" class=\"yoast-schema-graph\">{\"@context\":\"https:\\\/\\\/schema.org\",\"@graph\":[{\"@type\":\"Article\",\"@id\":\"https:\\\/\\\/quehacerpolitico.mx\\\/?p=109294#article\",\"isPartOf\":{\"@id\":\"https:\\\/\\\/quehacerpolitico.mx\\\/?p=109294\"},\"author\":{\"name\":\"Redacci\u00f3n QP\",\"@id\":\"https:\\\/\\\/quehacerpolitico.mx\\\/#\\\/schema\\\/person\\\/496d8ad2d1d3f8036101dca7ee39e585\"},\"headline\":\"Internacionales\\\/\\\/\\\/Carolina Alonso Romei\\\/\\\/\\\/\u00bfTercera guerra mundial? Esto podr\u00eda pasar tras el ataque de Ir\u00e1n contra Israel\",\"datePublished\":\"2024-04-14T23:02:58+00:00\",\"dateModified\":\"2024-04-14T23:03:00+00:00\",\"mainEntityOfPage\":{\"@id\":\"https:\\\/\\\/quehacerpolitico.mx\\\/?p=109294\"},\"wordCount\":945,\"commentCount\":0,\"image\":{\"@id\":\"https:\\\/\\\/quehacerpolitico.mx\\\/?p=109294#primaryimage\"},\"thumbnailUrl\":\"https:\\\/\\\/quehacerpolitico.mx\\\/wp-content\\\/uploads\\\/2024\\\/04\\\/73e1444e-4b17-4ee5-aa11-c102ecdb7153-4.jpeg\",\"articleSection\":[\"Internacionales\"],\"inLanguage\":\"es\",\"potentialAction\":[{\"@type\":\"CommentAction\",\"name\":\"Comment\",\"target\":[\"https:\\\/\\\/quehacerpolitico.mx\\\/?p=109294#respond\"]}]},{\"@type\":\"WebPage\",\"@id\":\"https:\\\/\\\/quehacerpolitico.mx\\\/?p=109294\",\"url\":\"https:\\\/\\\/quehacerpolitico.mx\\\/?p=109294\",\"name\":\"Internacionales\\\/\\\/\\\/Carolina Alonso Romei\\\/\\\/\\\/\u00bfTercera guerra mundial? Esto podr\u00eda pasar tras el ataque de Ir\u00e1n contra Israel -\",\"isPartOf\":{\"@id\":\"https:\\\/\\\/quehacerpolitico.mx\\\/#website\"},\"primaryImageOfPage\":{\"@id\":\"https:\\\/\\\/quehacerpolitico.mx\\\/?p=109294#primaryimage\"},\"image\":{\"@id\":\"https:\\\/\\\/quehacerpolitico.mx\\\/?p=109294#primaryimage\"},\"thumbnailUrl\":\"https:\\\/\\\/quehacerpolitico.mx\\\/wp-content\\\/uploads\\\/2024\\\/04\\\/73e1444e-4b17-4ee5-aa11-c102ecdb7153-4.jpeg\",\"datePublished\":\"2024-04-14T23:02:58+00:00\",\"dateModified\":\"2024-04-14T23:03:00+00:00\",\"author\":{\"@id\":\"https:\\\/\\\/quehacerpolitico.mx\\\/#\\\/schema\\\/person\\\/496d8ad2d1d3f8036101dca7ee39e585\"},\"breadcrumb\":{\"@id\":\"https:\\\/\\\/quehacerpolitico.mx\\\/?p=109294#breadcrumb\"},\"inLanguage\":\"es\",\"potentialAction\":[{\"@type\":\"ReadAction\",\"target\":[\"https:\\\/\\\/quehacerpolitico.mx\\\/?p=109294\"]}]},{\"@type\":\"ImageObject\",\"inLanguage\":\"es\",\"@id\":\"https:\\\/\\\/quehacerpolitico.mx\\\/?p=109294#primaryimage\",\"url\":\"https:\\\/\\\/quehacerpolitico.mx\\\/wp-content\\\/uploads\\\/2024\\\/04\\\/73e1444e-4b17-4ee5-aa11-c102ecdb7153-4.jpeg\",\"contentUrl\":\"https:\\\/\\\/quehacerpolitico.mx\\\/wp-content\\\/uploads\\\/2024\\\/04\\\/73e1444e-4b17-4ee5-aa11-c102ecdb7153-4.jpeg\",\"width\":963,\"height\":493},{\"@type\":\"BreadcrumbList\",\"@id\":\"https:\\\/\\\/quehacerpolitico.mx\\\/?p=109294#breadcrumb\",\"itemListElement\":[{\"@type\":\"ListItem\",\"position\":1,\"name\":\"Inicio\",\"item\":\"https:\\\/\\\/quehacerpolitico.mx\\\/\"},{\"@type\":\"ListItem\",\"position\":2,\"name\":\"Internacionales\\\/\\\/\\\/Carolina Alonso Romei\\\/\\\/\\\/\u00bfTercera guerra mundial? Esto podr\u00eda pasar tras el ataque de Ir\u00e1n contra Israel\"}]},{\"@type\":\"WebSite\",\"@id\":\"https:\\\/\\\/quehacerpolitico.mx\\\/#website\",\"url\":\"https:\\\/\\\/quehacerpolitico.mx\\\/\",\"name\":\"\",\"description\":\"\",\"potentialAction\":[{\"@type\":\"SearchAction\",\"target\":{\"@type\":\"EntryPoint\",\"urlTemplate\":\"https:\\\/\\\/quehacerpolitico.mx\\\/?s={search_term_string}\"},\"query-input\":{\"@type\":\"PropertyValueSpecification\",\"valueRequired\":true,\"valueName\":\"search_term_string\"}}],\"inLanguage\":\"es\"},{\"@type\":\"Person\",\"@id\":\"https:\\\/\\\/quehacerpolitico.mx\\\/#\\\/schema\\\/person\\\/496d8ad2d1d3f8036101dca7ee39e585\",\"name\":\"Redacci\u00f3n QP\",\"image\":{\"@type\":\"ImageObject\",\"inLanguage\":\"es\",\"@id\":\"https:\\\/\\\/secure.gravatar.com\\\/avatar\\\/c7164ed6fdec453195284ad24a5ae5b6e1eed2b848477fa2a4787ba9adf39a41?s=96&d=mm&r=g\",\"url\":\"https:\\\/\\\/secure.gravatar.com\\\/avatar\\\/c7164ed6fdec453195284ad24a5ae5b6e1eed2b848477fa2a4787ba9adf39a41?s=96&d=mm&r=g\",\"contentUrl\":\"https:\\\/\\\/secure.gravatar.com\\\/avatar\\\/c7164ed6fdec453195284ad24a5ae5b6e1eed2b848477fa2a4787ba9adf39a41?s=96&d=mm&r=g\",\"caption\":\"Redacci\u00f3n QP\"},\"url\":\"https:\\\/\\\/quehacerpolitico.mx\\\/?author=2\"}]}<\/script>\n<!-- \/ Yoast SEO plugin. -->","yoast_head_json":{"title":"Internacionales\/\/\/Carolina Alonso Romei\/\/\/\u00bfTercera guerra mundial? Esto podr\u00eda pasar tras el ataque de Ir\u00e1n contra Israel -","robots":{"index":"index","follow":"follow","max-snippet":"max-snippet:-1","max-image-preview":"max-image-preview:large","max-video-preview":"max-video-preview:-1"},"canonical":"https:\/\/quehacerpolitico.mx\/?p=109294","og_locale":"es_MX","og_type":"article","og_title":"Internacionales\/\/\/Carolina Alonso Romei\/\/\/\u00bfTercera guerra mundial? Esto podr\u00eda pasar tras el ataque de Ir\u00e1n contra Israel -","og_description":"Por Carolina Alonso Romei Internacionalista Los ojos del mundo est\u00e1n\u00a0puestos sobre\u00a0Israel y si decidir\u00e1\u00a0emprender nuevas...","og_url":"https:\/\/quehacerpolitico.mx\/?p=109294","article_published_time":"2024-04-14T23:02:58+00:00","article_modified_time":"2024-04-14T23:03:00+00:00","og_image":[{"width":963,"height":493,"url":"https:\/\/quehacerpolitico.mx\/wp-content\/uploads\/2024\/04\/73e1444e-4b17-4ee5-aa11-c102ecdb7153-4.jpeg","type":"image\/jpeg"}],"author":"Redacci\u00f3n QP","twitter_card":"summary_large_image","twitter_misc":{"Escrito por":"Redacci\u00f3n QP","Tiempo de lectura":"5 minutos"},"schema":{"@context":"https:\/\/schema.org","@graph":[{"@type":"Article","@id":"https:\/\/quehacerpolitico.mx\/?p=109294#article","isPartOf":{"@id":"https:\/\/quehacerpolitico.mx\/?p=109294"},"author":{"name":"Redacci\u00f3n QP","@id":"https:\/\/quehacerpolitico.mx\/#\/schema\/person\/496d8ad2d1d3f8036101dca7ee39e585"},"headline":"Internacionales\/\/\/Carolina Alonso Romei\/\/\/\u00bfTercera guerra mundial? Esto podr\u00eda pasar tras el ataque de Ir\u00e1n contra Israel","datePublished":"2024-04-14T23:02:58+00:00","dateModified":"2024-04-14T23:03:00+00:00","mainEntityOfPage":{"@id":"https:\/\/quehacerpolitico.mx\/?p=109294"},"wordCount":945,"commentCount":0,"image":{"@id":"https:\/\/quehacerpolitico.mx\/?p=109294#primaryimage"},"thumbnailUrl":"https:\/\/quehacerpolitico.mx\/wp-content\/uploads\/2024\/04\/73e1444e-4b17-4ee5-aa11-c102ecdb7153-4.jpeg","articleSection":["Internacionales"],"inLanguage":"es","potentialAction":[{"@type":"CommentAction","name":"Comment","target":["https:\/\/quehacerpolitico.mx\/?p=109294#respond"]}]},{"@type":"WebPage","@id":"https:\/\/quehacerpolitico.mx\/?p=109294","url":"https:\/\/quehacerpolitico.mx\/?p=109294","name":"Internacionales\/\/\/Carolina Alonso Romei\/\/\/\u00bfTercera guerra mundial? Esto podr\u00eda pasar tras el ataque de Ir\u00e1n contra Israel -","isPartOf":{"@id":"https:\/\/quehacerpolitico.mx\/#website"},"primaryImageOfPage":{"@id":"https:\/\/quehacerpolitico.mx\/?p=109294#primaryimage"},"image":{"@id":"https:\/\/quehacerpolitico.mx\/?p=109294#primaryimage"},"thumbnailUrl":"https:\/\/quehacerpolitico.mx\/wp-content\/uploads\/2024\/04\/73e1444e-4b17-4ee5-aa11-c102ecdb7153-4.jpeg","datePublished":"2024-04-14T23:02:58+00:00","dateModified":"2024-04-14T23:03:00+00:00","author":{"@id":"https:\/\/quehacerpolitico.mx\/#\/schema\/person\/496d8ad2d1d3f8036101dca7ee39e585"},"breadcrumb":{"@id":"https:\/\/quehacerpolitico.mx\/?p=109294#breadcrumb"},"inLanguage":"es","potentialAction":[{"@type":"ReadAction","target":["https:\/\/quehacerpolitico.mx\/?p=109294"]}]},{"@type":"ImageObject","inLanguage":"es","@id":"https:\/\/quehacerpolitico.mx\/?p=109294#primaryimage","url":"https:\/\/quehacerpolitico.mx\/wp-content\/uploads\/2024\/04\/73e1444e-4b17-4ee5-aa11-c102ecdb7153-4.jpeg","contentUrl":"https:\/\/quehacerpolitico.mx\/wp-content\/uploads\/2024\/04\/73e1444e-4b17-4ee5-aa11-c102ecdb7153-4.jpeg","width":963,"height":493},{"@type":"BreadcrumbList","@id":"https:\/\/quehacerpolitico.mx\/?p=109294#breadcrumb","itemListElement":[{"@type":"ListItem","position":1,"name":"Inicio","item":"https:\/\/quehacerpolitico.mx\/"},{"@type":"ListItem","position":2,"name":"Internacionales\/\/\/Carolina Alonso Romei\/\/\/\u00bfTercera guerra mundial? Esto podr\u00eda pasar tras el ataque de Ir\u00e1n contra Israel"}]},{"@type":"WebSite","@id":"https:\/\/quehacerpolitico.mx\/#website","url":"https:\/\/quehacerpolitico.mx\/","name":"","description":"","potentialAction":[{"@type":"SearchAction","target":{"@type":"EntryPoint","urlTemplate":"https:\/\/quehacerpolitico.mx\/?s={search_term_string}"},"query-input":{"@type":"PropertyValueSpecification","valueRequired":true,"valueName":"search_term_string"}}],"inLanguage":"es"},{"@type":"Person","@id":"https:\/\/quehacerpolitico.mx\/#\/schema\/person\/496d8ad2d1d3f8036101dca7ee39e585","name":"Redacci\u00f3n QP","image":{"@type":"ImageObject","inLanguage":"es","@id":"https:\/\/secure.gravatar.com\/avatar\/c7164ed6fdec453195284ad24a5ae5b6e1eed2b848477fa2a4787ba9adf39a41?s=96&d=mm&r=g","url":"https:\/\/secure.gravatar.com\/avatar\/c7164ed6fdec453195284ad24a5ae5b6e1eed2b848477fa2a4787ba9adf39a41?s=96&d=mm&r=g","contentUrl":"https:\/\/secure.gravatar.com\/avatar\/c7164ed6fdec453195284ad24a5ae5b6e1eed2b848477fa2a4787ba9adf39a41?s=96&d=mm&r=g","caption":"Redacci\u00f3n QP"},"url":"https:\/\/quehacerpolitico.mx\/?author=2"}]}},"featured_image_urls":{"full":["https:\/\/quehacerpolitico.mx\/wp-content\/uploads\/2024\/04\/73e1444e-4b17-4ee5-aa11-c102ecdb7153-4.jpeg",963,493,false],"thumbnail":["https:\/\/quehacerpolitico.mx\/wp-content\/uploads\/2024\/04\/73e1444e-4b17-4ee5-aa11-c102ecdb7153-4-150x150.jpeg",150,150,true],"medium":["https:\/\/quehacerpolitico.mx\/wp-content\/uploads\/2024\/04\/73e1444e-4b17-4ee5-aa11-c102ecdb7153-4-300x154.jpeg",300,154,true],"medium_large":["https:\/\/quehacerpolitico.mx\/wp-content\/uploads\/2024\/04\/73e1444e-4b17-4ee5-aa11-c102ecdb7153-4-768x393.jpeg",640,328,true],"large":["https:\/\/quehacerpolitico.mx\/wp-content\/uploads\/2024\/04\/73e1444e-4b17-4ee5-aa11-c102ecdb7153-4.jpeg",640,328,false],"1536x1536":["https:\/\/quehacerpolitico.mx\/wp-content\/uploads\/2024\/04\/73e1444e-4b17-4ee5-aa11-c102ecdb7153-4.jpeg",963,493,false],"2048x2048":["https:\/\/quehacerpolitico.mx\/wp-content\/uploads\/2024\/04\/73e1444e-4b17-4ee5-aa11-c102ecdb7153-4.jpeg",963,493,false],"covernews-featured":["https:\/\/quehacerpolitico.mx\/wp-content\/uploads\/2024\/04\/73e1444e-4b17-4ee5-aa11-c102ecdb7153-4.jpeg",963,493,false],"covernews-medium":["https:\/\/quehacerpolitico.mx\/wp-content\/uploads\/2024\/04\/73e1444e-4b17-4ee5-aa11-c102ecdb7153-4.jpeg",540,276,false]},"author_info":{"display_name":"Redacci\u00f3n QP","author_link":"https:\/\/quehacerpolitico.mx\/?author=2"},"category_info":"<a href=\"https:\/\/quehacerpolitico.mx\/?cat=1\" rel=\"category\">Internacionales<\/a>","tag_info":"Internacionales","comment_count":"0","_links":{"self":[{"href":"https:\/\/quehacerpolitico.mx\/index.php?rest_route=\/wp\/v2\/posts\/109294","targetHints":{"allow":["GET"]}}],"collection":[{"href":"https:\/\/quehacerpolitico.mx\/index.php?rest_route=\/wp\/v2\/posts"}],"about":[{"href":"https:\/\/quehacerpolitico.mx\/index.php?rest_route=\/wp\/v2\/types\/post"}],"author":[{"embeddable":true,"href":"https:\/\/quehacerpolitico.mx\/index.php?rest_route=\/wp\/v2\/users\/2"}],"replies":[{"embeddable":true,"href":"https:\/\/quehacerpolitico.mx\/index.php?rest_route=%2Fwp%2Fv2%2Fcomments&post=109294"}],"version-history":[{"count":1,"href":"https:\/\/quehacerpolitico.mx\/index.php?rest_route=\/wp\/v2\/posts\/109294\/revisions"}],"predecessor-version":[{"id":109298,"href":"https:\/\/quehacerpolitico.mx\/index.php?rest_route=\/wp\/v2\/posts\/109294\/revisions\/109298"}],"wp:featuredmedia":[{"embeddable":true,"href":"https:\/\/quehacerpolitico.mx\/index.php?rest_route=\/wp\/v2\/media\/109295"}],"wp:attachment":[{"href":"https:\/\/quehacerpolitico.mx\/index.php?rest_route=%2Fwp%2Fv2%2Fmedia&parent=109294"}],"wp:term":[{"taxonomy":"category","embeddable":true,"href":"https:\/\/quehacerpolitico.mx\/index.php?rest_route=%2Fwp%2Fv2%2Fcategories&post=109294"},{"taxonomy":"post_tag","embeddable":true,"href":"https:\/\/quehacerpolitico.mx\/index.php?rest_route=%2Fwp%2Fv2%2Ftags&post=109294"}],"curies":[{"name":"wp","href":"https:\/\/api.w.org\/{rel}","templated":true}]}}