{"id":109286,"date":"2024-04-14T21:28:21","date_gmt":"2024-04-14T21:28:21","guid":{"rendered":"https:\/\/quehacerpolitico.mx\/?p=109286"},"modified":"2024-04-14T21:28:23","modified_gmt":"2024-04-14T21:28:23","slug":"ante-la-crisis-del-agua-en-mexico-daniel-ordonez-propone-implementar-desde-la-sociedad-de-iztacalco-una-cultura-del-cuidado-del-liquido","status":"publish","type":"post","link":"https:\/\/quehacerpolitico.mx\/?p=109286","title":{"rendered":"Ante la crisis del agua en M\u00e9xico, Daniel Ordo\u00f1ez propone implementar desde la sociedad de Iztacalco una cultura del cuidado del l\u00edquido"},"content":{"rendered":"\n<p>Por Redacci\u00f3n QP<\/p>\n\n\n\n<p>\uf0b7 Se construir\u00e1n 10 pozos captadores de agua pluvial.<\/p>\n\n\n\n<p>\uf0b7 Se subsidiar\u00e1 a los iztacalquenses para que compren llaves de agua de medio tope y regaderas ahorradoras.<\/p>\n\n\n\n<p>Daniel Ordo\u00f1ez, candidato a la alcald\u00eda Iztacalco por la coalici\u00f3n PAN-PRI-PRD y sociedad civil \u201cVa X la CDMX\u201d, propuso implementar una cultura del cuidado del agua desde la sociedad para hacer frente a la problem\u00e1tica de falta de l\u00edquido, as\u00ed como la contaminaci\u00f3n del mismo en algunas colonias de la ciudad de M\u00e9xico, situaci\u00f3n no reconocida tanto por las autoridades del gobierno federal, as\u00ed como del gobierno capitalino.<\/p>\n\n\n\n<figure class=\"wp-block-embed is-type-video is-provider-youtube wp-block-embed-youtube wp-embed-aspect-4-3 wp-has-aspect-ratio\"><div class=\"wp-block-embed__wrapper\">\n<iframe loading=\"lazy\" title=\"Daniel Ordo\u00f1ez propone implementar desde lasociedad de Iztacalco una cultura del cuidado del l\u00edquido\" width=\"640\" height=\"480\" src=\"https:\/\/www.youtube.com\/embed\/BV1fjRR3mRA?feature=oembed\" frameborder=\"0\" allow=\"accelerometer; autoplay; clipboard-write; encrypted-media; gyroscope; picture-in-picture; web-share\" referrerpolicy=\"strict-origin-when-cross-origin\" allowfullscreen><\/iframe>\n<\/div><\/figure>\n\n\n\n<p>El aspirante propuso que desde la alcald\u00eda se deben acercar herramientas de bajo costo como son las llaves de medio tope en lavabos y lavaderos, as\u00ed como regaderas ahorradoras para la ducha, aunado a sistemas captadores de agua pluvial que ayuden a tener nuevas fuentes de abastecimiento.\u201cTenemos que ver c\u00f3mo desde la alcald\u00eda vamos apoyar para que la gente pueda adquirir estos aditamentos a bajo costo, lo m\u00e1s seguro es que sea a trav\u00e9s de un subsidio. Adem\u00e1s, necesitamos gestionar con las unidades habitacionales para que tengan su sistema de captaci\u00f3n de aguas pluviales\u201d, dijo.<\/p>\n\n\n\n<p>En este tenor, a\u00f1adi\u00f3 que se empezar\u00e1 de manera muy fuerte con la cosecha de agua pluvial en Iztacalco, y para ello presentar\u00e1 un proyecto que tendr\u00e1 que ver con la instalaci\u00f3n de estos sistemas captadores en beneficio de los 404 mil habitantes con que cuenta la demarcaci\u00f3n.<\/p>\n\n\n\n<figure class=\"wp-block-image size-large\"><img loading=\"lazy\" decoding=\"async\" width=\"1024\" height=\"768\" src=\"https:\/\/quehacerpolitico.mx\/wp-content\/uploads\/2024\/04\/image-30-1024x768.jpeg\" alt=\"\" class=\"wp-image-109288\" srcset=\"https:\/\/quehacerpolitico.mx\/wp-content\/uploads\/2024\/04\/image-30-1024x768.jpeg 1024w, https:\/\/quehacerpolitico.mx\/wp-content\/uploads\/2024\/04\/image-30-300x225.jpeg 300w, https:\/\/quehacerpolitico.mx\/wp-content\/uploads\/2024\/04\/image-30-768x576.jpeg 768w, https:\/\/quehacerpolitico.mx\/wp-content\/uploads\/2024\/04\/image-30-1536x1152.jpeg 1536w, https:\/\/quehacerpolitico.mx\/wp-content\/uploads\/2024\/04\/image-30-195x146.jpeg 195w, https:\/\/quehacerpolitico.mx\/wp-content\/uploads\/2024\/04\/image-30-50x38.jpeg 50w, https:\/\/quehacerpolitico.mx\/wp-content\/uploads\/2024\/04\/image-30-100x75.jpeg 100w, https:\/\/quehacerpolitico.mx\/wp-content\/uploads\/2024\/04\/image-30-960x720.jpeg 960w, https:\/\/quehacerpolitico.mx\/wp-content\/uploads\/2024\/04\/image-30.jpeg 1600w\" sizes=\"auto, (max-width: 1024px) 100vw, 1024px\" \/><\/figure>\n\n\n\n<p>El aspirante de la coalici\u00f3n \u201cVa X la CDMX\u201d, coment\u00f3 que los pozos de agua ya son insuficientes y con ello las consecuencias de hundimientos debido a la no recarga de los mantos fre\u00e1ticos, por lo que, propuso que desde la alcald\u00eda y en conjunto con Santiago Taboada, en la jefatura de gobierno de la capital, se aumentar\u00e1 el n\u00famero de pozos captadores en el territorio iztacalquense.<\/p>\n\n\n\n<p>\u201cPor supuesto que vamos a hacer pozos que vengan a recargar nuestros mantos fre\u00e1ticos.Nuestros acu\u00edferos est\u00e1n agotados, los han estado explotando permanentemente, y el agua de lluvia se va al ca\u00f1o, no se re utiliza ni se inyecta.<\/p>\n\n\n\n<p>Por eso, vamos a hacer con estos pozos de captaci\u00f3n que estoy proponiendo, de entrada 10, para tengamos recarga de nuestros mantos fre\u00e1ticos\u201d, propuso el candidato Daniel Ord\u00f3\u00f1ez.<\/p>\n","protected":false},"excerpt":{"rendered":"<p>Por Redacci\u00f3n QP \uf0b7 Se construir\u00e1n 10 pozos captadores de agua pluvial. \uf0b7 Se subsidiar\u00e1&#8230;<\/p>\n","protected":false},"author":2,"featured_media":109289,"comment_status":"open","ping_status":"open","sticky":false,"template":"","format":"standard","meta":{"_monsterinsights_skip_tracking":false,"_monsterinsights_sitenote_active":false,"_monsterinsights_sitenote_note":"","_monsterinsights_sitenote_category":0,"footnotes":""},"categories":[55],"tags":[],"class_list":["post-109286","post","type-post","status-publish","format-standard","has-post-thumbnail","hentry","category-cdmx"],"yoast_head":"<!-- This site is optimized with the Yoast SEO plugin v27.3 - https:\/\/yoast.com\/product\/yoast-seo-wordpress\/ -->\n<title>Ante la crisis del agua en M\u00e9xico, Daniel Ordo\u00f1ez propone implementar desde la sociedad de Iztacalco una cultura del cuidado del l\u00edquido -<\/title>\n<meta name=\"robots\" content=\"index, follow, max-snippet:-1, max-image-preview:large, max-video-preview:-1\" \/>\n<link rel=\"canonical\" href=\"https:\/\/quehacerpolitico.mx\/?p=109286\" \/>\n<meta property=\"og:locale\" content=\"es_MX\" \/>\n<meta property=\"og:type\" content=\"article\" \/>\n<meta property=\"og:title\" content=\"Ante la crisis del agua en M\u00e9xico, Daniel Ordo\u00f1ez propone implementar desde la sociedad de Iztacalco una cultura del cuidado del l\u00edquido -\" \/>\n<meta property=\"og:description\" content=\"Por Redacci\u00f3n QP \uf0b7 Se construir\u00e1n 10 pozos captadores de agua pluvial. \uf0b7 Se subsidiar\u00e1...\" \/>\n<meta property=\"og:url\" content=\"https:\/\/quehacerpolitico.mx\/?p=109286\" \/>\n<meta property=\"article:published_time\" content=\"2024-04-14T21:28:21+00:00\" \/>\n<meta property=\"article:modified_time\" content=\"2024-04-14T21:28:23+00:00\" \/>\n<meta property=\"og:image\" content=\"https:\/\/quehacerpolitico.mx\/wp-content\/uploads\/2024\/04\/21838a45-b849-4e41-af8f-4c44558b8f62.jpeg\" \/>\n\t<meta property=\"og:image:width\" content=\"1600\" \/>\n\t<meta property=\"og:image:height\" content=\"1200\" \/>\n\t<meta property=\"og:image:type\" content=\"image\/jpeg\" \/>\n<meta name=\"author\" content=\"Redacci\u00f3n QP\" \/>\n<meta name=\"twitter:card\" content=\"summary_large_image\" \/>\n<meta name=\"twitter:label1\" content=\"Escrito por\" \/>\n\t<meta name=\"twitter:data1\" content=\"Redacci\u00f3n QP\" \/>\n\t<meta name=\"twitter:label2\" content=\"Tiempo de lectura\" \/>\n\t<meta name=\"twitter:data2\" content=\"2 minutos\" \/>\n<script type=\"application\/ld+json\" class=\"yoast-schema-graph\">{\"@context\":\"https:\\\/\\\/schema.org\",\"@graph\":[{\"@type\":\"Article\",\"@id\":\"https:\\\/\\\/quehacerpolitico.mx\\\/?p=109286#article\",\"isPartOf\":{\"@id\":\"https:\\\/\\\/quehacerpolitico.mx\\\/?p=109286\"},\"author\":{\"name\":\"Redacci\u00f3n QP\",\"@id\":\"https:\\\/\\\/quehacerpolitico.mx\\\/#\\\/schema\\\/person\\\/496d8ad2d1d3f8036101dca7ee39e585\"},\"headline\":\"Ante la crisis del agua en M\u00e9xico, Daniel Ordo\u00f1ez propone implementar desde la sociedad de Iztacalco una cultura del cuidado del l\u00edquido\",\"datePublished\":\"2024-04-14T21:28:21+00:00\",\"dateModified\":\"2024-04-14T21:28:23+00:00\",\"mainEntityOfPage\":{\"@id\":\"https:\\\/\\\/quehacerpolitico.mx\\\/?p=109286\"},\"wordCount\":436,\"commentCount\":0,\"image\":{\"@id\":\"https:\\\/\\\/quehacerpolitico.mx\\\/?p=109286#primaryimage\"},\"thumbnailUrl\":\"https:\\\/\\\/quehacerpolitico.mx\\\/wp-content\\\/uploads\\\/2024\\\/04\\\/21838a45-b849-4e41-af8f-4c44558b8f62.jpeg\",\"articleSection\":[\"CDMX\"],\"inLanguage\":\"es\",\"potentialAction\":[{\"@type\":\"CommentAction\",\"name\":\"Comment\",\"target\":[\"https:\\\/\\\/quehacerpolitico.mx\\\/?p=109286#respond\"]}]},{\"@type\":\"WebPage\",\"@id\":\"https:\\\/\\\/quehacerpolitico.mx\\\/?p=109286\",\"url\":\"https:\\\/\\\/quehacerpolitico.mx\\\/?p=109286\",\"name\":\"Ante la crisis del agua en M\u00e9xico, Daniel Ordo\u00f1ez propone implementar desde la sociedad de Iztacalco una cultura del cuidado del l\u00edquido -\",\"isPartOf\":{\"@id\":\"https:\\\/\\\/quehacerpolitico.mx\\\/#website\"},\"primaryImageOfPage\":{\"@id\":\"https:\\\/\\\/quehacerpolitico.mx\\\/?p=109286#primaryimage\"},\"image\":{\"@id\":\"https:\\\/\\\/quehacerpolitico.mx\\\/?p=109286#primaryimage\"},\"thumbnailUrl\":\"https:\\\/\\\/quehacerpolitico.mx\\\/wp-content\\\/uploads\\\/2024\\\/04\\\/21838a45-b849-4e41-af8f-4c44558b8f62.jpeg\",\"datePublished\":\"2024-04-14T21:28:21+00:00\",\"dateModified\":\"2024-04-14T21:28:23+00:00\",\"author\":{\"@id\":\"https:\\\/\\\/quehacerpolitico.mx\\\/#\\\/schema\\\/person\\\/496d8ad2d1d3f8036101dca7ee39e585\"},\"breadcrumb\":{\"@id\":\"https:\\\/\\\/quehacerpolitico.mx\\\/?p=109286#breadcrumb\"},\"inLanguage\":\"es\",\"potentialAction\":[{\"@type\":\"ReadAction\",\"target\":[\"https:\\\/\\\/quehacerpolitico.mx\\\/?p=109286\"]}]},{\"@type\":\"ImageObject\",\"inLanguage\":\"es\",\"@id\":\"https:\\\/\\\/quehacerpolitico.mx\\\/?p=109286#primaryimage\",\"url\":\"https:\\\/\\\/quehacerpolitico.mx\\\/wp-content\\\/uploads\\\/2024\\\/04\\\/21838a45-b849-4e41-af8f-4c44558b8f62.jpeg\",\"contentUrl\":\"https:\\\/\\\/quehacerpolitico.mx\\\/wp-content\\\/uploads\\\/2024\\\/04\\\/21838a45-b849-4e41-af8f-4c44558b8f62.jpeg\",\"width\":1600,\"height\":1200},{\"@type\":\"BreadcrumbList\",\"@id\":\"https:\\\/\\\/quehacerpolitico.mx\\\/?p=109286#breadcrumb\",\"itemListElement\":[{\"@type\":\"ListItem\",\"position\":1,\"name\":\"Inicio\",\"item\":\"https:\\\/\\\/quehacerpolitico.mx\\\/\"},{\"@type\":\"ListItem\",\"position\":2,\"name\":\"Ante la crisis del agua en M\u00e9xico, Daniel Ordo\u00f1ez propone implementar desde la sociedad de Iztacalco una cultura del cuidado del l\u00edquido\"}]},{\"@type\":\"WebSite\",\"@id\":\"https:\\\/\\\/quehacerpolitico.mx\\\/#website\",\"url\":\"https:\\\/\\\/quehacerpolitico.mx\\\/\",\"name\":\"\",\"description\":\"\",\"potentialAction\":[{\"@type\":\"SearchAction\",\"target\":{\"@type\":\"EntryPoint\",\"urlTemplate\":\"https:\\\/\\\/quehacerpolitico.mx\\\/?s={search_term_string}\"},\"query-input\":{\"@type\":\"PropertyValueSpecification\",\"valueRequired\":true,\"valueName\":\"search_term_string\"}}],\"inLanguage\":\"es\"},{\"@type\":\"Person\",\"@id\":\"https:\\\/\\\/quehacerpolitico.mx\\\/#\\\/schema\\\/person\\\/496d8ad2d1d3f8036101dca7ee39e585\",\"name\":\"Redacci\u00f3n QP\",\"image\":{\"@type\":\"ImageObject\",\"inLanguage\":\"es\",\"@id\":\"https:\\\/\\\/secure.gravatar.com\\\/avatar\\\/c7164ed6fdec453195284ad24a5ae5b6e1eed2b848477fa2a4787ba9adf39a41?s=96&d=mm&r=g\",\"url\":\"https:\\\/\\\/secure.gravatar.com\\\/avatar\\\/c7164ed6fdec453195284ad24a5ae5b6e1eed2b848477fa2a4787ba9adf39a41?s=96&d=mm&r=g\",\"contentUrl\":\"https:\\\/\\\/secure.gravatar.com\\\/avatar\\\/c7164ed6fdec453195284ad24a5ae5b6e1eed2b848477fa2a4787ba9adf39a41?s=96&d=mm&r=g\",\"caption\":\"Redacci\u00f3n QP\"},\"url\":\"https:\\\/\\\/quehacerpolitico.mx\\\/?author=2\"}]}<\/script>\n<!-- \/ Yoast SEO plugin. -->","yoast_head_json":{"title":"Ante la crisis del agua en M\u00e9xico, Daniel Ordo\u00f1ez propone implementar desde la sociedad de Iztacalco una cultura del cuidado del l\u00edquido -","robots":{"index":"index","follow":"follow","max-snippet":"max-snippet:-1","max-image-preview":"max-image-preview:large","max-video-preview":"max-video-preview:-1"},"canonical":"https:\/\/quehacerpolitico.mx\/?p=109286","og_locale":"es_MX","og_type":"article","og_title":"Ante la crisis del agua en M\u00e9xico, Daniel Ordo\u00f1ez propone implementar desde la sociedad de Iztacalco una cultura del cuidado del l\u00edquido -","og_description":"Por Redacci\u00f3n QP \uf0b7 Se construir\u00e1n 10 pozos captadores de agua pluvial. \uf0b7 Se subsidiar\u00e1...","og_url":"https:\/\/quehacerpolitico.mx\/?p=109286","article_published_time":"2024-04-14T21:28:21+00:00","article_modified_time":"2024-04-14T21:28:23+00:00","og_image":[{"width":1600,"height":1200,"url":"https:\/\/quehacerpolitico.mx\/wp-content\/uploads\/2024\/04\/21838a45-b849-4e41-af8f-4c44558b8f62.jpeg","type":"image\/jpeg"}],"author":"Redacci\u00f3n QP","twitter_card":"summary_large_image","twitter_misc":{"Escrito por":"Redacci\u00f3n QP","Tiempo de lectura":"2 minutos"},"schema":{"@context":"https:\/\/schema.org","@graph":[{"@type":"Article","@id":"https:\/\/quehacerpolitico.mx\/?p=109286#article","isPartOf":{"@id":"https:\/\/quehacerpolitico.mx\/?p=109286"},"author":{"name":"Redacci\u00f3n QP","@id":"https:\/\/quehacerpolitico.mx\/#\/schema\/person\/496d8ad2d1d3f8036101dca7ee39e585"},"headline":"Ante la crisis del agua en M\u00e9xico, Daniel Ordo\u00f1ez propone implementar desde la sociedad de Iztacalco una cultura del cuidado del l\u00edquido","datePublished":"2024-04-14T21:28:21+00:00","dateModified":"2024-04-14T21:28:23+00:00","mainEntityOfPage":{"@id":"https:\/\/quehacerpolitico.mx\/?p=109286"},"wordCount":436,"commentCount":0,"image":{"@id":"https:\/\/quehacerpolitico.mx\/?p=109286#primaryimage"},"thumbnailUrl":"https:\/\/quehacerpolitico.mx\/wp-content\/uploads\/2024\/04\/21838a45-b849-4e41-af8f-4c44558b8f62.jpeg","articleSection":["CDMX"],"inLanguage":"es","potentialAction":[{"@type":"CommentAction","name":"Comment","target":["https:\/\/quehacerpolitico.mx\/?p=109286#respond"]}]},{"@type":"WebPage","@id":"https:\/\/quehacerpolitico.mx\/?p=109286","url":"https:\/\/quehacerpolitico.mx\/?p=109286","name":"Ante la crisis del agua en M\u00e9xico, Daniel Ordo\u00f1ez propone implementar desde la sociedad de Iztacalco una cultura del cuidado del l\u00edquido -","isPartOf":{"@id":"https:\/\/quehacerpolitico.mx\/#website"},"primaryImageOfPage":{"@id":"https:\/\/quehacerpolitico.mx\/?p=109286#primaryimage"},"image":{"@id":"https:\/\/quehacerpolitico.mx\/?p=109286#primaryimage"},"thumbnailUrl":"https:\/\/quehacerpolitico.mx\/wp-content\/uploads\/2024\/04\/21838a45-b849-4e41-af8f-4c44558b8f62.jpeg","datePublished":"2024-04-14T21:28:21+00:00","dateModified":"2024-04-14T21:28:23+00:00","author":{"@id":"https:\/\/quehacerpolitico.mx\/#\/schema\/person\/496d8ad2d1d3f8036101dca7ee39e585"},"breadcrumb":{"@id":"https:\/\/quehacerpolitico.mx\/?p=109286#breadcrumb"},"inLanguage":"es","potentialAction":[{"@type":"ReadAction","target":["https:\/\/quehacerpolitico.mx\/?p=109286"]}]},{"@type":"ImageObject","inLanguage":"es","@id":"https:\/\/quehacerpolitico.mx\/?p=109286#primaryimage","url":"https:\/\/quehacerpolitico.mx\/wp-content\/uploads\/2024\/04\/21838a45-b849-4e41-af8f-4c44558b8f62.jpeg","contentUrl":"https:\/\/quehacerpolitico.mx\/wp-content\/uploads\/2024\/04\/21838a45-b849-4e41-af8f-4c44558b8f62.jpeg","width":1600,"height":1200},{"@type":"BreadcrumbList","@id":"https:\/\/quehacerpolitico.mx\/?p=109286#breadcrumb","itemListElement":[{"@type":"ListItem","position":1,"name":"Inicio","item":"https:\/\/quehacerpolitico.mx\/"},{"@type":"ListItem","position":2,"name":"Ante la crisis del agua en M\u00e9xico, Daniel Ordo\u00f1ez propone implementar desde la sociedad de Iztacalco una cultura del cuidado del l\u00edquido"}]},{"@type":"WebSite","@id":"https:\/\/quehacerpolitico.mx\/#website","url":"https:\/\/quehacerpolitico.mx\/","name":"","description":"","potentialAction":[{"@type":"SearchAction","target":{"@type":"EntryPoint","urlTemplate":"https:\/\/quehacerpolitico.mx\/?s={search_term_string}"},"query-input":{"@type":"PropertyValueSpecification","valueRequired":true,"valueName":"search_term_string"}}],"inLanguage":"es"},{"@type":"Person","@id":"https:\/\/quehacerpolitico.mx\/#\/schema\/person\/496d8ad2d1d3f8036101dca7ee39e585","name":"Redacci\u00f3n QP","image":{"@type":"ImageObject","inLanguage":"es","@id":"https:\/\/secure.gravatar.com\/avatar\/c7164ed6fdec453195284ad24a5ae5b6e1eed2b848477fa2a4787ba9adf39a41?s=96&d=mm&r=g","url":"https:\/\/secure.gravatar.com\/avatar\/c7164ed6fdec453195284ad24a5ae5b6e1eed2b848477fa2a4787ba9adf39a41?s=96&d=mm&r=g","contentUrl":"https:\/\/secure.gravatar.com\/avatar\/c7164ed6fdec453195284ad24a5ae5b6e1eed2b848477fa2a4787ba9adf39a41?s=96&d=mm&r=g","caption":"Redacci\u00f3n QP"},"url":"https:\/\/quehacerpolitico.mx\/?author=2"}]}},"featured_image_urls":{"full":["https:\/\/quehacerpolitico.mx\/wp-content\/uploads\/2024\/04\/21838a45-b849-4e41-af8f-4c44558b8f62.jpeg",1600,1200,false],"thumbnail":["https:\/\/quehacerpolitico.mx\/wp-content\/uploads\/2024\/04\/21838a45-b849-4e41-af8f-4c44558b8f62-150x150.jpeg",150,150,true],"medium":["https:\/\/quehacerpolitico.mx\/wp-content\/uploads\/2024\/04\/21838a45-b849-4e41-af8f-4c44558b8f62-300x225.jpeg",300,225,true],"medium_large":["https:\/\/quehacerpolitico.mx\/wp-content\/uploads\/2024\/04\/21838a45-b849-4e41-af8f-4c44558b8f62-768x576.jpeg",640,480,true],"large":["https:\/\/quehacerpolitico.mx\/wp-content\/uploads\/2024\/04\/21838a45-b849-4e41-af8f-4c44558b8f62-1024x768.jpeg",640,480,true],"1536x1536":["https:\/\/quehacerpolitico.mx\/wp-content\/uploads\/2024\/04\/21838a45-b849-4e41-af8f-4c44558b8f62-1536x1152.jpeg",1536,1152,true],"2048x2048":["https:\/\/quehacerpolitico.mx\/wp-content\/uploads\/2024\/04\/21838a45-b849-4e41-af8f-4c44558b8f62.jpeg",1600,1200,false],"covernews-featured":["https:\/\/quehacerpolitico.mx\/wp-content\/uploads\/2024\/04\/21838a45-b849-4e41-af8f-4c44558b8f62.jpeg",1024,768,false],"covernews-medium":["https:\/\/quehacerpolitico.mx\/wp-content\/uploads\/2024\/04\/21838a45-b849-4e41-af8f-4c44558b8f62.jpeg",453,340,false]},"author_info":{"display_name":"Redacci\u00f3n QP","author_link":"https:\/\/quehacerpolitico.mx\/?author=2"},"category_info":"<a href=\"https:\/\/quehacerpolitico.mx\/?cat=55\" rel=\"category\">CDMX<\/a>","tag_info":"CDMX","comment_count":"0","_links":{"self":[{"href":"https:\/\/quehacerpolitico.mx\/index.php?rest_route=\/wp\/v2\/posts\/109286","targetHints":{"allow":["GET"]}}],"collection":[{"href":"https:\/\/quehacerpolitico.mx\/index.php?rest_route=\/wp\/v2\/posts"}],"about":[{"href":"https:\/\/quehacerpolitico.mx\/index.php?rest_route=\/wp\/v2\/types\/post"}],"author":[{"embeddable":true,"href":"https:\/\/quehacerpolitico.mx\/index.php?rest_route=\/wp\/v2\/users\/2"}],"replies":[{"embeddable":true,"href":"https:\/\/quehacerpolitico.mx\/index.php?rest_route=%2Fwp%2Fv2%2Fcomments&post=109286"}],"version-history":[{"count":1,"href":"https:\/\/quehacerpolitico.mx\/index.php?rest_route=\/wp\/v2\/posts\/109286\/revisions"}],"predecessor-version":[{"id":109290,"href":"https:\/\/quehacerpolitico.mx\/index.php?rest_route=\/wp\/v2\/posts\/109286\/revisions\/109290"}],"wp:featuredmedia":[{"embeddable":true,"href":"https:\/\/quehacerpolitico.mx\/index.php?rest_route=\/wp\/v2\/media\/109289"}],"wp:attachment":[{"href":"https:\/\/quehacerpolitico.mx\/index.php?rest_route=%2Fwp%2Fv2%2Fmedia&parent=109286"}],"wp:term":[{"taxonomy":"category","embeddable":true,"href":"https:\/\/quehacerpolitico.mx\/index.php?rest_route=%2Fwp%2Fv2%2Fcategories&post=109286"},{"taxonomy":"post_tag","embeddable":true,"href":"https:\/\/quehacerpolitico.mx\/index.php?rest_route=%2Fwp%2Fv2%2Ftags&post=109286"}],"curies":[{"name":"wp","href":"https:\/\/api.w.org\/{rel}","templated":true}]}}