{"id":109280,"date":"2024-04-14T01:31:23","date_gmt":"2024-04-14T01:31:23","guid":{"rendered":"https:\/\/quehacerpolitico.mx\/?p=109280"},"modified":"2024-04-14T01:31:24","modified_gmt":"2024-04-14T01:31:24","slug":"policias-sacan-del-metro-cdmx-a-un-hombre-que-llevaba-a-su-perrito-herido","status":"publish","type":"post","link":"https:\/\/quehacerpolitico.mx\/?p=109280","title":{"rendered":"Polic\u00edas sacan del Metro CDMX a un hombre que llevaba a su perrito herido"},"content":{"rendered":"\n<p>Por Redacci\u00f3n QP<\/p>\n\n\n\n<p>Polic\u00edas sacaron a la fuerza a un hombre que llevaba a su perrito herido en el Metro de CDMX, por no cumplir el protocolo<\/p>\n\n\n\n<p><strong>El Sistema de Transporte Colectivo (STC) Metro de la Ciudad de M\u00e9xico\u00a0<\/strong>se vio envuelto en una pol\u00e9mica, luego de que se viraliz\u00f3 un video en redes sociales donde se ve al menos seis elementos de la\u00a0<strong>Polic\u00eda Bancaria e Industrial (PBI)<\/strong>sacando a la fuerza a un hombre, quien trasladaba a su perrito herido en uno de los vagones.<\/p>\n\n\n\n<figure class=\"wp-block-embed is-type-rich is-provider-twitter wp-block-embed-twitter\"><div class=\"wp-block-embed__wrapper\">\n<blockquote class=\"twitter-tweet\" data-width=\"550\" data-dnt=\"true\"><p lang=\"es\" dir=\"ltr\">Polic\u00edas sacan del metro a usuario con perrito herido, ignorando su intento de transporte para buscar atenci\u00f3n m\u00e9dica \u00bfactuaron bien? <a href=\"https:\/\/t.co\/tA0PJ0ysUX\">pic.twitter.com\/tA0PJ0ysUX<\/a><\/p>&mdash; Enrique Mu\u00f1oz (@enriquemunozFM) <a href=\"https:\/\/twitter.com\/enriquemunozFM\/status\/1778971448171724878?ref_src=twsrc%5Etfw\">April 13, 2024<\/a><\/blockquote><script async src=\"https:\/\/platform.twitter.com\/widgets.js\" charset=\"utf-8\"><\/script>\n<\/div><\/figure>\n\n\n\n<p>Los hechos se registraron la tarde del pasado viernes 12 de abril en la L\u00ednea 8 del Metro, en estaci\u00f3n Garibaldi.<\/p>\n\n\n\n<p>El video fue compartido a trav\u00e9s de X, antes Twitter por los periodistas Enrique Mu\u00f1oz y Jorge Becerril, en donde en m\u00e1s de un minuto y media\u00a0se puede ver c\u00f3mo los polic\u00edas sacaron al hombre a la fuerza, incluso lo arrastraron, debido a que no cumplia con los protocolos establecidos por el Metro.<\/p>\n\n\n\n<p>Adem\u00e1s, en un primer momento, en el video se ve un hombre sentado, que lleva en sus brazos a su mascota, un&nbsp;perrito&nbsp;tipo frech, cuando posteriormente, con el vag\u00f3n detenido, llegan los polic\u00edas y le solicitan bajarse del Metro.<\/p>\n\n\n\n<p><strong>Pese a que el hombre les explic\u00f3 a los uniformados que estaba haciendo uso del Metro por una emergencia veterinaria, la Polic\u00eda ignor\u00f3 sus palabras y otros elementos llegaron al vag\u00f3n para obligarlo a bajarse.<\/strong><\/p>\n\n\n\n<p>Uno de los agentes le mencion\u00f3 que existe una forma adecuada de transportar a las mascotas en el Metro<strong>&nbsp;\u201cle voy a indicar la forma correcta en la que puede llevar un perro, por favor, acomp\u00e1\u00f1eme\u201d,<\/strong>&nbsp;le solicit\u00f3.<\/p>\n\n\n\n<p>Sin embargo, el hombre no se baj\u00f3 del vag\u00f3n ante la preocupaci\u00f3n de la salud de su perrito\u00a0y entre reclamos de otros usuarios del Metro,\u00a0<strong>los polic\u00edas lograron sacar a la fuerza al hombre junto a su mascota, en una parte del video se ve como lo arrastran a fuera, hasta que la v\u00edctima queda totalmente en el suelo.<\/strong><\/p>\n\n\n\n<p>Al respecto el Metro de la Ciudad de M\u00e9xico, respondi\u00f3 que, \u201ca petici\u00f3n de usuarios\u201d los polic\u00edas tuvieron que sacar del vag\u00f3n al hombre y al lomito, debido a que no contaba con las medidas de seguridad necesarias para su traslado.<\/p>\n\n\n\n<p>\u201cAsimismo se realizar\u00e1 una investigaci\u00f3n para determinar si los oficiales incurrieron en alguna falta\u201d, agreg\u00f3 el Metro a trav\u00e9s de un comunicado.<\/p>\n\n\n\n<figure class=\"wp-block-embed is-type-rich is-provider-twitter wp-block-embed-twitter\"><div class=\"wp-block-embed__wrapper\">\n<blockquote class=\"twitter-tweet\" data-width=\"550\" data-dnt=\"true\"><p lang=\"es\" dir=\"ltr\"><a href=\"https:\/\/twitter.com\/hashtag\/TarjetaInformativa?src=hash&amp;ref_src=twsrc%5Etfw\">#TarjetaInformativa<\/a>: El Metro y la <a href=\"https:\/\/twitter.com\/hashtag\/SSC?src=hash&amp;ref_src=twsrc%5Etfw\">#SSC<\/a> informa sobre el v\u00eddeo que circula en redes donde se muestra el desalojo de un ciudadano con su perro en brazos. <a href=\"https:\/\/t.co\/aaymrRKKmT\">pic.twitter.com\/aaymrRKKmT<\/a><\/p>&mdash; MetroCDMX (@MetroCDMX) <a href=\"https:\/\/twitter.com\/MetroCDMX\/status\/1779269643145753001?ref_src=twsrc%5Etfw\">April 13, 2024<\/a><\/blockquote><script async src=\"https:\/\/platform.twitter.com\/widgets.js\" charset=\"utf-8\"><\/script>\n<\/div><figcaption class=\"wp-element-caption\">Adem\u00e1s, tambi\u00e9n se le record\u00f3 a los usuarios del metro de la Ciudad de M\u00e9xico que es posible ingresar al metro con\u00a0mascotas pero la Ley de Movilidad establece en su Art\u00edculo 161 que en caso de ingresar con animales de cualquier tipo,\u00a0<strong>es necesario ingresar con ellas dentro una transportadora\u00a0<\/strong>para garantizar su seguridad y la de los usuarios.<\/figcaption><\/figure>\n","protected":false},"excerpt":{"rendered":"<p>Por Redacci\u00f3n QP Polic\u00edas sacaron a la fuerza a un hombre que llevaba a su&#8230;<\/p>\n","protected":false},"author":2,"featured_media":109281,"comment_status":"open","ping_status":"open","sticky":false,"template":"","format":"standard","meta":{"_monsterinsights_skip_tracking":false,"_monsterinsights_sitenote_active":false,"_monsterinsights_sitenote_note":"","_monsterinsights_sitenote_category":0,"footnotes":""},"categories":[55],"tags":[],"class_list":["post-109280","post","type-post","status-publish","format-standard","has-post-thumbnail","hentry","category-cdmx"],"yoast_head":"<!-- This site is optimized with the Yoast SEO plugin v27.3 - https:\/\/yoast.com\/product\/yoast-seo-wordpress\/ -->\n<title>Polic\u00edas sacan del Metro CDMX a un hombre que llevaba a su perrito herido -<\/title>\n<meta name=\"robots\" content=\"index, follow, max-snippet:-1, max-image-preview:large, max-video-preview:-1\" \/>\n<link rel=\"canonical\" href=\"https:\/\/quehacerpolitico.mx\/?p=109280\" \/>\n<meta property=\"og:locale\" content=\"es_MX\" \/>\n<meta property=\"og:type\" content=\"article\" \/>\n<meta property=\"og:title\" content=\"Polic\u00edas sacan del Metro CDMX a un hombre que llevaba a su perrito herido -\" \/>\n<meta property=\"og:description\" content=\"Por Redacci\u00f3n QP Polic\u00edas sacaron a la fuerza a un hombre que llevaba a su...\" \/>\n<meta property=\"og:url\" content=\"https:\/\/quehacerpolitico.mx\/?p=109280\" \/>\n<meta property=\"article:published_time\" content=\"2024-04-14T01:31:23+00:00\" \/>\n<meta property=\"article:modified_time\" content=\"2024-04-14T01:31:24+00:00\" \/>\n<meta property=\"og:image\" content=\"https:\/\/quehacerpolitico.mx\/wp-content\/uploads\/2024\/04\/IMG_4839.webp\" \/>\n\t<meta property=\"og:image:width\" content=\"355\" \/>\n\t<meta property=\"og:image:height\" content=\"223\" \/>\n\t<meta property=\"og:image:type\" content=\"image\/webp\" \/>\n<meta name=\"author\" content=\"Redacci\u00f3n QP\" \/>\n<meta name=\"twitter:card\" content=\"summary_large_image\" \/>\n<meta name=\"twitter:label1\" content=\"Escrito por\" \/>\n\t<meta name=\"twitter:data1\" content=\"Redacci\u00f3n QP\" \/>\n\t<meta name=\"twitter:label2\" content=\"Tiempo de lectura\" \/>\n\t<meta name=\"twitter:data2\" content=\"3 minutos\" \/>\n<script type=\"application\/ld+json\" class=\"yoast-schema-graph\">{\"@context\":\"https:\\\/\\\/schema.org\",\"@graph\":[{\"@type\":\"Article\",\"@id\":\"https:\\\/\\\/quehacerpolitico.mx\\\/?p=109280#article\",\"isPartOf\":{\"@id\":\"https:\\\/\\\/quehacerpolitico.mx\\\/?p=109280\"},\"author\":{\"name\":\"Redacci\u00f3n QP\",\"@id\":\"https:\\\/\\\/quehacerpolitico.mx\\\/#\\\/schema\\\/person\\\/496d8ad2d1d3f8036101dca7ee39e585\"},\"headline\":\"Polic\u00edas sacan del Metro CDMX a un hombre que llevaba a su perrito herido\",\"datePublished\":\"2024-04-14T01:31:23+00:00\",\"dateModified\":\"2024-04-14T01:31:24+00:00\",\"mainEntityOfPage\":{\"@id\":\"https:\\\/\\\/quehacerpolitico.mx\\\/?p=109280\"},\"wordCount\":528,\"commentCount\":0,\"image\":{\"@id\":\"https:\\\/\\\/quehacerpolitico.mx\\\/?p=109280#primaryimage\"},\"thumbnailUrl\":\"https:\\\/\\\/quehacerpolitico.mx\\\/wp-content\\\/uploads\\\/2024\\\/04\\\/IMG_4839.webp\",\"articleSection\":[\"CDMX\"],\"inLanguage\":\"es\",\"potentialAction\":[{\"@type\":\"CommentAction\",\"name\":\"Comment\",\"target\":[\"https:\\\/\\\/quehacerpolitico.mx\\\/?p=109280#respond\"]}]},{\"@type\":\"WebPage\",\"@id\":\"https:\\\/\\\/quehacerpolitico.mx\\\/?p=109280\",\"url\":\"https:\\\/\\\/quehacerpolitico.mx\\\/?p=109280\",\"name\":\"Polic\u00edas sacan del Metro CDMX a un hombre que llevaba a su perrito herido -\",\"isPartOf\":{\"@id\":\"https:\\\/\\\/quehacerpolitico.mx\\\/#website\"},\"primaryImageOfPage\":{\"@id\":\"https:\\\/\\\/quehacerpolitico.mx\\\/?p=109280#primaryimage\"},\"image\":{\"@id\":\"https:\\\/\\\/quehacerpolitico.mx\\\/?p=109280#primaryimage\"},\"thumbnailUrl\":\"https:\\\/\\\/quehacerpolitico.mx\\\/wp-content\\\/uploads\\\/2024\\\/04\\\/IMG_4839.webp\",\"datePublished\":\"2024-04-14T01:31:23+00:00\",\"dateModified\":\"2024-04-14T01:31:24+00:00\",\"author\":{\"@id\":\"https:\\\/\\\/quehacerpolitico.mx\\\/#\\\/schema\\\/person\\\/496d8ad2d1d3f8036101dca7ee39e585\"},\"breadcrumb\":{\"@id\":\"https:\\\/\\\/quehacerpolitico.mx\\\/?p=109280#breadcrumb\"},\"inLanguage\":\"es\",\"potentialAction\":[{\"@type\":\"ReadAction\",\"target\":[\"https:\\\/\\\/quehacerpolitico.mx\\\/?p=109280\"]}]},{\"@type\":\"ImageObject\",\"inLanguage\":\"es\",\"@id\":\"https:\\\/\\\/quehacerpolitico.mx\\\/?p=109280#primaryimage\",\"url\":\"https:\\\/\\\/quehacerpolitico.mx\\\/wp-content\\\/uploads\\\/2024\\\/04\\\/IMG_4839.webp\",\"contentUrl\":\"https:\\\/\\\/quehacerpolitico.mx\\\/wp-content\\\/uploads\\\/2024\\\/04\\\/IMG_4839.webp\",\"width\":355,\"height\":223},{\"@type\":\"BreadcrumbList\",\"@id\":\"https:\\\/\\\/quehacerpolitico.mx\\\/?p=109280#breadcrumb\",\"itemListElement\":[{\"@type\":\"ListItem\",\"position\":1,\"name\":\"Inicio\",\"item\":\"https:\\\/\\\/quehacerpolitico.mx\\\/\"},{\"@type\":\"ListItem\",\"position\":2,\"name\":\"Polic\u00edas sacan del Metro CDMX a un hombre que llevaba a su perrito herido\"}]},{\"@type\":\"WebSite\",\"@id\":\"https:\\\/\\\/quehacerpolitico.mx\\\/#website\",\"url\":\"https:\\\/\\\/quehacerpolitico.mx\\\/\",\"name\":\"\",\"description\":\"\",\"potentialAction\":[{\"@type\":\"SearchAction\",\"target\":{\"@type\":\"EntryPoint\",\"urlTemplate\":\"https:\\\/\\\/quehacerpolitico.mx\\\/?s={search_term_string}\"},\"query-input\":{\"@type\":\"PropertyValueSpecification\",\"valueRequired\":true,\"valueName\":\"search_term_string\"}}],\"inLanguage\":\"es\"},{\"@type\":\"Person\",\"@id\":\"https:\\\/\\\/quehacerpolitico.mx\\\/#\\\/schema\\\/person\\\/496d8ad2d1d3f8036101dca7ee39e585\",\"name\":\"Redacci\u00f3n QP\",\"image\":{\"@type\":\"ImageObject\",\"inLanguage\":\"es\",\"@id\":\"https:\\\/\\\/secure.gravatar.com\\\/avatar\\\/c7164ed6fdec453195284ad24a5ae5b6e1eed2b848477fa2a4787ba9adf39a41?s=96&d=mm&r=g\",\"url\":\"https:\\\/\\\/secure.gravatar.com\\\/avatar\\\/c7164ed6fdec453195284ad24a5ae5b6e1eed2b848477fa2a4787ba9adf39a41?s=96&d=mm&r=g\",\"contentUrl\":\"https:\\\/\\\/secure.gravatar.com\\\/avatar\\\/c7164ed6fdec453195284ad24a5ae5b6e1eed2b848477fa2a4787ba9adf39a41?s=96&d=mm&r=g\",\"caption\":\"Redacci\u00f3n QP\"},\"url\":\"https:\\\/\\\/quehacerpolitico.mx\\\/?author=2\"}]}<\/script>\n<!-- \/ Yoast SEO plugin. -->","yoast_head_json":{"title":"Polic\u00edas sacan del Metro CDMX a un hombre que llevaba a su perrito herido -","robots":{"index":"index","follow":"follow","max-snippet":"max-snippet:-1","max-image-preview":"max-image-preview:large","max-video-preview":"max-video-preview:-1"},"canonical":"https:\/\/quehacerpolitico.mx\/?p=109280","og_locale":"es_MX","og_type":"article","og_title":"Polic\u00edas sacan del Metro CDMX a un hombre que llevaba a su perrito herido -","og_description":"Por Redacci\u00f3n QP Polic\u00edas sacaron a la fuerza a un hombre que llevaba a su...","og_url":"https:\/\/quehacerpolitico.mx\/?p=109280","article_published_time":"2024-04-14T01:31:23+00:00","article_modified_time":"2024-04-14T01:31:24+00:00","og_image":[{"width":355,"height":223,"url":"https:\/\/quehacerpolitico.mx\/wp-content\/uploads\/2024\/04\/IMG_4839.webp","type":"image\/webp"}],"author":"Redacci\u00f3n QP","twitter_card":"summary_large_image","twitter_misc":{"Escrito por":"Redacci\u00f3n QP","Tiempo de lectura":"3 minutos"},"schema":{"@context":"https:\/\/schema.org","@graph":[{"@type":"Article","@id":"https:\/\/quehacerpolitico.mx\/?p=109280#article","isPartOf":{"@id":"https:\/\/quehacerpolitico.mx\/?p=109280"},"author":{"name":"Redacci\u00f3n QP","@id":"https:\/\/quehacerpolitico.mx\/#\/schema\/person\/496d8ad2d1d3f8036101dca7ee39e585"},"headline":"Polic\u00edas sacan del Metro CDMX a un hombre que llevaba a su perrito herido","datePublished":"2024-04-14T01:31:23+00:00","dateModified":"2024-04-14T01:31:24+00:00","mainEntityOfPage":{"@id":"https:\/\/quehacerpolitico.mx\/?p=109280"},"wordCount":528,"commentCount":0,"image":{"@id":"https:\/\/quehacerpolitico.mx\/?p=109280#primaryimage"},"thumbnailUrl":"https:\/\/quehacerpolitico.mx\/wp-content\/uploads\/2024\/04\/IMG_4839.webp","articleSection":["CDMX"],"inLanguage":"es","potentialAction":[{"@type":"CommentAction","name":"Comment","target":["https:\/\/quehacerpolitico.mx\/?p=109280#respond"]}]},{"@type":"WebPage","@id":"https:\/\/quehacerpolitico.mx\/?p=109280","url":"https:\/\/quehacerpolitico.mx\/?p=109280","name":"Polic\u00edas sacan del Metro CDMX a un hombre que llevaba a su perrito herido -","isPartOf":{"@id":"https:\/\/quehacerpolitico.mx\/#website"},"primaryImageOfPage":{"@id":"https:\/\/quehacerpolitico.mx\/?p=109280#primaryimage"},"image":{"@id":"https:\/\/quehacerpolitico.mx\/?p=109280#primaryimage"},"thumbnailUrl":"https:\/\/quehacerpolitico.mx\/wp-content\/uploads\/2024\/04\/IMG_4839.webp","datePublished":"2024-04-14T01:31:23+00:00","dateModified":"2024-04-14T01:31:24+00:00","author":{"@id":"https:\/\/quehacerpolitico.mx\/#\/schema\/person\/496d8ad2d1d3f8036101dca7ee39e585"},"breadcrumb":{"@id":"https:\/\/quehacerpolitico.mx\/?p=109280#breadcrumb"},"inLanguage":"es","potentialAction":[{"@type":"ReadAction","target":["https:\/\/quehacerpolitico.mx\/?p=109280"]}]},{"@type":"ImageObject","inLanguage":"es","@id":"https:\/\/quehacerpolitico.mx\/?p=109280#primaryimage","url":"https:\/\/quehacerpolitico.mx\/wp-content\/uploads\/2024\/04\/IMG_4839.webp","contentUrl":"https:\/\/quehacerpolitico.mx\/wp-content\/uploads\/2024\/04\/IMG_4839.webp","width":355,"height":223},{"@type":"BreadcrumbList","@id":"https:\/\/quehacerpolitico.mx\/?p=109280#breadcrumb","itemListElement":[{"@type":"ListItem","position":1,"name":"Inicio","item":"https:\/\/quehacerpolitico.mx\/"},{"@type":"ListItem","position":2,"name":"Polic\u00edas sacan del Metro CDMX a un hombre que llevaba a su perrito herido"}]},{"@type":"WebSite","@id":"https:\/\/quehacerpolitico.mx\/#website","url":"https:\/\/quehacerpolitico.mx\/","name":"","description":"","potentialAction":[{"@type":"SearchAction","target":{"@type":"EntryPoint","urlTemplate":"https:\/\/quehacerpolitico.mx\/?s={search_term_string}"},"query-input":{"@type":"PropertyValueSpecification","valueRequired":true,"valueName":"search_term_string"}}],"inLanguage":"es"},{"@type":"Person","@id":"https:\/\/quehacerpolitico.mx\/#\/schema\/person\/496d8ad2d1d3f8036101dca7ee39e585","name":"Redacci\u00f3n QP","image":{"@type":"ImageObject","inLanguage":"es","@id":"https:\/\/secure.gravatar.com\/avatar\/c7164ed6fdec453195284ad24a5ae5b6e1eed2b848477fa2a4787ba9adf39a41?s=96&d=mm&r=g","url":"https:\/\/secure.gravatar.com\/avatar\/c7164ed6fdec453195284ad24a5ae5b6e1eed2b848477fa2a4787ba9adf39a41?s=96&d=mm&r=g","contentUrl":"https:\/\/secure.gravatar.com\/avatar\/c7164ed6fdec453195284ad24a5ae5b6e1eed2b848477fa2a4787ba9adf39a41?s=96&d=mm&r=g","caption":"Redacci\u00f3n QP"},"url":"https:\/\/quehacerpolitico.mx\/?author=2"}]}},"featured_image_urls":{"full":["https:\/\/quehacerpolitico.mx\/wp-content\/uploads\/2024\/04\/IMG_4839.webp",355,223,false],"thumbnail":["https:\/\/quehacerpolitico.mx\/wp-content\/uploads\/2024\/04\/IMG_4839-150x150.webp",150,150,true],"medium":["https:\/\/quehacerpolitico.mx\/wp-content\/uploads\/2024\/04\/IMG_4839-300x188.webp",300,188,true],"medium_large":["https:\/\/quehacerpolitico.mx\/wp-content\/uploads\/2024\/04\/IMG_4839.webp",355,223,false],"large":["https:\/\/quehacerpolitico.mx\/wp-content\/uploads\/2024\/04\/IMG_4839.webp",355,223,false],"1536x1536":["https:\/\/quehacerpolitico.mx\/wp-content\/uploads\/2024\/04\/IMG_4839.webp",355,223,false],"2048x2048":["https:\/\/quehacerpolitico.mx\/wp-content\/uploads\/2024\/04\/IMG_4839.webp",355,223,false],"covernews-featured":["https:\/\/quehacerpolitico.mx\/wp-content\/uploads\/2024\/04\/IMG_4839.webp",355,223,false],"covernews-medium":["https:\/\/quehacerpolitico.mx\/wp-content\/uploads\/2024\/04\/IMG_4839.webp",355,223,false]},"author_info":{"display_name":"Redacci\u00f3n QP","author_link":"https:\/\/quehacerpolitico.mx\/?author=2"},"category_info":"<a href=\"https:\/\/quehacerpolitico.mx\/?cat=55\" rel=\"category\">CDMX<\/a>","tag_info":"CDMX","comment_count":"0","_links":{"self":[{"href":"https:\/\/quehacerpolitico.mx\/index.php?rest_route=\/wp\/v2\/posts\/109280","targetHints":{"allow":["GET"]}}],"collection":[{"href":"https:\/\/quehacerpolitico.mx\/index.php?rest_route=\/wp\/v2\/posts"}],"about":[{"href":"https:\/\/quehacerpolitico.mx\/index.php?rest_route=\/wp\/v2\/types\/post"}],"author":[{"embeddable":true,"href":"https:\/\/quehacerpolitico.mx\/index.php?rest_route=\/wp\/v2\/users\/2"}],"replies":[{"embeddable":true,"href":"https:\/\/quehacerpolitico.mx\/index.php?rest_route=%2Fwp%2Fv2%2Fcomments&post=109280"}],"version-history":[{"count":1,"href":"https:\/\/quehacerpolitico.mx\/index.php?rest_route=\/wp\/v2\/posts\/109280\/revisions"}],"predecessor-version":[{"id":109282,"href":"https:\/\/quehacerpolitico.mx\/index.php?rest_route=\/wp\/v2\/posts\/109280\/revisions\/109282"}],"wp:featuredmedia":[{"embeddable":true,"href":"https:\/\/quehacerpolitico.mx\/index.php?rest_route=\/wp\/v2\/media\/109281"}],"wp:attachment":[{"href":"https:\/\/quehacerpolitico.mx\/index.php?rest_route=%2Fwp%2Fv2%2Fmedia&parent=109280"}],"wp:term":[{"taxonomy":"category","embeddable":true,"href":"https:\/\/quehacerpolitico.mx\/index.php?rest_route=%2Fwp%2Fv2%2Fcategories&post=109280"},{"taxonomy":"post_tag","embeddable":true,"href":"https:\/\/quehacerpolitico.mx\/index.php?rest_route=%2Fwp%2Fv2%2Ftags&post=109280"}],"curies":[{"name":"wp","href":"https:\/\/api.w.org\/{rel}","templated":true}]}}