{"id":109277,"date":"2024-04-14T00:45:55","date_gmt":"2024-04-14T00:45:55","guid":{"rendered":"https:\/\/quehacerpolitico.mx\/?p=109277"},"modified":"2024-04-14T00:45:58","modified_gmt":"2024-04-14T00:45:58","slug":"internacionales-carolina-alonso-romei-iran-despliega-primer-ataque-de-misiles-balisticos-hacia-israel-informan-medios-estatales","status":"publish","type":"post","link":"https:\/\/quehacerpolitico.mx\/?p=109277","title":{"rendered":"Internacionales\/\/\/Carolina Alonso Romei\/\/\/Ir\u00e1n despliega primer ataque de misiles bal\u00edsticos hacia Israel, informan medios estatales"},"content":{"rendered":"\n<p>Por Carolina Alonso Romei<\/p>\n\n\n\n<p>Internacionalista <\/p>\n\n\n\n<p>Los misiles bal\u00edsticos iran\u00edes son una fuente de preocupaci\u00f3n para Estados Unidos, Europa y algunos pa\u00edses de Oriente Medio<\/p>\n\n\n\n<p><strong>Este domingo<\/strong>,&nbsp;seg\u00fan la agencia estatal IRNA,&nbsp;<strong>la Guardia Revolucionaria iran\u00ed lanz\u00f3 una primera serie de misiles bal\u00edsticos hacia Israel<\/strong>&nbsp;luego de un previo ataque con drones.<\/p>\n\n\n\n<p>Seg\u00fan IRNA, los misiles bal\u00edsticos<strong>\u00a0tienen como blanco\u00a0&#8220;lugares dentro de territorios ocupados y posiciones del r\u00e9gimen sionista&#8221;.<\/strong><\/p>\n\n\n\n<figure class=\"wp-block-embed is-type-rich is-provider-twitter wp-block-embed-twitter\"><div class=\"wp-block-embed__wrapper\">\n<blockquote class=\"twitter-tweet\" data-width=\"550\" data-dnt=\"true\"><p lang=\"es\" dir=\"ltr\">\ud83c\uddee\ud83c\uddf1\ud83c\uddee\ud83c\uddf7 | URGENTE: Fuentes israel\u00edes reportan que la base a\u00e9rea israel\u00ed de Nevatim ha sido alcanzada por 7 misiles bal\u00edsticos de medio alcance provenientes de Ir\u00e1n.<a href=\"https:\/\/t.co\/0oEAKBDYFo\">pic.twitter.com\/0oEAKBDYFo<\/a><\/p>&mdash; UHN PLUS (@UHN_Plus) <a href=\"https:\/\/twitter.com\/UHN_Plus\/status\/1779299551226081324?ref_src=twsrc%5Etfw\">April 14, 2024<\/a><\/blockquote><script async src=\"https:\/\/platform.twitter.com\/widgets.js\" charset=\"utf-8\"><\/script>\n<\/div><\/figure>\n\n\n\n<figure class=\"wp-block-embed is-type-rich is-provider-twitter wp-block-embed-twitter\"><div class=\"wp-block-embed__wrapper\">\nhttps:\/\/twitter.com\/jjdiazmachuca\/status\/1779299689055014934?s=46&#038;t=pyttrToxhaPYSt_hljQQ_g\n<\/div><\/figure>\n\n\n\n<p>Ir\u00e1n ha desarrollado durante las \u00faltimas cuatro d\u00e9cadas una industria nacional armament\u00edstica, debido al embargo internacional, con especial inter\u00e9s en los misiles, y cuenta con varios que alcanzan los 2 mil\u00a0kil\u00f3metros, suficiente para alcanzar Israel.<\/p>\n\n\n\n<p><strong>Los misiles bal\u00edsticos iran\u00edes son una fuente de preocupaci\u00f3n para Estados Unidos, Europa y algunos pa\u00edses de Oriente Medio<\/strong>, aunque las autoridades de Teher\u00e1n han asegurado hasta ahora que solo tienen una funci\u00f3n defensiva y disuasoria.<\/p>\n\n\n\n<figure class=\"wp-block-embed is-type-rich is-provider-twitter wp-block-embed-twitter\"><div class=\"wp-block-embed__wrapper\">\n<blockquote class=\"twitter-tweet\" data-width=\"550\" data-dnt=\"true\"><p lang=\"es\" dir=\"ltr\">\ud83c\uddee\ud83c\uddf7\ud83c\uddee\ud83c\uddf1 | CNN: &quot;Este es el mayor ataque de veh\u00edculos a\u00e9reos no tripulados en la historia del mundo&quot;. <a href=\"https:\/\/t.co\/WVGr6QZ974\">pic.twitter.com\/WVGr6QZ974<\/a><\/p>&mdash; Alerta Mundial (@AlertaMundoNews) <a href=\"https:\/\/twitter.com\/AlertaMundoNews\/status\/1779288378661314955?ref_src=twsrc%5Etfw\">April 13, 2024<\/a><\/blockquote><script async src=\"https:\/\/platform.twitter.com\/widgets.js\" charset=\"utf-8\"><\/script>\n<\/div><\/figure>\n\n\n\n<p>La Guardia Revolucionaria iran\u00ed afirm\u00f3 este domingo que lanz\u00f3 un ataque contra Israel como represalia al bombardeo contra el consulado en Damasco del 1 de abril, en el que murieron siete miembros de la Guardia Revolucionaria.<\/p>\n\n\n\n<p>Bautizada como &#8220;Operaci\u00f3n promesa verdadera&#8221;,\u00a0<strong>el ataque es &#8220;parte del castigo a ese r\u00e9gimen ileg\u00edtimo y criminal&#8221;\u00a0<\/strong>en referencia a Israel, indic\u00f3 el cuerpo militar de \u00e9lite en un comunicado recogido por la agencia estatal IRNA.<\/p>\n\n\n\n<figure class=\"wp-block-embed is-type-video is-provider-youtube wp-block-embed-youtube wp-embed-aspect-16-9 wp-has-aspect-ratio\"><div class=\"wp-block-embed__wrapper\">\n<iframe loading=\"lazy\" title=\"Suenan explosiones y sirenas de alarma en todo Israel en medio de ataque iran\u00ed\" width=\"640\" height=\"360\" src=\"https:\/\/www.youtube.com\/embed\/-e_b_lTydns?feature=oembed\" frameborder=\"0\" allow=\"accelerometer; autoplay; clipboard-write; encrypted-media; gyroscope; picture-in-picture; web-share\" referrerpolicy=\"strict-origin-when-cross-origin\" allowfullscreen><\/iframe>\n<\/div><\/figure>\n\n\n\n<p>Poco despu\u00e9s de ese anuncio, el ministro de Defensa de Ir\u00e1n, Mohammad Reza Ashtiani, advirti\u00f3 este domingo que cualquier pa\u00eds que permita el uso de su espacio a\u00e9reo o territorio para llevar ataques contra suelo iran\u00ed recibir\u00e1 una &#8220;contundente&#8221; respuesta.<\/p>\n\n\n\n<p><strong>El l\u00edder supremo de Ir\u00e1n, Ali Jamene\u00ed, ha insistido<\/strong> en repetidas ocasiones durante las \u00faltimas semanas\u00a0<strong>que\u00a0&#8220;el r\u00e9gimen sionista debe ser y ser\u00e1 castigado&#8221;,<\/strong>\u00a0amenazas que han repetido pr\u00e1cticamente todos los altos cargos del pa\u00eds tras el ataque en Damasco.<\/p>\n\n\n\n<p>Con informaci\u00f3n de EFE<\/p>\n","protected":false},"excerpt":{"rendered":"<p>Por Carolina Alonso Romei Internacionalista Los misiles bal\u00edsticos iran\u00edes son una fuente de preocupaci\u00f3n para&#8230;<\/p>\n","protected":false},"author":2,"featured_media":109278,"comment_status":"open","ping_status":"open","sticky":false,"template":"","format":"standard","meta":{"_monsterinsights_skip_tracking":false,"_monsterinsights_sitenote_active":false,"_monsterinsights_sitenote_note":"","_monsterinsights_sitenote_category":0,"footnotes":""},"categories":[1],"tags":[],"class_list":["post-109277","post","type-post","status-publish","format-standard","has-post-thumbnail","hentry","category-sin-categoria"],"yoast_head":"<!-- This site is optimized with the Yoast SEO plugin v27.3 - https:\/\/yoast.com\/product\/yoast-seo-wordpress\/ -->\n<title>Internacionales\/\/\/Carolina Alonso Romei\/\/\/Ir\u00e1n despliega primer ataque de misiles bal\u00edsticos hacia Israel, informan medios estatales -<\/title>\n<meta name=\"robots\" content=\"index, follow, max-snippet:-1, max-image-preview:large, max-video-preview:-1\" \/>\n<link rel=\"canonical\" href=\"https:\/\/quehacerpolitico.mx\/?p=109277\" \/>\n<meta property=\"og:locale\" content=\"es_MX\" \/>\n<meta property=\"og:type\" content=\"article\" \/>\n<meta property=\"og:title\" content=\"Internacionales\/\/\/Carolina Alonso Romei\/\/\/Ir\u00e1n despliega primer ataque de misiles bal\u00edsticos hacia Israel, informan medios estatales -\" \/>\n<meta property=\"og:description\" content=\"Por Carolina Alonso Romei Internacionalista Los misiles bal\u00edsticos iran\u00edes son una fuente de preocupaci\u00f3n para...\" \/>\n<meta property=\"og:url\" content=\"https:\/\/quehacerpolitico.mx\/?p=109277\" \/>\n<meta property=\"article:published_time\" content=\"2024-04-14T00:45:55+00:00\" \/>\n<meta property=\"article:modified_time\" content=\"2024-04-14T00:45:58+00:00\" \/>\n<meta property=\"og:image\" content=\"https:\/\/quehacerpolitico.mx\/wp-content\/uploads\/2024\/04\/73e1444e-4b17-4ee5-aa11-c102ecdb7153-3.jpeg\" \/>\n\t<meta property=\"og:image:width\" content=\"963\" \/>\n\t<meta property=\"og:image:height\" content=\"493\" \/>\n\t<meta property=\"og:image:type\" content=\"image\/jpeg\" \/>\n<meta name=\"author\" content=\"Redacci\u00f3n QP\" \/>\n<meta name=\"twitter:card\" content=\"summary_large_image\" \/>\n<meta name=\"twitter:label1\" content=\"Escrito por\" \/>\n\t<meta name=\"twitter:data1\" content=\"Redacci\u00f3n QP\" \/>\n\t<meta name=\"twitter:label2\" content=\"Tiempo de lectura\" \/>\n\t<meta name=\"twitter:data2\" content=\"2 minutos\" \/>\n<script type=\"application\/ld+json\" class=\"yoast-schema-graph\">{\"@context\":\"https:\\\/\\\/schema.org\",\"@graph\":[{\"@type\":\"Article\",\"@id\":\"https:\\\/\\\/quehacerpolitico.mx\\\/?p=109277#article\",\"isPartOf\":{\"@id\":\"https:\\\/\\\/quehacerpolitico.mx\\\/?p=109277\"},\"author\":{\"name\":\"Redacci\u00f3n QP\",\"@id\":\"https:\\\/\\\/quehacerpolitico.mx\\\/#\\\/schema\\\/person\\\/496d8ad2d1d3f8036101dca7ee39e585\"},\"headline\":\"Internacionales\\\/\\\/\\\/Carolina Alonso Romei\\\/\\\/\\\/Ir\u00e1n despliega primer ataque de misiles bal\u00edsticos hacia Israel, informan medios estatales\",\"datePublished\":\"2024-04-14T00:45:55+00:00\",\"dateModified\":\"2024-04-14T00:45:58+00:00\",\"mainEntityOfPage\":{\"@id\":\"https:\\\/\\\/quehacerpolitico.mx\\\/?p=109277\"},\"wordCount\":396,\"commentCount\":0,\"image\":{\"@id\":\"https:\\\/\\\/quehacerpolitico.mx\\\/?p=109277#primaryimage\"},\"thumbnailUrl\":\"https:\\\/\\\/quehacerpolitico.mx\\\/wp-content\\\/uploads\\\/2024\\\/04\\\/73e1444e-4b17-4ee5-aa11-c102ecdb7153-3.jpeg\",\"articleSection\":[\"Internacionales\"],\"inLanguage\":\"es\",\"potentialAction\":[{\"@type\":\"CommentAction\",\"name\":\"Comment\",\"target\":[\"https:\\\/\\\/quehacerpolitico.mx\\\/?p=109277#respond\"]}]},{\"@type\":\"WebPage\",\"@id\":\"https:\\\/\\\/quehacerpolitico.mx\\\/?p=109277\",\"url\":\"https:\\\/\\\/quehacerpolitico.mx\\\/?p=109277\",\"name\":\"Internacionales\\\/\\\/\\\/Carolina Alonso Romei\\\/\\\/\\\/Ir\u00e1n despliega primer ataque de misiles bal\u00edsticos hacia Israel, informan medios estatales -\",\"isPartOf\":{\"@id\":\"https:\\\/\\\/quehacerpolitico.mx\\\/#website\"},\"primaryImageOfPage\":{\"@id\":\"https:\\\/\\\/quehacerpolitico.mx\\\/?p=109277#primaryimage\"},\"image\":{\"@id\":\"https:\\\/\\\/quehacerpolitico.mx\\\/?p=109277#primaryimage\"},\"thumbnailUrl\":\"https:\\\/\\\/quehacerpolitico.mx\\\/wp-content\\\/uploads\\\/2024\\\/04\\\/73e1444e-4b17-4ee5-aa11-c102ecdb7153-3.jpeg\",\"datePublished\":\"2024-04-14T00:45:55+00:00\",\"dateModified\":\"2024-04-14T00:45:58+00:00\",\"author\":{\"@id\":\"https:\\\/\\\/quehacerpolitico.mx\\\/#\\\/schema\\\/person\\\/496d8ad2d1d3f8036101dca7ee39e585\"},\"breadcrumb\":{\"@id\":\"https:\\\/\\\/quehacerpolitico.mx\\\/?p=109277#breadcrumb\"},\"inLanguage\":\"es\",\"potentialAction\":[{\"@type\":\"ReadAction\",\"target\":[\"https:\\\/\\\/quehacerpolitico.mx\\\/?p=109277\"]}]},{\"@type\":\"ImageObject\",\"inLanguage\":\"es\",\"@id\":\"https:\\\/\\\/quehacerpolitico.mx\\\/?p=109277#primaryimage\",\"url\":\"https:\\\/\\\/quehacerpolitico.mx\\\/wp-content\\\/uploads\\\/2024\\\/04\\\/73e1444e-4b17-4ee5-aa11-c102ecdb7153-3.jpeg\",\"contentUrl\":\"https:\\\/\\\/quehacerpolitico.mx\\\/wp-content\\\/uploads\\\/2024\\\/04\\\/73e1444e-4b17-4ee5-aa11-c102ecdb7153-3.jpeg\",\"width\":963,\"height\":493},{\"@type\":\"BreadcrumbList\",\"@id\":\"https:\\\/\\\/quehacerpolitico.mx\\\/?p=109277#breadcrumb\",\"itemListElement\":[{\"@type\":\"ListItem\",\"position\":1,\"name\":\"Inicio\",\"item\":\"https:\\\/\\\/quehacerpolitico.mx\\\/\"},{\"@type\":\"ListItem\",\"position\":2,\"name\":\"Internacionales\\\/\\\/\\\/Carolina Alonso Romei\\\/\\\/\\\/Ir\u00e1n despliega primer ataque de misiles bal\u00edsticos hacia Israel, informan medios estatales\"}]},{\"@type\":\"WebSite\",\"@id\":\"https:\\\/\\\/quehacerpolitico.mx\\\/#website\",\"url\":\"https:\\\/\\\/quehacerpolitico.mx\\\/\",\"name\":\"\",\"description\":\"\",\"potentialAction\":[{\"@type\":\"SearchAction\",\"target\":{\"@type\":\"EntryPoint\",\"urlTemplate\":\"https:\\\/\\\/quehacerpolitico.mx\\\/?s={search_term_string}\"},\"query-input\":{\"@type\":\"PropertyValueSpecification\",\"valueRequired\":true,\"valueName\":\"search_term_string\"}}],\"inLanguage\":\"es\"},{\"@type\":\"Person\",\"@id\":\"https:\\\/\\\/quehacerpolitico.mx\\\/#\\\/schema\\\/person\\\/496d8ad2d1d3f8036101dca7ee39e585\",\"name\":\"Redacci\u00f3n QP\",\"image\":{\"@type\":\"ImageObject\",\"inLanguage\":\"es\",\"@id\":\"https:\\\/\\\/secure.gravatar.com\\\/avatar\\\/c7164ed6fdec453195284ad24a5ae5b6e1eed2b848477fa2a4787ba9adf39a41?s=96&d=mm&r=g\",\"url\":\"https:\\\/\\\/secure.gravatar.com\\\/avatar\\\/c7164ed6fdec453195284ad24a5ae5b6e1eed2b848477fa2a4787ba9adf39a41?s=96&d=mm&r=g\",\"contentUrl\":\"https:\\\/\\\/secure.gravatar.com\\\/avatar\\\/c7164ed6fdec453195284ad24a5ae5b6e1eed2b848477fa2a4787ba9adf39a41?s=96&d=mm&r=g\",\"caption\":\"Redacci\u00f3n QP\"},\"url\":\"https:\\\/\\\/quehacerpolitico.mx\\\/?author=2\"}]}<\/script>\n<!-- \/ Yoast SEO plugin. -->","yoast_head_json":{"title":"Internacionales\/\/\/Carolina Alonso Romei\/\/\/Ir\u00e1n despliega primer ataque de misiles bal\u00edsticos hacia Israel, informan medios estatales -","robots":{"index":"index","follow":"follow","max-snippet":"max-snippet:-1","max-image-preview":"max-image-preview:large","max-video-preview":"max-video-preview:-1"},"canonical":"https:\/\/quehacerpolitico.mx\/?p=109277","og_locale":"es_MX","og_type":"article","og_title":"Internacionales\/\/\/Carolina Alonso Romei\/\/\/Ir\u00e1n despliega primer ataque de misiles bal\u00edsticos hacia Israel, informan medios estatales -","og_description":"Por Carolina Alonso Romei Internacionalista Los misiles bal\u00edsticos iran\u00edes son una fuente de preocupaci\u00f3n para...","og_url":"https:\/\/quehacerpolitico.mx\/?p=109277","article_published_time":"2024-04-14T00:45:55+00:00","article_modified_time":"2024-04-14T00:45:58+00:00","og_image":[{"width":963,"height":493,"url":"https:\/\/quehacerpolitico.mx\/wp-content\/uploads\/2024\/04\/73e1444e-4b17-4ee5-aa11-c102ecdb7153-3.jpeg","type":"image\/jpeg"}],"author":"Redacci\u00f3n QP","twitter_card":"summary_large_image","twitter_misc":{"Escrito por":"Redacci\u00f3n QP","Tiempo de lectura":"2 minutos"},"schema":{"@context":"https:\/\/schema.org","@graph":[{"@type":"Article","@id":"https:\/\/quehacerpolitico.mx\/?p=109277#article","isPartOf":{"@id":"https:\/\/quehacerpolitico.mx\/?p=109277"},"author":{"name":"Redacci\u00f3n QP","@id":"https:\/\/quehacerpolitico.mx\/#\/schema\/person\/496d8ad2d1d3f8036101dca7ee39e585"},"headline":"Internacionales\/\/\/Carolina Alonso Romei\/\/\/Ir\u00e1n despliega primer ataque de misiles bal\u00edsticos hacia Israel, informan medios estatales","datePublished":"2024-04-14T00:45:55+00:00","dateModified":"2024-04-14T00:45:58+00:00","mainEntityOfPage":{"@id":"https:\/\/quehacerpolitico.mx\/?p=109277"},"wordCount":396,"commentCount":0,"image":{"@id":"https:\/\/quehacerpolitico.mx\/?p=109277#primaryimage"},"thumbnailUrl":"https:\/\/quehacerpolitico.mx\/wp-content\/uploads\/2024\/04\/73e1444e-4b17-4ee5-aa11-c102ecdb7153-3.jpeg","articleSection":["Internacionales"],"inLanguage":"es","potentialAction":[{"@type":"CommentAction","name":"Comment","target":["https:\/\/quehacerpolitico.mx\/?p=109277#respond"]}]},{"@type":"WebPage","@id":"https:\/\/quehacerpolitico.mx\/?p=109277","url":"https:\/\/quehacerpolitico.mx\/?p=109277","name":"Internacionales\/\/\/Carolina Alonso Romei\/\/\/Ir\u00e1n despliega primer ataque de misiles bal\u00edsticos hacia Israel, informan medios estatales -","isPartOf":{"@id":"https:\/\/quehacerpolitico.mx\/#website"},"primaryImageOfPage":{"@id":"https:\/\/quehacerpolitico.mx\/?p=109277#primaryimage"},"image":{"@id":"https:\/\/quehacerpolitico.mx\/?p=109277#primaryimage"},"thumbnailUrl":"https:\/\/quehacerpolitico.mx\/wp-content\/uploads\/2024\/04\/73e1444e-4b17-4ee5-aa11-c102ecdb7153-3.jpeg","datePublished":"2024-04-14T00:45:55+00:00","dateModified":"2024-04-14T00:45:58+00:00","author":{"@id":"https:\/\/quehacerpolitico.mx\/#\/schema\/person\/496d8ad2d1d3f8036101dca7ee39e585"},"breadcrumb":{"@id":"https:\/\/quehacerpolitico.mx\/?p=109277#breadcrumb"},"inLanguage":"es","potentialAction":[{"@type":"ReadAction","target":["https:\/\/quehacerpolitico.mx\/?p=109277"]}]},{"@type":"ImageObject","inLanguage":"es","@id":"https:\/\/quehacerpolitico.mx\/?p=109277#primaryimage","url":"https:\/\/quehacerpolitico.mx\/wp-content\/uploads\/2024\/04\/73e1444e-4b17-4ee5-aa11-c102ecdb7153-3.jpeg","contentUrl":"https:\/\/quehacerpolitico.mx\/wp-content\/uploads\/2024\/04\/73e1444e-4b17-4ee5-aa11-c102ecdb7153-3.jpeg","width":963,"height":493},{"@type":"BreadcrumbList","@id":"https:\/\/quehacerpolitico.mx\/?p=109277#breadcrumb","itemListElement":[{"@type":"ListItem","position":1,"name":"Inicio","item":"https:\/\/quehacerpolitico.mx\/"},{"@type":"ListItem","position":2,"name":"Internacionales\/\/\/Carolina Alonso Romei\/\/\/Ir\u00e1n despliega primer ataque de misiles bal\u00edsticos hacia Israel, informan medios estatales"}]},{"@type":"WebSite","@id":"https:\/\/quehacerpolitico.mx\/#website","url":"https:\/\/quehacerpolitico.mx\/","name":"","description":"","potentialAction":[{"@type":"SearchAction","target":{"@type":"EntryPoint","urlTemplate":"https:\/\/quehacerpolitico.mx\/?s={search_term_string}"},"query-input":{"@type":"PropertyValueSpecification","valueRequired":true,"valueName":"search_term_string"}}],"inLanguage":"es"},{"@type":"Person","@id":"https:\/\/quehacerpolitico.mx\/#\/schema\/person\/496d8ad2d1d3f8036101dca7ee39e585","name":"Redacci\u00f3n QP","image":{"@type":"ImageObject","inLanguage":"es","@id":"https:\/\/secure.gravatar.com\/avatar\/c7164ed6fdec453195284ad24a5ae5b6e1eed2b848477fa2a4787ba9adf39a41?s=96&d=mm&r=g","url":"https:\/\/secure.gravatar.com\/avatar\/c7164ed6fdec453195284ad24a5ae5b6e1eed2b848477fa2a4787ba9adf39a41?s=96&d=mm&r=g","contentUrl":"https:\/\/secure.gravatar.com\/avatar\/c7164ed6fdec453195284ad24a5ae5b6e1eed2b848477fa2a4787ba9adf39a41?s=96&d=mm&r=g","caption":"Redacci\u00f3n QP"},"url":"https:\/\/quehacerpolitico.mx\/?author=2"}]}},"featured_image_urls":{"full":["https:\/\/quehacerpolitico.mx\/wp-content\/uploads\/2024\/04\/73e1444e-4b17-4ee5-aa11-c102ecdb7153-3.jpeg",963,493,false],"thumbnail":["https:\/\/quehacerpolitico.mx\/wp-content\/uploads\/2024\/04\/73e1444e-4b17-4ee5-aa11-c102ecdb7153-3-150x150.jpeg",150,150,true],"medium":["https:\/\/quehacerpolitico.mx\/wp-content\/uploads\/2024\/04\/73e1444e-4b17-4ee5-aa11-c102ecdb7153-3-300x154.jpeg",300,154,true],"medium_large":["https:\/\/quehacerpolitico.mx\/wp-content\/uploads\/2024\/04\/73e1444e-4b17-4ee5-aa11-c102ecdb7153-3-768x393.jpeg",640,328,true],"large":["https:\/\/quehacerpolitico.mx\/wp-content\/uploads\/2024\/04\/73e1444e-4b17-4ee5-aa11-c102ecdb7153-3.jpeg",640,328,false],"1536x1536":["https:\/\/quehacerpolitico.mx\/wp-content\/uploads\/2024\/04\/73e1444e-4b17-4ee5-aa11-c102ecdb7153-3.jpeg",963,493,false],"2048x2048":["https:\/\/quehacerpolitico.mx\/wp-content\/uploads\/2024\/04\/73e1444e-4b17-4ee5-aa11-c102ecdb7153-3.jpeg",963,493,false],"covernews-featured":["https:\/\/quehacerpolitico.mx\/wp-content\/uploads\/2024\/04\/73e1444e-4b17-4ee5-aa11-c102ecdb7153-3.jpeg",963,493,false],"covernews-medium":["https:\/\/quehacerpolitico.mx\/wp-content\/uploads\/2024\/04\/73e1444e-4b17-4ee5-aa11-c102ecdb7153-3.jpeg",540,276,false]},"author_info":{"display_name":"Redacci\u00f3n QP","author_link":"https:\/\/quehacerpolitico.mx\/?author=2"},"category_info":"<a href=\"https:\/\/quehacerpolitico.mx\/?cat=1\" rel=\"category\">Internacionales<\/a>","tag_info":"Internacionales","comment_count":"0","_links":{"self":[{"href":"https:\/\/quehacerpolitico.mx\/index.php?rest_route=\/wp\/v2\/posts\/109277","targetHints":{"allow":["GET"]}}],"collection":[{"href":"https:\/\/quehacerpolitico.mx\/index.php?rest_route=\/wp\/v2\/posts"}],"about":[{"href":"https:\/\/quehacerpolitico.mx\/index.php?rest_route=\/wp\/v2\/types\/post"}],"author":[{"embeddable":true,"href":"https:\/\/quehacerpolitico.mx\/index.php?rest_route=\/wp\/v2\/users\/2"}],"replies":[{"embeddable":true,"href":"https:\/\/quehacerpolitico.mx\/index.php?rest_route=%2Fwp%2Fv2%2Fcomments&post=109277"}],"version-history":[{"count":1,"href":"https:\/\/quehacerpolitico.mx\/index.php?rest_route=\/wp\/v2\/posts\/109277\/revisions"}],"predecessor-version":[{"id":109279,"href":"https:\/\/quehacerpolitico.mx\/index.php?rest_route=\/wp\/v2\/posts\/109277\/revisions\/109279"}],"wp:featuredmedia":[{"embeddable":true,"href":"https:\/\/quehacerpolitico.mx\/index.php?rest_route=\/wp\/v2\/media\/109278"}],"wp:attachment":[{"href":"https:\/\/quehacerpolitico.mx\/index.php?rest_route=%2Fwp%2Fv2%2Fmedia&parent=109277"}],"wp:term":[{"taxonomy":"category","embeddable":true,"href":"https:\/\/quehacerpolitico.mx\/index.php?rest_route=%2Fwp%2Fv2%2Fcategories&post=109277"},{"taxonomy":"post_tag","embeddable":true,"href":"https:\/\/quehacerpolitico.mx\/index.php?rest_route=%2Fwp%2Fv2%2Ftags&post=109277"}],"curies":[{"name":"wp","href":"https:\/\/api.w.org\/{rel}","templated":true}]}}